{"id":94122,"date":"2022-02-08T17:25:58","date_gmt":"2022-02-08T20:25:58","guid":{"rendered":"https:\/\/www.blogsoestado.com\/danielmatos\/?p=94122"},"modified":"2022-02-08T17:25:58","modified_gmt":"2022-02-08T20:25:58","slug":"cidadania-e-leitura-forma-equipe-para-atuar-na-biblioteca-luiz-phelipe-andres","status":"publish","type":"post","link":"https:\/\/www.blogsoestado.com\/danielmatos\/cidadania-e-leitura-forma-equipe-para-atuar-na-biblioteca-luiz-phelipe-andres\/","title":{"rendered":"\u201cCidadania e Leitura\u201d forma equipe para atuar na Biblioteca Luiz Phelipe Andr\u00e8s"},"content":{"rendered":"\n<div class=\"wp-block-image\"><figure class=\"aligncenter size-large\"><a href=\"https:\/\/www.blogsoestado.com\/danielmatos\/files\/2022\/02\/Screenshot_20220208-1714492.png\"><img decoding=\"async\" src=\"https:\/\/www.blogsoestado.com\/danielmatos\/files\/2022\/02\/Screenshot_20220208-1714492.png\" alt=\"\" class=\"wp-image-94123\"\/><\/a><figcaption>Projeto Cidadania e Leitura realiza etapa de capacita\u00e7\u00e3o da equipe que atuar\u00e1 na nova biblioteca<\/figcaption><\/figure><\/div>\n\n\n\n<p>O projeto Cidadania e Leitura entregar\u00e1 mais um novo espa\u00e7o na \u00e1rea Itaqui-Bacanga. Desta vez, \u00e9 a Vila Ariri que ganhar\u00e1 a Biblioteca Comunit\u00e1ria Luiz Phelipe Andr\u00e8s, com toda infraestrutura e rico acervo. O projeto est\u00e1 na etapa de capacita\u00e7\u00e3o da equipe, com realiza\u00e7\u00e3o de palestra, minicurso e oficina para forma\u00e7\u00e3o dos que trabalhar\u00e3o com os leitores na comunidade.<\/p>\n\n\n\n<p>\u201c\u00c9 uma etapa de capacita\u00e7\u00e3o da equipe e tamb\u00e9m de sensibiliza\u00e7\u00e3o da comunidade para a import\u00e2ncia da Biblioteca Luiz Phelipe Andr\u00e8s como instrumento de fortalecimento da Vila Ariri\u201d, ressalta Rosa Maria Ferreira Lima, que coordena o projeto.<\/p>\n\n\n\n<div class=\"wp-block-image\"><figure class=\"aligncenter size-large\"><a href=\"https:\/\/www.blogsoestado.com\/danielmatos\/files\/2022\/02\/Screenshot_20220208-1715172.png\"><img decoding=\"async\" src=\"https:\/\/www.blogsoestado.com\/danielmatos\/files\/2022\/02\/Screenshot_20220208-1715172.png\" alt=\"\" class=\"wp-image-94124\"\/><\/a><figcaption>A bibliotec\u00e1ria Rosa Maria Ferreiraima, idealizadora do projeto,sensibiliza a comunidade para a import\u00e2ncia da Biblioteca Luiz Phelipe Andr\u00e8s como instrumento de fortalecimento da Vila Ariri <\/figcaption><\/figure><\/div>\n\n\n\n<p>A pr\u00f3xima oficina ocorrer\u00e1 nos dias 19 e 20 de fevereiro, enfocar\u00e1 a &#8220;Promo\u00e7\u00e3o da leitura&#8221; e ser\u00e1 conduzida pela professora doutora Leoneide Maria Brito Martins (UFMA). No roteiro, as pr\u00e1ticas de incentivo \u00e0 leitura, dirigida aos mediadores da comunidade, professores, pais e demais interessados.<\/p>\n\n\n\n<p>J\u00e1 o minicurso ser\u00e1 no per\u00edodo de 25 e 26 de fevereiro e tratar\u00e1 temas relacionados \u00e0 organiza\u00e7\u00e3o t\u00e9cnica, informatiza\u00e7\u00e3o do acervo e a\u00e7\u00f5es de dinamiza\u00e7\u00e3o da Biblioteca. Ser\u00e1 ministrado pela professora doutora Ros\u00e1rio Almeida.<\/p>\n\n\n\n<p><strong>Cidadania<\/strong><\/p>\n\n\n\n<div class=\"wp-block-image\"><figure class=\"aligncenter size-large\"><a href=\"https:\/\/www.blogsoestado.com\/danielmatos\/files\/2022\/02\/Screenshot_20220208-1715592.png\"><img decoding=\"async\" src=\"https:\/\/www.blogsoestado.com\/danielmatos\/files\/2022\/02\/Screenshot_20220208-1715592.png\" alt=\"\" class=\"wp-image-94125\"\/><\/a><figcaption>A turma que participa da capacita\u00e7\u00e3o com a coordenadora do projeto Cidadania e Leitura, Rosa Maria Ferreira Lima<\/figcaption><\/figure><\/div>\n\n\n\n<p>A primeira palestra, realizada no dia 29 de janeiro, enfocou &#8220;A import\u00e2ncia da leitura e da biblioteca no exerc\u00edcio da cidadania&#8221; e tamb\u00e9m foi ministrada pela professora doutora Leoneide Maria Brito Martins.<\/p>\n\n\n\n<p>Antes da palestra, houve a apresenta\u00e7\u00e3o da iniciativa \u00e0 comunidade, feita pela bibliotec\u00e1ria e coordenadora do projeto, Rosa Maria Ferreira Lima.<\/p>\n\n\n\n<p>O projeto \u00e9 realizado pela Sociedade de Amigos das Bibliotecas do Maranh\u00e3o (SAB), com apoio da Lei Rouanet e patroc\u00ednio do Instituto Cultural Vale. Tem parceria da Associa\u00e7\u00e3o Comunit\u00e1ria do Itaqui-Bacanga (ACIB), respons\u00e1vel por selecionar a equipe que trabalhar\u00e1 na biblioteca e pela mobiliza\u00e7\u00e3o da comunidade quanto \u00e0 necessidade de utiliza\u00e7\u00e3o do espa\u00e7o por leitores de todas as idades.<\/p>\n\n\n\n<div class=\"wp-block-image\"><figure class=\"aligncenter size-large\"><a href=\"https:\/\/www.blogsoestado.com\/danielmatos\/files\/2022\/02\/Screenshot_20220208-1716232.png\"><img decoding=\"async\" src=\"https:\/\/www.blogsoestado.com\/danielmatos\/files\/2022\/02\/Screenshot_20220208-1716232.png\" alt=\"\" class=\"wp-image-94126\"\/><\/a><figcaption>O projeto \u00e9 realizado pela Sociedade de Amigos das Bibliotecas do Maranh\u00e3o (SAB), com apoio da Lei Rouanet, patroc\u00ednio do Instituto Cultural Vale. e parceria da Associa\u00e7\u00e3o Comunit\u00e1ria do Itaqui-Bacanga<\/figcaption><\/figure><\/div>\n\n\n\n<p><strong>Homenagem<\/strong><\/p>\n\n\n\n<p>O nome foi escolhido pela comunidade e \u00e9 uma homenagem ao reconhecido e grandioso engenheiro Luiz Phelipe Andr\u00e8s, que dirigia o Estaleiro Escola, no mesmo bairro da Vila Ariri, e faleceu recentemente. Ele tamb\u00e9m estava apoiando o projeto para que o mobili\u00e1rio das novas bibliotecas fosse confeccionado pelo Estaleiro Escola.<\/p>\n","protected":false},"excerpt":{"rendered":"<p>O projeto Cidadania e Leitura entregar\u00e1 mais um novo espa\u00e7o na \u00e1rea Itaqui-Bacanga. Desta vez, \u00e9 a Vila Ariri que [&hellip;]<\/p>\n","protected":false},"author":0,"featured_media":0,"comment_status":"open","ping_status":"open","sticky":false,"template":"","format":"standard","meta":{"site-sidebar-layout":"default","site-content-layout":"","ast-site-content-layout":"default","site-content-style":"default","site-sidebar-style":"default","ast-global-header-display":"","ast-banner-title-visibility":"","ast-main-header-display":"","ast-hfb-above-header-display":"","ast-hfb-below-header-display":"","ast-hfb-mobile-header-display":"","site-post-title":"","ast-breadcrumbs-content":"","ast-featured-img":"","footer-sml-layout":"","ast-disable-related-posts":"","theme-transparent-header-meta":"","adv-header-id-meta":"","stick-header-meta":"","header-above-stick-meta":"","header-main-stick-meta":"","header-below-stick-meta":"","astra-migrate-meta-layouts":"default","ast-page-background-enabled":"default","ast-page-background-meta":{"desktop":{"background-color":"var(--ast-global-color-5)","background-image":"","background-repeat":"repeat","background-position":"center center","background-size":"auto","background-attachment":"scroll","background-type":"","background-media":"","overlay-type":"","overlay-color":"","overlay-opacity":"","overlay-gradient":""},"tablet":{"background-color":"","background-image":"","background-repeat":"repeat","background-position":"center center","background-size":"auto","background-attachment":"scroll","background-type":"","background-media":"","overlay-type":"","overlay-color":"","overlay-opacity":"","overlay-gradient":""},"mobile":{"background-color":"","background-image":"","background-repeat":"repeat","background-position":"center center","background-size":"auto","background-attachment":"scroll","background-type":"","background-media":"","overlay-type":"","overlay-color":"","overlay-opacity":"","overlay-gradient":""}},"ast-content-background-meta":{"desktop":{"background-color":"var(--ast-global-color-4)","background-image":"","background-repeat":"repeat","background-position":"center center","background-size":"auto","background-attachment":"scroll","background-type":"","background-media":"","overlay-type":"","overlay-color":"","overlay-opacity":"","overlay-gradient":""},"tablet":{"background-color":"var(--ast-global-color-4)","background-image":"","background-repeat":"repeat","background-position":"center center","background-size":"auto","background-attachment":"scroll","background-type":"","background-media":"","overlay-type":"","overlay-color":"","overlay-opacity":"","overlay-gradient":""},"mobile":{"background-color":"var(--ast-global-color-4)","background-image":"","background-repeat":"repeat","background-position":"center center","background-size":"auto","background-attachment":"scroll","background-type":"","background-media":"","overlay-type":"","overlay-color":"","overlay-opacity":"","overlay-gradient":""}},"footnotes":""},"categories":[1],"tags":[],"class_list":["post-94122","post","type-post","status-publish","format-standard","hentry","category-sem-categoria"],"yoast_head":"<!-- This site is optimized with the Yoast SEO plugin v26.6 - https:\/\/yoast.com\/wordpress\/plugins\/seo\/ -->\n<title>\u201cCidadania e Leitura\u201d forma equipe para atuar na Biblioteca Luiz Phelipe Andr\u00e8s - Daniel Matos<\/title>\n<meta name=\"robots\" content=\"index, follow, max-snippet:-1, max-image-preview:large, max-video-preview:-1\" \/>\n<link rel=\"canonical\" href=\"https:\/\/www.blogsoestado.com\/danielmatos\/cidadania-e-leitura-forma-equipe-para-atuar-na-biblioteca-luiz-phelipe-andres\/\" \/>\n<meta property=\"og:locale\" content=\"pt_BR\" \/>\n<meta property=\"og:type\" content=\"article\" \/>\n<meta property=\"og:title\" content=\"\u201cCidadania e Leitura\u201d forma equipe para atuar na Biblioteca Luiz Phelipe Andr\u00e8s - Daniel Matos\" \/>\n<meta property=\"og:description\" content=\"O projeto Cidadania e Leitura entregar\u00e1 mais um novo espa\u00e7o na \u00e1rea Itaqui-Bacanga. Desta vez, \u00e9 a Vila Ariri que [&hellip;]\" \/>\n<meta property=\"og:url\" content=\"https:\/\/www.blogsoestado.com\/danielmatos\/cidadania-e-leitura-forma-equipe-para-atuar-na-biblioteca-luiz-phelipe-andres\/\" \/>\n<meta property=\"og:site_name\" content=\"Daniel Matos\" \/>\n<meta property=\"article:published_time\" content=\"2022-02-08T20:25:58+00:00\" \/>\n<meta property=\"og:image\" content=\"https:\/\/www.blogsoestado.com\/danielmatos\/files\/2022\/02\/Screenshot_20220208-1714492.png\" \/>\n<meta name=\"twitter:card\" content=\"summary_large_image\" \/>\n<meta name=\"twitter:label1\" content=\"Est. tempo de leitura\" \/>\n\t<meta name=\"twitter:data1\" content=\"3 minutos\" \/>\n<script type=\"application\/ld+json\" class=\"yoast-schema-graph\">{\"@context\":\"https:\/\/schema.org\",\"@graph\":[{\"@type\":\"WebPage\",\"@id\":\"https:\/\/www.blogsoestado.com\/danielmatos\/cidadania-e-leitura-forma-equipe-para-atuar-na-biblioteca-luiz-phelipe-andres\/\",\"url\":\"https:\/\/www.blogsoestado.com\/danielmatos\/cidadania-e-leitura-forma-equipe-para-atuar-na-biblioteca-luiz-phelipe-andres\/\",\"name\":\"\u201cCidadania e Leitura\u201d forma equipe para atuar na Biblioteca Luiz Phelipe Andr\u00e8s - Daniel Matos\",\"isPartOf\":{\"@id\":\"https:\/\/www.blogsoestado.com\/danielmatos\/#website\"},\"primaryImageOfPage\":{\"@id\":\"https:\/\/www.blogsoestado.com\/danielmatos\/cidadania-e-leitura-forma-equipe-para-atuar-na-biblioteca-luiz-phelipe-andres\/#primaryimage\"},\"image\":{\"@id\":\"https:\/\/www.blogsoestado.com\/danielmatos\/cidadania-e-leitura-forma-equipe-para-atuar-na-biblioteca-luiz-phelipe-andres\/#primaryimage\"},\"thumbnailUrl\":\"https:\/\/www.blogsoestado.com\/danielmatos\/files\/2022\/02\/Screenshot_20220208-1714492.png\",\"datePublished\":\"2022-02-08T20:25:58+00:00\",\"author\":{\"@id\":\"\"},\"breadcrumb\":{\"@id\":\"https:\/\/www.blogsoestado.com\/danielmatos\/cidadania-e-leitura-forma-equipe-para-atuar-na-biblioteca-luiz-phelipe-andres\/#breadcrumb\"},\"inLanguage\":\"pt-BR\",\"potentialAction\":[{\"@type\":\"ReadAction\",\"target\":[\"https:\/\/www.blogsoestado.com\/danielmatos\/cidadania-e-leitura-forma-equipe-para-atuar-na-biblioteca-luiz-phelipe-andres\/\"]}]},{\"@type\":\"ImageObject\",\"inLanguage\":\"pt-BR\",\"@id\":\"https:\/\/www.blogsoestado.com\/danielmatos\/cidadania-e-leitura-forma-equipe-para-atuar-na-biblioteca-luiz-phelipe-andres\/#primaryimage\",\"url\":\"https:\/\/www.blogsoestado.com\/danielmatos\/files\/2022\/02\/Screenshot_20220208-1714492.png\",\"contentUrl\":\"https:\/\/www.blogsoestado.com\/danielmatos\/files\/2022\/02\/Screenshot_20220208-1714492.png\"},{\"@type\":\"BreadcrumbList\",\"@id\":\"https:\/\/www.blogsoestado.com\/danielmatos\/cidadania-e-leitura-forma-equipe-para-atuar-na-biblioteca-luiz-phelipe-andres\/#breadcrumb\",\"itemListElement\":[{\"@type\":\"ListItem\",\"position\":1,\"name\":\"In\u00edcio\",\"item\":\"https:\/\/www.blogsoestado.com\/danielmatos\/\"},{\"@type\":\"ListItem\",\"position\":2,\"name\":\"\u201cCidadania e Leitura\u201d forma equipe para atuar na Biblioteca Luiz Phelipe Andr\u00e8s\"}]},{\"@type\":\"WebSite\",\"@id\":\"https:\/\/www.blogsoestado.com\/danielmatos\/#website\",\"url\":\"https:\/\/www.blogsoestado.com\/danielmatos\/\",\"name\":\"Daniel Matos\",\"description\":\"\",\"potentialAction\":[{\"@type\":\"SearchAction\",\"target\":{\"@type\":\"EntryPoint\",\"urlTemplate\":\"https:\/\/www.blogsoestado.com\/danielmatos\/?s={search_term_string}\"},\"query-input\":{\"@type\":\"PropertyValueSpecification\",\"valueRequired\":true,\"valueName\":\"search_term_string\"}}],\"inLanguage\":\"pt-BR\"}]}<\/script>\n<!-- \/ Yoast SEO plugin. -->","yoast_head_json":{"title":"\u201cCidadania e Leitura\u201d forma equipe para atuar na Biblioteca Luiz Phelipe Andr\u00e8s - Daniel Matos","robots":{"index":"index","follow":"follow","max-snippet":"max-snippet:-1","max-image-preview":"max-image-preview:large","max-video-preview":"max-video-preview:-1"},"canonical":"https:\/\/www.blogsoestado.com\/danielmatos\/cidadania-e-leitura-forma-equipe-para-atuar-na-biblioteca-luiz-phelipe-andres\/","og_locale":"pt_BR","og_type":"article","og_title":"\u201cCidadania e Leitura\u201d forma equipe para atuar na Biblioteca Luiz Phelipe Andr\u00e8s - Daniel Matos","og_description":"O projeto Cidadania e Leitura entregar\u00e1 mais um novo espa\u00e7o na \u00e1rea Itaqui-Bacanga. Desta vez, \u00e9 a Vila Ariri que [&hellip;]","og_url":"https:\/\/www.blogsoestado.com\/danielmatos\/cidadania-e-leitura-forma-equipe-para-atuar-na-biblioteca-luiz-phelipe-andres\/","og_site_name":"Daniel Matos","article_published_time":"2022-02-08T20:25:58+00:00","og_image":[{"url":"https:\/\/www.blogsoestado.com\/danielmatos\/files\/2022\/02\/Screenshot_20220208-1714492.png","type":"","width":"","height":""}],"twitter_card":"summary_large_image","twitter_misc":{"Est. tempo de leitura":"3 minutos"},"schema":{"@context":"https:\/\/schema.org","@graph":[{"@type":"WebPage","@id":"https:\/\/www.blogsoestado.com\/danielmatos\/cidadania-e-leitura-forma-equipe-para-atuar-na-biblioteca-luiz-phelipe-andres\/","url":"https:\/\/www.blogsoestado.com\/danielmatos\/cidadania-e-leitura-forma-equipe-para-atuar-na-biblioteca-luiz-phelipe-andres\/","name":"\u201cCidadania e Leitura\u201d forma equipe para atuar na Biblioteca Luiz Phelipe Andr\u00e8s - Daniel Matos","isPartOf":{"@id":"https:\/\/www.blogsoestado.com\/danielmatos\/#website"},"primaryImageOfPage":{"@id":"https:\/\/www.blogsoestado.com\/danielmatos\/cidadania-e-leitura-forma-equipe-para-atuar-na-biblioteca-luiz-phelipe-andres\/#primaryimage"},"image":{"@id":"https:\/\/www.blogsoestado.com\/danielmatos\/cidadania-e-leitura-forma-equipe-para-atuar-na-biblioteca-luiz-phelipe-andres\/#primaryimage"},"thumbnailUrl":"https:\/\/www.blogsoestado.com\/danielmatos\/files\/2022\/02\/Screenshot_20220208-1714492.png","datePublished":"2022-02-08T20:25:58+00:00","author":{"@id":""},"breadcrumb":{"@id":"https:\/\/www.blogsoestado.com\/danielmatos\/cidadania-e-leitura-forma-equipe-para-atuar-na-biblioteca-luiz-phelipe-andres\/#breadcrumb"},"inLanguage":"pt-BR","potentialAction":[{"@type":"ReadAction","target":["https:\/\/www.blogsoestado.com\/danielmatos\/cidadania-e-leitura-forma-equipe-para-atuar-na-biblioteca-luiz-phelipe-andres\/"]}]},{"@type":"ImageObject","inLanguage":"pt-BR","@id":"https:\/\/www.blogsoestado.com\/danielmatos\/cidadania-e-leitura-forma-equipe-para-atuar-na-biblioteca-luiz-phelipe-andres\/#primaryimage","url":"https:\/\/www.blogsoestado.com\/danielmatos\/files\/2022\/02\/Screenshot_20220208-1714492.png","contentUrl":"https:\/\/www.blogsoestado.com\/danielmatos\/files\/2022\/02\/Screenshot_20220208-1714492.png"},{"@type":"BreadcrumbList","@id":"https:\/\/www.blogsoestado.com\/danielmatos\/cidadania-e-leitura-forma-equipe-para-atuar-na-biblioteca-luiz-phelipe-andres\/#breadcrumb","itemListElement":[{"@type":"ListItem","position":1,"name":"In\u00edcio","item":"https:\/\/www.blogsoestado.com\/danielmatos\/"},{"@type":"ListItem","position":2,"name":"\u201cCidadania e Leitura\u201d forma equipe para atuar na Biblioteca Luiz Phelipe Andr\u00e8s"}]},{"@type":"WebSite","@id":"https:\/\/www.blogsoestado.com\/danielmatos\/#website","url":"https:\/\/www.blogsoestado.com\/danielmatos\/","name":"Daniel Matos","description":"","potentialAction":[{"@type":"SearchAction","target":{"@type":"EntryPoint","urlTemplate":"https:\/\/www.blogsoestado.com\/danielmatos\/?s={search_term_string}"},"query-input":{"@type":"PropertyValueSpecification","valueRequired":true,"valueName":"search_term_string"}}],"inLanguage":"pt-BR"}]}},"jetpack_featured_media_url":"","_links":{"self":[{"href":"https:\/\/www.blogsoestado.com\/danielmatos\/wp-json\/wp\/v2\/posts\/94122","targetHints":{"allow":["GET"]}}],"collection":[{"href":"https:\/\/www.blogsoestado.com\/danielmatos\/wp-json\/wp\/v2\/posts"}],"about":[{"href":"https:\/\/www.blogsoestado.com\/danielmatos\/wp-json\/wp\/v2\/types\/post"}],"replies":[{"embeddable":true,"href":"https:\/\/www.blogsoestado.com\/danielmatos\/wp-json\/wp\/v2\/comments?post=94122"}],"version-history":[{"count":0,"href":"https:\/\/www.blogsoestado.com\/danielmatos\/wp-json\/wp\/v2\/posts\/94122\/revisions"}],"wp:attachment":[{"href":"https:\/\/www.blogsoestado.com\/danielmatos\/wp-json\/wp\/v2\/media?parent=94122"}],"wp:term":[{"taxonomy":"category","embeddable":true,"href":"https:\/\/www.blogsoestado.com\/danielmatos\/wp-json\/wp\/v2\/categories?post=94122"},{"taxonomy":"post_tag","embeddable":true,"href":"https:\/\/www.blogsoestado.com\/danielmatos\/wp-json\/wp\/v2\/tags?post=94122"}],"curies":[{"name":"wp","href":"https:\/\/api.w.org\/{rel}","templated":true}]}}