{"id":94132,"date":"2022-02-08T22:29:31","date_gmt":"2022-02-09T01:29:31","guid":{"rendered":"https:\/\/www.blogsoestado.com\/danielmatos\/?p=94132"},"modified":"2022-02-08T22:29:31","modified_gmt":"2022-02-09T01:29:31","slug":"ufma-esclarece-que-retirou-bonus-de-20-a-estudantes-maranhenses-por-decisao-judicial","status":"publish","type":"post","link":"https:\/\/www.blogsoestado.com\/danielmatos\/ufma-esclarece-que-retirou-bonus-de-20-a-estudantes-maranhenses-por-decisao-judicial\/","title":{"rendered":"UFMA esclarece que retirou b\u00f4nus de 20% a estudantes maranhenses por decis\u00e3o judicial"},"content":{"rendered":"\n<p><strong><span class=\"has-inline-color has-vivid-red-color\">A institui\u00e7\u00e3o de ensino superior federal classificou a campanha violenta de ataques que vem sofrendo como injusta e descabida<\/span><\/strong><\/p>\n\n\n\n<div class=\"wp-block-image\"><figure class=\"aligncenter size-large\"><a href=\"https:\/\/www.blogsoestado.com\/danielmatos\/files\/2022\/02\/Screenshot_20220208-1417172.png\"><img decoding=\"async\" src=\"https:\/\/www.blogsoestado.com\/danielmatos\/files\/2022\/02\/Screenshot_20220208-1417172.png\" alt=\"\" class=\"wp-image-94133\"\/><\/a><\/figure><\/div>\n\n\n\n<p>Por meio de Carta Aberta aos Parlamentares do Maranh\u00e3o, a Universidade Federal do Maranh\u00e3o (UFMA) afirmou estar sofrendo uma violenta campanha de ataques em raz\u00e3o da retirada da bonifica\u00e7\u00e3o de 20% na nota do Exame Nacional do Ensino M\u00e9dio (Enem) que era concedida para ingresso na institui\u00e7\u00e3o de estudantes que cursaram o \u00faltimo ano do Ensino fundamental (9\u00ba ano) e os tr\u00eas anos no Ensino M\u00e9dio (1\u00ba ao 3\u00ba) em escolas p\u00fablicas ou privadas locais.<\/p>\n\n\n\n<p>A UFMA esclareceu que o b\u00f4nus foi cancelado em cumprimento a uma decis\u00e3o do Tribunal Regional da 1\u00aa Regi\u00e3o (TRF-1), que anulou uma resolu\u00e7\u00e3o do Conselho de Ensino, Pesquisa e Extens\u00e3o (CONSEPE) do ano de 2017 que autorizou o benef\u00edcio, como parte da pol\u00edtica de a\u00e7\u00f5es afirmativas.<\/p>\n\n\n\n<p>De acordo com a universidade, os ataques s\u00e3o injustos e descabidos.<\/p>\n","protected":false},"excerpt":{"rendered":"<p>A institui\u00e7\u00e3o de ensino superior federal classificou a campanha violenta de ataques que vem sofrendo como injusta e descabida Por [&hellip;]<\/p>\n","protected":false},"author":0,"featured_media":0,"comment_status":"open","ping_status":"open","sticky":false,"template":"","format":"standard","meta":{"site-sidebar-layout":"default","site-content-layout":"","ast-site-content-layout":"default","site-content-style":"default","site-sidebar-style":"default","ast-global-header-display":"","ast-banner-title-visibility":"","ast-main-header-display":"","ast-hfb-above-header-display":"","ast-hfb-below-header-display":"","ast-hfb-mobile-header-display":"","site-post-title":"","ast-breadcrumbs-content":"","ast-featured-img":"","footer-sml-layout":"","ast-disable-related-posts":"","theme-transparent-header-meta":"","adv-header-id-meta":"","stick-header-meta":"","header-above-stick-meta":"","header-main-stick-meta":"","header-below-stick-meta":"","astra-migrate-meta-layouts":"default","ast-page-background-enabled":"default","ast-page-background-meta":{"desktop":{"background-color":"var(--ast-global-color-5)","background-image":"","background-repeat":"repeat","background-position":"center center","background-size":"auto","background-attachment":"scroll","background-type":"","background-media":"","overlay-type":"","overlay-color":"","overlay-opacity":"","overlay-gradient":""},"tablet":{"background-color":"","background-image":"","background-repeat":"repeat","background-position":"center center","background-size":"auto","background-attachment":"scroll","background-type":"","background-media":"","overlay-type":"","overlay-color":"","overlay-opacity":"","overlay-gradient":""},"mobile":{"background-color":"","background-image":"","background-repeat":"repeat","background-position":"center center","background-size":"auto","background-attachment":"scroll","background-type":"","background-media":"","overlay-type":"","overlay-color":"","overlay-opacity":"","overlay-gradient":""}},"ast-content-background-meta":{"desktop":{"background-color":"var(--ast-global-color-4)","background-image":"","background-repeat":"repeat","background-position":"center center","background-size":"auto","background-attachment":"scroll","background-type":"","background-media":"","overlay-type":"","overlay-color":"","overlay-opacity":"","overlay-gradient":""},"tablet":{"background-color":"var(--ast-global-color-4)","background-image":"","background-repeat":"repeat","background-position":"center center","background-size":"auto","background-attachment":"scroll","background-type":"","background-media":"","overlay-type":"","overlay-color":"","overlay-opacity":"","overlay-gradient":""},"mobile":{"background-color":"var(--ast-global-color-4)","background-image":"","background-repeat":"repeat","background-position":"center center","background-size":"auto","background-attachment":"scroll","background-type":"","background-media":"","overlay-type":"","overlay-color":"","overlay-opacity":"","overlay-gradient":""}},"footnotes":""},"categories":[1],"tags":[],"class_list":["post-94132","post","type-post","status-publish","format-standard","hentry","category-sem-categoria"],"yoast_head":"<!-- This site is optimized with the Yoast SEO plugin v26.6 - https:\/\/yoast.com\/wordpress\/plugins\/seo\/ -->\n<title>UFMA esclarece que retirou b\u00f4nus de 20% a estudantes maranhenses por decis\u00e3o judicial - Daniel Matos<\/title>\n<meta name=\"robots\" content=\"index, follow, max-snippet:-1, max-image-preview:large, max-video-preview:-1\" \/>\n<link rel=\"canonical\" href=\"https:\/\/www.blogsoestado.com\/danielmatos\/ufma-esclarece-que-retirou-bonus-de-20-a-estudantes-maranhenses-por-decisao-judicial\/\" \/>\n<meta property=\"og:locale\" content=\"pt_BR\" \/>\n<meta property=\"og:type\" content=\"article\" \/>\n<meta property=\"og:title\" content=\"UFMA esclarece que retirou b\u00f4nus de 20% a estudantes maranhenses por decis\u00e3o judicial - Daniel Matos\" \/>\n<meta property=\"og:description\" content=\"A institui\u00e7\u00e3o de ensino superior federal classificou a campanha violenta de ataques que vem sofrendo como injusta e descabida Por [&hellip;]\" \/>\n<meta property=\"og:url\" content=\"https:\/\/www.blogsoestado.com\/danielmatos\/ufma-esclarece-que-retirou-bonus-de-20-a-estudantes-maranhenses-por-decisao-judicial\/\" \/>\n<meta property=\"og:site_name\" content=\"Daniel Matos\" \/>\n<meta property=\"article:published_time\" content=\"2022-02-09T01:29:31+00:00\" \/>\n<meta property=\"og:image\" content=\"https:\/\/www.blogsoestado.com\/danielmatos\/files\/2022\/02\/Screenshot_20220208-1417172.png\" \/>\n<meta name=\"twitter:card\" content=\"summary_large_image\" \/>\n<meta name=\"twitter:label1\" content=\"Est. tempo de leitura\" \/>\n\t<meta name=\"twitter:data1\" content=\"1 minuto\" \/>\n<script type=\"application\/ld+json\" class=\"yoast-schema-graph\">{\"@context\":\"https:\/\/schema.org\",\"@graph\":[{\"@type\":\"WebPage\",\"@id\":\"https:\/\/www.blogsoestado.com\/danielmatos\/ufma-esclarece-que-retirou-bonus-de-20-a-estudantes-maranhenses-por-decisao-judicial\/\",\"url\":\"https:\/\/www.blogsoestado.com\/danielmatos\/ufma-esclarece-que-retirou-bonus-de-20-a-estudantes-maranhenses-por-decisao-judicial\/\",\"name\":\"UFMA esclarece que retirou b\u00f4nus de 20% a estudantes maranhenses por decis\u00e3o judicial - Daniel Matos\",\"isPartOf\":{\"@id\":\"https:\/\/www.blogsoestado.com\/danielmatos\/#website\"},\"primaryImageOfPage\":{\"@id\":\"https:\/\/www.blogsoestado.com\/danielmatos\/ufma-esclarece-que-retirou-bonus-de-20-a-estudantes-maranhenses-por-decisao-judicial\/#primaryimage\"},\"image\":{\"@id\":\"https:\/\/www.blogsoestado.com\/danielmatos\/ufma-esclarece-que-retirou-bonus-de-20-a-estudantes-maranhenses-por-decisao-judicial\/#primaryimage\"},\"thumbnailUrl\":\"https:\/\/www.blogsoestado.com\/danielmatos\/files\/2022\/02\/Screenshot_20220208-1417172.png\",\"datePublished\":\"2022-02-09T01:29:31+00:00\",\"author\":{\"@id\":\"\"},\"breadcrumb\":{\"@id\":\"https:\/\/www.blogsoestado.com\/danielmatos\/ufma-esclarece-que-retirou-bonus-de-20-a-estudantes-maranhenses-por-decisao-judicial\/#breadcrumb\"},\"inLanguage\":\"pt-BR\",\"potentialAction\":[{\"@type\":\"ReadAction\",\"target\":[\"https:\/\/www.blogsoestado.com\/danielmatos\/ufma-esclarece-que-retirou-bonus-de-20-a-estudantes-maranhenses-por-decisao-judicial\/\"]}]},{\"@type\":\"ImageObject\",\"inLanguage\":\"pt-BR\",\"@id\":\"https:\/\/www.blogsoestado.com\/danielmatos\/ufma-esclarece-que-retirou-bonus-de-20-a-estudantes-maranhenses-por-decisao-judicial\/#primaryimage\",\"url\":\"https:\/\/www.blogsoestado.com\/danielmatos\/files\/2022\/02\/Screenshot_20220208-1417172.png\",\"contentUrl\":\"https:\/\/www.blogsoestado.com\/danielmatos\/files\/2022\/02\/Screenshot_20220208-1417172.png\"},{\"@type\":\"BreadcrumbList\",\"@id\":\"https:\/\/www.blogsoestado.com\/danielmatos\/ufma-esclarece-que-retirou-bonus-de-20-a-estudantes-maranhenses-por-decisao-judicial\/#breadcrumb\",\"itemListElement\":[{\"@type\":\"ListItem\",\"position\":1,\"name\":\"In\u00edcio\",\"item\":\"https:\/\/www.blogsoestado.com\/danielmatos\/\"},{\"@type\":\"ListItem\",\"position\":2,\"name\":\"UFMA esclarece que retirou b\u00f4nus de 20% a estudantes maranhenses por decis\u00e3o judicial\"}]},{\"@type\":\"WebSite\",\"@id\":\"https:\/\/www.blogsoestado.com\/danielmatos\/#website\",\"url\":\"https:\/\/www.blogsoestado.com\/danielmatos\/\",\"name\":\"Daniel Matos\",\"description\":\"\",\"potentialAction\":[{\"@type\":\"SearchAction\",\"target\":{\"@type\":\"EntryPoint\",\"urlTemplate\":\"https:\/\/www.blogsoestado.com\/danielmatos\/?s={search_term_string}\"},\"query-input\":{\"@type\":\"PropertyValueSpecification\",\"valueRequired\":true,\"valueName\":\"search_term_string\"}}],\"inLanguage\":\"pt-BR\"}]}<\/script>\n<!-- \/ Yoast SEO plugin. -->","yoast_head_json":{"title":"UFMA esclarece que retirou b\u00f4nus de 20% a estudantes maranhenses por decis\u00e3o judicial - Daniel Matos","robots":{"index":"index","follow":"follow","max-snippet":"max-snippet:-1","max-image-preview":"max-image-preview:large","max-video-preview":"max-video-preview:-1"},"canonical":"https:\/\/www.blogsoestado.com\/danielmatos\/ufma-esclarece-que-retirou-bonus-de-20-a-estudantes-maranhenses-por-decisao-judicial\/","og_locale":"pt_BR","og_type":"article","og_title":"UFMA esclarece que retirou b\u00f4nus de 20% a estudantes maranhenses por decis\u00e3o judicial - Daniel Matos","og_description":"A institui\u00e7\u00e3o de ensino superior federal classificou a campanha violenta de ataques que vem sofrendo como injusta e descabida Por [&hellip;]","og_url":"https:\/\/www.blogsoestado.com\/danielmatos\/ufma-esclarece-que-retirou-bonus-de-20-a-estudantes-maranhenses-por-decisao-judicial\/","og_site_name":"Daniel Matos","article_published_time":"2022-02-09T01:29:31+00:00","og_image":[{"url":"https:\/\/www.blogsoestado.com\/danielmatos\/files\/2022\/02\/Screenshot_20220208-1417172.png","type":"","width":"","height":""}],"twitter_card":"summary_large_image","twitter_misc":{"Est. tempo de leitura":"1 minuto"},"schema":{"@context":"https:\/\/schema.org","@graph":[{"@type":"WebPage","@id":"https:\/\/www.blogsoestado.com\/danielmatos\/ufma-esclarece-que-retirou-bonus-de-20-a-estudantes-maranhenses-por-decisao-judicial\/","url":"https:\/\/www.blogsoestado.com\/danielmatos\/ufma-esclarece-que-retirou-bonus-de-20-a-estudantes-maranhenses-por-decisao-judicial\/","name":"UFMA esclarece que retirou b\u00f4nus de 20% a estudantes maranhenses por decis\u00e3o judicial - Daniel Matos","isPartOf":{"@id":"https:\/\/www.blogsoestado.com\/danielmatos\/#website"},"primaryImageOfPage":{"@id":"https:\/\/www.blogsoestado.com\/danielmatos\/ufma-esclarece-que-retirou-bonus-de-20-a-estudantes-maranhenses-por-decisao-judicial\/#primaryimage"},"image":{"@id":"https:\/\/www.blogsoestado.com\/danielmatos\/ufma-esclarece-que-retirou-bonus-de-20-a-estudantes-maranhenses-por-decisao-judicial\/#primaryimage"},"thumbnailUrl":"https:\/\/www.blogsoestado.com\/danielmatos\/files\/2022\/02\/Screenshot_20220208-1417172.png","datePublished":"2022-02-09T01:29:31+00:00","author":{"@id":""},"breadcrumb":{"@id":"https:\/\/www.blogsoestado.com\/danielmatos\/ufma-esclarece-que-retirou-bonus-de-20-a-estudantes-maranhenses-por-decisao-judicial\/#breadcrumb"},"inLanguage":"pt-BR","potentialAction":[{"@type":"ReadAction","target":["https:\/\/www.blogsoestado.com\/danielmatos\/ufma-esclarece-que-retirou-bonus-de-20-a-estudantes-maranhenses-por-decisao-judicial\/"]}]},{"@type":"ImageObject","inLanguage":"pt-BR","@id":"https:\/\/www.blogsoestado.com\/danielmatos\/ufma-esclarece-que-retirou-bonus-de-20-a-estudantes-maranhenses-por-decisao-judicial\/#primaryimage","url":"https:\/\/www.blogsoestado.com\/danielmatos\/files\/2022\/02\/Screenshot_20220208-1417172.png","contentUrl":"https:\/\/www.blogsoestado.com\/danielmatos\/files\/2022\/02\/Screenshot_20220208-1417172.png"},{"@type":"BreadcrumbList","@id":"https:\/\/www.blogsoestado.com\/danielmatos\/ufma-esclarece-que-retirou-bonus-de-20-a-estudantes-maranhenses-por-decisao-judicial\/#breadcrumb","itemListElement":[{"@type":"ListItem","position":1,"name":"In\u00edcio","item":"https:\/\/www.blogsoestado.com\/danielmatos\/"},{"@type":"ListItem","position":2,"name":"UFMA esclarece que retirou b\u00f4nus de 20% a estudantes maranhenses por decis\u00e3o judicial"}]},{"@type":"WebSite","@id":"https:\/\/www.blogsoestado.com\/danielmatos\/#website","url":"https:\/\/www.blogsoestado.com\/danielmatos\/","name":"Daniel Matos","description":"","potentialAction":[{"@type":"SearchAction","target":{"@type":"EntryPoint","urlTemplate":"https:\/\/www.blogsoestado.com\/danielmatos\/?s={search_term_string}"},"query-input":{"@type":"PropertyValueSpecification","valueRequired":true,"valueName":"search_term_string"}}],"inLanguage":"pt-BR"}]}},"jetpack_featured_media_url":"","_links":{"self":[{"href":"https:\/\/www.blogsoestado.com\/danielmatos\/wp-json\/wp\/v2\/posts\/94132","targetHints":{"allow":["GET"]}}],"collection":[{"href":"https:\/\/www.blogsoestado.com\/danielmatos\/wp-json\/wp\/v2\/posts"}],"about":[{"href":"https:\/\/www.blogsoestado.com\/danielmatos\/wp-json\/wp\/v2\/types\/post"}],"replies":[{"embeddable":true,"href":"https:\/\/www.blogsoestado.com\/danielmatos\/wp-json\/wp\/v2\/comments?post=94132"}],"version-history":[{"count":0,"href":"https:\/\/www.blogsoestado.com\/danielmatos\/wp-json\/wp\/v2\/posts\/94132\/revisions"}],"wp:attachment":[{"href":"https:\/\/www.blogsoestado.com\/danielmatos\/wp-json\/wp\/v2\/media?parent=94132"}],"wp:term":[{"taxonomy":"category","embeddable":true,"href":"https:\/\/www.blogsoestado.com\/danielmatos\/wp-json\/wp\/v2\/categories?post=94132"},{"taxonomy":"post_tag","embeddable":true,"href":"https:\/\/www.blogsoestado.com\/danielmatos\/wp-json\/wp\/v2\/tags?post=94132"}],"curies":[{"name":"wp","href":"https:\/\/api.w.org\/{rel}","templated":true}]}}