{"id":94139,"date":"2022-02-08T23:34:20","date_gmt":"2022-02-09T02:34:20","guid":{"rendered":"https:\/\/www.blogsoestado.com\/danielmatos\/?p=94139"},"modified":"2022-02-08T23:34:20","modified_gmt":"2022-02-09T02:34:20","slug":"ze-inacio-pede-que-ufma-recorra-da-decisao-do-trf-1-que-anulou-bonificacao-aos-estudantes-maranhenses","status":"publish","type":"post","link":"https:\/\/www.blogsoestado.com\/danielmatos\/ze-inacio-pede-que-ufma-recorra-da-decisao-do-trf-1-que-anulou-bonificacao-aos-estudantes-maranhenses\/","title":{"rendered":"Z\u00e9 In\u00e1cio pede que UFMA recorra da decis\u00e3o do TRF-1 que anulou bonifica\u00e7\u00e3o aos estudantes maranhenses"},"content":{"rendered":"\n<div class=\"wp-block-image\"><figure class=\"aligncenter size-large\"><a href=\"https:\/\/www.blogsoestado.com\/danielmatos\/files\/2022\/02\/Screenshot_20220208-2330142.png\"><img decoding=\"async\" src=\"https:\/\/www.blogsoestado.com\/danielmatos\/files\/2022\/02\/Screenshot_20220208-2330142.png\" alt=\"\" class=\"wp-image-94141\"\/><\/a><figcaption>Z\u00e9 In\u00e1cio ressaltou que a pol\u00edtica possibilita aos estudantes maranhenses a supera\u00e7\u00e3o de desigualdades, al\u00e9m de se mostrar como importante meio de democratiza\u00e7\u00e3o do acesso \u00e0 universidade<\/figcaption><\/figure><\/div>\n\n\n\n<p>O deputado estadual Z\u00e9 In\u00e1cio usou a tribuna da Assembleia Legislativa nesta ter\u00e7a-feira (8) para \u00a0anunciar que protocolou indica\u00e7\u00e3o solicitando que seja enviado of\u00edcio ao Reitor da Universidade Federal do Maranh\u00e3o \u2013 UFMA, Dr. Natalino Salgado Filho, solicitando que a universidade, atrav\u00e9s da sua Procuradoria Federal, recorra da decis\u00e3o judicial do Tribunal Regional Federal da 1\u00aa Regi\u00e3o (TRF1) que anulou a Resolu\u00e7\u00e3o N\u00ba 1653\/2017 \u2013 CONSEPE, a qual disp\u00f5e sobre o acr\u00e9scimo na nota do ENEM aos estudantes que cursaram o \u00faltimo ano do Ensino Fundamental e o Ensino M\u00e9dio em escolas p\u00fablicas e privadas do Estado do Maranh\u00e3o.<\/p>\n\n\n\n<p>&nbsp;\u201c\u00c9 necess\u00e1rio que esta Casa se manifeste ressaltando a import\u00e2ncia da bonifica\u00e7\u00e3o aos estudantes maranhenses para terem acesso \u00e0 UFMA e n\u00e3o ocorra que estudantes de outros estados concorram de forma desigual por essas vagas e, depois de formados, n\u00e3o fiquem no estado. Enquanto os estudantes daqui, na sua quase totalidade, optam por exercer a sua profiss\u00e3o no estado.\u201d, afirma Z\u00e9 In\u00e1cio.<\/p>\n\n\n\n<p>A referida Resolu\u00e7\u00e3o estabelece, como pol\u00edtica de a\u00e7\u00e3o afirmativa, no Sistema de Sele\u00e7\u00e3o Unificado (SISU), um acr\u00e9scimo de 20% (vinte por cento) na nota final do Exame Nacional do Ensino M\u00e9dio (ENEM) para os estudantes que cursaram o \u00faltimo ano do Ensino Fundamental (9<sup>0\u00a0<\/sup>ano) e os tr\u00eas anos do Ensino M\u00e9dio (1\u00ba ao 3\u00ba<sup>\u00a0<\/sup>ano) em escolas p\u00fablicas e privadas do Estado do Maranh\u00e3o.<\/p>\n\n\n\n<p>Ainda segundo Z\u00e9 In\u00e1cio essa pol\u00edtica permite aos estudantes maranhenses a supera\u00e7\u00e3o de desigualdades, al\u00e9m de se mostrar como importante meio de democratiza\u00e7\u00e3o do acesso \u00e0 universidade e est\u00edmulo a entrada de estudantes de escolas p\u00fablicas e privadas locais ao ensino superior do Estado.<\/p>\n\n\n\n<p>O parlamentar ainda destaca que a pol\u00edtica de bonifica\u00e7\u00e3o j\u00e1 \u00e9 uma realidade em v\u00e1rios estados, existindo inclusive decis\u00f5es judiciais no \u00e2mbito do STJ e STF reconhecendo a sua constitucionalidade com base no princ\u00edpio da autonomia universit\u00e1ria e garantindo esse direito de a\u00e7\u00e3o afirmativa aos estudantes.<\/p>\n\n\n\n<p>Confira:<\/p>\n\n\n\n<div class=\"wp-block-image\"><figure class=\"aligncenter size-large\"><a href=\"https:\/\/www.blogsoestado.com\/danielmatos\/files\/2022\/02\/Screenshot_20220208-2329022.png\"><img decoding=\"async\" src=\"https:\/\/www.blogsoestado.com\/danielmatos\/files\/2022\/02\/Screenshot_20220208-2329022-700x1024.png\" alt=\"\" class=\"wp-image-94140\"\/><\/a><\/figure><\/div>\n","protected":false},"excerpt":{"rendered":"<p>O deputado estadual Z\u00e9 In\u00e1cio usou a tribuna da Assembleia Legislativa nesta ter\u00e7a-feira (8) para \u00a0anunciar que protocolou indica\u00e7\u00e3o solicitando [&hellip;]<\/p>\n","protected":false},"author":0,"featured_media":0,"comment_status":"open","ping_status":"open","sticky":false,"template":"","format":"standard","meta":{"site-sidebar-layout":"default","site-content-layout":"","ast-site-content-layout":"default","site-content-style":"default","site-sidebar-style":"default","ast-global-header-display":"","ast-banner-title-visibility":"","ast-main-header-display":"","ast-hfb-above-header-display":"","ast-hfb-below-header-display":"","ast-hfb-mobile-header-display":"","site-post-title":"","ast-breadcrumbs-content":"","ast-featured-img":"","footer-sml-layout":"","ast-disable-related-posts":"","theme-transparent-header-meta":"","adv-header-id-meta":"","stick-header-meta":"","header-above-stick-meta":"","header-main-stick-meta":"","header-below-stick-meta":"","astra-migrate-meta-layouts":"default","ast-page-background-enabled":"default","ast-page-background-meta":{"desktop":{"background-color":"var(--ast-global-color-5)","background-image":"","background-repeat":"repeat","background-position":"center center","background-size":"auto","background-attachment":"scroll","background-type":"","background-media":"","overlay-type":"","overlay-color":"","overlay-opacity":"","overlay-gradient":""},"tablet":{"background-color":"","background-image":"","background-repeat":"repeat","background-position":"center center","background-size":"auto","background-attachment":"scroll","background-type":"","background-media":"","overlay-type":"","overlay-color":"","overlay-opacity":"","overlay-gradient":""},"mobile":{"background-color":"","background-image":"","background-repeat":"repeat","background-position":"center center","background-size":"auto","background-attachment":"scroll","background-type":"","background-media":"","overlay-type":"","overlay-color":"","overlay-opacity":"","overlay-gradient":""}},"ast-content-background-meta":{"desktop":{"background-color":"var(--ast-global-color-4)","background-image":"","background-repeat":"repeat","background-position":"center center","background-size":"auto","background-attachment":"scroll","background-type":"","background-media":"","overlay-type":"","overlay-color":"","overlay-opacity":"","overlay-gradient":""},"tablet":{"background-color":"var(--ast-global-color-4)","background-image":"","background-repeat":"repeat","background-position":"center center","background-size":"auto","background-attachment":"scroll","background-type":"","background-media":"","overlay-type":"","overlay-color":"","overlay-opacity":"","overlay-gradient":""},"mobile":{"background-color":"var(--ast-global-color-4)","background-image":"","background-repeat":"repeat","background-position":"center center","background-size":"auto","background-attachment":"scroll","background-type":"","background-media":"","overlay-type":"","overlay-color":"","overlay-opacity":"","overlay-gradient":""}},"footnotes":""},"categories":[1],"tags":[],"class_list":["post-94139","post","type-post","status-publish","format-standard","hentry","category-sem-categoria"],"yoast_head":"<!-- This site is optimized with the Yoast SEO plugin v26.6 - https:\/\/yoast.com\/wordpress\/plugins\/seo\/ -->\n<title>Z\u00e9 In\u00e1cio pede que UFMA recorra da decis\u00e3o do TRF-1 que anulou bonifica\u00e7\u00e3o aos estudantes maranhenses - Daniel Matos<\/title>\n<meta name=\"robots\" content=\"index, follow, max-snippet:-1, max-image-preview:large, max-video-preview:-1\" \/>\n<link rel=\"canonical\" href=\"https:\/\/www.blogsoestado.com\/danielmatos\/ze-inacio-pede-que-ufma-recorra-da-decisao-do-trf-1-que-anulou-bonificacao-aos-estudantes-maranhenses\/\" \/>\n<meta property=\"og:locale\" content=\"pt_BR\" \/>\n<meta property=\"og:type\" content=\"article\" \/>\n<meta property=\"og:title\" content=\"Z\u00e9 In\u00e1cio pede que UFMA recorra da decis\u00e3o do TRF-1 que anulou bonifica\u00e7\u00e3o aos estudantes maranhenses - Daniel Matos\" \/>\n<meta property=\"og:description\" content=\"O deputado estadual Z\u00e9 In\u00e1cio usou a tribuna da Assembleia Legislativa nesta ter\u00e7a-feira (8) para \u00a0anunciar que protocolou indica\u00e7\u00e3o solicitando [&hellip;]\" \/>\n<meta property=\"og:url\" content=\"https:\/\/www.blogsoestado.com\/danielmatos\/ze-inacio-pede-que-ufma-recorra-da-decisao-do-trf-1-que-anulou-bonificacao-aos-estudantes-maranhenses\/\" \/>\n<meta property=\"og:site_name\" content=\"Daniel Matos\" \/>\n<meta property=\"article:published_time\" content=\"2022-02-09T02:34:20+00:00\" \/>\n<meta property=\"og:image\" content=\"https:\/\/www.blogsoestado.com\/danielmatos\/files\/2022\/02\/Screenshot_20220208-2330142.png\" \/>\n<meta name=\"twitter:card\" content=\"summary_large_image\" \/>\n<meta name=\"twitter:label1\" content=\"Est. tempo de leitura\" \/>\n\t<meta name=\"twitter:data1\" content=\"2 minutos\" \/>\n<script type=\"application\/ld+json\" class=\"yoast-schema-graph\">{\"@context\":\"https:\/\/schema.org\",\"@graph\":[{\"@type\":\"WebPage\",\"@id\":\"https:\/\/www.blogsoestado.com\/danielmatos\/ze-inacio-pede-que-ufma-recorra-da-decisao-do-trf-1-que-anulou-bonificacao-aos-estudantes-maranhenses\/\",\"url\":\"https:\/\/www.blogsoestado.com\/danielmatos\/ze-inacio-pede-que-ufma-recorra-da-decisao-do-trf-1-que-anulou-bonificacao-aos-estudantes-maranhenses\/\",\"name\":\"Z\u00e9 In\u00e1cio pede que UFMA recorra da decis\u00e3o do TRF-1 que anulou bonifica\u00e7\u00e3o aos estudantes maranhenses - Daniel Matos\",\"isPartOf\":{\"@id\":\"https:\/\/www.blogsoestado.com\/danielmatos\/#website\"},\"primaryImageOfPage\":{\"@id\":\"https:\/\/www.blogsoestado.com\/danielmatos\/ze-inacio-pede-que-ufma-recorra-da-decisao-do-trf-1-que-anulou-bonificacao-aos-estudantes-maranhenses\/#primaryimage\"},\"image\":{\"@id\":\"https:\/\/www.blogsoestado.com\/danielmatos\/ze-inacio-pede-que-ufma-recorra-da-decisao-do-trf-1-que-anulou-bonificacao-aos-estudantes-maranhenses\/#primaryimage\"},\"thumbnailUrl\":\"https:\/\/www.blogsoestado.com\/danielmatos\/files\/2022\/02\/Screenshot_20220208-2330142.png\",\"datePublished\":\"2022-02-09T02:34:20+00:00\",\"author\":{\"@id\":\"\"},\"breadcrumb\":{\"@id\":\"https:\/\/www.blogsoestado.com\/danielmatos\/ze-inacio-pede-que-ufma-recorra-da-decisao-do-trf-1-que-anulou-bonificacao-aos-estudantes-maranhenses\/#breadcrumb\"},\"inLanguage\":\"pt-BR\",\"potentialAction\":[{\"@type\":\"ReadAction\",\"target\":[\"https:\/\/www.blogsoestado.com\/danielmatos\/ze-inacio-pede-que-ufma-recorra-da-decisao-do-trf-1-que-anulou-bonificacao-aos-estudantes-maranhenses\/\"]}]},{\"@type\":\"ImageObject\",\"inLanguage\":\"pt-BR\",\"@id\":\"https:\/\/www.blogsoestado.com\/danielmatos\/ze-inacio-pede-que-ufma-recorra-da-decisao-do-trf-1-que-anulou-bonificacao-aos-estudantes-maranhenses\/#primaryimage\",\"url\":\"https:\/\/www.blogsoestado.com\/danielmatos\/files\/2022\/02\/Screenshot_20220208-2330142.png\",\"contentUrl\":\"https:\/\/www.blogsoestado.com\/danielmatos\/files\/2022\/02\/Screenshot_20220208-2330142.png\"},{\"@type\":\"BreadcrumbList\",\"@id\":\"https:\/\/www.blogsoestado.com\/danielmatos\/ze-inacio-pede-que-ufma-recorra-da-decisao-do-trf-1-que-anulou-bonificacao-aos-estudantes-maranhenses\/#breadcrumb\",\"itemListElement\":[{\"@type\":\"ListItem\",\"position\":1,\"name\":\"In\u00edcio\",\"item\":\"https:\/\/www.blogsoestado.com\/danielmatos\/\"},{\"@type\":\"ListItem\",\"position\":2,\"name\":\"Z\u00e9 In\u00e1cio pede que UFMA recorra da decis\u00e3o do TRF-1 que anulou bonifica\u00e7\u00e3o aos estudantes maranhenses\"}]},{\"@type\":\"WebSite\",\"@id\":\"https:\/\/www.blogsoestado.com\/danielmatos\/#website\",\"url\":\"https:\/\/www.blogsoestado.com\/danielmatos\/\",\"name\":\"Daniel Matos\",\"description\":\"\",\"potentialAction\":[{\"@type\":\"SearchAction\",\"target\":{\"@type\":\"EntryPoint\",\"urlTemplate\":\"https:\/\/www.blogsoestado.com\/danielmatos\/?s={search_term_string}\"},\"query-input\":{\"@type\":\"PropertyValueSpecification\",\"valueRequired\":true,\"valueName\":\"search_term_string\"}}],\"inLanguage\":\"pt-BR\"}]}<\/script>\n<!-- \/ Yoast SEO plugin. -->","yoast_head_json":{"title":"Z\u00e9 In\u00e1cio pede que UFMA recorra da decis\u00e3o do TRF-1 que anulou bonifica\u00e7\u00e3o aos estudantes maranhenses - Daniel Matos","robots":{"index":"index","follow":"follow","max-snippet":"max-snippet:-1","max-image-preview":"max-image-preview:large","max-video-preview":"max-video-preview:-1"},"canonical":"https:\/\/www.blogsoestado.com\/danielmatos\/ze-inacio-pede-que-ufma-recorra-da-decisao-do-trf-1-que-anulou-bonificacao-aos-estudantes-maranhenses\/","og_locale":"pt_BR","og_type":"article","og_title":"Z\u00e9 In\u00e1cio pede que UFMA recorra da decis\u00e3o do TRF-1 que anulou bonifica\u00e7\u00e3o aos estudantes maranhenses - Daniel Matos","og_description":"O deputado estadual Z\u00e9 In\u00e1cio usou a tribuna da Assembleia Legislativa nesta ter\u00e7a-feira (8) para \u00a0anunciar que protocolou indica\u00e7\u00e3o solicitando [&hellip;]","og_url":"https:\/\/www.blogsoestado.com\/danielmatos\/ze-inacio-pede-que-ufma-recorra-da-decisao-do-trf-1-que-anulou-bonificacao-aos-estudantes-maranhenses\/","og_site_name":"Daniel Matos","article_published_time":"2022-02-09T02:34:20+00:00","og_image":[{"url":"https:\/\/www.blogsoestado.com\/danielmatos\/files\/2022\/02\/Screenshot_20220208-2330142.png","type":"","width":"","height":""}],"twitter_card":"summary_large_image","twitter_misc":{"Est. tempo de leitura":"2 minutos"},"schema":{"@context":"https:\/\/schema.org","@graph":[{"@type":"WebPage","@id":"https:\/\/www.blogsoestado.com\/danielmatos\/ze-inacio-pede-que-ufma-recorra-da-decisao-do-trf-1-que-anulou-bonificacao-aos-estudantes-maranhenses\/","url":"https:\/\/www.blogsoestado.com\/danielmatos\/ze-inacio-pede-que-ufma-recorra-da-decisao-do-trf-1-que-anulou-bonificacao-aos-estudantes-maranhenses\/","name":"Z\u00e9 In\u00e1cio pede que UFMA recorra da decis\u00e3o do TRF-1 que anulou bonifica\u00e7\u00e3o aos estudantes maranhenses - Daniel Matos","isPartOf":{"@id":"https:\/\/www.blogsoestado.com\/danielmatos\/#website"},"primaryImageOfPage":{"@id":"https:\/\/www.blogsoestado.com\/danielmatos\/ze-inacio-pede-que-ufma-recorra-da-decisao-do-trf-1-que-anulou-bonificacao-aos-estudantes-maranhenses\/#primaryimage"},"image":{"@id":"https:\/\/www.blogsoestado.com\/danielmatos\/ze-inacio-pede-que-ufma-recorra-da-decisao-do-trf-1-que-anulou-bonificacao-aos-estudantes-maranhenses\/#primaryimage"},"thumbnailUrl":"https:\/\/www.blogsoestado.com\/danielmatos\/files\/2022\/02\/Screenshot_20220208-2330142.png","datePublished":"2022-02-09T02:34:20+00:00","author":{"@id":""},"breadcrumb":{"@id":"https:\/\/www.blogsoestado.com\/danielmatos\/ze-inacio-pede-que-ufma-recorra-da-decisao-do-trf-1-que-anulou-bonificacao-aos-estudantes-maranhenses\/#breadcrumb"},"inLanguage":"pt-BR","potentialAction":[{"@type":"ReadAction","target":["https:\/\/www.blogsoestado.com\/danielmatos\/ze-inacio-pede-que-ufma-recorra-da-decisao-do-trf-1-que-anulou-bonificacao-aos-estudantes-maranhenses\/"]}]},{"@type":"ImageObject","inLanguage":"pt-BR","@id":"https:\/\/www.blogsoestado.com\/danielmatos\/ze-inacio-pede-que-ufma-recorra-da-decisao-do-trf-1-que-anulou-bonificacao-aos-estudantes-maranhenses\/#primaryimage","url":"https:\/\/www.blogsoestado.com\/danielmatos\/files\/2022\/02\/Screenshot_20220208-2330142.png","contentUrl":"https:\/\/www.blogsoestado.com\/danielmatos\/files\/2022\/02\/Screenshot_20220208-2330142.png"},{"@type":"BreadcrumbList","@id":"https:\/\/www.blogsoestado.com\/danielmatos\/ze-inacio-pede-que-ufma-recorra-da-decisao-do-trf-1-que-anulou-bonificacao-aos-estudantes-maranhenses\/#breadcrumb","itemListElement":[{"@type":"ListItem","position":1,"name":"In\u00edcio","item":"https:\/\/www.blogsoestado.com\/danielmatos\/"},{"@type":"ListItem","position":2,"name":"Z\u00e9 In\u00e1cio pede que UFMA recorra da decis\u00e3o do TRF-1 que anulou bonifica\u00e7\u00e3o aos estudantes maranhenses"}]},{"@type":"WebSite","@id":"https:\/\/www.blogsoestado.com\/danielmatos\/#website","url":"https:\/\/www.blogsoestado.com\/danielmatos\/","name":"Daniel Matos","description":"","potentialAction":[{"@type":"SearchAction","target":{"@type":"EntryPoint","urlTemplate":"https:\/\/www.blogsoestado.com\/danielmatos\/?s={search_term_string}"},"query-input":{"@type":"PropertyValueSpecification","valueRequired":true,"valueName":"search_term_string"}}],"inLanguage":"pt-BR"}]}},"jetpack_featured_media_url":"","_links":{"self":[{"href":"https:\/\/www.blogsoestado.com\/danielmatos\/wp-json\/wp\/v2\/posts\/94139","targetHints":{"allow":["GET"]}}],"collection":[{"href":"https:\/\/www.blogsoestado.com\/danielmatos\/wp-json\/wp\/v2\/posts"}],"about":[{"href":"https:\/\/www.blogsoestado.com\/danielmatos\/wp-json\/wp\/v2\/types\/post"}],"replies":[{"embeddable":true,"href":"https:\/\/www.blogsoestado.com\/danielmatos\/wp-json\/wp\/v2\/comments?post=94139"}],"version-history":[{"count":0,"href":"https:\/\/www.blogsoestado.com\/danielmatos\/wp-json\/wp\/v2\/posts\/94139\/revisions"}],"wp:attachment":[{"href":"https:\/\/www.blogsoestado.com\/danielmatos\/wp-json\/wp\/v2\/media?parent=94139"}],"wp:term":[{"taxonomy":"category","embeddable":true,"href":"https:\/\/www.blogsoestado.com\/danielmatos\/wp-json\/wp\/v2\/categories?post=94139"},{"taxonomy":"post_tag","embeddable":true,"href":"https:\/\/www.blogsoestado.com\/danielmatos\/wp-json\/wp\/v2\/tags?post=94139"}],"curies":[{"name":"wp","href":"https:\/\/api.w.org\/{rel}","templated":true}]}}