{"id":94143,"date":"2022-02-09T06:00:00","date_gmt":"2022-02-09T09:00:00","guid":{"rendered":"https:\/\/www.blogsoestado.com\/danielmatos\/?p=94143"},"modified":"2022-02-09T06:00:00","modified_gmt":"2022-02-09T09:00:00","slug":"exercito-e-tre-se-reunem-para-discutir-seguranca-das-eleicoes-no-maranhao","status":"publish","type":"post","link":"https:\/\/www.blogsoestado.com\/danielmatos\/exercito-e-tre-se-reunem-para-discutir-seguranca-das-eleicoes-no-maranhao\/","title":{"rendered":"Ex\u00e9rcito e TRE se re\u00fanem para discutir seguran\u00e7a das elei\u00e7\u00f5es no Maranh\u00e3o"},"content":{"rendered":"\n<div class=\"wp-block-image\"><figure class=\"aligncenter size-large\"><a href=\"https:\/\/www.blogsoestado.com\/danielmatos\/files\/2022\/02\/Screenshot_20220209-0041232.png\"><img decoding=\"async\" src=\"https:\/\/www.blogsoestado.com\/danielmatos\/files\/2022\/02\/Screenshot_20220209-0041232.png\" alt=\"\" class=\"wp-image-94144\"\/><\/a><figcaption>Na reuni\u00e3o, foram iniciadas as tratativas sobre o apoio que ser\u00e1 prestado pelo Ex\u00e9rcito ao TRE para garantir a seguran\u00e7a da elei\u00e7\u00e3o no Maranh\u00e3o<\/figcaption><\/figure><\/div>\n\n\n\n<p>O presidente do Tribunal Regional Eleitoral (TRE-MA), desembargador Jos\u00e9 Joaquim Figueiredo dos Anjos, se reuniu, na manh\u00e3 dessa ter\u00e7a-feira (8), com o comandante do 24\u00ba Batalh\u00e3o de Infantaria de Selva (24\u00b0 BIS), Ten Cel Sergio Henrique Lopes Rendeiro, para as primeiras tratativas sobre a seguran\u00e7a das elei\u00e7\u00f5es deste ano no Maranh\u00e3o, que acontecem no dia 2 de outubro, em primeiro turno, e no dia 30 do mesmo m\u00eas, em segundo turno, caso seja necess\u00e1rio. <\/p>\n\n\n\n<p>Na audi\u00eancia com o presidente do TRE-MA, o comandante do 24\u00b0 BIS, que estava acompanhado do adjunto de Comando, Sub Ten Carlos Magno Figueira Alves, afirmou que o Batalh\u00e3o Bar\u00e3o de Caxias continua \u00e0 disposi\u00e7\u00e3o da corte eleitoral para fortalecer ainda mais os la\u00e7os de amizade e coopera\u00e7\u00e3o entre as duas institui\u00e7\u00f5es.<\/p>\n\n\n\n<p>Nos pr\u00f3ximos meses, Ex\u00e9rcito e TRE-MA dar\u00e3o continuidade \u00e0 agenda de reuni\u00f5es para definir o plano operacional a ser executado durante o pleito, o efetivo que atuar\u00e1 no 1\u00ba turno e em.um.eventual segundo turno, o aparato a ser empregado nas zonas eleitorais e os munic\u00edpios onde ser\u00e1 preciso refor\u00e7ar as for\u00e7as militares para assegurar a ordem p\u00fablica durante a elei\u00e7\u00e3o.<\/p>\n\n\n\n<p><strong>Garantia da vota\u00e7\u00e3o<\/strong><\/p>\n\n\n\n<div class=\"wp-block-image\"><figure class=\"aligncenter size-large\"><a href=\"https:\/\/www.blogsoestado.com\/danielmatos\/files\/2022\/02\/Screenshot_20220209-0041452.png\"><img decoding=\"async\" src=\"https:\/\/www.blogsoestado.com\/danielmatos\/files\/2022\/02\/Screenshot_20220209-0041452.png\" alt=\"\" class=\"wp-image-94145\"\/><\/a><figcaption>O presidente do TRE-MA, desembargador Joaquim Figueiredo, e o comandante do 24\u00ba BIS, Ten Cel Sergio Henrique Lopes Rendeiro,. refor\u00e7aram os la\u00e7os de coopera\u00e7\u00e3o visando \u00e0 ordem p\u00fablica durante o pleito<\/figcaption><\/figure><\/div>\n\n\n\n<p>0 24\u00b0 BIS tem um hist\u00f3rico de cumprimento de miss\u00f5es de garantia da vota\u00e7\u00e3o e apura\u00e7\u00e3o (GVA) das elei\u00e7\u00f5es no Maranh\u00e3o em \u00e1reas urbanas e rurais. Em 2018, o Ex\u00e9rcito atuou em 72 munic\u00edpios do estado, destacando um efetivo total de mais de 600 homens, com prioridade para as cidades do interior, mas tamb\u00e9m com cobertura em S\u00e3o Lu\u00eds.<\/p>\n","protected":false},"excerpt":{"rendered":"<p>O presidente do Tribunal Regional Eleitoral (TRE-MA), desembargador Jos\u00e9 Joaquim Figueiredo dos Anjos, se reuniu, na manh\u00e3 dessa ter\u00e7a-feira (8), [&hellip;]<\/p>\n","protected":false},"author":0,"featured_media":0,"comment_status":"open","ping_status":"open","sticky":false,"template":"","format":"standard","meta":{"site-sidebar-layout":"default","site-content-layout":"","ast-site-content-layout":"default","site-content-style":"default","site-sidebar-style":"default","ast-global-header-display":"","ast-banner-title-visibility":"","ast-main-header-display":"","ast-hfb-above-header-display":"","ast-hfb-below-header-display":"","ast-hfb-mobile-header-display":"","site-post-title":"","ast-breadcrumbs-content":"","ast-featured-img":"","footer-sml-layout":"","ast-disable-related-posts":"","theme-transparent-header-meta":"","adv-header-id-meta":"","stick-header-meta":"","header-above-stick-meta":"","header-main-stick-meta":"","header-below-stick-meta":"","astra-migrate-meta-layouts":"default","ast-page-background-enabled":"default","ast-page-background-meta":{"desktop":{"background-color":"var(--ast-global-color-5)","background-image":"","background-repeat":"repeat","background-position":"center center","background-size":"auto","background-attachment":"scroll","background-type":"","background-media":"","overlay-type":"","overlay-color":"","overlay-opacity":"","overlay-gradient":""},"tablet":{"background-color":"","background-image":"","background-repeat":"repeat","background-position":"center center","background-size":"auto","background-attachment":"scroll","background-type":"","background-media":"","overlay-type":"","overlay-color":"","overlay-opacity":"","overlay-gradient":""},"mobile":{"background-color":"","background-image":"","background-repeat":"repeat","background-position":"center center","background-size":"auto","background-attachment":"scroll","background-type":"","background-media":"","overlay-type":"","overlay-color":"","overlay-opacity":"","overlay-gradient":""}},"ast-content-background-meta":{"desktop":{"background-color":"var(--ast-global-color-4)","background-image":"","background-repeat":"repeat","background-position":"center center","background-size":"auto","background-attachment":"scroll","background-type":"","background-media":"","overlay-type":"","overlay-color":"","overlay-opacity":"","overlay-gradient":""},"tablet":{"background-color":"var(--ast-global-color-4)","background-image":"","background-repeat":"repeat","background-position":"center center","background-size":"auto","background-attachment":"scroll","background-type":"","background-media":"","overlay-type":"","overlay-color":"","overlay-opacity":"","overlay-gradient":""},"mobile":{"background-color":"var(--ast-global-color-4)","background-image":"","background-repeat":"repeat","background-position":"center center","background-size":"auto","background-attachment":"scroll","background-type":"","background-media":"","overlay-type":"","overlay-color":"","overlay-opacity":"","overlay-gradient":""}},"footnotes":""},"categories":[1],"tags":[],"class_list":["post-94143","post","type-post","status-publish","format-standard","hentry","category-sem-categoria"],"yoast_head":"<!-- This site is optimized with the Yoast SEO plugin v26.6 - https:\/\/yoast.com\/wordpress\/plugins\/seo\/ -->\n<title>Ex\u00e9rcito e TRE se re\u00fanem para discutir seguran\u00e7a das elei\u00e7\u00f5es no Maranh\u00e3o - Daniel Matos<\/title>\n<meta name=\"robots\" content=\"index, follow, max-snippet:-1, max-image-preview:large, max-video-preview:-1\" \/>\n<link rel=\"canonical\" href=\"https:\/\/www.blogsoestado.com\/danielmatos\/exercito-e-tre-se-reunem-para-discutir-seguranca-das-eleicoes-no-maranhao\/\" \/>\n<meta property=\"og:locale\" content=\"pt_BR\" \/>\n<meta property=\"og:type\" content=\"article\" \/>\n<meta property=\"og:title\" content=\"Ex\u00e9rcito e TRE se re\u00fanem para discutir seguran\u00e7a das elei\u00e7\u00f5es no Maranh\u00e3o - Daniel Matos\" \/>\n<meta property=\"og:description\" content=\"O presidente do Tribunal Regional Eleitoral (TRE-MA), desembargador Jos\u00e9 Joaquim Figueiredo dos Anjos, se reuniu, na manh\u00e3 dessa ter\u00e7a-feira (8), [&hellip;]\" \/>\n<meta property=\"og:url\" content=\"https:\/\/www.blogsoestado.com\/danielmatos\/exercito-e-tre-se-reunem-para-discutir-seguranca-das-eleicoes-no-maranhao\/\" \/>\n<meta property=\"og:site_name\" content=\"Daniel Matos\" \/>\n<meta property=\"article:published_time\" content=\"2022-02-09T09:00:00+00:00\" \/>\n<meta property=\"og:image\" content=\"https:\/\/www.blogsoestado.com\/danielmatos\/files\/2022\/02\/Screenshot_20220209-0041232.png\" \/>\n<meta name=\"twitter:card\" content=\"summary_large_image\" \/>\n<meta name=\"twitter:label1\" content=\"Est. tempo de leitura\" \/>\n\t<meta name=\"twitter:data1\" content=\"2 minutos\" \/>\n<script type=\"application\/ld+json\" class=\"yoast-schema-graph\">{\"@context\":\"https:\/\/schema.org\",\"@graph\":[{\"@type\":\"WebPage\",\"@id\":\"https:\/\/www.blogsoestado.com\/danielmatos\/exercito-e-tre-se-reunem-para-discutir-seguranca-das-eleicoes-no-maranhao\/\",\"url\":\"https:\/\/www.blogsoestado.com\/danielmatos\/exercito-e-tre-se-reunem-para-discutir-seguranca-das-eleicoes-no-maranhao\/\",\"name\":\"Ex\u00e9rcito e TRE se re\u00fanem para discutir seguran\u00e7a das elei\u00e7\u00f5es no Maranh\u00e3o - Daniel Matos\",\"isPartOf\":{\"@id\":\"https:\/\/www.blogsoestado.com\/danielmatos\/#website\"},\"primaryImageOfPage\":{\"@id\":\"https:\/\/www.blogsoestado.com\/danielmatos\/exercito-e-tre-se-reunem-para-discutir-seguranca-das-eleicoes-no-maranhao\/#primaryimage\"},\"image\":{\"@id\":\"https:\/\/www.blogsoestado.com\/danielmatos\/exercito-e-tre-se-reunem-para-discutir-seguranca-das-eleicoes-no-maranhao\/#primaryimage\"},\"thumbnailUrl\":\"https:\/\/www.blogsoestado.com\/danielmatos\/files\/2022\/02\/Screenshot_20220209-0041232.png\",\"datePublished\":\"2022-02-09T09:00:00+00:00\",\"author\":{\"@id\":\"\"},\"breadcrumb\":{\"@id\":\"https:\/\/www.blogsoestado.com\/danielmatos\/exercito-e-tre-se-reunem-para-discutir-seguranca-das-eleicoes-no-maranhao\/#breadcrumb\"},\"inLanguage\":\"pt-BR\",\"potentialAction\":[{\"@type\":\"ReadAction\",\"target\":[\"https:\/\/www.blogsoestado.com\/danielmatos\/exercito-e-tre-se-reunem-para-discutir-seguranca-das-eleicoes-no-maranhao\/\"]}]},{\"@type\":\"ImageObject\",\"inLanguage\":\"pt-BR\",\"@id\":\"https:\/\/www.blogsoestado.com\/danielmatos\/exercito-e-tre-se-reunem-para-discutir-seguranca-das-eleicoes-no-maranhao\/#primaryimage\",\"url\":\"https:\/\/www.blogsoestado.com\/danielmatos\/files\/2022\/02\/Screenshot_20220209-0041232.png\",\"contentUrl\":\"https:\/\/www.blogsoestado.com\/danielmatos\/files\/2022\/02\/Screenshot_20220209-0041232.png\"},{\"@type\":\"BreadcrumbList\",\"@id\":\"https:\/\/www.blogsoestado.com\/danielmatos\/exercito-e-tre-se-reunem-para-discutir-seguranca-das-eleicoes-no-maranhao\/#breadcrumb\",\"itemListElement\":[{\"@type\":\"ListItem\",\"position\":1,\"name\":\"In\u00edcio\",\"item\":\"https:\/\/www.blogsoestado.com\/danielmatos\/\"},{\"@type\":\"ListItem\",\"position\":2,\"name\":\"Ex\u00e9rcito e TRE se re\u00fanem para discutir seguran\u00e7a das elei\u00e7\u00f5es no Maranh\u00e3o\"}]},{\"@type\":\"WebSite\",\"@id\":\"https:\/\/www.blogsoestado.com\/danielmatos\/#website\",\"url\":\"https:\/\/www.blogsoestado.com\/danielmatos\/\",\"name\":\"Daniel Matos\",\"description\":\"\",\"potentialAction\":[{\"@type\":\"SearchAction\",\"target\":{\"@type\":\"EntryPoint\",\"urlTemplate\":\"https:\/\/www.blogsoestado.com\/danielmatos\/?s={search_term_string}\"},\"query-input\":{\"@type\":\"PropertyValueSpecification\",\"valueRequired\":true,\"valueName\":\"search_term_string\"}}],\"inLanguage\":\"pt-BR\"}]}<\/script>\n<!-- \/ Yoast SEO plugin. -->","yoast_head_json":{"title":"Ex\u00e9rcito e TRE se re\u00fanem para discutir seguran\u00e7a das elei\u00e7\u00f5es no Maranh\u00e3o - Daniel Matos","robots":{"index":"index","follow":"follow","max-snippet":"max-snippet:-1","max-image-preview":"max-image-preview:large","max-video-preview":"max-video-preview:-1"},"canonical":"https:\/\/www.blogsoestado.com\/danielmatos\/exercito-e-tre-se-reunem-para-discutir-seguranca-das-eleicoes-no-maranhao\/","og_locale":"pt_BR","og_type":"article","og_title":"Ex\u00e9rcito e TRE se re\u00fanem para discutir seguran\u00e7a das elei\u00e7\u00f5es no Maranh\u00e3o - Daniel Matos","og_description":"O presidente do Tribunal Regional Eleitoral (TRE-MA), desembargador Jos\u00e9 Joaquim Figueiredo dos Anjos, se reuniu, na manh\u00e3 dessa ter\u00e7a-feira (8), [&hellip;]","og_url":"https:\/\/www.blogsoestado.com\/danielmatos\/exercito-e-tre-se-reunem-para-discutir-seguranca-das-eleicoes-no-maranhao\/","og_site_name":"Daniel Matos","article_published_time":"2022-02-09T09:00:00+00:00","og_image":[{"url":"https:\/\/www.blogsoestado.com\/danielmatos\/files\/2022\/02\/Screenshot_20220209-0041232.png","type":"","width":"","height":""}],"twitter_card":"summary_large_image","twitter_misc":{"Est. tempo de leitura":"2 minutos"},"schema":{"@context":"https:\/\/schema.org","@graph":[{"@type":"WebPage","@id":"https:\/\/www.blogsoestado.com\/danielmatos\/exercito-e-tre-se-reunem-para-discutir-seguranca-das-eleicoes-no-maranhao\/","url":"https:\/\/www.blogsoestado.com\/danielmatos\/exercito-e-tre-se-reunem-para-discutir-seguranca-das-eleicoes-no-maranhao\/","name":"Ex\u00e9rcito e TRE se re\u00fanem para discutir seguran\u00e7a das elei\u00e7\u00f5es no Maranh\u00e3o - Daniel Matos","isPartOf":{"@id":"https:\/\/www.blogsoestado.com\/danielmatos\/#website"},"primaryImageOfPage":{"@id":"https:\/\/www.blogsoestado.com\/danielmatos\/exercito-e-tre-se-reunem-para-discutir-seguranca-das-eleicoes-no-maranhao\/#primaryimage"},"image":{"@id":"https:\/\/www.blogsoestado.com\/danielmatos\/exercito-e-tre-se-reunem-para-discutir-seguranca-das-eleicoes-no-maranhao\/#primaryimage"},"thumbnailUrl":"https:\/\/www.blogsoestado.com\/danielmatos\/files\/2022\/02\/Screenshot_20220209-0041232.png","datePublished":"2022-02-09T09:00:00+00:00","author":{"@id":""},"breadcrumb":{"@id":"https:\/\/www.blogsoestado.com\/danielmatos\/exercito-e-tre-se-reunem-para-discutir-seguranca-das-eleicoes-no-maranhao\/#breadcrumb"},"inLanguage":"pt-BR","potentialAction":[{"@type":"ReadAction","target":["https:\/\/www.blogsoestado.com\/danielmatos\/exercito-e-tre-se-reunem-para-discutir-seguranca-das-eleicoes-no-maranhao\/"]}]},{"@type":"ImageObject","inLanguage":"pt-BR","@id":"https:\/\/www.blogsoestado.com\/danielmatos\/exercito-e-tre-se-reunem-para-discutir-seguranca-das-eleicoes-no-maranhao\/#primaryimage","url":"https:\/\/www.blogsoestado.com\/danielmatos\/files\/2022\/02\/Screenshot_20220209-0041232.png","contentUrl":"https:\/\/www.blogsoestado.com\/danielmatos\/files\/2022\/02\/Screenshot_20220209-0041232.png"},{"@type":"BreadcrumbList","@id":"https:\/\/www.blogsoestado.com\/danielmatos\/exercito-e-tre-se-reunem-para-discutir-seguranca-das-eleicoes-no-maranhao\/#breadcrumb","itemListElement":[{"@type":"ListItem","position":1,"name":"In\u00edcio","item":"https:\/\/www.blogsoestado.com\/danielmatos\/"},{"@type":"ListItem","position":2,"name":"Ex\u00e9rcito e TRE se re\u00fanem para discutir seguran\u00e7a das elei\u00e7\u00f5es no Maranh\u00e3o"}]},{"@type":"WebSite","@id":"https:\/\/www.blogsoestado.com\/danielmatos\/#website","url":"https:\/\/www.blogsoestado.com\/danielmatos\/","name":"Daniel Matos","description":"","potentialAction":[{"@type":"SearchAction","target":{"@type":"EntryPoint","urlTemplate":"https:\/\/www.blogsoestado.com\/danielmatos\/?s={search_term_string}"},"query-input":{"@type":"PropertyValueSpecification","valueRequired":true,"valueName":"search_term_string"}}],"inLanguage":"pt-BR"}]}},"jetpack_featured_media_url":"","_links":{"self":[{"href":"https:\/\/www.blogsoestado.com\/danielmatos\/wp-json\/wp\/v2\/posts\/94143","targetHints":{"allow":["GET"]}}],"collection":[{"href":"https:\/\/www.blogsoestado.com\/danielmatos\/wp-json\/wp\/v2\/posts"}],"about":[{"href":"https:\/\/www.blogsoestado.com\/danielmatos\/wp-json\/wp\/v2\/types\/post"}],"replies":[{"embeddable":true,"href":"https:\/\/www.blogsoestado.com\/danielmatos\/wp-json\/wp\/v2\/comments?post=94143"}],"version-history":[{"count":0,"href":"https:\/\/www.blogsoestado.com\/danielmatos\/wp-json\/wp\/v2\/posts\/94143\/revisions"}],"wp:attachment":[{"href":"https:\/\/www.blogsoestado.com\/danielmatos\/wp-json\/wp\/v2\/media?parent=94143"}],"wp:term":[{"taxonomy":"category","embeddable":true,"href":"https:\/\/www.blogsoestado.com\/danielmatos\/wp-json\/wp\/v2\/categories?post=94143"},{"taxonomy":"post_tag","embeddable":true,"href":"https:\/\/www.blogsoestado.com\/danielmatos\/wp-json\/wp\/v2\/tags?post=94143"}],"curies":[{"name":"wp","href":"https:\/\/api.w.org\/{rel}","templated":true}]}}