{"id":94150,"date":"2022-02-09T01:08:01","date_gmt":"2022-02-09T04:08:01","guid":{"rendered":"https:\/\/www.blogsoestado.com\/danielmatos\/?p=94150"},"modified":"2022-02-09T01:08:01","modified_gmt":"2022-02-09T04:08:01","slug":"movimento-cade-o-circo-e-convidado-pela-prefeitura-de-sao-luis-para-reuniao-nesta-semana","status":"publish","type":"post","link":"https:\/\/www.blogsoestado.com\/danielmatos\/movimento-cade-o-circo-e-convidado-pela-prefeitura-de-sao-luis-para-reuniao-nesta-semana\/","title":{"rendered":"Movimento &#8220;Cad\u00ea o Circo?&#8221; \u00e9 convidado pela prefeitura de S\u00e3o Lu\u00eds para reuni\u00e3o nesta semana"},"content":{"rendered":"\n<div class=\"wp-block-image\"><figure class=\"aligncenter size-large\"><a href=\"https:\/\/www.blogsoestado.com\/danielmatos\/files\/2022\/02\/Screenshot_20220209-0058492.png\"><img decoding=\"async\" src=\"https:\/\/www.blogsoestado.com\/danielmatos\/files\/2022\/02\/Screenshot_20220209-0058492.png\" alt=\"\" class=\"wp-image-94151\"\/><\/a><figcaption>Artistas e produtores culturais na frente da Prefeitura com o of\u00edcio, no dia 2 deste m\u00eas<\/figcaption><\/figure><\/div>\n\n\n\n<p>O movimento &#8220;Cad\u00ea o Circo?&#8221; protocolou, no \u00faltimo dia 2, na Prefeitura de S\u00e3o Lu\u00eds, of\u00edcio com pedido de reuni\u00e3o com o prefeito, Eduardo Braide (Podemos), para discutir sobre a retorno do Centro Cultural Nelson Brito (antigo Circo da Cidade).<\/p>\n\n\n\n<p>O endere\u00e7amento do of\u00edcio ao chefe do executivo municipal,&nbsp;deu-se em virtude da promessa de campanha feita na elei\u00e7\u00e3o 2020, registrada no Tribunal Superior Eleitoral (TSE).<\/p>\n\n\n\n<div class=\"wp-block-image\"><figure class=\"aligncenter size-large\"><a href=\"https:\/\/www.blogsoestado.com\/danielmatos\/files\/2022\/02\/Screenshot_20220209-0059082.png\"><img decoding=\"async\" src=\"https:\/\/www.blogsoestado.com\/danielmatos\/files\/2022\/02\/Screenshot_20220209-0059082.png\" alt=\"\" class=\"wp-image-94152\"\/><\/a><figcaption>Representantes do movimento com o of\u00edcio no setor de Protocolo da Prefeitura de S\u00e3o Lu\u00eds<\/figcaption><\/figure><\/div>\n\n\n\n<p>O movimento foi formado em janeiro deste ano, para cobrar das autoridades p\u00fablicas a reconstru\u00e7\u00e3o do circo. J\u00e1 que est\u00e1 desativado h\u00e1 dez anos, mas que abrigou shows e espet\u00e1culos n\u00e3o s\u00f3 de artistas do cen\u00e1rio nacional, como tamb\u00e9m produ\u00e7\u00f5es independentes e projetos de arte-educa\u00e7\u00e3o como o Circo-Escola. Um espa\u00e7o p\u00fablico democr\u00e1tico, para que a classe art\u00edstica e cultural independente possa voltar a produzir, gerando emprego e renda, na capital maranhense.<\/p>\n\n\n\n<p>Em resposta ao &#8220;Cad\u00ea o Circo?&#8221;, o prefeito solicitou ao secret\u00e1rio de cultura, Marco Duailibe, que convidasse o movimento para uma reuni\u00e3o nesta pr\u00f3xima quarta-feira, 09, \u00e0s 15h, na Secretaria Municipal de Cultura, por meio do of\u00edcio n\u00b0 009\/2022, conforme o anexo.<\/p>\n\n\n\n<div class=\"wp-block-image\"><figure class=\"aligncenter size-large\"><a href=\"https:\/\/www.blogsoestado.com\/danielmatos\/files\/2022\/02\/Screenshot_20220209-0059332.png\"><img decoding=\"async\" src=\"https:\/\/www.blogsoestado.com\/danielmatos\/files\/2022\/02\/Screenshot_20220209-0059332.png\" alt=\"\" class=\"wp-image-94153\"\/><\/a><figcaption>Reuni\u00e3o de integrantes do Movimento &#8220;Cad\u00ea o Circo?&#8221;<\/figcaption><\/figure><\/div>\n\n\n\n<p>O movimento &#8220;Cad\u00ea o Circo?&#8221; divulgou que comparecer\u00e1 para dialogar com o poder p\u00fablico sobre o retorno deste espa\u00e7o de suma import\u00e2ncia para a cena cultural independente e que faz parte da mem\u00f3ria afetiva dos maranhenses.<\/p>\n\n\n\n<p>Abaixo, c\u00f3pia do of\u00edcio protocolado na Prefeitura de S\u00e3o Lu\u00eds:<\/p>\n\n\n\n<div class=\"wp-block-image\"><figure class=\"aligncenter size-large\"><a href=\"https:\/\/www.blogsoestado.com\/danielmatos\/files\/2022\/02\/Screenshot_20220209-0058052.png\"><img decoding=\"async\" src=\"https:\/\/www.blogsoestado.com\/danielmatos\/files\/2022\/02\/Screenshot_20220209-0058052.png\" alt=\"\" class=\"wp-image-94154\"\/><\/a><\/figure><\/div>\n\n\n\n<p>Convite da Prefeitura de S\u00e3o Lu\u00eds para reuni\u00e3o com o movimento nesta quarta-feira, \u00e0s 15h:<\/p>\n\n\n\n<div class=\"wp-block-image\"><figure class=\"aligncenter size-large\"><a href=\"https:\/\/www.blogsoestado.com\/danielmatos\/files\/2022\/02\/Screenshot_20220209-0058252.png\"><img decoding=\"async\" src=\"https:\/\/www.blogsoestado.com\/danielmatos\/files\/2022\/02\/Screenshot_20220209-0058252.png\" alt=\"\" class=\"wp-image-94155\"\/><\/a><\/figure><\/div>\n","protected":false},"excerpt":{"rendered":"<p>O movimento &#8220;Cad\u00ea o Circo?&#8221; protocolou, no \u00faltimo dia 2, na Prefeitura de S\u00e3o Lu\u00eds, of\u00edcio com pedido de reuni\u00e3o [&hellip;]<\/p>\n","protected":false},"author":0,"featured_media":0,"comment_status":"open","ping_status":"open","sticky":false,"template":"","format":"standard","meta":{"site-sidebar-layout":"default","site-content-layout":"","ast-site-content-layout":"default","site-content-style":"default","site-sidebar-style":"default","ast-global-header-display":"","ast-banner-title-visibility":"","ast-main-header-display":"","ast-hfb-above-header-display":"","ast-hfb-below-header-display":"","ast-hfb-mobile-header-display":"","site-post-title":"","ast-breadcrumbs-content":"","ast-featured-img":"","footer-sml-layout":"","ast-disable-related-posts":"","theme-transparent-header-meta":"","adv-header-id-meta":"","stick-header-meta":"","header-above-stick-meta":"","header-main-stick-meta":"","header-below-stick-meta":"","astra-migrate-meta-layouts":"default","ast-page-background-enabled":"default","ast-page-background-meta":{"desktop":{"background-color":"var(--ast-global-color-5)","background-image":"","background-repeat":"repeat","background-position":"center center","background-size":"auto","background-attachment":"scroll","background-type":"","background-media":"","overlay-type":"","overlay-color":"","overlay-opacity":"","overlay-gradient":""},"tablet":{"background-color":"","background-image":"","background-repeat":"repeat","background-position":"center center","background-size":"auto","background-attachment":"scroll","background-type":"","background-media":"","overlay-type":"","overlay-color":"","overlay-opacity":"","overlay-gradient":""},"mobile":{"background-color":"","background-image":"","background-repeat":"repeat","background-position":"center center","background-size":"auto","background-attachment":"scroll","background-type":"","background-media":"","overlay-type":"","overlay-color":"","overlay-opacity":"","overlay-gradient":""}},"ast-content-background-meta":{"desktop":{"background-color":"var(--ast-global-color-4)","background-image":"","background-repeat":"repeat","background-position":"center center","background-size":"auto","background-attachment":"scroll","background-type":"","background-media":"","overlay-type":"","overlay-color":"","overlay-opacity":"","overlay-gradient":""},"tablet":{"background-color":"var(--ast-global-color-4)","background-image":"","background-repeat":"repeat","background-position":"center center","background-size":"auto","background-attachment":"scroll","background-type":"","background-media":"","overlay-type":"","overlay-color":"","overlay-opacity":"","overlay-gradient":""},"mobile":{"background-color":"var(--ast-global-color-4)","background-image":"","background-repeat":"repeat","background-position":"center center","background-size":"auto","background-attachment":"scroll","background-type":"","background-media":"","overlay-type":"","overlay-color":"","overlay-opacity":"","overlay-gradient":""}},"footnotes":""},"categories":[1],"tags":[],"class_list":["post-94150","post","type-post","status-publish","format-standard","hentry","category-sem-categoria"],"yoast_head":"<!-- This site is optimized with the Yoast SEO plugin v26.6 - https:\/\/yoast.com\/wordpress\/plugins\/seo\/ -->\n<title>Movimento &quot;Cad\u00ea o Circo?&quot; \u00e9 convidado pela prefeitura de S\u00e3o Lu\u00eds para reuni\u00e3o nesta semana - Daniel Matos<\/title>\n<meta name=\"robots\" content=\"index, follow, max-snippet:-1, max-image-preview:large, max-video-preview:-1\" \/>\n<link rel=\"canonical\" href=\"https:\/\/www.blogsoestado.com\/danielmatos\/movimento-cade-o-circo-e-convidado-pela-prefeitura-de-sao-luis-para-reuniao-nesta-semana\/\" \/>\n<meta property=\"og:locale\" content=\"pt_BR\" \/>\n<meta property=\"og:type\" content=\"article\" \/>\n<meta property=\"og:title\" content=\"Movimento &quot;Cad\u00ea o Circo?&quot; \u00e9 convidado pela prefeitura de S\u00e3o Lu\u00eds para reuni\u00e3o nesta semana - Daniel Matos\" \/>\n<meta property=\"og:description\" content=\"O movimento &#8220;Cad\u00ea o Circo?&#8221; protocolou, no \u00faltimo dia 2, na Prefeitura de S\u00e3o Lu\u00eds, of\u00edcio com pedido de reuni\u00e3o [&hellip;]\" \/>\n<meta property=\"og:url\" content=\"https:\/\/www.blogsoestado.com\/danielmatos\/movimento-cade-o-circo-e-convidado-pela-prefeitura-de-sao-luis-para-reuniao-nesta-semana\/\" \/>\n<meta property=\"og:site_name\" content=\"Daniel Matos\" \/>\n<meta property=\"article:published_time\" content=\"2022-02-09T04:08:01+00:00\" \/>\n<meta property=\"og:image\" content=\"https:\/\/www.blogsoestado.com\/danielmatos\/files\/2022\/02\/Screenshot_20220209-0058492.png\" \/>\n<meta name=\"twitter:card\" content=\"summary_large_image\" \/>\n<meta name=\"twitter:label1\" content=\"Est. tempo de leitura\" \/>\n\t<meta name=\"twitter:data1\" content=\"3 minutos\" \/>\n<script type=\"application\/ld+json\" class=\"yoast-schema-graph\">{\"@context\":\"https:\/\/schema.org\",\"@graph\":[{\"@type\":\"WebPage\",\"@id\":\"https:\/\/www.blogsoestado.com\/danielmatos\/movimento-cade-o-circo-e-convidado-pela-prefeitura-de-sao-luis-para-reuniao-nesta-semana\/\",\"url\":\"https:\/\/www.blogsoestado.com\/danielmatos\/movimento-cade-o-circo-e-convidado-pela-prefeitura-de-sao-luis-para-reuniao-nesta-semana\/\",\"name\":\"Movimento \\\"Cad\u00ea o Circo?\\\" \u00e9 convidado pela prefeitura de S\u00e3o Lu\u00eds para reuni\u00e3o nesta semana - Daniel Matos\",\"isPartOf\":{\"@id\":\"https:\/\/www.blogsoestado.com\/danielmatos\/#website\"},\"primaryImageOfPage\":{\"@id\":\"https:\/\/www.blogsoestado.com\/danielmatos\/movimento-cade-o-circo-e-convidado-pela-prefeitura-de-sao-luis-para-reuniao-nesta-semana\/#primaryimage\"},\"image\":{\"@id\":\"https:\/\/www.blogsoestado.com\/danielmatos\/movimento-cade-o-circo-e-convidado-pela-prefeitura-de-sao-luis-para-reuniao-nesta-semana\/#primaryimage\"},\"thumbnailUrl\":\"https:\/\/www.blogsoestado.com\/danielmatos\/files\/2022\/02\/Screenshot_20220209-0058492.png\",\"datePublished\":\"2022-02-09T04:08:01+00:00\",\"author\":{\"@id\":\"\"},\"breadcrumb\":{\"@id\":\"https:\/\/www.blogsoestado.com\/danielmatos\/movimento-cade-o-circo-e-convidado-pela-prefeitura-de-sao-luis-para-reuniao-nesta-semana\/#breadcrumb\"},\"inLanguage\":\"pt-BR\",\"potentialAction\":[{\"@type\":\"ReadAction\",\"target\":[\"https:\/\/www.blogsoestado.com\/danielmatos\/movimento-cade-o-circo-e-convidado-pela-prefeitura-de-sao-luis-para-reuniao-nesta-semana\/\"]}]},{\"@type\":\"ImageObject\",\"inLanguage\":\"pt-BR\",\"@id\":\"https:\/\/www.blogsoestado.com\/danielmatos\/movimento-cade-o-circo-e-convidado-pela-prefeitura-de-sao-luis-para-reuniao-nesta-semana\/#primaryimage\",\"url\":\"https:\/\/www.blogsoestado.com\/danielmatos\/files\/2022\/02\/Screenshot_20220209-0058492.png\",\"contentUrl\":\"https:\/\/www.blogsoestado.com\/danielmatos\/files\/2022\/02\/Screenshot_20220209-0058492.png\"},{\"@type\":\"BreadcrumbList\",\"@id\":\"https:\/\/www.blogsoestado.com\/danielmatos\/movimento-cade-o-circo-e-convidado-pela-prefeitura-de-sao-luis-para-reuniao-nesta-semana\/#breadcrumb\",\"itemListElement\":[{\"@type\":\"ListItem\",\"position\":1,\"name\":\"In\u00edcio\",\"item\":\"https:\/\/www.blogsoestado.com\/danielmatos\/\"},{\"@type\":\"ListItem\",\"position\":2,\"name\":\"Movimento &#8220;Cad\u00ea o Circo?&#8221; \u00e9 convidado pela prefeitura de S\u00e3o Lu\u00eds para reuni\u00e3o nesta semana\"}]},{\"@type\":\"WebSite\",\"@id\":\"https:\/\/www.blogsoestado.com\/danielmatos\/#website\",\"url\":\"https:\/\/www.blogsoestado.com\/danielmatos\/\",\"name\":\"Daniel Matos\",\"description\":\"\",\"potentialAction\":[{\"@type\":\"SearchAction\",\"target\":{\"@type\":\"EntryPoint\",\"urlTemplate\":\"https:\/\/www.blogsoestado.com\/danielmatos\/?s={search_term_string}\"},\"query-input\":{\"@type\":\"PropertyValueSpecification\",\"valueRequired\":true,\"valueName\":\"search_term_string\"}}],\"inLanguage\":\"pt-BR\"}]}<\/script>\n<!-- \/ Yoast SEO plugin. -->","yoast_head_json":{"title":"Movimento \"Cad\u00ea o Circo?\" \u00e9 convidado pela prefeitura de S\u00e3o Lu\u00eds para reuni\u00e3o nesta semana - Daniel Matos","robots":{"index":"index","follow":"follow","max-snippet":"max-snippet:-1","max-image-preview":"max-image-preview:large","max-video-preview":"max-video-preview:-1"},"canonical":"https:\/\/www.blogsoestado.com\/danielmatos\/movimento-cade-o-circo-e-convidado-pela-prefeitura-de-sao-luis-para-reuniao-nesta-semana\/","og_locale":"pt_BR","og_type":"article","og_title":"Movimento \"Cad\u00ea o Circo?\" \u00e9 convidado pela prefeitura de S\u00e3o Lu\u00eds para reuni\u00e3o nesta semana - Daniel Matos","og_description":"O movimento &#8220;Cad\u00ea o Circo?&#8221; protocolou, no \u00faltimo dia 2, na Prefeitura de S\u00e3o Lu\u00eds, of\u00edcio com pedido de reuni\u00e3o [&hellip;]","og_url":"https:\/\/www.blogsoestado.com\/danielmatos\/movimento-cade-o-circo-e-convidado-pela-prefeitura-de-sao-luis-para-reuniao-nesta-semana\/","og_site_name":"Daniel Matos","article_published_time":"2022-02-09T04:08:01+00:00","og_image":[{"url":"https:\/\/www.blogsoestado.com\/danielmatos\/files\/2022\/02\/Screenshot_20220209-0058492.png","type":"","width":"","height":""}],"twitter_card":"summary_large_image","twitter_misc":{"Est. tempo de leitura":"3 minutos"},"schema":{"@context":"https:\/\/schema.org","@graph":[{"@type":"WebPage","@id":"https:\/\/www.blogsoestado.com\/danielmatos\/movimento-cade-o-circo-e-convidado-pela-prefeitura-de-sao-luis-para-reuniao-nesta-semana\/","url":"https:\/\/www.blogsoestado.com\/danielmatos\/movimento-cade-o-circo-e-convidado-pela-prefeitura-de-sao-luis-para-reuniao-nesta-semana\/","name":"Movimento \"Cad\u00ea o Circo?\" \u00e9 convidado pela prefeitura de S\u00e3o Lu\u00eds para reuni\u00e3o nesta semana - Daniel Matos","isPartOf":{"@id":"https:\/\/www.blogsoestado.com\/danielmatos\/#website"},"primaryImageOfPage":{"@id":"https:\/\/www.blogsoestado.com\/danielmatos\/movimento-cade-o-circo-e-convidado-pela-prefeitura-de-sao-luis-para-reuniao-nesta-semana\/#primaryimage"},"image":{"@id":"https:\/\/www.blogsoestado.com\/danielmatos\/movimento-cade-o-circo-e-convidado-pela-prefeitura-de-sao-luis-para-reuniao-nesta-semana\/#primaryimage"},"thumbnailUrl":"https:\/\/www.blogsoestado.com\/danielmatos\/files\/2022\/02\/Screenshot_20220209-0058492.png","datePublished":"2022-02-09T04:08:01+00:00","author":{"@id":""},"breadcrumb":{"@id":"https:\/\/www.blogsoestado.com\/danielmatos\/movimento-cade-o-circo-e-convidado-pela-prefeitura-de-sao-luis-para-reuniao-nesta-semana\/#breadcrumb"},"inLanguage":"pt-BR","potentialAction":[{"@type":"ReadAction","target":["https:\/\/www.blogsoestado.com\/danielmatos\/movimento-cade-o-circo-e-convidado-pela-prefeitura-de-sao-luis-para-reuniao-nesta-semana\/"]}]},{"@type":"ImageObject","inLanguage":"pt-BR","@id":"https:\/\/www.blogsoestado.com\/danielmatos\/movimento-cade-o-circo-e-convidado-pela-prefeitura-de-sao-luis-para-reuniao-nesta-semana\/#primaryimage","url":"https:\/\/www.blogsoestado.com\/danielmatos\/files\/2022\/02\/Screenshot_20220209-0058492.png","contentUrl":"https:\/\/www.blogsoestado.com\/danielmatos\/files\/2022\/02\/Screenshot_20220209-0058492.png"},{"@type":"BreadcrumbList","@id":"https:\/\/www.blogsoestado.com\/danielmatos\/movimento-cade-o-circo-e-convidado-pela-prefeitura-de-sao-luis-para-reuniao-nesta-semana\/#breadcrumb","itemListElement":[{"@type":"ListItem","position":1,"name":"In\u00edcio","item":"https:\/\/www.blogsoestado.com\/danielmatos\/"},{"@type":"ListItem","position":2,"name":"Movimento &#8220;Cad\u00ea o Circo?&#8221; \u00e9 convidado pela prefeitura de S\u00e3o Lu\u00eds para reuni\u00e3o nesta semana"}]},{"@type":"WebSite","@id":"https:\/\/www.blogsoestado.com\/danielmatos\/#website","url":"https:\/\/www.blogsoestado.com\/danielmatos\/","name":"Daniel Matos","description":"","potentialAction":[{"@type":"SearchAction","target":{"@type":"EntryPoint","urlTemplate":"https:\/\/www.blogsoestado.com\/danielmatos\/?s={search_term_string}"},"query-input":{"@type":"PropertyValueSpecification","valueRequired":true,"valueName":"search_term_string"}}],"inLanguage":"pt-BR"}]}},"jetpack_featured_media_url":"","_links":{"self":[{"href":"https:\/\/www.blogsoestado.com\/danielmatos\/wp-json\/wp\/v2\/posts\/94150","targetHints":{"allow":["GET"]}}],"collection":[{"href":"https:\/\/www.blogsoestado.com\/danielmatos\/wp-json\/wp\/v2\/posts"}],"about":[{"href":"https:\/\/www.blogsoestado.com\/danielmatos\/wp-json\/wp\/v2\/types\/post"}],"replies":[{"embeddable":true,"href":"https:\/\/www.blogsoestado.com\/danielmatos\/wp-json\/wp\/v2\/comments?post=94150"}],"version-history":[{"count":0,"href":"https:\/\/www.blogsoestado.com\/danielmatos\/wp-json\/wp\/v2\/posts\/94150\/revisions"}],"wp:attachment":[{"href":"https:\/\/www.blogsoestado.com\/danielmatos\/wp-json\/wp\/v2\/media?parent=94150"}],"wp:term":[{"taxonomy":"category","embeddable":true,"href":"https:\/\/www.blogsoestado.com\/danielmatos\/wp-json\/wp\/v2\/categories?post=94150"},{"taxonomy":"post_tag","embeddable":true,"href":"https:\/\/www.blogsoestado.com\/danielmatos\/wp-json\/wp\/v2\/tags?post=94150"}],"curies":[{"name":"wp","href":"https:\/\/api.w.org\/{rel}","templated":true}]}}