{"id":94157,"date":"2022-02-09T09:00:00","date_gmt":"2022-02-09T12:00:00","guid":{"rendered":"https:\/\/www.blogsoestado.com\/danielmatos\/?p=94157"},"modified":"2022-02-09T09:00:00","modified_gmt":"2022-02-09T12:00:00","slug":"dr-gutemberg-celebra-anuncio-de-construcao-do-1-hospital-municipal-veterinario-de-sao-luis","status":"publish","type":"post","link":"https:\/\/www.blogsoestado.com\/danielmatos\/dr-gutemberg-celebra-anuncio-de-construcao-do-1-hospital-municipal-veterinario-de-sao-luis\/","title":{"rendered":"Dr. Gutemberg celebra an\u00fancio de constru\u00e7\u00e3o do 1\u00b0 Hospital Municipal Veterin\u00e1rio de S\u00e3o Lu\u00eds"},"content":{"rendered":"\n<div class=\"wp-block-image\"><figure class=\"aligncenter size-large\"><a href=\"https:\/\/www.blogsoestado.com\/danielmatos\/files\/2022\/02\/Screenshot_20220209-0114022.png\"><img decoding=\"async\" src=\"https:\/\/www.blogsoestado.com\/danielmatos\/files\/2022\/02\/Screenshot_20220209-0114022.png\" alt=\"\" class=\"wp-image-94158\"\/><\/a><figcaption>Vereador Dr. Gutemberg Ara\u00fajo destacou que a constru\u00e7\u00e3o do 1\u00ba Hospital Veterin\u00e1rio de S\u00e3o Lu\u00eds \u00e9 mais um pedido seu atendido pela prefeitura<\/figcaption><\/figure><\/div>\n\n\n\n<p>Desde o ano passado, o vereador Dr. Gutemberg, vice-presidente da C\u00e2mara Municipal de S\u00e3o Lu\u00eds anunciou na imprensa e nas m\u00eddias sociais que S\u00e3o Lu\u00eds estava prestes a ganhar o 1\u00ba Hospital Municipal Veterin\u00e1rio. Nesta semana, o prefeito Eduardo Braide confirmou que as obras devem come\u00e7ar ainda neste ano. O Hospital ser\u00e1 constru\u00eddo na \u00e1rea do Itaqui Bacanga.<\/p>\n\n\n\n<p>\u201cMais um pedido nosso sendo realizado. Agrade\u00e7o o apoio do prefeito Eduardo Braide e a generosa contribui\u00e7\u00e3o do deputado Alu\u00edsio Mendes, que destinou emendas para a constru\u00e7\u00e3o do hospital. O Hospital significa respeito aos direitos dos animais, al\u00e9m de contribuir para a sa\u00fade p\u00fablica\u201d, destaca Dr. Gutemberg.<\/p>\n\n\n\n<p>O Hospital Municipal Veterin\u00e1rio vai servir \u00e0 parcela da popula\u00e7\u00e3o que possua animais dom\u00e9sticos e carece de recursos financeiros para arcar com os custos de sa\u00fade em unidades particulares.<\/p>\n\n\n\n<p>Parlamentar sens\u00edvel \u00e0 causa animal, Dr. Gutemberg, que tamb\u00e9m \u00e9 m\u00e9dico, criou em S\u00e3o Lu\u00eds a Lei n\u00ba 6.698\/2020, que permite a libera\u00e7\u00e3o de animais de estima\u00e7\u00e3o para os pacientes internados em hospitais. Ele tamb\u00e9m \u00e9 o autor do Projeto de Lei n\u00ba 232\/21, que cria a Pra\u00e7a dos Pet\u00b4s para estimular a pr\u00e1tica de h\u00e1bitos saud\u00e1veis e o bem-estar animal, promovendo integra\u00e7\u00e3o entres pets, donos e criadores.<\/p>\n","protected":false},"excerpt":{"rendered":"<p>Desde o ano passado, o vereador Dr. Gutemberg, vice-presidente da C\u00e2mara Municipal de S\u00e3o Lu\u00eds anunciou na imprensa e nas [&hellip;]<\/p>\n","protected":false},"author":0,"featured_media":0,"comment_status":"open","ping_status":"open","sticky":false,"template":"","format":"standard","meta":{"site-sidebar-layout":"default","site-content-layout":"","ast-site-content-layout":"default","site-content-style":"default","site-sidebar-style":"default","ast-global-header-display":"","ast-banner-title-visibility":"","ast-main-header-display":"","ast-hfb-above-header-display":"","ast-hfb-below-header-display":"","ast-hfb-mobile-header-display":"","site-post-title":"","ast-breadcrumbs-content":"","ast-featured-img":"","footer-sml-layout":"","ast-disable-related-posts":"","theme-transparent-header-meta":"","adv-header-id-meta":"","stick-header-meta":"","header-above-stick-meta":"","header-main-stick-meta":"","header-below-stick-meta":"","astra-migrate-meta-layouts":"default","ast-page-background-enabled":"default","ast-page-background-meta":{"desktop":{"background-color":"var(--ast-global-color-5)","background-image":"","background-repeat":"repeat","background-position":"center center","background-size":"auto","background-attachment":"scroll","background-type":"","background-media":"","overlay-type":"","overlay-color":"","overlay-opacity":"","overlay-gradient":""},"tablet":{"background-color":"","background-image":"","background-repeat":"repeat","background-position":"center center","background-size":"auto","background-attachment":"scroll","background-type":"","background-media":"","overlay-type":"","overlay-color":"","overlay-opacity":"","overlay-gradient":""},"mobile":{"background-color":"","background-image":"","background-repeat":"repeat","background-position":"center center","background-size":"auto","background-attachment":"scroll","background-type":"","background-media":"","overlay-type":"","overlay-color":"","overlay-opacity":"","overlay-gradient":""}},"ast-content-background-meta":{"desktop":{"background-color":"var(--ast-global-color-4)","background-image":"","background-repeat":"repeat","background-position":"center center","background-size":"auto","background-attachment":"scroll","background-type":"","background-media":"","overlay-type":"","overlay-color":"","overlay-opacity":"","overlay-gradient":""},"tablet":{"background-color":"var(--ast-global-color-4)","background-image":"","background-repeat":"repeat","background-position":"center center","background-size":"auto","background-attachment":"scroll","background-type":"","background-media":"","overlay-type":"","overlay-color":"","overlay-opacity":"","overlay-gradient":""},"mobile":{"background-color":"var(--ast-global-color-4)","background-image":"","background-repeat":"repeat","background-position":"center center","background-size":"auto","background-attachment":"scroll","background-type":"","background-media":"","overlay-type":"","overlay-color":"","overlay-opacity":"","overlay-gradient":""}},"footnotes":""},"categories":[1],"tags":[],"class_list":["post-94157","post","type-post","status-publish","format-standard","hentry","category-sem-categoria"],"yoast_head":"<!-- This site is optimized with the Yoast SEO plugin v26.6 - https:\/\/yoast.com\/wordpress\/plugins\/seo\/ -->\n<title>Dr. Gutemberg celebra an\u00fancio de constru\u00e7\u00e3o do 1\u00b0 Hospital Municipal Veterin\u00e1rio de S\u00e3o Lu\u00eds - Daniel Matos<\/title>\n<meta name=\"robots\" content=\"index, follow, max-snippet:-1, max-image-preview:large, max-video-preview:-1\" \/>\n<link rel=\"canonical\" href=\"https:\/\/www.blogsoestado.com\/danielmatos\/dr-gutemberg-celebra-anuncio-de-construcao-do-1-hospital-municipal-veterinario-de-sao-luis\/\" \/>\n<meta property=\"og:locale\" content=\"pt_BR\" \/>\n<meta property=\"og:type\" content=\"article\" \/>\n<meta property=\"og:title\" content=\"Dr. Gutemberg celebra an\u00fancio de constru\u00e7\u00e3o do 1\u00b0 Hospital Municipal Veterin\u00e1rio de S\u00e3o Lu\u00eds - Daniel Matos\" \/>\n<meta property=\"og:description\" content=\"Desde o ano passado, o vereador Dr. Gutemberg, vice-presidente da C\u00e2mara Municipal de S\u00e3o Lu\u00eds anunciou na imprensa e nas [&hellip;]\" \/>\n<meta property=\"og:url\" content=\"https:\/\/www.blogsoestado.com\/danielmatos\/dr-gutemberg-celebra-anuncio-de-construcao-do-1-hospital-municipal-veterinario-de-sao-luis\/\" \/>\n<meta property=\"og:site_name\" content=\"Daniel Matos\" \/>\n<meta property=\"article:published_time\" content=\"2022-02-09T12:00:00+00:00\" \/>\n<meta property=\"og:image\" content=\"https:\/\/www.blogsoestado.com\/danielmatos\/files\/2022\/02\/Screenshot_20220209-0114022.png\" \/>\n<meta name=\"twitter:card\" content=\"summary_large_image\" \/>\n<meta name=\"twitter:label1\" content=\"Est. tempo de leitura\" \/>\n\t<meta name=\"twitter:data1\" content=\"2 minutos\" \/>\n<script type=\"application\/ld+json\" class=\"yoast-schema-graph\">{\"@context\":\"https:\/\/schema.org\",\"@graph\":[{\"@type\":\"WebPage\",\"@id\":\"https:\/\/www.blogsoestado.com\/danielmatos\/dr-gutemberg-celebra-anuncio-de-construcao-do-1-hospital-municipal-veterinario-de-sao-luis\/\",\"url\":\"https:\/\/www.blogsoestado.com\/danielmatos\/dr-gutemberg-celebra-anuncio-de-construcao-do-1-hospital-municipal-veterinario-de-sao-luis\/\",\"name\":\"Dr. Gutemberg celebra an\u00fancio de constru\u00e7\u00e3o do 1\u00b0 Hospital Municipal Veterin\u00e1rio de S\u00e3o Lu\u00eds - Daniel Matos\",\"isPartOf\":{\"@id\":\"https:\/\/www.blogsoestado.com\/danielmatos\/#website\"},\"primaryImageOfPage\":{\"@id\":\"https:\/\/www.blogsoestado.com\/danielmatos\/dr-gutemberg-celebra-anuncio-de-construcao-do-1-hospital-municipal-veterinario-de-sao-luis\/#primaryimage\"},\"image\":{\"@id\":\"https:\/\/www.blogsoestado.com\/danielmatos\/dr-gutemberg-celebra-anuncio-de-construcao-do-1-hospital-municipal-veterinario-de-sao-luis\/#primaryimage\"},\"thumbnailUrl\":\"https:\/\/www.blogsoestado.com\/danielmatos\/files\/2022\/02\/Screenshot_20220209-0114022.png\",\"datePublished\":\"2022-02-09T12:00:00+00:00\",\"author\":{\"@id\":\"\"},\"breadcrumb\":{\"@id\":\"https:\/\/www.blogsoestado.com\/danielmatos\/dr-gutemberg-celebra-anuncio-de-construcao-do-1-hospital-municipal-veterinario-de-sao-luis\/#breadcrumb\"},\"inLanguage\":\"pt-BR\",\"potentialAction\":[{\"@type\":\"ReadAction\",\"target\":[\"https:\/\/www.blogsoestado.com\/danielmatos\/dr-gutemberg-celebra-anuncio-de-construcao-do-1-hospital-municipal-veterinario-de-sao-luis\/\"]}]},{\"@type\":\"ImageObject\",\"inLanguage\":\"pt-BR\",\"@id\":\"https:\/\/www.blogsoestado.com\/danielmatos\/dr-gutemberg-celebra-anuncio-de-construcao-do-1-hospital-municipal-veterinario-de-sao-luis\/#primaryimage\",\"url\":\"https:\/\/www.blogsoestado.com\/danielmatos\/files\/2022\/02\/Screenshot_20220209-0114022.png\",\"contentUrl\":\"https:\/\/www.blogsoestado.com\/danielmatos\/files\/2022\/02\/Screenshot_20220209-0114022.png\"},{\"@type\":\"BreadcrumbList\",\"@id\":\"https:\/\/www.blogsoestado.com\/danielmatos\/dr-gutemberg-celebra-anuncio-de-construcao-do-1-hospital-municipal-veterinario-de-sao-luis\/#breadcrumb\",\"itemListElement\":[{\"@type\":\"ListItem\",\"position\":1,\"name\":\"In\u00edcio\",\"item\":\"https:\/\/www.blogsoestado.com\/danielmatos\/\"},{\"@type\":\"ListItem\",\"position\":2,\"name\":\"Dr. Gutemberg celebra an\u00fancio de constru\u00e7\u00e3o do 1\u00b0 Hospital Municipal Veterin\u00e1rio de S\u00e3o Lu\u00eds\"}]},{\"@type\":\"WebSite\",\"@id\":\"https:\/\/www.blogsoestado.com\/danielmatos\/#website\",\"url\":\"https:\/\/www.blogsoestado.com\/danielmatos\/\",\"name\":\"Daniel Matos\",\"description\":\"\",\"potentialAction\":[{\"@type\":\"SearchAction\",\"target\":{\"@type\":\"EntryPoint\",\"urlTemplate\":\"https:\/\/www.blogsoestado.com\/danielmatos\/?s={search_term_string}\"},\"query-input\":{\"@type\":\"PropertyValueSpecification\",\"valueRequired\":true,\"valueName\":\"search_term_string\"}}],\"inLanguage\":\"pt-BR\"}]}<\/script>\n<!-- \/ Yoast SEO plugin. -->","yoast_head_json":{"title":"Dr. Gutemberg celebra an\u00fancio de constru\u00e7\u00e3o do 1\u00b0 Hospital Municipal Veterin\u00e1rio de S\u00e3o Lu\u00eds - Daniel Matos","robots":{"index":"index","follow":"follow","max-snippet":"max-snippet:-1","max-image-preview":"max-image-preview:large","max-video-preview":"max-video-preview:-1"},"canonical":"https:\/\/www.blogsoestado.com\/danielmatos\/dr-gutemberg-celebra-anuncio-de-construcao-do-1-hospital-municipal-veterinario-de-sao-luis\/","og_locale":"pt_BR","og_type":"article","og_title":"Dr. Gutemberg celebra an\u00fancio de constru\u00e7\u00e3o do 1\u00b0 Hospital Municipal Veterin\u00e1rio de S\u00e3o Lu\u00eds - Daniel Matos","og_description":"Desde o ano passado, o vereador Dr. Gutemberg, vice-presidente da C\u00e2mara Municipal de S\u00e3o Lu\u00eds anunciou na imprensa e nas [&hellip;]","og_url":"https:\/\/www.blogsoestado.com\/danielmatos\/dr-gutemberg-celebra-anuncio-de-construcao-do-1-hospital-municipal-veterinario-de-sao-luis\/","og_site_name":"Daniel Matos","article_published_time":"2022-02-09T12:00:00+00:00","og_image":[{"url":"https:\/\/www.blogsoestado.com\/danielmatos\/files\/2022\/02\/Screenshot_20220209-0114022.png","type":"","width":"","height":""}],"twitter_card":"summary_large_image","twitter_misc":{"Est. tempo de leitura":"2 minutos"},"schema":{"@context":"https:\/\/schema.org","@graph":[{"@type":"WebPage","@id":"https:\/\/www.blogsoestado.com\/danielmatos\/dr-gutemberg-celebra-anuncio-de-construcao-do-1-hospital-municipal-veterinario-de-sao-luis\/","url":"https:\/\/www.blogsoestado.com\/danielmatos\/dr-gutemberg-celebra-anuncio-de-construcao-do-1-hospital-municipal-veterinario-de-sao-luis\/","name":"Dr. Gutemberg celebra an\u00fancio de constru\u00e7\u00e3o do 1\u00b0 Hospital Municipal Veterin\u00e1rio de S\u00e3o Lu\u00eds - Daniel Matos","isPartOf":{"@id":"https:\/\/www.blogsoestado.com\/danielmatos\/#website"},"primaryImageOfPage":{"@id":"https:\/\/www.blogsoestado.com\/danielmatos\/dr-gutemberg-celebra-anuncio-de-construcao-do-1-hospital-municipal-veterinario-de-sao-luis\/#primaryimage"},"image":{"@id":"https:\/\/www.blogsoestado.com\/danielmatos\/dr-gutemberg-celebra-anuncio-de-construcao-do-1-hospital-municipal-veterinario-de-sao-luis\/#primaryimage"},"thumbnailUrl":"https:\/\/www.blogsoestado.com\/danielmatos\/files\/2022\/02\/Screenshot_20220209-0114022.png","datePublished":"2022-02-09T12:00:00+00:00","author":{"@id":""},"breadcrumb":{"@id":"https:\/\/www.blogsoestado.com\/danielmatos\/dr-gutemberg-celebra-anuncio-de-construcao-do-1-hospital-municipal-veterinario-de-sao-luis\/#breadcrumb"},"inLanguage":"pt-BR","potentialAction":[{"@type":"ReadAction","target":["https:\/\/www.blogsoestado.com\/danielmatos\/dr-gutemberg-celebra-anuncio-de-construcao-do-1-hospital-municipal-veterinario-de-sao-luis\/"]}]},{"@type":"ImageObject","inLanguage":"pt-BR","@id":"https:\/\/www.blogsoestado.com\/danielmatos\/dr-gutemberg-celebra-anuncio-de-construcao-do-1-hospital-municipal-veterinario-de-sao-luis\/#primaryimage","url":"https:\/\/www.blogsoestado.com\/danielmatos\/files\/2022\/02\/Screenshot_20220209-0114022.png","contentUrl":"https:\/\/www.blogsoestado.com\/danielmatos\/files\/2022\/02\/Screenshot_20220209-0114022.png"},{"@type":"BreadcrumbList","@id":"https:\/\/www.blogsoestado.com\/danielmatos\/dr-gutemberg-celebra-anuncio-de-construcao-do-1-hospital-municipal-veterinario-de-sao-luis\/#breadcrumb","itemListElement":[{"@type":"ListItem","position":1,"name":"In\u00edcio","item":"https:\/\/www.blogsoestado.com\/danielmatos\/"},{"@type":"ListItem","position":2,"name":"Dr. Gutemberg celebra an\u00fancio de constru\u00e7\u00e3o do 1\u00b0 Hospital Municipal Veterin\u00e1rio de S\u00e3o Lu\u00eds"}]},{"@type":"WebSite","@id":"https:\/\/www.blogsoestado.com\/danielmatos\/#website","url":"https:\/\/www.blogsoestado.com\/danielmatos\/","name":"Daniel Matos","description":"","potentialAction":[{"@type":"SearchAction","target":{"@type":"EntryPoint","urlTemplate":"https:\/\/www.blogsoestado.com\/danielmatos\/?s={search_term_string}"},"query-input":{"@type":"PropertyValueSpecification","valueRequired":true,"valueName":"search_term_string"}}],"inLanguage":"pt-BR"}]}},"jetpack_featured_media_url":"","_links":{"self":[{"href":"https:\/\/www.blogsoestado.com\/danielmatos\/wp-json\/wp\/v2\/posts\/94157","targetHints":{"allow":["GET"]}}],"collection":[{"href":"https:\/\/www.blogsoestado.com\/danielmatos\/wp-json\/wp\/v2\/posts"}],"about":[{"href":"https:\/\/www.blogsoestado.com\/danielmatos\/wp-json\/wp\/v2\/types\/post"}],"replies":[{"embeddable":true,"href":"https:\/\/www.blogsoestado.com\/danielmatos\/wp-json\/wp\/v2\/comments?post=94157"}],"version-history":[{"count":0,"href":"https:\/\/www.blogsoestado.com\/danielmatos\/wp-json\/wp\/v2\/posts\/94157\/revisions"}],"wp:attachment":[{"href":"https:\/\/www.blogsoestado.com\/danielmatos\/wp-json\/wp\/v2\/media?parent=94157"}],"wp:term":[{"taxonomy":"category","embeddable":true,"href":"https:\/\/www.blogsoestado.com\/danielmatos\/wp-json\/wp\/v2\/categories?post=94157"},{"taxonomy":"post_tag","embeddable":true,"href":"https:\/\/www.blogsoestado.com\/danielmatos\/wp-json\/wp\/v2\/tags?post=94157"}],"curies":[{"name":"wp","href":"https:\/\/api.w.org\/{rel}","templated":true}]}}