{"id":94175,"date":"2022-02-09T23:04:08","date_gmt":"2022-02-10T02:04:08","guid":{"rendered":"https:\/\/www.blogsoestado.com\/danielmatos\/?p=94175"},"modified":"2022-02-09T23:04:08","modified_gmt":"2022-02-10T02:04:08","slug":"bolsonaro-manifesta-ao-coronel-monteiro-otimismo-com-vitoria-no-maranhao-em-2022","status":"publish","type":"post","link":"https:\/\/www.blogsoestado.com\/danielmatos\/bolsonaro-manifesta-ao-coronel-monteiro-otimismo-com-vitoria-no-maranhao-em-2022\/","title":{"rendered":"Bolsonaro manifesta ao Coronel Monteiro otimismo com vit\u00f3ria no Maranh\u00e3o em 2022"},"content":{"rendered":"\n<div class=\"wp-block-image\"><figure class=\"aligncenter size-large\"><a href=\"https:\/\/www.blogsoestado.com\/danielmatos\/files\/2022\/02\/Screenshot_20220209-2112252.png\"><img decoding=\"async\" src=\"https:\/\/www.blogsoestado.com\/danielmatos\/files\/2022\/02\/Screenshot_20220209-2112252.png\" alt=\"\" class=\"wp-image-94176\"\/><\/a><figcaption>O Coronel Monteiro ouviu de Jair Bolsonaro progn\u00f3sticos animadores sobre a elei\u00e7\u00e3o deste ano no Maranh\u00e3o<\/figcaption><\/figure><\/div>\n\n\n\n<p>Ao participar de agenda com o presidente da Rep\u00fablica, Jair Bolsonaro, nessa ter\u00e7a-feira (8), no munic\u00edpio de Caic\u00f3, no Rio Grande do Norte, o superintendente regional do Patrim\u00f3nio da Uni\u00e3o, Coronel Monteiro, dialogou com o chefe da Na\u00e7\u00e3o sobre conjuntura partid\u00e1ria e candidaturas para as elei\u00e7\u00f5es de outubro deste ano.<\/p>\n\n\n\n<p>Na ocasi\u00e3o, o Coronel Monteiro exp\u00f4s a Bolsonaro detalhes sobre o cen\u00e1rio eleitoral no estado e ouviu do presidente progn\u00f3sticos animadores.<\/p>\n\n\n\n<p>&#8220;Tirei d\u00favidas, senti a disposi\u00e7\u00e3o do presidente em buscar a vit\u00f3ria no Maranh\u00e3o&#8221;, afirmou o superintendente regional da SPU. &#8220;Sa\u00ed convencido de que estamos no caminho certo&#8221;, enfatizou.<\/p>\n","protected":false},"excerpt":{"rendered":"<p>Ao participar de agenda com o presidente da Rep\u00fablica, Jair Bolsonaro, nessa ter\u00e7a-feira (8), no munic\u00edpio de Caic\u00f3, no Rio [&hellip;]<\/p>\n","protected":false},"author":0,"featured_media":0,"comment_status":"open","ping_status":"open","sticky":false,"template":"","format":"standard","meta":{"site-sidebar-layout":"default","site-content-layout":"","ast-site-content-layout":"default","site-content-style":"default","site-sidebar-style":"default","ast-global-header-display":"","ast-banner-title-visibility":"","ast-main-header-display":"","ast-hfb-above-header-display":"","ast-hfb-below-header-display":"","ast-hfb-mobile-header-display":"","site-post-title":"","ast-breadcrumbs-content":"","ast-featured-img":"","footer-sml-layout":"","ast-disable-related-posts":"","theme-transparent-header-meta":"","adv-header-id-meta":"","stick-header-meta":"","header-above-stick-meta":"","header-main-stick-meta":"","header-below-stick-meta":"","astra-migrate-meta-layouts":"default","ast-page-background-enabled":"default","ast-page-background-meta":{"desktop":{"background-color":"var(--ast-global-color-5)","background-image":"","background-repeat":"repeat","background-position":"center center","background-size":"auto","background-attachment":"scroll","background-type":"","background-media":"","overlay-type":"","overlay-color":"","overlay-opacity":"","overlay-gradient":""},"tablet":{"background-color":"","background-image":"","background-repeat":"repeat","background-position":"center center","background-size":"auto","background-attachment":"scroll","background-type":"","background-media":"","overlay-type":"","overlay-color":"","overlay-opacity":"","overlay-gradient":""},"mobile":{"background-color":"","background-image":"","background-repeat":"repeat","background-position":"center center","background-size":"auto","background-attachment":"scroll","background-type":"","background-media":"","overlay-type":"","overlay-color":"","overlay-opacity":"","overlay-gradient":""}},"ast-content-background-meta":{"desktop":{"background-color":"var(--ast-global-color-4)","background-image":"","background-repeat":"repeat","background-position":"center center","background-size":"auto","background-attachment":"scroll","background-type":"","background-media":"","overlay-type":"","overlay-color":"","overlay-opacity":"","overlay-gradient":""},"tablet":{"background-color":"var(--ast-global-color-4)","background-image":"","background-repeat":"repeat","background-position":"center center","background-size":"auto","background-attachment":"scroll","background-type":"","background-media":"","overlay-type":"","overlay-color":"","overlay-opacity":"","overlay-gradient":""},"mobile":{"background-color":"var(--ast-global-color-4)","background-image":"","background-repeat":"repeat","background-position":"center center","background-size":"auto","background-attachment":"scroll","background-type":"","background-media":"","overlay-type":"","overlay-color":"","overlay-opacity":"","overlay-gradient":""}},"footnotes":""},"categories":[1],"tags":[],"class_list":["post-94175","post","type-post","status-publish","format-standard","hentry","category-sem-categoria"],"yoast_head":"<!-- This site is optimized with the Yoast SEO plugin v26.6 - https:\/\/yoast.com\/wordpress\/plugins\/seo\/ -->\n<title>Bolsonaro manifesta ao Coronel Monteiro otimismo com vit\u00f3ria no Maranh\u00e3o em 2022 - Daniel Matos<\/title>\n<meta name=\"robots\" content=\"index, follow, max-snippet:-1, max-image-preview:large, max-video-preview:-1\" \/>\n<link rel=\"canonical\" href=\"https:\/\/www.blogsoestado.com\/danielmatos\/bolsonaro-manifesta-ao-coronel-monteiro-otimismo-com-vitoria-no-maranhao-em-2022\/\" \/>\n<meta property=\"og:locale\" content=\"pt_BR\" \/>\n<meta property=\"og:type\" content=\"article\" \/>\n<meta property=\"og:title\" content=\"Bolsonaro manifesta ao Coronel Monteiro otimismo com vit\u00f3ria no Maranh\u00e3o em 2022 - Daniel Matos\" \/>\n<meta property=\"og:description\" content=\"Ao participar de agenda com o presidente da Rep\u00fablica, Jair Bolsonaro, nessa ter\u00e7a-feira (8), no munic\u00edpio de Caic\u00f3, no Rio [&hellip;]\" \/>\n<meta property=\"og:url\" content=\"https:\/\/www.blogsoestado.com\/danielmatos\/bolsonaro-manifesta-ao-coronel-monteiro-otimismo-com-vitoria-no-maranhao-em-2022\/\" \/>\n<meta property=\"og:site_name\" content=\"Daniel Matos\" \/>\n<meta property=\"article:published_time\" content=\"2022-02-10T02:04:08+00:00\" \/>\n<meta property=\"og:image\" content=\"https:\/\/www.blogsoestado.com\/danielmatos\/files\/2022\/02\/Screenshot_20220209-2112252.png\" \/>\n<meta name=\"twitter:card\" content=\"summary_large_image\" \/>\n<meta name=\"twitter:label1\" content=\"Est. tempo de leitura\" \/>\n\t<meta name=\"twitter:data1\" content=\"1 minuto\" \/>\n<script type=\"application\/ld+json\" class=\"yoast-schema-graph\">{\"@context\":\"https:\/\/schema.org\",\"@graph\":[{\"@type\":\"WebPage\",\"@id\":\"https:\/\/www.blogsoestado.com\/danielmatos\/bolsonaro-manifesta-ao-coronel-monteiro-otimismo-com-vitoria-no-maranhao-em-2022\/\",\"url\":\"https:\/\/www.blogsoestado.com\/danielmatos\/bolsonaro-manifesta-ao-coronel-monteiro-otimismo-com-vitoria-no-maranhao-em-2022\/\",\"name\":\"Bolsonaro manifesta ao Coronel Monteiro otimismo com vit\u00f3ria no Maranh\u00e3o em 2022 - Daniel Matos\",\"isPartOf\":{\"@id\":\"https:\/\/www.blogsoestado.com\/danielmatos\/#website\"},\"primaryImageOfPage\":{\"@id\":\"https:\/\/www.blogsoestado.com\/danielmatos\/bolsonaro-manifesta-ao-coronel-monteiro-otimismo-com-vitoria-no-maranhao-em-2022\/#primaryimage\"},\"image\":{\"@id\":\"https:\/\/www.blogsoestado.com\/danielmatos\/bolsonaro-manifesta-ao-coronel-monteiro-otimismo-com-vitoria-no-maranhao-em-2022\/#primaryimage\"},\"thumbnailUrl\":\"https:\/\/www.blogsoestado.com\/danielmatos\/files\/2022\/02\/Screenshot_20220209-2112252.png\",\"datePublished\":\"2022-02-10T02:04:08+00:00\",\"author\":{\"@id\":\"\"},\"breadcrumb\":{\"@id\":\"https:\/\/www.blogsoestado.com\/danielmatos\/bolsonaro-manifesta-ao-coronel-monteiro-otimismo-com-vitoria-no-maranhao-em-2022\/#breadcrumb\"},\"inLanguage\":\"pt-BR\",\"potentialAction\":[{\"@type\":\"ReadAction\",\"target\":[\"https:\/\/www.blogsoestado.com\/danielmatos\/bolsonaro-manifesta-ao-coronel-monteiro-otimismo-com-vitoria-no-maranhao-em-2022\/\"]}]},{\"@type\":\"ImageObject\",\"inLanguage\":\"pt-BR\",\"@id\":\"https:\/\/www.blogsoestado.com\/danielmatos\/bolsonaro-manifesta-ao-coronel-monteiro-otimismo-com-vitoria-no-maranhao-em-2022\/#primaryimage\",\"url\":\"https:\/\/www.blogsoestado.com\/danielmatos\/files\/2022\/02\/Screenshot_20220209-2112252.png\",\"contentUrl\":\"https:\/\/www.blogsoestado.com\/danielmatos\/files\/2022\/02\/Screenshot_20220209-2112252.png\"},{\"@type\":\"BreadcrumbList\",\"@id\":\"https:\/\/www.blogsoestado.com\/danielmatos\/bolsonaro-manifesta-ao-coronel-monteiro-otimismo-com-vitoria-no-maranhao-em-2022\/#breadcrumb\",\"itemListElement\":[{\"@type\":\"ListItem\",\"position\":1,\"name\":\"In\u00edcio\",\"item\":\"https:\/\/www.blogsoestado.com\/danielmatos\/\"},{\"@type\":\"ListItem\",\"position\":2,\"name\":\"Bolsonaro manifesta ao Coronel Monteiro otimismo com vit\u00f3ria no Maranh\u00e3o em 2022\"}]},{\"@type\":\"WebSite\",\"@id\":\"https:\/\/www.blogsoestado.com\/danielmatos\/#website\",\"url\":\"https:\/\/www.blogsoestado.com\/danielmatos\/\",\"name\":\"Daniel Matos\",\"description\":\"\",\"potentialAction\":[{\"@type\":\"SearchAction\",\"target\":{\"@type\":\"EntryPoint\",\"urlTemplate\":\"https:\/\/www.blogsoestado.com\/danielmatos\/?s={search_term_string}\"},\"query-input\":{\"@type\":\"PropertyValueSpecification\",\"valueRequired\":true,\"valueName\":\"search_term_string\"}}],\"inLanguage\":\"pt-BR\"}]}<\/script>\n<!-- \/ Yoast SEO plugin. -->","yoast_head_json":{"title":"Bolsonaro manifesta ao Coronel Monteiro otimismo com vit\u00f3ria no Maranh\u00e3o em 2022 - Daniel Matos","robots":{"index":"index","follow":"follow","max-snippet":"max-snippet:-1","max-image-preview":"max-image-preview:large","max-video-preview":"max-video-preview:-1"},"canonical":"https:\/\/www.blogsoestado.com\/danielmatos\/bolsonaro-manifesta-ao-coronel-monteiro-otimismo-com-vitoria-no-maranhao-em-2022\/","og_locale":"pt_BR","og_type":"article","og_title":"Bolsonaro manifesta ao Coronel Monteiro otimismo com vit\u00f3ria no Maranh\u00e3o em 2022 - Daniel Matos","og_description":"Ao participar de agenda com o presidente da Rep\u00fablica, Jair Bolsonaro, nessa ter\u00e7a-feira (8), no munic\u00edpio de Caic\u00f3, no Rio [&hellip;]","og_url":"https:\/\/www.blogsoestado.com\/danielmatos\/bolsonaro-manifesta-ao-coronel-monteiro-otimismo-com-vitoria-no-maranhao-em-2022\/","og_site_name":"Daniel Matos","article_published_time":"2022-02-10T02:04:08+00:00","og_image":[{"url":"https:\/\/www.blogsoestado.com\/danielmatos\/files\/2022\/02\/Screenshot_20220209-2112252.png","type":"","width":"","height":""}],"twitter_card":"summary_large_image","twitter_misc":{"Est. tempo de leitura":"1 minuto"},"schema":{"@context":"https:\/\/schema.org","@graph":[{"@type":"WebPage","@id":"https:\/\/www.blogsoestado.com\/danielmatos\/bolsonaro-manifesta-ao-coronel-monteiro-otimismo-com-vitoria-no-maranhao-em-2022\/","url":"https:\/\/www.blogsoestado.com\/danielmatos\/bolsonaro-manifesta-ao-coronel-monteiro-otimismo-com-vitoria-no-maranhao-em-2022\/","name":"Bolsonaro manifesta ao Coronel Monteiro otimismo com vit\u00f3ria no Maranh\u00e3o em 2022 - Daniel Matos","isPartOf":{"@id":"https:\/\/www.blogsoestado.com\/danielmatos\/#website"},"primaryImageOfPage":{"@id":"https:\/\/www.blogsoestado.com\/danielmatos\/bolsonaro-manifesta-ao-coronel-monteiro-otimismo-com-vitoria-no-maranhao-em-2022\/#primaryimage"},"image":{"@id":"https:\/\/www.blogsoestado.com\/danielmatos\/bolsonaro-manifesta-ao-coronel-monteiro-otimismo-com-vitoria-no-maranhao-em-2022\/#primaryimage"},"thumbnailUrl":"https:\/\/www.blogsoestado.com\/danielmatos\/files\/2022\/02\/Screenshot_20220209-2112252.png","datePublished":"2022-02-10T02:04:08+00:00","author":{"@id":""},"breadcrumb":{"@id":"https:\/\/www.blogsoestado.com\/danielmatos\/bolsonaro-manifesta-ao-coronel-monteiro-otimismo-com-vitoria-no-maranhao-em-2022\/#breadcrumb"},"inLanguage":"pt-BR","potentialAction":[{"@type":"ReadAction","target":["https:\/\/www.blogsoestado.com\/danielmatos\/bolsonaro-manifesta-ao-coronel-monteiro-otimismo-com-vitoria-no-maranhao-em-2022\/"]}]},{"@type":"ImageObject","inLanguage":"pt-BR","@id":"https:\/\/www.blogsoestado.com\/danielmatos\/bolsonaro-manifesta-ao-coronel-monteiro-otimismo-com-vitoria-no-maranhao-em-2022\/#primaryimage","url":"https:\/\/www.blogsoestado.com\/danielmatos\/files\/2022\/02\/Screenshot_20220209-2112252.png","contentUrl":"https:\/\/www.blogsoestado.com\/danielmatos\/files\/2022\/02\/Screenshot_20220209-2112252.png"},{"@type":"BreadcrumbList","@id":"https:\/\/www.blogsoestado.com\/danielmatos\/bolsonaro-manifesta-ao-coronel-monteiro-otimismo-com-vitoria-no-maranhao-em-2022\/#breadcrumb","itemListElement":[{"@type":"ListItem","position":1,"name":"In\u00edcio","item":"https:\/\/www.blogsoestado.com\/danielmatos\/"},{"@type":"ListItem","position":2,"name":"Bolsonaro manifesta ao Coronel Monteiro otimismo com vit\u00f3ria no Maranh\u00e3o em 2022"}]},{"@type":"WebSite","@id":"https:\/\/www.blogsoestado.com\/danielmatos\/#website","url":"https:\/\/www.blogsoestado.com\/danielmatos\/","name":"Daniel Matos","description":"","potentialAction":[{"@type":"SearchAction","target":{"@type":"EntryPoint","urlTemplate":"https:\/\/www.blogsoestado.com\/danielmatos\/?s={search_term_string}"},"query-input":{"@type":"PropertyValueSpecification","valueRequired":true,"valueName":"search_term_string"}}],"inLanguage":"pt-BR"}]}},"jetpack_featured_media_url":"","_links":{"self":[{"href":"https:\/\/www.blogsoestado.com\/danielmatos\/wp-json\/wp\/v2\/posts\/94175","targetHints":{"allow":["GET"]}}],"collection":[{"href":"https:\/\/www.blogsoestado.com\/danielmatos\/wp-json\/wp\/v2\/posts"}],"about":[{"href":"https:\/\/www.blogsoestado.com\/danielmatos\/wp-json\/wp\/v2\/types\/post"}],"replies":[{"embeddable":true,"href":"https:\/\/www.blogsoestado.com\/danielmatos\/wp-json\/wp\/v2\/comments?post=94175"}],"version-history":[{"count":0,"href":"https:\/\/www.blogsoestado.com\/danielmatos\/wp-json\/wp\/v2\/posts\/94175\/revisions"}],"wp:attachment":[{"href":"https:\/\/www.blogsoestado.com\/danielmatos\/wp-json\/wp\/v2\/media?parent=94175"}],"wp:term":[{"taxonomy":"category","embeddable":true,"href":"https:\/\/www.blogsoestado.com\/danielmatos\/wp-json\/wp\/v2\/categories?post=94175"},{"taxonomy":"post_tag","embeddable":true,"href":"https:\/\/www.blogsoestado.com\/danielmatos\/wp-json\/wp\/v2\/tags?post=94175"}],"curies":[{"name":"wp","href":"https:\/\/api.w.org\/{rel}","templated":true}]}}