{"id":94181,"date":"2022-02-10T19:46:58","date_gmt":"2022-02-10T22:46:58","guid":{"rendered":"https:\/\/www.blogsoestado.com\/danielmatos\/?p=94181"},"modified":"2022-02-10T19:46:58","modified_gmt":"2022-02-10T22:46:58","slug":"retorno-do-circo-da-cidade-movimento-cade-o-circo-e-secretaria-municipal-de-cultura-alinham-acoes-e-diretrizes-para-reestruturar-o-espaco","status":"publish","type":"post","link":"https:\/\/www.blogsoestado.com\/danielmatos\/retorno-do-circo-da-cidade-movimento-cade-o-circo-e-secretaria-municipal-de-cultura-alinham-acoes-e-diretrizes-para-reestruturar-o-espaco\/","title":{"rendered":"Retorno do Circo da Cidade: Movimento Cad\u00ea o Circo e Secretaria Municipal de Cultura alinham a\u00e7\u00f5es e diretrizes para reestruturar o espa\u00e7o"},"content":{"rendered":"\n<div class=\"wp-block-image\"><figure class=\"aligncenter size-large\"><a href=\"https:\/\/www.blogsoestado.com\/danielmatos\/files\/2022\/02\/Screenshot_20220210-1942402.png\"><img decoding=\"async\" src=\"https:\/\/www.blogsoestado.com\/danielmatos\/files\/2022\/02\/Screenshot_20220210-1942402.png\" alt=\"\" class=\"wp-image-94182\"\/><\/a><figcaption>Para a gest\u00e3o do Circo da Cidade foi apresentada proposta de Curadoria colaborativa, inclusiva, democr\u00e1tica e participativa<\/figcaption><\/figure><\/div>\n\n\n\n<p>Um termo de compromisso definiu as diretrizes e a\u00e7\u00f5es para o retorno do Circo da Cidade. O documento foi assinado entre representantes do Movimento Cad\u00ea o Circo e a Secretaria de Cultura do Munic\u00edpio, por meio do secret\u00e1rio Marco Duailibe, em reuni\u00e3o realizada na tarde desta quarta-feira, na sede da Secult.<\/p>\n\n\n\n<p>A lona do novo Circo da Cidade ser\u00e1 reerguida por meio de a\u00e7\u00e3o conjunta entre o poder p\u00fablico, representantes do Cad\u00ea o Circo e do Conselho Municipal de Cultura. Uma agenda peri\u00f3dica ser\u00e1 organizada com o objetivo para a realiza\u00e7\u00e3o de debates e defini\u00e7\u00f5es sobre aspectos fundamentais com fins da efetiva\u00e7\u00e3o do espa\u00e7o. O Circo, no passado, promovia espet\u00e1culos, divers\u00e3o, reflex\u00e3o criativa, acesso \u00e0 cultura nas suas mais diversas manifesta\u00e7\u00f5es, al\u00e9m de propiciar o desenvolvimento das cadeias produtivas da economia cultural.<\/p>\n\n\n\n<p>Para a gest\u00e3o do Circo da Cidade foi apresentada proposta de Curadoria colaborativa, inclusiva, democr\u00e1tica e participativa. Defini\u00e7\u00f5es essas que dever\u00e3o ter anu\u00eancia do Conselho Municipal de Cultural, que dever\u00e1 ser\u00e1 cientificado das reuni\u00f5es de reconstru\u00e7\u00e3o do espa\u00e7o para se manifestar.<\/p>\n\n\n\n<p>Participaram da reuni\u00e3o, os artistas Ana Tercia Lobato, Beto Ehong, Walter Reis, a produtora cultural e jornalista Vanessa Serra, o economista Felipe Holanda e o advogado popular, Rafael Silva, al\u00e9m do secret\u00e1rio de Cultura, Marco Duailibe.<\/p>\n\n\n\n<p>Protagonismo da classe Art\u00edstica<\/p>\n\n\n\n<p>Os representantes do Cad\u00ea o Circo apresentaram Carta Compromisso ao Secret\u00e1rio Marco Dualibe com objetivo de garantir participa\u00e7\u00e3o efetiva do Movimento Cad\u00eapor meio dos seus representantes no processo de reinstala\u00e7\u00e3o assegurando entre os representantes do coletivo e o poder p\u00fablico:<\/p>\n\n\n\n<p>\u2022 Di\u00e1logo direto, r\u00e1pido, democr\u00e1tico e transparente;<br>\u2022 Participa\u00e7\u00e3o na governan\u00e7a do Circo da Cidade, em todos os setores;<br>\u2022 Promo\u00e7\u00e3o da dignidade, cidadania e do valor humanos de todas as pessoas envolvidas no processo de retorno do Circo da Cidade;<br>\u2022 Reafirma\u00e7\u00e3o dos valores democr\u00e1ticos e do interesse p\u00fablico enquanto valores proeminentes da administra\u00e7\u00e3o p\u00fablica;<\/p>\n\n\n\n<p><strong>Sobre o retorno do Circo da Cidade<\/strong><\/p>\n\n\n\n<p>H\u00e1 pouco menos de um m\u00eas, um grupo de artistas, produtores culturais, profissionais liberais e entusiastas lan\u00e7aram o Movimento Cad\u00ea o Circo. Todos insatisfeitos pela retirada, h\u00e1 dez anos, do Circo da Cidade.<\/p>\n\n\n\n<p>Uma campanha foi lan\u00e7ada nas redes sociais. O Movimento ganhou ades\u00e3o de v\u00e1rios artistas reconhecidos regionalmente e nacionalmente e a simpatia da sociedade. Na semana, o grupo protocolou of\u00edcio solicitando reuni\u00e3o com o prefeito Eduardo Braide e foram atendidos pelo Secret\u00e1rio Marco Duailibe.<\/p>\n","protected":false},"excerpt":{"rendered":"<p>Um termo de compromisso definiu as diretrizes e a\u00e7\u00f5es para o retorno do Circo da Cidade. O documento foi assinado [&hellip;]<\/p>\n","protected":false},"author":0,"featured_media":0,"comment_status":"open","ping_status":"open","sticky":false,"template":"","format":"standard","meta":{"site-sidebar-layout":"default","site-content-layout":"","ast-site-content-layout":"default","site-content-style":"default","site-sidebar-style":"default","ast-global-header-display":"","ast-banner-title-visibility":"","ast-main-header-display":"","ast-hfb-above-header-display":"","ast-hfb-below-header-display":"","ast-hfb-mobile-header-display":"","site-post-title":"","ast-breadcrumbs-content":"","ast-featured-img":"","footer-sml-layout":"","ast-disable-related-posts":"","theme-transparent-header-meta":"","adv-header-id-meta":"","stick-header-meta":"","header-above-stick-meta":"","header-main-stick-meta":"","header-below-stick-meta":"","astra-migrate-meta-layouts":"default","ast-page-background-enabled":"default","ast-page-background-meta":{"desktop":{"background-color":"var(--ast-global-color-5)","background-image":"","background-repeat":"repeat","background-position":"center center","background-size":"auto","background-attachment":"scroll","background-type":"","background-media":"","overlay-type":"","overlay-color":"","overlay-opacity":"","overlay-gradient":""},"tablet":{"background-color":"","background-image":"","background-repeat":"repeat","background-position":"center center","background-size":"auto","background-attachment":"scroll","background-type":"","background-media":"","overlay-type":"","overlay-color":"","overlay-opacity":"","overlay-gradient":""},"mobile":{"background-color":"","background-image":"","background-repeat":"repeat","background-position":"center center","background-size":"auto","background-attachment":"scroll","background-type":"","background-media":"","overlay-type":"","overlay-color":"","overlay-opacity":"","overlay-gradient":""}},"ast-content-background-meta":{"desktop":{"background-color":"var(--ast-global-color-4)","background-image":"","background-repeat":"repeat","background-position":"center center","background-size":"auto","background-attachment":"scroll","background-type":"","background-media":"","overlay-type":"","overlay-color":"","overlay-opacity":"","overlay-gradient":""},"tablet":{"background-color":"var(--ast-global-color-4)","background-image":"","background-repeat":"repeat","background-position":"center center","background-size":"auto","background-attachment":"scroll","background-type":"","background-media":"","overlay-type":"","overlay-color":"","overlay-opacity":"","overlay-gradient":""},"mobile":{"background-color":"var(--ast-global-color-4)","background-image":"","background-repeat":"repeat","background-position":"center center","background-size":"auto","background-attachment":"scroll","background-type":"","background-media":"","overlay-type":"","overlay-color":"","overlay-opacity":"","overlay-gradient":""}},"footnotes":""},"categories":[1],"tags":[],"class_list":["post-94181","post","type-post","status-publish","format-standard","hentry","category-sem-categoria"],"yoast_head":"<!-- This site is optimized with the Yoast SEO plugin v26.6 - https:\/\/yoast.com\/wordpress\/plugins\/seo\/ -->\n<title>Retorno do Circo da Cidade: Movimento Cad\u00ea o Circo e Secretaria Municipal de Cultura alinham a\u00e7\u00f5es e diretrizes para reestruturar o espa\u00e7o - Daniel Matos<\/title>\n<meta name=\"robots\" content=\"index, follow, max-snippet:-1, max-image-preview:large, max-video-preview:-1\" \/>\n<link rel=\"canonical\" href=\"https:\/\/www.blogsoestado.com\/danielmatos\/retorno-do-circo-da-cidade-movimento-cade-o-circo-e-secretaria-municipal-de-cultura-alinham-acoes-e-diretrizes-para-reestruturar-o-espaco\/\" \/>\n<meta property=\"og:locale\" content=\"pt_BR\" \/>\n<meta property=\"og:type\" content=\"article\" \/>\n<meta property=\"og:title\" content=\"Retorno do Circo da Cidade: Movimento Cad\u00ea o Circo e Secretaria Municipal de Cultura alinham a\u00e7\u00f5es e diretrizes para reestruturar o espa\u00e7o - Daniel Matos\" \/>\n<meta property=\"og:description\" content=\"Um termo de compromisso definiu as diretrizes e a\u00e7\u00f5es para o retorno do Circo da Cidade. O documento foi assinado [&hellip;]\" \/>\n<meta property=\"og:url\" content=\"https:\/\/www.blogsoestado.com\/danielmatos\/retorno-do-circo-da-cidade-movimento-cade-o-circo-e-secretaria-municipal-de-cultura-alinham-acoes-e-diretrizes-para-reestruturar-o-espaco\/\" \/>\n<meta property=\"og:site_name\" content=\"Daniel Matos\" \/>\n<meta property=\"article:published_time\" content=\"2022-02-10T22:46:58+00:00\" \/>\n<meta property=\"og:image\" content=\"https:\/\/www.blogsoestado.com\/danielmatos\/files\/2022\/02\/Screenshot_20220210-1942402.png\" \/>\n<meta name=\"twitter:card\" content=\"summary_large_image\" \/>\n<meta name=\"twitter:label1\" content=\"Est. tempo de leitura\" \/>\n\t<meta name=\"twitter:data1\" content=\"2 minutos\" \/>\n<script type=\"application\/ld+json\" class=\"yoast-schema-graph\">{\"@context\":\"https:\/\/schema.org\",\"@graph\":[{\"@type\":\"WebPage\",\"@id\":\"https:\/\/www.blogsoestado.com\/danielmatos\/retorno-do-circo-da-cidade-movimento-cade-o-circo-e-secretaria-municipal-de-cultura-alinham-acoes-e-diretrizes-para-reestruturar-o-espaco\/\",\"url\":\"https:\/\/www.blogsoestado.com\/danielmatos\/retorno-do-circo-da-cidade-movimento-cade-o-circo-e-secretaria-municipal-de-cultura-alinham-acoes-e-diretrizes-para-reestruturar-o-espaco\/\",\"name\":\"Retorno do Circo da Cidade: Movimento Cad\u00ea o Circo e Secretaria Municipal de Cultura alinham a\u00e7\u00f5es e diretrizes para reestruturar o espa\u00e7o - Daniel Matos\",\"isPartOf\":{\"@id\":\"https:\/\/www.blogsoestado.com\/danielmatos\/#website\"},\"primaryImageOfPage\":{\"@id\":\"https:\/\/www.blogsoestado.com\/danielmatos\/retorno-do-circo-da-cidade-movimento-cade-o-circo-e-secretaria-municipal-de-cultura-alinham-acoes-e-diretrizes-para-reestruturar-o-espaco\/#primaryimage\"},\"image\":{\"@id\":\"https:\/\/www.blogsoestado.com\/danielmatos\/retorno-do-circo-da-cidade-movimento-cade-o-circo-e-secretaria-municipal-de-cultura-alinham-acoes-e-diretrizes-para-reestruturar-o-espaco\/#primaryimage\"},\"thumbnailUrl\":\"https:\/\/www.blogsoestado.com\/danielmatos\/files\/2022\/02\/Screenshot_20220210-1942402.png\",\"datePublished\":\"2022-02-10T22:46:58+00:00\",\"author\":{\"@id\":\"\"},\"breadcrumb\":{\"@id\":\"https:\/\/www.blogsoestado.com\/danielmatos\/retorno-do-circo-da-cidade-movimento-cade-o-circo-e-secretaria-municipal-de-cultura-alinham-acoes-e-diretrizes-para-reestruturar-o-espaco\/#breadcrumb\"},\"inLanguage\":\"pt-BR\",\"potentialAction\":[{\"@type\":\"ReadAction\",\"target\":[\"https:\/\/www.blogsoestado.com\/danielmatos\/retorno-do-circo-da-cidade-movimento-cade-o-circo-e-secretaria-municipal-de-cultura-alinham-acoes-e-diretrizes-para-reestruturar-o-espaco\/\"]}]},{\"@type\":\"ImageObject\",\"inLanguage\":\"pt-BR\",\"@id\":\"https:\/\/www.blogsoestado.com\/danielmatos\/retorno-do-circo-da-cidade-movimento-cade-o-circo-e-secretaria-municipal-de-cultura-alinham-acoes-e-diretrizes-para-reestruturar-o-espaco\/#primaryimage\",\"url\":\"https:\/\/www.blogsoestado.com\/danielmatos\/files\/2022\/02\/Screenshot_20220210-1942402.png\",\"contentUrl\":\"https:\/\/www.blogsoestado.com\/danielmatos\/files\/2022\/02\/Screenshot_20220210-1942402.png\"},{\"@type\":\"BreadcrumbList\",\"@id\":\"https:\/\/www.blogsoestado.com\/danielmatos\/retorno-do-circo-da-cidade-movimento-cade-o-circo-e-secretaria-municipal-de-cultura-alinham-acoes-e-diretrizes-para-reestruturar-o-espaco\/#breadcrumb\",\"itemListElement\":[{\"@type\":\"ListItem\",\"position\":1,\"name\":\"In\u00edcio\",\"item\":\"https:\/\/www.blogsoestado.com\/danielmatos\/\"},{\"@type\":\"ListItem\",\"position\":2,\"name\":\"Retorno do Circo da Cidade: Movimento Cad\u00ea o Circo e Secretaria Municipal de Cultura alinham a\u00e7\u00f5es e diretrizes para reestruturar o espa\u00e7o\"}]},{\"@type\":\"WebSite\",\"@id\":\"https:\/\/www.blogsoestado.com\/danielmatos\/#website\",\"url\":\"https:\/\/www.blogsoestado.com\/danielmatos\/\",\"name\":\"Daniel Matos\",\"description\":\"\",\"potentialAction\":[{\"@type\":\"SearchAction\",\"target\":{\"@type\":\"EntryPoint\",\"urlTemplate\":\"https:\/\/www.blogsoestado.com\/danielmatos\/?s={search_term_string}\"},\"query-input\":{\"@type\":\"PropertyValueSpecification\",\"valueRequired\":true,\"valueName\":\"search_term_string\"}}],\"inLanguage\":\"pt-BR\"}]}<\/script>\n<!-- \/ Yoast SEO plugin. -->","yoast_head_json":{"title":"Retorno do Circo da Cidade: Movimento Cad\u00ea o Circo e Secretaria Municipal de Cultura alinham a\u00e7\u00f5es e diretrizes para reestruturar o espa\u00e7o - Daniel Matos","robots":{"index":"index","follow":"follow","max-snippet":"max-snippet:-1","max-image-preview":"max-image-preview:large","max-video-preview":"max-video-preview:-1"},"canonical":"https:\/\/www.blogsoestado.com\/danielmatos\/retorno-do-circo-da-cidade-movimento-cade-o-circo-e-secretaria-municipal-de-cultura-alinham-acoes-e-diretrizes-para-reestruturar-o-espaco\/","og_locale":"pt_BR","og_type":"article","og_title":"Retorno do Circo da Cidade: Movimento Cad\u00ea o Circo e Secretaria Municipal de Cultura alinham a\u00e7\u00f5es e diretrizes para reestruturar o espa\u00e7o - Daniel Matos","og_description":"Um termo de compromisso definiu as diretrizes e a\u00e7\u00f5es para o retorno do Circo da Cidade. O documento foi assinado [&hellip;]","og_url":"https:\/\/www.blogsoestado.com\/danielmatos\/retorno-do-circo-da-cidade-movimento-cade-o-circo-e-secretaria-municipal-de-cultura-alinham-acoes-e-diretrizes-para-reestruturar-o-espaco\/","og_site_name":"Daniel Matos","article_published_time":"2022-02-10T22:46:58+00:00","og_image":[{"url":"https:\/\/www.blogsoestado.com\/danielmatos\/files\/2022\/02\/Screenshot_20220210-1942402.png","type":"","width":"","height":""}],"twitter_card":"summary_large_image","twitter_misc":{"Est. tempo de leitura":"2 minutos"},"schema":{"@context":"https:\/\/schema.org","@graph":[{"@type":"WebPage","@id":"https:\/\/www.blogsoestado.com\/danielmatos\/retorno-do-circo-da-cidade-movimento-cade-o-circo-e-secretaria-municipal-de-cultura-alinham-acoes-e-diretrizes-para-reestruturar-o-espaco\/","url":"https:\/\/www.blogsoestado.com\/danielmatos\/retorno-do-circo-da-cidade-movimento-cade-o-circo-e-secretaria-municipal-de-cultura-alinham-acoes-e-diretrizes-para-reestruturar-o-espaco\/","name":"Retorno do Circo da Cidade: Movimento Cad\u00ea o Circo e Secretaria Municipal de Cultura alinham a\u00e7\u00f5es e diretrizes para reestruturar o espa\u00e7o - Daniel Matos","isPartOf":{"@id":"https:\/\/www.blogsoestado.com\/danielmatos\/#website"},"primaryImageOfPage":{"@id":"https:\/\/www.blogsoestado.com\/danielmatos\/retorno-do-circo-da-cidade-movimento-cade-o-circo-e-secretaria-municipal-de-cultura-alinham-acoes-e-diretrizes-para-reestruturar-o-espaco\/#primaryimage"},"image":{"@id":"https:\/\/www.blogsoestado.com\/danielmatos\/retorno-do-circo-da-cidade-movimento-cade-o-circo-e-secretaria-municipal-de-cultura-alinham-acoes-e-diretrizes-para-reestruturar-o-espaco\/#primaryimage"},"thumbnailUrl":"https:\/\/www.blogsoestado.com\/danielmatos\/files\/2022\/02\/Screenshot_20220210-1942402.png","datePublished":"2022-02-10T22:46:58+00:00","author":{"@id":""},"breadcrumb":{"@id":"https:\/\/www.blogsoestado.com\/danielmatos\/retorno-do-circo-da-cidade-movimento-cade-o-circo-e-secretaria-municipal-de-cultura-alinham-acoes-e-diretrizes-para-reestruturar-o-espaco\/#breadcrumb"},"inLanguage":"pt-BR","potentialAction":[{"@type":"ReadAction","target":["https:\/\/www.blogsoestado.com\/danielmatos\/retorno-do-circo-da-cidade-movimento-cade-o-circo-e-secretaria-municipal-de-cultura-alinham-acoes-e-diretrizes-para-reestruturar-o-espaco\/"]}]},{"@type":"ImageObject","inLanguage":"pt-BR","@id":"https:\/\/www.blogsoestado.com\/danielmatos\/retorno-do-circo-da-cidade-movimento-cade-o-circo-e-secretaria-municipal-de-cultura-alinham-acoes-e-diretrizes-para-reestruturar-o-espaco\/#primaryimage","url":"https:\/\/www.blogsoestado.com\/danielmatos\/files\/2022\/02\/Screenshot_20220210-1942402.png","contentUrl":"https:\/\/www.blogsoestado.com\/danielmatos\/files\/2022\/02\/Screenshot_20220210-1942402.png"},{"@type":"BreadcrumbList","@id":"https:\/\/www.blogsoestado.com\/danielmatos\/retorno-do-circo-da-cidade-movimento-cade-o-circo-e-secretaria-municipal-de-cultura-alinham-acoes-e-diretrizes-para-reestruturar-o-espaco\/#breadcrumb","itemListElement":[{"@type":"ListItem","position":1,"name":"In\u00edcio","item":"https:\/\/www.blogsoestado.com\/danielmatos\/"},{"@type":"ListItem","position":2,"name":"Retorno do Circo da Cidade: Movimento Cad\u00ea o Circo e Secretaria Municipal de Cultura alinham a\u00e7\u00f5es e diretrizes para reestruturar o espa\u00e7o"}]},{"@type":"WebSite","@id":"https:\/\/www.blogsoestado.com\/danielmatos\/#website","url":"https:\/\/www.blogsoestado.com\/danielmatos\/","name":"Daniel Matos","description":"","potentialAction":[{"@type":"SearchAction","target":{"@type":"EntryPoint","urlTemplate":"https:\/\/www.blogsoestado.com\/danielmatos\/?s={search_term_string}"},"query-input":{"@type":"PropertyValueSpecification","valueRequired":true,"valueName":"search_term_string"}}],"inLanguage":"pt-BR"}]}},"jetpack_featured_media_url":"","_links":{"self":[{"href":"https:\/\/www.blogsoestado.com\/danielmatos\/wp-json\/wp\/v2\/posts\/94181","targetHints":{"allow":["GET"]}}],"collection":[{"href":"https:\/\/www.blogsoestado.com\/danielmatos\/wp-json\/wp\/v2\/posts"}],"about":[{"href":"https:\/\/www.blogsoestado.com\/danielmatos\/wp-json\/wp\/v2\/types\/post"}],"replies":[{"embeddable":true,"href":"https:\/\/www.blogsoestado.com\/danielmatos\/wp-json\/wp\/v2\/comments?post=94181"}],"version-history":[{"count":0,"href":"https:\/\/www.blogsoestado.com\/danielmatos\/wp-json\/wp\/v2\/posts\/94181\/revisions"}],"wp:attachment":[{"href":"https:\/\/www.blogsoestado.com\/danielmatos\/wp-json\/wp\/v2\/media?parent=94181"}],"wp:term":[{"taxonomy":"category","embeddable":true,"href":"https:\/\/www.blogsoestado.com\/danielmatos\/wp-json\/wp\/v2\/categories?post=94181"},{"taxonomy":"post_tag","embeddable":true,"href":"https:\/\/www.blogsoestado.com\/danielmatos\/wp-json\/wp\/v2\/tags?post=94181"}],"curies":[{"name":"wp","href":"https:\/\/api.w.org\/{rel}","templated":true}]}}