{"id":94187,"date":"2022-02-10T22:06:21","date_gmt":"2022-02-11T01:06:21","guid":{"rendered":"https:\/\/www.blogsoestado.com\/danielmatos\/?p=94187"},"modified":"2022-02-10T22:06:21","modified_gmt":"2022-02-11T01:06:21","slug":"sistema-de-transporte-aguarda-proposta-da-prefeitura-de-sao-luis-para-sair-da-crise-e-evitar-greve","status":"publish","type":"post","link":"https:\/\/www.blogsoestado.com\/danielmatos\/sistema-de-transporte-aguarda-proposta-da-prefeitura-de-sao-luis-para-sair-da-crise-e-evitar-greve\/","title":{"rendered":"Sistema de transporte aguarda proposta da Prefeitura de S\u00e3o Lu\u00eds para sair da crise e evitar greve"},"content":{"rendered":"\n<div class=\"wp-block-image\"><figure class=\"aligncenter size-large\"><a href=\"https:\/\/www.blogsoestado.com\/danielmatos\/files\/2022\/02\/Screenshot_20220210-2140242.png\"><img decoding=\"async\" src=\"https:\/\/www.blogsoestado.com\/danielmatos\/files\/2022\/02\/Screenshot_20220210-2140242.png\" alt=\"\" class=\"wp-image-94188\"\/><\/a><figcaption>Representantes das empresas e cons\u00f3rcios e dos trabalhadores do sistema de transporte voltaram a se reunir no Minist\u00e9rio P\u00fablico do Trabalho para discutir o diss\u00eddio coletivo<\/figcaption><\/figure><\/div>\n\n\n\n<p>A crise no sistema de transporte coletivo de S\u00e3o Lu\u00eds (MA) continua. Sem condi\u00e7\u00f5es de arcar com um preju\u00edzo mensal de aproximadamente sete milh\u00f5es (R$ 7.000.000,00) e nenhum retorno da Prefeitura, at\u00e9 o momento, quanto ao reajuste da tarifa ou um subs\u00eddio para cobrir o d\u00e9ficit do sistema, empresas de transporte de passageiros temem pelo caos que pode ser gerado, caso haja uma nova paralisa\u00e7\u00e3o.<\/p>\n\n\n\n<p>\u201cA nossa expectativa \u00e9 que o poder p\u00fablico tenha uma solu\u00e7\u00e3o para esse impasse, que diz respeito ao futuro do transporte p\u00fablico da capital, j\u00e1 t\u00e3o desgastado e a ponto de um colapso\u201d, declarou o diretor executivo do Sindicato das Empresas de Transporte de Passageiros de S\u00e3o Lu\u00eds &#8211; SET, Paulo Renato Pereira Pires.<\/p>\n\n\n\n<div class=\"wp-block-image\"><figure class=\"aligncenter size-large\"><a href=\"https:\/\/www.blogsoestado.com\/danielmatos\/files\/2022\/02\/Screenshot_20220210-2141132.png\"><img decoding=\"async\" src=\"https:\/\/www.blogsoestado.com\/danielmatos\/files\/2022\/02\/Screenshot_20220210-2141132.png\" alt=\"\" class=\"wp-image-94189\"\/><\/a><figcaption>O diretor executivo do SET, Paulo Pires, exp\u00f5e o cen\u00e1rio de crise do sistema de transporte ao procurador do trabalho, Marcos Ant\u00f4nio de Souza Rosa<\/figcaption><\/figure><\/div>\n\n\n\n<p>O Sindicato dos Rodovi\u00e1rios (STTREMA) reivindica, entre outros pontos da Conven\u00e7\u00e3o Coletiva de Trabalho (CCT), 15% de aumento salarial e o retorno de cobradores demitidos a partir de 2017, quando foi acordado \u00e0 \u00e9poca, em reuni\u00e3o da CCT e um fun\u00e7\u00e3o da automatiza\u00e7\u00e3o dos coletivos, o desligamento progressivo dos mesmos.<\/p>\n\n\n\n<p>\u201cN\u00e3o temos nenhuma condi\u00e7\u00e3o de atender \u00e0s demandas dos Rodovi\u00e1rios, frente a uma crise t\u00e3o acirrada pela qual passam as empresas de transporte em todo o Brasil\u201d, frisou Paulo Renato, que apresentou uma contraproposta de 5% de aumento no sal\u00e1rio e no valor do ticket alimenta\u00e7\u00e3o, mas condicionada \u00e0 demiss\u00e3o dos cobradores que ainda trabalham em algumas linhas de \u00f4nibus de S\u00e3o Lu\u00eds.<\/p>\n\n\n\n<div class=\"wp-block-image\"><figure class=\"aligncenter size-large\"><a href=\"https:\/\/www.blogsoestado.com\/danielmatos\/files\/2022\/02\/Screenshot_20220210-2142442.png\"><img decoding=\"async\" src=\"https:\/\/www.blogsoestado.com\/danielmatos\/files\/2022\/02\/Screenshot_20220210-2142442.png\" alt=\"\" class=\"wp-image-94190\"\/><\/a><figcaption>Diretor executivo do SET, Paulo Pires disse, disse, em entrevista, que a expectativa da entidade \u00e9 que o poder p\u00fablico tenha uma solu\u00e7\u00e3o para esse impasse, que diz respeito ao futuro do transporte p\u00fablico da capital<\/figcaption><\/figure><\/div>\n\n\n\n<p>A audi\u00eancia na manh\u00e3 desta quinta-feira, 10 de fevereiro, foi mediada pelo procurador do trabalho Marcos Ant\u00f4nio de Souza Rosa e contou com a presen\u00e7a, al\u00e9m das principais partes envolvidas (SET e Rodovi\u00e1rios), de representantes do munic\u00edpio, por meio da Secretaria de Tr\u00e2nsito e Transporte de S\u00e3o Lu\u00eds (SMTT), e da Ag\u00eancia Estadual de Mobilidade Urbana e Servi\u00e7os P\u00fablicos (MOB).<\/p>\n","protected":false},"excerpt":{"rendered":"<p>A crise no sistema de transporte coletivo de S\u00e3o Lu\u00eds (MA) continua. Sem condi\u00e7\u00f5es de arcar com um preju\u00edzo mensal [&hellip;]<\/p>\n","protected":false},"author":0,"featured_media":0,"comment_status":"open","ping_status":"open","sticky":false,"template":"","format":"standard","meta":{"site-sidebar-layout":"default","site-content-layout":"","ast-site-content-layout":"default","site-content-style":"default","site-sidebar-style":"default","ast-global-header-display":"","ast-banner-title-visibility":"","ast-main-header-display":"","ast-hfb-above-header-display":"","ast-hfb-below-header-display":"","ast-hfb-mobile-header-display":"","site-post-title":"","ast-breadcrumbs-content":"","ast-featured-img":"","footer-sml-layout":"","ast-disable-related-posts":"","theme-transparent-header-meta":"","adv-header-id-meta":"","stick-header-meta":"","header-above-stick-meta":"","header-main-stick-meta":"","header-below-stick-meta":"","astra-migrate-meta-layouts":"default","ast-page-background-enabled":"default","ast-page-background-meta":{"desktop":{"background-color":"var(--ast-global-color-5)","background-image":"","background-repeat":"repeat","background-position":"center center","background-size":"auto","background-attachment":"scroll","background-type":"","background-media":"","overlay-type":"","overlay-color":"","overlay-opacity":"","overlay-gradient":""},"tablet":{"background-color":"","background-image":"","background-repeat":"repeat","background-position":"center center","background-size":"auto","background-attachment":"scroll","background-type":"","background-media":"","overlay-type":"","overlay-color":"","overlay-opacity":"","overlay-gradient":""},"mobile":{"background-color":"","background-image":"","background-repeat":"repeat","background-position":"center center","background-size":"auto","background-attachment":"scroll","background-type":"","background-media":"","overlay-type":"","overlay-color":"","overlay-opacity":"","overlay-gradient":""}},"ast-content-background-meta":{"desktop":{"background-color":"var(--ast-global-color-4)","background-image":"","background-repeat":"repeat","background-position":"center center","background-size":"auto","background-attachment":"scroll","background-type":"","background-media":"","overlay-type":"","overlay-color":"","overlay-opacity":"","overlay-gradient":""},"tablet":{"background-color":"var(--ast-global-color-4)","background-image":"","background-repeat":"repeat","background-position":"center center","background-size":"auto","background-attachment":"scroll","background-type":"","background-media":"","overlay-type":"","overlay-color":"","overlay-opacity":"","overlay-gradient":""},"mobile":{"background-color":"var(--ast-global-color-4)","background-image":"","background-repeat":"repeat","background-position":"center center","background-size":"auto","background-attachment":"scroll","background-type":"","background-media":"","overlay-type":"","overlay-color":"","overlay-opacity":"","overlay-gradient":""}},"footnotes":""},"categories":[1],"tags":[],"class_list":["post-94187","post","type-post","status-publish","format-standard","hentry","category-sem-categoria"],"yoast_head":"<!-- This site is optimized with the Yoast SEO plugin v26.6 - https:\/\/yoast.com\/wordpress\/plugins\/seo\/ -->\n<title>Sistema de transporte aguarda proposta da Prefeitura de S\u00e3o Lu\u00eds para sair da crise e evitar greve - Daniel Matos<\/title>\n<meta name=\"robots\" content=\"index, follow, max-snippet:-1, max-image-preview:large, max-video-preview:-1\" \/>\n<link rel=\"canonical\" href=\"https:\/\/www.blogsoestado.com\/danielmatos\/sistema-de-transporte-aguarda-proposta-da-prefeitura-de-sao-luis-para-sair-da-crise-e-evitar-greve\/\" \/>\n<meta property=\"og:locale\" content=\"pt_BR\" \/>\n<meta property=\"og:type\" content=\"article\" \/>\n<meta property=\"og:title\" content=\"Sistema de transporte aguarda proposta da Prefeitura de S\u00e3o Lu\u00eds para sair da crise e evitar greve - Daniel Matos\" \/>\n<meta property=\"og:description\" content=\"A crise no sistema de transporte coletivo de S\u00e3o Lu\u00eds (MA) continua. Sem condi\u00e7\u00f5es de arcar com um preju\u00edzo mensal [&hellip;]\" \/>\n<meta property=\"og:url\" content=\"https:\/\/www.blogsoestado.com\/danielmatos\/sistema-de-transporte-aguarda-proposta-da-prefeitura-de-sao-luis-para-sair-da-crise-e-evitar-greve\/\" \/>\n<meta property=\"og:site_name\" content=\"Daniel Matos\" \/>\n<meta property=\"article:published_time\" content=\"2022-02-11T01:06:21+00:00\" \/>\n<meta property=\"og:image\" content=\"https:\/\/www.blogsoestado.com\/danielmatos\/files\/2022\/02\/Screenshot_20220210-2140242.png\" \/>\n<meta name=\"twitter:card\" content=\"summary_large_image\" \/>\n<meta name=\"twitter:label1\" content=\"Est. tempo de leitura\" \/>\n\t<meta name=\"twitter:data1\" content=\"3 minutos\" \/>\n<script type=\"application\/ld+json\" class=\"yoast-schema-graph\">{\"@context\":\"https:\/\/schema.org\",\"@graph\":[{\"@type\":\"WebPage\",\"@id\":\"https:\/\/www.blogsoestado.com\/danielmatos\/sistema-de-transporte-aguarda-proposta-da-prefeitura-de-sao-luis-para-sair-da-crise-e-evitar-greve\/\",\"url\":\"https:\/\/www.blogsoestado.com\/danielmatos\/sistema-de-transporte-aguarda-proposta-da-prefeitura-de-sao-luis-para-sair-da-crise-e-evitar-greve\/\",\"name\":\"Sistema de transporte aguarda proposta da Prefeitura de S\u00e3o Lu\u00eds para sair da crise e evitar greve - Daniel Matos\",\"isPartOf\":{\"@id\":\"https:\/\/www.blogsoestado.com\/danielmatos\/#website\"},\"primaryImageOfPage\":{\"@id\":\"https:\/\/www.blogsoestado.com\/danielmatos\/sistema-de-transporte-aguarda-proposta-da-prefeitura-de-sao-luis-para-sair-da-crise-e-evitar-greve\/#primaryimage\"},\"image\":{\"@id\":\"https:\/\/www.blogsoestado.com\/danielmatos\/sistema-de-transporte-aguarda-proposta-da-prefeitura-de-sao-luis-para-sair-da-crise-e-evitar-greve\/#primaryimage\"},\"thumbnailUrl\":\"https:\/\/www.blogsoestado.com\/danielmatos\/files\/2022\/02\/Screenshot_20220210-2140242.png\",\"datePublished\":\"2022-02-11T01:06:21+00:00\",\"author\":{\"@id\":\"\"},\"breadcrumb\":{\"@id\":\"https:\/\/www.blogsoestado.com\/danielmatos\/sistema-de-transporte-aguarda-proposta-da-prefeitura-de-sao-luis-para-sair-da-crise-e-evitar-greve\/#breadcrumb\"},\"inLanguage\":\"pt-BR\",\"potentialAction\":[{\"@type\":\"ReadAction\",\"target\":[\"https:\/\/www.blogsoestado.com\/danielmatos\/sistema-de-transporte-aguarda-proposta-da-prefeitura-de-sao-luis-para-sair-da-crise-e-evitar-greve\/\"]}]},{\"@type\":\"ImageObject\",\"inLanguage\":\"pt-BR\",\"@id\":\"https:\/\/www.blogsoestado.com\/danielmatos\/sistema-de-transporte-aguarda-proposta-da-prefeitura-de-sao-luis-para-sair-da-crise-e-evitar-greve\/#primaryimage\",\"url\":\"https:\/\/www.blogsoestado.com\/danielmatos\/files\/2022\/02\/Screenshot_20220210-2140242.png\",\"contentUrl\":\"https:\/\/www.blogsoestado.com\/danielmatos\/files\/2022\/02\/Screenshot_20220210-2140242.png\"},{\"@type\":\"BreadcrumbList\",\"@id\":\"https:\/\/www.blogsoestado.com\/danielmatos\/sistema-de-transporte-aguarda-proposta-da-prefeitura-de-sao-luis-para-sair-da-crise-e-evitar-greve\/#breadcrumb\",\"itemListElement\":[{\"@type\":\"ListItem\",\"position\":1,\"name\":\"In\u00edcio\",\"item\":\"https:\/\/www.blogsoestado.com\/danielmatos\/\"},{\"@type\":\"ListItem\",\"position\":2,\"name\":\"Sistema de transporte aguarda proposta da Prefeitura de S\u00e3o Lu\u00eds para sair da crise e evitar greve\"}]},{\"@type\":\"WebSite\",\"@id\":\"https:\/\/www.blogsoestado.com\/danielmatos\/#website\",\"url\":\"https:\/\/www.blogsoestado.com\/danielmatos\/\",\"name\":\"Daniel Matos\",\"description\":\"\",\"potentialAction\":[{\"@type\":\"SearchAction\",\"target\":{\"@type\":\"EntryPoint\",\"urlTemplate\":\"https:\/\/www.blogsoestado.com\/danielmatos\/?s={search_term_string}\"},\"query-input\":{\"@type\":\"PropertyValueSpecification\",\"valueRequired\":true,\"valueName\":\"search_term_string\"}}],\"inLanguage\":\"pt-BR\"}]}<\/script>\n<!-- \/ Yoast SEO plugin. -->","yoast_head_json":{"title":"Sistema de transporte aguarda proposta da Prefeitura de S\u00e3o Lu\u00eds para sair da crise e evitar greve - Daniel Matos","robots":{"index":"index","follow":"follow","max-snippet":"max-snippet:-1","max-image-preview":"max-image-preview:large","max-video-preview":"max-video-preview:-1"},"canonical":"https:\/\/www.blogsoestado.com\/danielmatos\/sistema-de-transporte-aguarda-proposta-da-prefeitura-de-sao-luis-para-sair-da-crise-e-evitar-greve\/","og_locale":"pt_BR","og_type":"article","og_title":"Sistema de transporte aguarda proposta da Prefeitura de S\u00e3o Lu\u00eds para sair da crise e evitar greve - Daniel Matos","og_description":"A crise no sistema de transporte coletivo de S\u00e3o Lu\u00eds (MA) continua. Sem condi\u00e7\u00f5es de arcar com um preju\u00edzo mensal [&hellip;]","og_url":"https:\/\/www.blogsoestado.com\/danielmatos\/sistema-de-transporte-aguarda-proposta-da-prefeitura-de-sao-luis-para-sair-da-crise-e-evitar-greve\/","og_site_name":"Daniel Matos","article_published_time":"2022-02-11T01:06:21+00:00","og_image":[{"url":"https:\/\/www.blogsoestado.com\/danielmatos\/files\/2022\/02\/Screenshot_20220210-2140242.png","type":"","width":"","height":""}],"twitter_card":"summary_large_image","twitter_misc":{"Est. tempo de leitura":"3 minutos"},"schema":{"@context":"https:\/\/schema.org","@graph":[{"@type":"WebPage","@id":"https:\/\/www.blogsoestado.com\/danielmatos\/sistema-de-transporte-aguarda-proposta-da-prefeitura-de-sao-luis-para-sair-da-crise-e-evitar-greve\/","url":"https:\/\/www.blogsoestado.com\/danielmatos\/sistema-de-transporte-aguarda-proposta-da-prefeitura-de-sao-luis-para-sair-da-crise-e-evitar-greve\/","name":"Sistema de transporte aguarda proposta da Prefeitura de S\u00e3o Lu\u00eds para sair da crise e evitar greve - Daniel Matos","isPartOf":{"@id":"https:\/\/www.blogsoestado.com\/danielmatos\/#website"},"primaryImageOfPage":{"@id":"https:\/\/www.blogsoestado.com\/danielmatos\/sistema-de-transporte-aguarda-proposta-da-prefeitura-de-sao-luis-para-sair-da-crise-e-evitar-greve\/#primaryimage"},"image":{"@id":"https:\/\/www.blogsoestado.com\/danielmatos\/sistema-de-transporte-aguarda-proposta-da-prefeitura-de-sao-luis-para-sair-da-crise-e-evitar-greve\/#primaryimage"},"thumbnailUrl":"https:\/\/www.blogsoestado.com\/danielmatos\/files\/2022\/02\/Screenshot_20220210-2140242.png","datePublished":"2022-02-11T01:06:21+00:00","author":{"@id":""},"breadcrumb":{"@id":"https:\/\/www.blogsoestado.com\/danielmatos\/sistema-de-transporte-aguarda-proposta-da-prefeitura-de-sao-luis-para-sair-da-crise-e-evitar-greve\/#breadcrumb"},"inLanguage":"pt-BR","potentialAction":[{"@type":"ReadAction","target":["https:\/\/www.blogsoestado.com\/danielmatos\/sistema-de-transporte-aguarda-proposta-da-prefeitura-de-sao-luis-para-sair-da-crise-e-evitar-greve\/"]}]},{"@type":"ImageObject","inLanguage":"pt-BR","@id":"https:\/\/www.blogsoestado.com\/danielmatos\/sistema-de-transporte-aguarda-proposta-da-prefeitura-de-sao-luis-para-sair-da-crise-e-evitar-greve\/#primaryimage","url":"https:\/\/www.blogsoestado.com\/danielmatos\/files\/2022\/02\/Screenshot_20220210-2140242.png","contentUrl":"https:\/\/www.blogsoestado.com\/danielmatos\/files\/2022\/02\/Screenshot_20220210-2140242.png"},{"@type":"BreadcrumbList","@id":"https:\/\/www.blogsoestado.com\/danielmatos\/sistema-de-transporte-aguarda-proposta-da-prefeitura-de-sao-luis-para-sair-da-crise-e-evitar-greve\/#breadcrumb","itemListElement":[{"@type":"ListItem","position":1,"name":"In\u00edcio","item":"https:\/\/www.blogsoestado.com\/danielmatos\/"},{"@type":"ListItem","position":2,"name":"Sistema de transporte aguarda proposta da Prefeitura de S\u00e3o Lu\u00eds para sair da crise e evitar greve"}]},{"@type":"WebSite","@id":"https:\/\/www.blogsoestado.com\/danielmatos\/#website","url":"https:\/\/www.blogsoestado.com\/danielmatos\/","name":"Daniel Matos","description":"","potentialAction":[{"@type":"SearchAction","target":{"@type":"EntryPoint","urlTemplate":"https:\/\/www.blogsoestado.com\/danielmatos\/?s={search_term_string}"},"query-input":{"@type":"PropertyValueSpecification","valueRequired":true,"valueName":"search_term_string"}}],"inLanguage":"pt-BR"}]}},"jetpack_featured_media_url":"","_links":{"self":[{"href":"https:\/\/www.blogsoestado.com\/danielmatos\/wp-json\/wp\/v2\/posts\/94187","targetHints":{"allow":["GET"]}}],"collection":[{"href":"https:\/\/www.blogsoestado.com\/danielmatos\/wp-json\/wp\/v2\/posts"}],"about":[{"href":"https:\/\/www.blogsoestado.com\/danielmatos\/wp-json\/wp\/v2\/types\/post"}],"replies":[{"embeddable":true,"href":"https:\/\/www.blogsoestado.com\/danielmatos\/wp-json\/wp\/v2\/comments?post=94187"}],"version-history":[{"count":0,"href":"https:\/\/www.blogsoestado.com\/danielmatos\/wp-json\/wp\/v2\/posts\/94187\/revisions"}],"wp:attachment":[{"href":"https:\/\/www.blogsoestado.com\/danielmatos\/wp-json\/wp\/v2\/media?parent=94187"}],"wp:term":[{"taxonomy":"category","embeddable":true,"href":"https:\/\/www.blogsoestado.com\/danielmatos\/wp-json\/wp\/v2\/categories?post=94187"},{"taxonomy":"post_tag","embeddable":true,"href":"https:\/\/www.blogsoestado.com\/danielmatos\/wp-json\/wp\/v2\/tags?post=94187"}],"curies":[{"name":"wp","href":"https:\/\/api.w.org\/{rel}","templated":true}]}}