{"id":94203,"date":"2022-02-11T10:53:08","date_gmt":"2022-02-11T13:53:08","guid":{"rendered":"https:\/\/www.blogsoestado.com\/danielmatos\/?p=94203"},"modified":"2022-02-11T10:53:08","modified_gmt":"2022-02-11T13:53:08","slug":"braide-descumpre-decisao-judicial-que-manda-sinalizar-e-instalar-protecao-em-viaduto-de-onde-motociclistas-ja-despencaram-para-a-morte","status":"publish","type":"post","link":"https:\/\/www.blogsoestado.com\/danielmatos\/braide-descumpre-decisao-judicial-que-manda-sinalizar-e-instalar-protecao-em-viaduto-de-onde-motociclistas-ja-despencaram-para-a-morte\/","title":{"rendered":"Braide descumpre decis\u00e3o judicial que manda sinalizar e instalar prote\u00e7\u00e3o em viaduto de onde motociclistas j\u00e1 despencaram para a morte"},"content":{"rendered":"\n<div class=\"wp-block-image\"><figure class=\"aligncenter size-large\"><a href=\"https:\/\/www.blogsoestado.com\/danielmatos\/files\/2022\/02\/Screenshot_20220211-0949442.png\"><img decoding=\"async\" src=\"https:\/\/www.blogsoestado.com\/danielmatos\/files\/2022\/02\/Screenshot_20220211-0949442.png\" alt=\"\" class=\"wp-image-94208\"\/><\/a><figcaption>Risco para condutores, principalmente para motociclistas, persiste com descumprimento da decis\u00e3o judicial<\/figcaption><\/figure><\/div>\n\n\n\n<div class=\"wp-block-image\"><figure class=\"alignleft size-large\"><a href=\"https:\/\/www.blogsoestado.com\/danielmatos\/files\/2015\/07\/exclusivo.jpg\"><img decoding=\"async\" src=\"https:\/\/www.blogsoestado.com\/danielmatos\/files\/2015\/07\/exclusivo.jpg\" alt=\"\" class=\"wp-image-25185\"\/><\/a><\/figure><\/div>\n\n\n\n<p>O prefeito de S\u00e3o Lu\u00eds, Eduardo Braide (Podemos), vem descumprindo, h\u00e1 sucessivos meses, uma decis\u00e3o judicial da Vara de Interesses Difusos e Coletivos que manda a Secretaria Municipal de Tr\u00e2nsito e Transportes (SMTT) sinalizar e instalar uma estrutura de prote\u00e7\u00e3o no viaduto da Avenida IV Centen\u00e1rio, que d\u00e1 acesso \u00e0 Avenida dos Franceses, no bairro Alemanha, pr\u00f3ximo ao Hospital da Crian\u00e7a Odorico Amaral de Mattos. Desde a libera\u00e7\u00e3o da estrutura para tr\u00e1fego, h\u00e1 cerca de sete anos, v\u00e1rios motociclistas j\u00e1 despencaram do elevado, a uma altura de 8 metros, resultando na morte de pelo menos quatro deles.<\/p>\n\n\n\n<p>A decis\u00e3o \u00e9 resultado de uma a\u00e7\u00e3o popular ajuizada pelo engenheiro, especialista em tr\u00e2nsito e em psicologia de tr\u00e2nsito e professor Francisco Perez Soares. Na senten\u00e7a, o juiz Douglas de Melo Martins, titular da Vara de Interesses Difusos e Coletivos, ordenou \u00e0 SMTT que fa\u00e7a a correta sinaliza\u00e7\u00e3o do viaduto e instale um sistema de prote\u00e7\u00e3o &#8211; do tipo anteparo &#8211; nas laterais da estrutura para evitar que mais motociclistas despenquem durante as manobras de convers\u00e3o sobre a al\u00e7a suspensa.<\/p>\n\n\n\n<p><strong>Governo do Estado<\/strong><\/p>\n\n\n\n<p>A mesma decis\u00e3o obriga a Secretaria de Estado da Infraestrutura (Sinfra), executora da obra, a fazer a corre\u00e7\u00e3o da converg\u00eancia entre a rampa e o plano da al\u00e7a. Uma vez realizada, essa interven\u00e7\u00e3o eliminar\u00e1 a necessidade de manobras bruscas no ato ato da convers\u00e3o, principal causa dos acidentes j\u00e1 registrados no viaduto.<\/p>\n\n\n\n<p>Com o duplo descumprimento da ordem judicial, o perigo persiste para todos os condutores que utilizam a estrutura para acessar a Avenida dos Franceses. Seria neglig\u00eancia, dificuldade de incluir no coronograma de servi\u00e7os ou falta de recursos financeiros?<\/p>\n\n\n\n<p>H\u00e1 quem considere o desacato \u00e0 decis\u00e3o um ato grave e escancarado de irresponsabilidade do prefeito Eduardo Braide e do governador Fl\u00e1vio Dino com a vida humana, pass\u00edvel da mais servera puni\u00e7\u00e3o.<\/p>\n\n\n\n<p>O v\u00eddeo abaixo mostra um dos graves acidentes registrados no viaduto da Avenida IV Centen\u00e1rio:<\/p>\n\n\n\n<figure class=\"wp-block-embed is-type-video is-provider-youtube wp-block-embed-youtube wp-embed-aspect-4-3 wp-has-aspect-ratio\"><div class=\"wp-block-embed__wrapper\">\n<iframe title=\"Motociclista e garupa despencam de viaduto na Avenida IV Centen\u00e1rio\" width=\"500\" height=\"375\" src=\"https:\/\/www.youtube.com\/embed\/5tS3LyB0_R8?feature=oembed\" frameborder=\"0\" allow=\"accelerometer; autoplay; clipboard-write; encrypted-media; gyroscope; picture-in-picture; web-share\" referrerpolicy=\"strict-origin-when-cross-origin\" allowfullscreen><\/iframe>\n<\/div><\/figure>\n","protected":false},"excerpt":{"rendered":"<p>O prefeito de S\u00e3o Lu\u00eds, Eduardo Braide (Podemos), vem descumprindo, h\u00e1 sucessivos meses, uma decis\u00e3o judicial da Vara de Interesses [&hellip;]<\/p>\n","protected":false},"author":0,"featured_media":0,"comment_status":"open","ping_status":"open","sticky":false,"template":"","format":"standard","meta":{"site-sidebar-layout":"default","site-content-layout":"","ast-site-content-layout":"default","site-content-style":"default","site-sidebar-style":"default","ast-global-header-display":"","ast-banner-title-visibility":"","ast-main-header-display":"","ast-hfb-above-header-display":"","ast-hfb-below-header-display":"","ast-hfb-mobile-header-display":"","site-post-title":"","ast-breadcrumbs-content":"","ast-featured-img":"","footer-sml-layout":"","ast-disable-related-posts":"","theme-transparent-header-meta":"","adv-header-id-meta":"","stick-header-meta":"","header-above-stick-meta":"","header-main-stick-meta":"","header-below-stick-meta":"","astra-migrate-meta-layouts":"default","ast-page-background-enabled":"default","ast-page-background-meta":{"desktop":{"background-color":"var(--ast-global-color-5)","background-image":"","background-repeat":"repeat","background-position":"center center","background-size":"auto","background-attachment":"scroll","background-type":"","background-media":"","overlay-type":"","overlay-color":"","overlay-opacity":"","overlay-gradient":""},"tablet":{"background-color":"","background-image":"","background-repeat":"repeat","background-position":"center center","background-size":"auto","background-attachment":"scroll","background-type":"","background-media":"","overlay-type":"","overlay-color":"","overlay-opacity":"","overlay-gradient":""},"mobile":{"background-color":"","background-image":"","background-repeat":"repeat","background-position":"center center","background-size":"auto","background-attachment":"scroll","background-type":"","background-media":"","overlay-type":"","overlay-color":"","overlay-opacity":"","overlay-gradient":""}},"ast-content-background-meta":{"desktop":{"background-color":"var(--ast-global-color-4)","background-image":"","background-repeat":"repeat","background-position":"center center","background-size":"auto","background-attachment":"scroll","background-type":"","background-media":"","overlay-type":"","overlay-color":"","overlay-opacity":"","overlay-gradient":""},"tablet":{"background-color":"var(--ast-global-color-4)","background-image":"","background-repeat":"repeat","background-position":"center center","background-size":"auto","background-attachment":"scroll","background-type":"","background-media":"","overlay-type":"","overlay-color":"","overlay-opacity":"","overlay-gradient":""},"mobile":{"background-color":"var(--ast-global-color-4)","background-image":"","background-repeat":"repeat","background-position":"center center","background-size":"auto","background-attachment":"scroll","background-type":"","background-media":"","overlay-type":"","overlay-color":"","overlay-opacity":"","overlay-gradient":""}},"footnotes":""},"categories":[1],"tags":[],"class_list":["post-94203","post","type-post","status-publish","format-standard","hentry","category-sem-categoria"],"yoast_head":"<!-- This site is optimized with the Yoast SEO plugin v26.6 - https:\/\/yoast.com\/wordpress\/plugins\/seo\/ -->\n<title>Braide descumpre decis\u00e3o judicial que manda sinalizar e instalar prote\u00e7\u00e3o em viaduto de onde motociclistas j\u00e1 despencaram para a morte - Daniel Matos<\/title>\n<meta name=\"robots\" content=\"index, follow, max-snippet:-1, max-image-preview:large, max-video-preview:-1\" \/>\n<link rel=\"canonical\" href=\"https:\/\/www.blogsoestado.com\/danielmatos\/braide-descumpre-decisao-judicial-que-manda-sinalizar-e-instalar-protecao-em-viaduto-de-onde-motociclistas-ja-despencaram-para-a-morte\/\" \/>\n<meta property=\"og:locale\" content=\"pt_BR\" \/>\n<meta property=\"og:type\" content=\"article\" \/>\n<meta property=\"og:title\" content=\"Braide descumpre decis\u00e3o judicial que manda sinalizar e instalar prote\u00e7\u00e3o em viaduto de onde motociclistas j\u00e1 despencaram para a morte - Daniel Matos\" \/>\n<meta property=\"og:description\" content=\"O prefeito de S\u00e3o Lu\u00eds, Eduardo Braide (Podemos), vem descumprindo, h\u00e1 sucessivos meses, uma decis\u00e3o judicial da Vara de Interesses [&hellip;]\" \/>\n<meta property=\"og:url\" content=\"https:\/\/www.blogsoestado.com\/danielmatos\/braide-descumpre-decisao-judicial-que-manda-sinalizar-e-instalar-protecao-em-viaduto-de-onde-motociclistas-ja-despencaram-para-a-morte\/\" \/>\n<meta property=\"og:site_name\" content=\"Daniel Matos\" \/>\n<meta property=\"article:published_time\" content=\"2022-02-11T13:53:08+00:00\" \/>\n<meta property=\"og:image\" content=\"https:\/\/www.blogsoestado.com\/danielmatos\/files\/2022\/02\/Screenshot_20220211-0949442.png\" \/>\n<meta name=\"twitter:card\" content=\"summary_large_image\" \/>\n<meta name=\"twitter:label1\" content=\"Est. tempo de leitura\" \/>\n\t<meta name=\"twitter:data1\" content=\"2 minutos\" \/>\n<script type=\"application\/ld+json\" class=\"yoast-schema-graph\">{\"@context\":\"https:\/\/schema.org\",\"@graph\":[{\"@type\":\"WebPage\",\"@id\":\"https:\/\/www.blogsoestado.com\/danielmatos\/braide-descumpre-decisao-judicial-que-manda-sinalizar-e-instalar-protecao-em-viaduto-de-onde-motociclistas-ja-despencaram-para-a-morte\/\",\"url\":\"https:\/\/www.blogsoestado.com\/danielmatos\/braide-descumpre-decisao-judicial-que-manda-sinalizar-e-instalar-protecao-em-viaduto-de-onde-motociclistas-ja-despencaram-para-a-morte\/\",\"name\":\"Braide descumpre decis\u00e3o judicial que manda sinalizar e instalar prote\u00e7\u00e3o em viaduto de onde motociclistas j\u00e1 despencaram para a morte - Daniel Matos\",\"isPartOf\":{\"@id\":\"https:\/\/www.blogsoestado.com\/danielmatos\/#website\"},\"primaryImageOfPage\":{\"@id\":\"https:\/\/www.blogsoestado.com\/danielmatos\/braide-descumpre-decisao-judicial-que-manda-sinalizar-e-instalar-protecao-em-viaduto-de-onde-motociclistas-ja-despencaram-para-a-morte\/#primaryimage\"},\"image\":{\"@id\":\"https:\/\/www.blogsoestado.com\/danielmatos\/braide-descumpre-decisao-judicial-que-manda-sinalizar-e-instalar-protecao-em-viaduto-de-onde-motociclistas-ja-despencaram-para-a-morte\/#primaryimage\"},\"thumbnailUrl\":\"https:\/\/www.blogsoestado.com\/danielmatos\/files\/2022\/02\/Screenshot_20220211-0949442.png\",\"datePublished\":\"2022-02-11T13:53:08+00:00\",\"author\":{\"@id\":\"\"},\"breadcrumb\":{\"@id\":\"https:\/\/www.blogsoestado.com\/danielmatos\/braide-descumpre-decisao-judicial-que-manda-sinalizar-e-instalar-protecao-em-viaduto-de-onde-motociclistas-ja-despencaram-para-a-morte\/#breadcrumb\"},\"inLanguage\":\"pt-BR\",\"potentialAction\":[{\"@type\":\"ReadAction\",\"target\":[\"https:\/\/www.blogsoestado.com\/danielmatos\/braide-descumpre-decisao-judicial-que-manda-sinalizar-e-instalar-protecao-em-viaduto-de-onde-motociclistas-ja-despencaram-para-a-morte\/\"]}]},{\"@type\":\"ImageObject\",\"inLanguage\":\"pt-BR\",\"@id\":\"https:\/\/www.blogsoestado.com\/danielmatos\/braide-descumpre-decisao-judicial-que-manda-sinalizar-e-instalar-protecao-em-viaduto-de-onde-motociclistas-ja-despencaram-para-a-morte\/#primaryimage\",\"url\":\"https:\/\/www.blogsoestado.com\/danielmatos\/files\/2022\/02\/Screenshot_20220211-0949442.png\",\"contentUrl\":\"https:\/\/www.blogsoestado.com\/danielmatos\/files\/2022\/02\/Screenshot_20220211-0949442.png\"},{\"@type\":\"BreadcrumbList\",\"@id\":\"https:\/\/www.blogsoestado.com\/danielmatos\/braide-descumpre-decisao-judicial-que-manda-sinalizar-e-instalar-protecao-em-viaduto-de-onde-motociclistas-ja-despencaram-para-a-morte\/#breadcrumb\",\"itemListElement\":[{\"@type\":\"ListItem\",\"position\":1,\"name\":\"In\u00edcio\",\"item\":\"https:\/\/www.blogsoestado.com\/danielmatos\/\"},{\"@type\":\"ListItem\",\"position\":2,\"name\":\"Braide descumpre decis\u00e3o judicial que manda sinalizar e instalar prote\u00e7\u00e3o em viaduto de onde motociclistas j\u00e1 despencaram para a morte\"}]},{\"@type\":\"WebSite\",\"@id\":\"https:\/\/www.blogsoestado.com\/danielmatos\/#website\",\"url\":\"https:\/\/www.blogsoestado.com\/danielmatos\/\",\"name\":\"Daniel Matos\",\"description\":\"\",\"potentialAction\":[{\"@type\":\"SearchAction\",\"target\":{\"@type\":\"EntryPoint\",\"urlTemplate\":\"https:\/\/www.blogsoestado.com\/danielmatos\/?s={search_term_string}\"},\"query-input\":{\"@type\":\"PropertyValueSpecification\",\"valueRequired\":true,\"valueName\":\"search_term_string\"}}],\"inLanguage\":\"pt-BR\"}]}<\/script>\n<!-- \/ Yoast SEO plugin. -->","yoast_head_json":{"title":"Braide descumpre decis\u00e3o judicial que manda sinalizar e instalar prote\u00e7\u00e3o em viaduto de onde motociclistas j\u00e1 despencaram para a morte - Daniel Matos","robots":{"index":"index","follow":"follow","max-snippet":"max-snippet:-1","max-image-preview":"max-image-preview:large","max-video-preview":"max-video-preview:-1"},"canonical":"https:\/\/www.blogsoestado.com\/danielmatos\/braide-descumpre-decisao-judicial-que-manda-sinalizar-e-instalar-protecao-em-viaduto-de-onde-motociclistas-ja-despencaram-para-a-morte\/","og_locale":"pt_BR","og_type":"article","og_title":"Braide descumpre decis\u00e3o judicial que manda sinalizar e instalar prote\u00e7\u00e3o em viaduto de onde motociclistas j\u00e1 despencaram para a morte - Daniel Matos","og_description":"O prefeito de S\u00e3o Lu\u00eds, Eduardo Braide (Podemos), vem descumprindo, h\u00e1 sucessivos meses, uma decis\u00e3o judicial da Vara de Interesses [&hellip;]","og_url":"https:\/\/www.blogsoestado.com\/danielmatos\/braide-descumpre-decisao-judicial-que-manda-sinalizar-e-instalar-protecao-em-viaduto-de-onde-motociclistas-ja-despencaram-para-a-morte\/","og_site_name":"Daniel Matos","article_published_time":"2022-02-11T13:53:08+00:00","og_image":[{"url":"https:\/\/www.blogsoestado.com\/danielmatos\/files\/2022\/02\/Screenshot_20220211-0949442.png","type":"","width":"","height":""}],"twitter_card":"summary_large_image","twitter_misc":{"Est. tempo de leitura":"2 minutos"},"schema":{"@context":"https:\/\/schema.org","@graph":[{"@type":"WebPage","@id":"https:\/\/www.blogsoestado.com\/danielmatos\/braide-descumpre-decisao-judicial-que-manda-sinalizar-e-instalar-protecao-em-viaduto-de-onde-motociclistas-ja-despencaram-para-a-morte\/","url":"https:\/\/www.blogsoestado.com\/danielmatos\/braide-descumpre-decisao-judicial-que-manda-sinalizar-e-instalar-protecao-em-viaduto-de-onde-motociclistas-ja-despencaram-para-a-morte\/","name":"Braide descumpre decis\u00e3o judicial que manda sinalizar e instalar prote\u00e7\u00e3o em viaduto de onde motociclistas j\u00e1 despencaram para a morte - Daniel Matos","isPartOf":{"@id":"https:\/\/www.blogsoestado.com\/danielmatos\/#website"},"primaryImageOfPage":{"@id":"https:\/\/www.blogsoestado.com\/danielmatos\/braide-descumpre-decisao-judicial-que-manda-sinalizar-e-instalar-protecao-em-viaduto-de-onde-motociclistas-ja-despencaram-para-a-morte\/#primaryimage"},"image":{"@id":"https:\/\/www.blogsoestado.com\/danielmatos\/braide-descumpre-decisao-judicial-que-manda-sinalizar-e-instalar-protecao-em-viaduto-de-onde-motociclistas-ja-despencaram-para-a-morte\/#primaryimage"},"thumbnailUrl":"https:\/\/www.blogsoestado.com\/danielmatos\/files\/2022\/02\/Screenshot_20220211-0949442.png","datePublished":"2022-02-11T13:53:08+00:00","author":{"@id":""},"breadcrumb":{"@id":"https:\/\/www.blogsoestado.com\/danielmatos\/braide-descumpre-decisao-judicial-que-manda-sinalizar-e-instalar-protecao-em-viaduto-de-onde-motociclistas-ja-despencaram-para-a-morte\/#breadcrumb"},"inLanguage":"pt-BR","potentialAction":[{"@type":"ReadAction","target":["https:\/\/www.blogsoestado.com\/danielmatos\/braide-descumpre-decisao-judicial-que-manda-sinalizar-e-instalar-protecao-em-viaduto-de-onde-motociclistas-ja-despencaram-para-a-morte\/"]}]},{"@type":"ImageObject","inLanguage":"pt-BR","@id":"https:\/\/www.blogsoestado.com\/danielmatos\/braide-descumpre-decisao-judicial-que-manda-sinalizar-e-instalar-protecao-em-viaduto-de-onde-motociclistas-ja-despencaram-para-a-morte\/#primaryimage","url":"https:\/\/www.blogsoestado.com\/danielmatos\/files\/2022\/02\/Screenshot_20220211-0949442.png","contentUrl":"https:\/\/www.blogsoestado.com\/danielmatos\/files\/2022\/02\/Screenshot_20220211-0949442.png"},{"@type":"BreadcrumbList","@id":"https:\/\/www.blogsoestado.com\/danielmatos\/braide-descumpre-decisao-judicial-que-manda-sinalizar-e-instalar-protecao-em-viaduto-de-onde-motociclistas-ja-despencaram-para-a-morte\/#breadcrumb","itemListElement":[{"@type":"ListItem","position":1,"name":"In\u00edcio","item":"https:\/\/www.blogsoestado.com\/danielmatos\/"},{"@type":"ListItem","position":2,"name":"Braide descumpre decis\u00e3o judicial que manda sinalizar e instalar prote\u00e7\u00e3o em viaduto de onde motociclistas j\u00e1 despencaram para a morte"}]},{"@type":"WebSite","@id":"https:\/\/www.blogsoestado.com\/danielmatos\/#website","url":"https:\/\/www.blogsoestado.com\/danielmatos\/","name":"Daniel Matos","description":"","potentialAction":[{"@type":"SearchAction","target":{"@type":"EntryPoint","urlTemplate":"https:\/\/www.blogsoestado.com\/danielmatos\/?s={search_term_string}"},"query-input":{"@type":"PropertyValueSpecification","valueRequired":true,"valueName":"search_term_string"}}],"inLanguage":"pt-BR"}]}},"jetpack_featured_media_url":"","_links":{"self":[{"href":"https:\/\/www.blogsoestado.com\/danielmatos\/wp-json\/wp\/v2\/posts\/94203","targetHints":{"allow":["GET"]}}],"collection":[{"href":"https:\/\/www.blogsoestado.com\/danielmatos\/wp-json\/wp\/v2\/posts"}],"about":[{"href":"https:\/\/www.blogsoestado.com\/danielmatos\/wp-json\/wp\/v2\/types\/post"}],"replies":[{"embeddable":true,"href":"https:\/\/www.blogsoestado.com\/danielmatos\/wp-json\/wp\/v2\/comments?post=94203"}],"version-history":[{"count":0,"href":"https:\/\/www.blogsoestado.com\/danielmatos\/wp-json\/wp\/v2\/posts\/94203\/revisions"}],"wp:attachment":[{"href":"https:\/\/www.blogsoestado.com\/danielmatos\/wp-json\/wp\/v2\/media?parent=94203"}],"wp:term":[{"taxonomy":"category","embeddable":true,"href":"https:\/\/www.blogsoestado.com\/danielmatos\/wp-json\/wp\/v2\/categories?post=94203"},{"taxonomy":"post_tag","embeddable":true,"href":"https:\/\/www.blogsoestado.com\/danielmatos\/wp-json\/wp\/v2\/tags?post=94203"}],"curies":[{"name":"wp","href":"https:\/\/api.w.org\/{rel}","templated":true}]}}