{"id":94213,"date":"2022-02-11T13:27:04","date_gmt":"2022-02-11T16:27:04","guid":{"rendered":"https:\/\/www.blogsoestado.com\/danielmatos\/?p=94213"},"modified":"2022-02-11T13:27:04","modified_gmt":"2022-02-11T16:27:04","slug":"samba-de-quintal-neste-sabado-12-de-fevereiro","status":"publish","type":"post","link":"https:\/\/www.blogsoestado.com\/danielmatos\/samba-de-quintal-neste-sabado-12-de-fevereiro\/","title":{"rendered":"Samba de Quintal neste s\u00e1bado, 12 de fevereiro"},"content":{"rendered":"\n<div class=\"wp-block-image\"><figure class=\"aligncenter size-large\"><a href=\"https:\/\/www.blogsoestado.com\/danielmatos\/files\/2022\/02\/Screenshot_20220211-1320382.png\"><img decoding=\"async\" src=\"https:\/\/www.blogsoestado.com\/danielmatos\/files\/2022\/02\/Screenshot_20220211-1320382.png\" alt=\"\" class=\"wp-image-94214\"\/><\/a><figcaption>Grupo Feijoada Completa agita o Samba de Quintal neste s\u00e1bado 12 de fevereiro<\/figcaption><\/figure><\/div>\n\n\n\n<p>Anote na agenda: neste s\u00e1bado, 12 de fevereiro, os grupos Feijoada Completa e os Par\u00e7as voltam ao palco do Quintal Lagoa para mais um Samba de Quintal. O mais novo Gastrobar de S\u00e3o Lu\u00eds fica localizado na Lagoa da Jansen e abre as portas ao p\u00fablico a partir das 18h.\u00a0<\/p>\n\n\n\n<p>O Samba de Quintal vem se consagrando como o mais novo point de S\u00e3o Lu\u00eds para quem gosta de tudo genuinamente brasileiro: samba raiz, cerveja gelada e comida de boteco. Vale destacar que o espa\u00e7o \u00e9 totalmente coberto e amplo, ent\u00e3o o p\u00fablico pode cair no samba \u00e0 vontade, chuva nenhuma impedir\u00e1 a divers\u00e3o. O couvert (antecipado) \u00e9 R$ 30. Reservas ou mais informa\u00e7\u00f5es no telefone (98) 996230-6994. &nbsp;<\/p>\n\n\n\n<p>Lembrando que no Quintal Lagoa, de quarta a sexta-feira tem happy hour com chopp dobrado das 18h \u00e0s 20h.\u00a0\u00a0<\/p>\n\n\n\n<div class=\"wp-block-image\"><figure class=\"aligncenter size-large\"><a href=\"https:\/\/www.blogsoestado.com\/danielmatos\/files\/2022\/02\/Screenshot_20220211-1321042.png\"><img decoding=\"async\" src=\"https:\/\/www.blogsoestado.com\/danielmatos\/files\/2022\/02\/Screenshot_20220211-1321042.png\" alt=\"\" class=\"wp-image-94215\"\/><\/a><figcaption>Grupo Feijoada Completa agita o Samba de Quintal neste s\u00e1bado 12 de fevereiro<\/figcaption><\/figure><\/div>\n\n\n\n<p><strong>Sobre o Quintal Lagoa&nbsp;<\/strong><\/p>\n\n\n\n<p>O Quintal Lagoa, localizado na Lagoa da Jansen, proporciona aos clientes a atmosfera de boteco com ambiente amplo, atendimento personalizado e palco para receber expoentes do samba e artistas locais da nova gera\u00e7\u00e3o. O estabelecimento funciona de quarta a s\u00e1bado, das 18h \u00e0s 2h. &nbsp;<\/p>\n\n\n\n<p>O menu do Quintal Lagoa segue com petiscos tradicionais, como caldinho de feij\u00e3o, torresmo, lingui\u00e7a artesanal e outros aperitivos marcantes e apresenta tamb\u00e9m pratos exclusivos, como o L\u00edngua ao Vinho, j\u00e1 considerado a estrela da Casa. <\/p>\n\n\n\n<div class=\"wp-block-image\"><figure class=\"aligncenter size-large\"><a href=\"https:\/\/www.blogsoestado.com\/danielmatos\/files\/2022\/02\/Screenshot_20220211-1321242.png\"><img decoding=\"async\" src=\"https:\/\/www.blogsoestado.com\/danielmatos\/files\/2022\/02\/Screenshot_20220211-1321242.png\" alt=\"\" class=\"wp-image-94216\"\/><\/a><figcaption>Apresenta\u00e7\u00e3o das sambistas do Projeto As Marias no Samba de Quintal<br><strong>\u00a0<\/strong><\/figcaption><\/figure><\/div>\n\n\n\n<p>A estrutura do Quintal Lagoa conta com uma \u00e1rea ampla, totalmente arejada e convidativa e tem capacidade para receber 250 pessoas, sem d\u00favidas um boteco pensado nos m\u00ednimos detalhes para oferecer aos clientes um local \u00fanico de divers\u00e3o, de sabores marcantes para estar com fam\u00edlia e amigos. \u00a0<\/p>\n","protected":false},"excerpt":{"rendered":"<p>Anote na agenda: neste s\u00e1bado, 12 de fevereiro, os grupos Feijoada Completa e os Par\u00e7as voltam ao palco do Quintal [&hellip;]<\/p>\n","protected":false},"author":0,"featured_media":0,"comment_status":"open","ping_status":"open","sticky":false,"template":"","format":"standard","meta":{"site-sidebar-layout":"default","site-content-layout":"","ast-site-content-layout":"default","site-content-style":"default","site-sidebar-style":"default","ast-global-header-display":"","ast-banner-title-visibility":"","ast-main-header-display":"","ast-hfb-above-header-display":"","ast-hfb-below-header-display":"","ast-hfb-mobile-header-display":"","site-post-title":"","ast-breadcrumbs-content":"","ast-featured-img":"","footer-sml-layout":"","ast-disable-related-posts":"","theme-transparent-header-meta":"","adv-header-id-meta":"","stick-header-meta":"","header-above-stick-meta":"","header-main-stick-meta":"","header-below-stick-meta":"","astra-migrate-meta-layouts":"default","ast-page-background-enabled":"default","ast-page-background-meta":{"desktop":{"background-color":"var(--ast-global-color-5)","background-image":"","background-repeat":"repeat","background-position":"center center","background-size":"auto","background-attachment":"scroll","background-type":"","background-media":"","overlay-type":"","overlay-color":"","overlay-opacity":"","overlay-gradient":""},"tablet":{"background-color":"","background-image":"","background-repeat":"repeat","background-position":"center center","background-size":"auto","background-attachment":"scroll","background-type":"","background-media":"","overlay-type":"","overlay-color":"","overlay-opacity":"","overlay-gradient":""},"mobile":{"background-color":"","background-image":"","background-repeat":"repeat","background-position":"center center","background-size":"auto","background-attachment":"scroll","background-type":"","background-media":"","overlay-type":"","overlay-color":"","overlay-opacity":"","overlay-gradient":""}},"ast-content-background-meta":{"desktop":{"background-color":"var(--ast-global-color-4)","background-image":"","background-repeat":"repeat","background-position":"center center","background-size":"auto","background-attachment":"scroll","background-type":"","background-media":"","overlay-type":"","overlay-color":"","overlay-opacity":"","overlay-gradient":""},"tablet":{"background-color":"var(--ast-global-color-4)","background-image":"","background-repeat":"repeat","background-position":"center center","background-size":"auto","background-attachment":"scroll","background-type":"","background-media":"","overlay-type":"","overlay-color":"","overlay-opacity":"","overlay-gradient":""},"mobile":{"background-color":"var(--ast-global-color-4)","background-image":"","background-repeat":"repeat","background-position":"center center","background-size":"auto","background-attachment":"scroll","background-type":"","background-media":"","overlay-type":"","overlay-color":"","overlay-opacity":"","overlay-gradient":""}},"footnotes":""},"categories":[1],"tags":[],"class_list":["post-94213","post","type-post","status-publish","format-standard","hentry","category-sem-categoria"],"yoast_head":"<!-- This site is optimized with the Yoast SEO plugin v26.6 - https:\/\/yoast.com\/wordpress\/plugins\/seo\/ -->\n<title>Samba de Quintal neste s\u00e1bado, 12 de fevereiro - Daniel Matos<\/title>\n<meta name=\"robots\" content=\"index, follow, max-snippet:-1, max-image-preview:large, max-video-preview:-1\" \/>\n<link rel=\"canonical\" href=\"https:\/\/www.blogsoestado.com\/danielmatos\/samba-de-quintal-neste-sabado-12-de-fevereiro\/\" \/>\n<meta property=\"og:locale\" content=\"pt_BR\" \/>\n<meta property=\"og:type\" content=\"article\" \/>\n<meta property=\"og:title\" content=\"Samba de Quintal neste s\u00e1bado, 12 de fevereiro - Daniel Matos\" \/>\n<meta property=\"og:description\" content=\"Anote na agenda: neste s\u00e1bado, 12 de fevereiro, os grupos Feijoada Completa e os Par\u00e7as voltam ao palco do Quintal [&hellip;]\" \/>\n<meta property=\"og:url\" content=\"https:\/\/www.blogsoestado.com\/danielmatos\/samba-de-quintal-neste-sabado-12-de-fevereiro\/\" \/>\n<meta property=\"og:site_name\" content=\"Daniel Matos\" \/>\n<meta property=\"article:published_time\" content=\"2022-02-11T16:27:04+00:00\" \/>\n<meta property=\"og:image\" content=\"https:\/\/www.blogsoestado.com\/danielmatos\/files\/2022\/02\/Screenshot_20220211-1320382.png\" \/>\n<meta name=\"twitter:card\" content=\"summary_large_image\" \/>\n<meta name=\"twitter:label1\" content=\"Est. tempo de leitura\" \/>\n\t<meta name=\"twitter:data1\" content=\"2 minutos\" \/>\n<script type=\"application\/ld+json\" class=\"yoast-schema-graph\">{\"@context\":\"https:\/\/schema.org\",\"@graph\":[{\"@type\":\"WebPage\",\"@id\":\"https:\/\/www.blogsoestado.com\/danielmatos\/samba-de-quintal-neste-sabado-12-de-fevereiro\/\",\"url\":\"https:\/\/www.blogsoestado.com\/danielmatos\/samba-de-quintal-neste-sabado-12-de-fevereiro\/\",\"name\":\"Samba de Quintal neste s\u00e1bado, 12 de fevereiro - Daniel Matos\",\"isPartOf\":{\"@id\":\"https:\/\/www.blogsoestado.com\/danielmatos\/#website\"},\"primaryImageOfPage\":{\"@id\":\"https:\/\/www.blogsoestado.com\/danielmatos\/samba-de-quintal-neste-sabado-12-de-fevereiro\/#primaryimage\"},\"image\":{\"@id\":\"https:\/\/www.blogsoestado.com\/danielmatos\/samba-de-quintal-neste-sabado-12-de-fevereiro\/#primaryimage\"},\"thumbnailUrl\":\"https:\/\/www.blogsoestado.com\/danielmatos\/files\/2022\/02\/Screenshot_20220211-1320382.png\",\"datePublished\":\"2022-02-11T16:27:04+00:00\",\"author\":{\"@id\":\"\"},\"breadcrumb\":{\"@id\":\"https:\/\/www.blogsoestado.com\/danielmatos\/samba-de-quintal-neste-sabado-12-de-fevereiro\/#breadcrumb\"},\"inLanguage\":\"pt-BR\",\"potentialAction\":[{\"@type\":\"ReadAction\",\"target\":[\"https:\/\/www.blogsoestado.com\/danielmatos\/samba-de-quintal-neste-sabado-12-de-fevereiro\/\"]}]},{\"@type\":\"ImageObject\",\"inLanguage\":\"pt-BR\",\"@id\":\"https:\/\/www.blogsoestado.com\/danielmatos\/samba-de-quintal-neste-sabado-12-de-fevereiro\/#primaryimage\",\"url\":\"https:\/\/www.blogsoestado.com\/danielmatos\/files\/2022\/02\/Screenshot_20220211-1320382.png\",\"contentUrl\":\"https:\/\/www.blogsoestado.com\/danielmatos\/files\/2022\/02\/Screenshot_20220211-1320382.png\"},{\"@type\":\"BreadcrumbList\",\"@id\":\"https:\/\/www.blogsoestado.com\/danielmatos\/samba-de-quintal-neste-sabado-12-de-fevereiro\/#breadcrumb\",\"itemListElement\":[{\"@type\":\"ListItem\",\"position\":1,\"name\":\"In\u00edcio\",\"item\":\"https:\/\/www.blogsoestado.com\/danielmatos\/\"},{\"@type\":\"ListItem\",\"position\":2,\"name\":\"Samba de Quintal neste s\u00e1bado, 12 de fevereiro\"}]},{\"@type\":\"WebSite\",\"@id\":\"https:\/\/www.blogsoestado.com\/danielmatos\/#website\",\"url\":\"https:\/\/www.blogsoestado.com\/danielmatos\/\",\"name\":\"Daniel Matos\",\"description\":\"\",\"potentialAction\":[{\"@type\":\"SearchAction\",\"target\":{\"@type\":\"EntryPoint\",\"urlTemplate\":\"https:\/\/www.blogsoestado.com\/danielmatos\/?s={search_term_string}\"},\"query-input\":{\"@type\":\"PropertyValueSpecification\",\"valueRequired\":true,\"valueName\":\"search_term_string\"}}],\"inLanguage\":\"pt-BR\"}]}<\/script>\n<!-- \/ Yoast SEO plugin. -->","yoast_head_json":{"title":"Samba de Quintal neste s\u00e1bado, 12 de fevereiro - Daniel Matos","robots":{"index":"index","follow":"follow","max-snippet":"max-snippet:-1","max-image-preview":"max-image-preview:large","max-video-preview":"max-video-preview:-1"},"canonical":"https:\/\/www.blogsoestado.com\/danielmatos\/samba-de-quintal-neste-sabado-12-de-fevereiro\/","og_locale":"pt_BR","og_type":"article","og_title":"Samba de Quintal neste s\u00e1bado, 12 de fevereiro - Daniel Matos","og_description":"Anote na agenda: neste s\u00e1bado, 12 de fevereiro, os grupos Feijoada Completa e os Par\u00e7as voltam ao palco do Quintal [&hellip;]","og_url":"https:\/\/www.blogsoestado.com\/danielmatos\/samba-de-quintal-neste-sabado-12-de-fevereiro\/","og_site_name":"Daniel Matos","article_published_time":"2022-02-11T16:27:04+00:00","og_image":[{"url":"https:\/\/www.blogsoestado.com\/danielmatos\/files\/2022\/02\/Screenshot_20220211-1320382.png","type":"","width":"","height":""}],"twitter_card":"summary_large_image","twitter_misc":{"Est. tempo de leitura":"2 minutos"},"schema":{"@context":"https:\/\/schema.org","@graph":[{"@type":"WebPage","@id":"https:\/\/www.blogsoestado.com\/danielmatos\/samba-de-quintal-neste-sabado-12-de-fevereiro\/","url":"https:\/\/www.blogsoestado.com\/danielmatos\/samba-de-quintal-neste-sabado-12-de-fevereiro\/","name":"Samba de Quintal neste s\u00e1bado, 12 de fevereiro - Daniel Matos","isPartOf":{"@id":"https:\/\/www.blogsoestado.com\/danielmatos\/#website"},"primaryImageOfPage":{"@id":"https:\/\/www.blogsoestado.com\/danielmatos\/samba-de-quintal-neste-sabado-12-de-fevereiro\/#primaryimage"},"image":{"@id":"https:\/\/www.blogsoestado.com\/danielmatos\/samba-de-quintal-neste-sabado-12-de-fevereiro\/#primaryimage"},"thumbnailUrl":"https:\/\/www.blogsoestado.com\/danielmatos\/files\/2022\/02\/Screenshot_20220211-1320382.png","datePublished":"2022-02-11T16:27:04+00:00","author":{"@id":""},"breadcrumb":{"@id":"https:\/\/www.blogsoestado.com\/danielmatos\/samba-de-quintal-neste-sabado-12-de-fevereiro\/#breadcrumb"},"inLanguage":"pt-BR","potentialAction":[{"@type":"ReadAction","target":["https:\/\/www.blogsoestado.com\/danielmatos\/samba-de-quintal-neste-sabado-12-de-fevereiro\/"]}]},{"@type":"ImageObject","inLanguage":"pt-BR","@id":"https:\/\/www.blogsoestado.com\/danielmatos\/samba-de-quintal-neste-sabado-12-de-fevereiro\/#primaryimage","url":"https:\/\/www.blogsoestado.com\/danielmatos\/files\/2022\/02\/Screenshot_20220211-1320382.png","contentUrl":"https:\/\/www.blogsoestado.com\/danielmatos\/files\/2022\/02\/Screenshot_20220211-1320382.png"},{"@type":"BreadcrumbList","@id":"https:\/\/www.blogsoestado.com\/danielmatos\/samba-de-quintal-neste-sabado-12-de-fevereiro\/#breadcrumb","itemListElement":[{"@type":"ListItem","position":1,"name":"In\u00edcio","item":"https:\/\/www.blogsoestado.com\/danielmatos\/"},{"@type":"ListItem","position":2,"name":"Samba de Quintal neste s\u00e1bado, 12 de fevereiro"}]},{"@type":"WebSite","@id":"https:\/\/www.blogsoestado.com\/danielmatos\/#website","url":"https:\/\/www.blogsoestado.com\/danielmatos\/","name":"Daniel Matos","description":"","potentialAction":[{"@type":"SearchAction","target":{"@type":"EntryPoint","urlTemplate":"https:\/\/www.blogsoestado.com\/danielmatos\/?s={search_term_string}"},"query-input":{"@type":"PropertyValueSpecification","valueRequired":true,"valueName":"search_term_string"}}],"inLanguage":"pt-BR"}]}},"jetpack_featured_media_url":"","_links":{"self":[{"href":"https:\/\/www.blogsoestado.com\/danielmatos\/wp-json\/wp\/v2\/posts\/94213","targetHints":{"allow":["GET"]}}],"collection":[{"href":"https:\/\/www.blogsoestado.com\/danielmatos\/wp-json\/wp\/v2\/posts"}],"about":[{"href":"https:\/\/www.blogsoestado.com\/danielmatos\/wp-json\/wp\/v2\/types\/post"}],"replies":[{"embeddable":true,"href":"https:\/\/www.blogsoestado.com\/danielmatos\/wp-json\/wp\/v2\/comments?post=94213"}],"version-history":[{"count":0,"href":"https:\/\/www.blogsoestado.com\/danielmatos\/wp-json\/wp\/v2\/posts\/94213\/revisions"}],"wp:attachment":[{"href":"https:\/\/www.blogsoestado.com\/danielmatos\/wp-json\/wp\/v2\/media?parent=94213"}],"wp:term":[{"taxonomy":"category","embeddable":true,"href":"https:\/\/www.blogsoestado.com\/danielmatos\/wp-json\/wp\/v2\/categories?post=94213"},{"taxonomy":"post_tag","embeddable":true,"href":"https:\/\/www.blogsoestado.com\/danielmatos\/wp-json\/wp\/v2\/tags?post=94213"}],"curies":[{"name":"wp","href":"https:\/\/api.w.org\/{rel}","templated":true}]}}