{"id":94218,"date":"2022-02-11T14:42:58","date_gmt":"2022-02-11T17:42:58","guid":{"rendered":"https:\/\/www.blogsoestado.com\/danielmatos\/?p=94218"},"modified":"2022-02-11T14:42:58","modified_gmt":"2022-02-11T17:42:58","slug":"othelino-da-boas-vindas-a-jefferson-portela-apos-anuncio-de-filiacao-ao-pdt","status":"publish","type":"post","link":"https:\/\/www.blogsoestado.com\/danielmatos\/othelino-da-boas-vindas-a-jefferson-portela-apos-anuncio-de-filiacao-ao-pdt\/","title":{"rendered":"Othelino d\u00e1 boas-vindas a Jefferson Portela ap\u00f3s an\u00fancio de filia\u00e7\u00e3o ao PDT"},"content":{"rendered":"\n<div class=\"wp-block-image\"><figure class=\"aligncenter size-large\"><a href=\"https:\/\/www.blogsoestado.com\/danielmatos\/files\/2022\/02\/Screenshot_20220211-1440012.png\"><img decoding=\"async\" src=\"https:\/\/www.blogsoestado.com\/danielmatos\/files\/2022\/02\/Screenshot_20220211-1440012.png\" alt=\"\" class=\"wp-image-94219\"\/><\/a><figcaption>Jefferson Portela agradeceu o apoio do presidente Othelino que, na semana passada, tamb\u00e9m anunciou sua filia\u00e7\u00e3o ao PDT<\/figcaption><\/figure><\/div>\n\n\n\n<p>O presidente da Assembleia Legislativa do Maranh\u00e3o, deputado Othelino Neto (PCdoB), participou da coletiva de imprensa, nesta sexta-feira (11), em que foi anunciada a filia\u00e7\u00e3o do ex-secret\u00e1rio estadual de Seguran\u00e7a P\u00fablica, Jefferson Portela, ao PDT e sua pr\u00e9-candidatura a deputado federal nas elei\u00e7\u00f5es de 2022. A oficializa\u00e7\u00e3o acontecer\u00e1 em mar\u00e7o, quando a Justi\u00e7a Eleitoral abre a janela partid\u00e1ria.<\/p>\n\n\n\n<p>Na oportunidade, o chefe do Legislativo deu as boas-vindas ao delegado. \u201cJefferson ser\u00e1 uma importante ades\u00e3o ao nosso grupo nos aspectos pol\u00edtico e program\u00e1tico pelo excelente trabalho realizado \u00e0 frente do Sistema de Seguran\u00e7a P\u00fablica, nos \u00faltimos sete anos, conseguindo reverter os graves indicadores de viol\u00eancia em que viv\u00edamos, em anos anteriores, no Maranh\u00e3o\u201d, destacou.<\/p>\n\n\n\n<p>Jefferson Portela agradeceu o apoio do presidente Othelino que, na semana passada, tamb\u00e9m anunciou sua filia\u00e7\u00e3o ao PDT. \u201c\u00c9ramos do PCdoB e nos reencontramos no PDT, porque continuamos defendendo o que acreditamos, que \u00e9 um trabalho social dentro da pol\u00edtica\u201d, disse o ex-secret\u00e1rio ap\u00f3s declarar, mais uma vez, seu apoio \u00e0 pr\u00e9-campanha do senador Weverton Rocha ao governo do Estado.<\/p>\n\n\n\n<p>O senador e l\u00edder do PDT no Maranh\u00e3o tamb\u00e9m deu as boas-vindas ao novo colega partid\u00e1rio, destacando a importante atua\u00e7\u00e3o de Jefferson Portela na Secretaria de Seguran\u00e7a. \u201cTem um trabalho fant\u00e1stico, que precisa continuar no Estado. Agora, como pr\u00e9-candidato a deputado federal no PDT, somar\u00e1 para nos fortalecer no plano de governo do sistema de seguran\u00e7a, refor\u00e7ando mais o nosso time e propostas para os maranhenses\u201d, ressaltou Weverton.<\/p>\n\n\n\n<p>A coletiva de imprensa contou, ainda, com as presen\u00e7as de outras autoridades pol\u00edticas filiadas ao Partido Democr\u00e1tico Trabalhista do Maranh\u00e3o, entre elas o vice-presidente da Assembleia, deputado Glalbert Cutrim, e o presidente da Federa\u00e7\u00e3o dos Munic\u00edpios do Maranh\u00e3o (Famem), prefeito Erl\u00e2nio Xavier.<\/p>\n","protected":false},"excerpt":{"rendered":"<p>O presidente da Assembleia Legislativa do Maranh\u00e3o, deputado Othelino Neto (PCdoB), participou da coletiva de imprensa, nesta sexta-feira (11), em [&hellip;]<\/p>\n","protected":false},"author":0,"featured_media":0,"comment_status":"open","ping_status":"open","sticky":false,"template":"","format":"standard","meta":{"site-sidebar-layout":"default","site-content-layout":"","ast-site-content-layout":"default","site-content-style":"default","site-sidebar-style":"default","ast-global-header-display":"","ast-banner-title-visibility":"","ast-main-header-display":"","ast-hfb-above-header-display":"","ast-hfb-below-header-display":"","ast-hfb-mobile-header-display":"","site-post-title":"","ast-breadcrumbs-content":"","ast-featured-img":"","footer-sml-layout":"","ast-disable-related-posts":"","theme-transparent-header-meta":"","adv-header-id-meta":"","stick-header-meta":"","header-above-stick-meta":"","header-main-stick-meta":"","header-below-stick-meta":"","astra-migrate-meta-layouts":"default","ast-page-background-enabled":"default","ast-page-background-meta":{"desktop":{"background-color":"var(--ast-global-color-5)","background-image":"","background-repeat":"repeat","background-position":"center center","background-size":"auto","background-attachment":"scroll","background-type":"","background-media":"","overlay-type":"","overlay-color":"","overlay-opacity":"","overlay-gradient":""},"tablet":{"background-color":"","background-image":"","background-repeat":"repeat","background-position":"center center","background-size":"auto","background-attachment":"scroll","background-type":"","background-media":"","overlay-type":"","overlay-color":"","overlay-opacity":"","overlay-gradient":""},"mobile":{"background-color":"","background-image":"","background-repeat":"repeat","background-position":"center center","background-size":"auto","background-attachment":"scroll","background-type":"","background-media":"","overlay-type":"","overlay-color":"","overlay-opacity":"","overlay-gradient":""}},"ast-content-background-meta":{"desktop":{"background-color":"var(--ast-global-color-4)","background-image":"","background-repeat":"repeat","background-position":"center center","background-size":"auto","background-attachment":"scroll","background-type":"","background-media":"","overlay-type":"","overlay-color":"","overlay-opacity":"","overlay-gradient":""},"tablet":{"background-color":"var(--ast-global-color-4)","background-image":"","background-repeat":"repeat","background-position":"center center","background-size":"auto","background-attachment":"scroll","background-type":"","background-media":"","overlay-type":"","overlay-color":"","overlay-opacity":"","overlay-gradient":""},"mobile":{"background-color":"var(--ast-global-color-4)","background-image":"","background-repeat":"repeat","background-position":"center center","background-size":"auto","background-attachment":"scroll","background-type":"","background-media":"","overlay-type":"","overlay-color":"","overlay-opacity":"","overlay-gradient":""}},"footnotes":""},"categories":[1],"tags":[],"class_list":["post-94218","post","type-post","status-publish","format-standard","hentry","category-sem-categoria"],"yoast_head":"<!-- This site is optimized with the Yoast SEO plugin v26.6 - https:\/\/yoast.com\/wordpress\/plugins\/seo\/ -->\n<title>Othelino d\u00e1 boas-vindas a Jefferson Portela ap\u00f3s an\u00fancio de filia\u00e7\u00e3o ao PDT - Daniel Matos<\/title>\n<meta name=\"robots\" content=\"index, follow, max-snippet:-1, max-image-preview:large, max-video-preview:-1\" \/>\n<link rel=\"canonical\" href=\"https:\/\/www.blogsoestado.com\/danielmatos\/othelino-da-boas-vindas-a-jefferson-portela-apos-anuncio-de-filiacao-ao-pdt\/\" \/>\n<meta property=\"og:locale\" content=\"pt_BR\" \/>\n<meta property=\"og:type\" content=\"article\" \/>\n<meta property=\"og:title\" content=\"Othelino d\u00e1 boas-vindas a Jefferson Portela ap\u00f3s an\u00fancio de filia\u00e7\u00e3o ao PDT - Daniel Matos\" \/>\n<meta property=\"og:description\" content=\"O presidente da Assembleia Legislativa do Maranh\u00e3o, deputado Othelino Neto (PCdoB), participou da coletiva de imprensa, nesta sexta-feira (11), em [&hellip;]\" \/>\n<meta property=\"og:url\" content=\"https:\/\/www.blogsoestado.com\/danielmatos\/othelino-da-boas-vindas-a-jefferson-portela-apos-anuncio-de-filiacao-ao-pdt\/\" \/>\n<meta property=\"og:site_name\" content=\"Daniel Matos\" \/>\n<meta property=\"article:published_time\" content=\"2022-02-11T17:42:58+00:00\" \/>\n<meta property=\"og:image\" content=\"https:\/\/www.blogsoestado.com\/danielmatos\/files\/2022\/02\/Screenshot_20220211-1440012.png\" \/>\n<meta name=\"twitter:card\" content=\"summary_large_image\" \/>\n<meta name=\"twitter:label1\" content=\"Est. tempo de leitura\" \/>\n\t<meta name=\"twitter:data1\" content=\"2 minutos\" \/>\n<script type=\"application\/ld+json\" class=\"yoast-schema-graph\">{\"@context\":\"https:\/\/schema.org\",\"@graph\":[{\"@type\":\"WebPage\",\"@id\":\"https:\/\/www.blogsoestado.com\/danielmatos\/othelino-da-boas-vindas-a-jefferson-portela-apos-anuncio-de-filiacao-ao-pdt\/\",\"url\":\"https:\/\/www.blogsoestado.com\/danielmatos\/othelino-da-boas-vindas-a-jefferson-portela-apos-anuncio-de-filiacao-ao-pdt\/\",\"name\":\"Othelino d\u00e1 boas-vindas a Jefferson Portela ap\u00f3s an\u00fancio de filia\u00e7\u00e3o ao PDT - Daniel Matos\",\"isPartOf\":{\"@id\":\"https:\/\/www.blogsoestado.com\/danielmatos\/#website\"},\"primaryImageOfPage\":{\"@id\":\"https:\/\/www.blogsoestado.com\/danielmatos\/othelino-da-boas-vindas-a-jefferson-portela-apos-anuncio-de-filiacao-ao-pdt\/#primaryimage\"},\"image\":{\"@id\":\"https:\/\/www.blogsoestado.com\/danielmatos\/othelino-da-boas-vindas-a-jefferson-portela-apos-anuncio-de-filiacao-ao-pdt\/#primaryimage\"},\"thumbnailUrl\":\"https:\/\/www.blogsoestado.com\/danielmatos\/files\/2022\/02\/Screenshot_20220211-1440012.png\",\"datePublished\":\"2022-02-11T17:42:58+00:00\",\"author\":{\"@id\":\"\"},\"breadcrumb\":{\"@id\":\"https:\/\/www.blogsoestado.com\/danielmatos\/othelino-da-boas-vindas-a-jefferson-portela-apos-anuncio-de-filiacao-ao-pdt\/#breadcrumb\"},\"inLanguage\":\"pt-BR\",\"potentialAction\":[{\"@type\":\"ReadAction\",\"target\":[\"https:\/\/www.blogsoestado.com\/danielmatos\/othelino-da-boas-vindas-a-jefferson-portela-apos-anuncio-de-filiacao-ao-pdt\/\"]}]},{\"@type\":\"ImageObject\",\"inLanguage\":\"pt-BR\",\"@id\":\"https:\/\/www.blogsoestado.com\/danielmatos\/othelino-da-boas-vindas-a-jefferson-portela-apos-anuncio-de-filiacao-ao-pdt\/#primaryimage\",\"url\":\"https:\/\/www.blogsoestado.com\/danielmatos\/files\/2022\/02\/Screenshot_20220211-1440012.png\",\"contentUrl\":\"https:\/\/www.blogsoestado.com\/danielmatos\/files\/2022\/02\/Screenshot_20220211-1440012.png\"},{\"@type\":\"BreadcrumbList\",\"@id\":\"https:\/\/www.blogsoestado.com\/danielmatos\/othelino-da-boas-vindas-a-jefferson-portela-apos-anuncio-de-filiacao-ao-pdt\/#breadcrumb\",\"itemListElement\":[{\"@type\":\"ListItem\",\"position\":1,\"name\":\"In\u00edcio\",\"item\":\"https:\/\/www.blogsoestado.com\/danielmatos\/\"},{\"@type\":\"ListItem\",\"position\":2,\"name\":\"Othelino d\u00e1 boas-vindas a Jefferson Portela ap\u00f3s an\u00fancio de filia\u00e7\u00e3o ao PDT\"}]},{\"@type\":\"WebSite\",\"@id\":\"https:\/\/www.blogsoestado.com\/danielmatos\/#website\",\"url\":\"https:\/\/www.blogsoestado.com\/danielmatos\/\",\"name\":\"Daniel Matos\",\"description\":\"\",\"potentialAction\":[{\"@type\":\"SearchAction\",\"target\":{\"@type\":\"EntryPoint\",\"urlTemplate\":\"https:\/\/www.blogsoestado.com\/danielmatos\/?s={search_term_string}\"},\"query-input\":{\"@type\":\"PropertyValueSpecification\",\"valueRequired\":true,\"valueName\":\"search_term_string\"}}],\"inLanguage\":\"pt-BR\"}]}<\/script>\n<!-- \/ Yoast SEO plugin. -->","yoast_head_json":{"title":"Othelino d\u00e1 boas-vindas a Jefferson Portela ap\u00f3s an\u00fancio de filia\u00e7\u00e3o ao PDT - Daniel Matos","robots":{"index":"index","follow":"follow","max-snippet":"max-snippet:-1","max-image-preview":"max-image-preview:large","max-video-preview":"max-video-preview:-1"},"canonical":"https:\/\/www.blogsoestado.com\/danielmatos\/othelino-da-boas-vindas-a-jefferson-portela-apos-anuncio-de-filiacao-ao-pdt\/","og_locale":"pt_BR","og_type":"article","og_title":"Othelino d\u00e1 boas-vindas a Jefferson Portela ap\u00f3s an\u00fancio de filia\u00e7\u00e3o ao PDT - Daniel Matos","og_description":"O presidente da Assembleia Legislativa do Maranh\u00e3o, deputado Othelino Neto (PCdoB), participou da coletiva de imprensa, nesta sexta-feira (11), em [&hellip;]","og_url":"https:\/\/www.blogsoestado.com\/danielmatos\/othelino-da-boas-vindas-a-jefferson-portela-apos-anuncio-de-filiacao-ao-pdt\/","og_site_name":"Daniel Matos","article_published_time":"2022-02-11T17:42:58+00:00","og_image":[{"url":"https:\/\/www.blogsoestado.com\/danielmatos\/files\/2022\/02\/Screenshot_20220211-1440012.png","type":"","width":"","height":""}],"twitter_card":"summary_large_image","twitter_misc":{"Est. tempo de leitura":"2 minutos"},"schema":{"@context":"https:\/\/schema.org","@graph":[{"@type":"WebPage","@id":"https:\/\/www.blogsoestado.com\/danielmatos\/othelino-da-boas-vindas-a-jefferson-portela-apos-anuncio-de-filiacao-ao-pdt\/","url":"https:\/\/www.blogsoestado.com\/danielmatos\/othelino-da-boas-vindas-a-jefferson-portela-apos-anuncio-de-filiacao-ao-pdt\/","name":"Othelino d\u00e1 boas-vindas a Jefferson Portela ap\u00f3s an\u00fancio de filia\u00e7\u00e3o ao PDT - Daniel Matos","isPartOf":{"@id":"https:\/\/www.blogsoestado.com\/danielmatos\/#website"},"primaryImageOfPage":{"@id":"https:\/\/www.blogsoestado.com\/danielmatos\/othelino-da-boas-vindas-a-jefferson-portela-apos-anuncio-de-filiacao-ao-pdt\/#primaryimage"},"image":{"@id":"https:\/\/www.blogsoestado.com\/danielmatos\/othelino-da-boas-vindas-a-jefferson-portela-apos-anuncio-de-filiacao-ao-pdt\/#primaryimage"},"thumbnailUrl":"https:\/\/www.blogsoestado.com\/danielmatos\/files\/2022\/02\/Screenshot_20220211-1440012.png","datePublished":"2022-02-11T17:42:58+00:00","author":{"@id":""},"breadcrumb":{"@id":"https:\/\/www.blogsoestado.com\/danielmatos\/othelino-da-boas-vindas-a-jefferson-portela-apos-anuncio-de-filiacao-ao-pdt\/#breadcrumb"},"inLanguage":"pt-BR","potentialAction":[{"@type":"ReadAction","target":["https:\/\/www.blogsoestado.com\/danielmatos\/othelino-da-boas-vindas-a-jefferson-portela-apos-anuncio-de-filiacao-ao-pdt\/"]}]},{"@type":"ImageObject","inLanguage":"pt-BR","@id":"https:\/\/www.blogsoestado.com\/danielmatos\/othelino-da-boas-vindas-a-jefferson-portela-apos-anuncio-de-filiacao-ao-pdt\/#primaryimage","url":"https:\/\/www.blogsoestado.com\/danielmatos\/files\/2022\/02\/Screenshot_20220211-1440012.png","contentUrl":"https:\/\/www.blogsoestado.com\/danielmatos\/files\/2022\/02\/Screenshot_20220211-1440012.png"},{"@type":"BreadcrumbList","@id":"https:\/\/www.blogsoestado.com\/danielmatos\/othelino-da-boas-vindas-a-jefferson-portela-apos-anuncio-de-filiacao-ao-pdt\/#breadcrumb","itemListElement":[{"@type":"ListItem","position":1,"name":"In\u00edcio","item":"https:\/\/www.blogsoestado.com\/danielmatos\/"},{"@type":"ListItem","position":2,"name":"Othelino d\u00e1 boas-vindas a Jefferson Portela ap\u00f3s an\u00fancio de filia\u00e7\u00e3o ao PDT"}]},{"@type":"WebSite","@id":"https:\/\/www.blogsoestado.com\/danielmatos\/#website","url":"https:\/\/www.blogsoestado.com\/danielmatos\/","name":"Daniel Matos","description":"","potentialAction":[{"@type":"SearchAction","target":{"@type":"EntryPoint","urlTemplate":"https:\/\/www.blogsoestado.com\/danielmatos\/?s={search_term_string}"},"query-input":{"@type":"PropertyValueSpecification","valueRequired":true,"valueName":"search_term_string"}}],"inLanguage":"pt-BR"}]}},"jetpack_featured_media_url":"","_links":{"self":[{"href":"https:\/\/www.blogsoestado.com\/danielmatos\/wp-json\/wp\/v2\/posts\/94218","targetHints":{"allow":["GET"]}}],"collection":[{"href":"https:\/\/www.blogsoestado.com\/danielmatos\/wp-json\/wp\/v2\/posts"}],"about":[{"href":"https:\/\/www.blogsoestado.com\/danielmatos\/wp-json\/wp\/v2\/types\/post"}],"replies":[{"embeddable":true,"href":"https:\/\/www.blogsoestado.com\/danielmatos\/wp-json\/wp\/v2\/comments?post=94218"}],"version-history":[{"count":0,"href":"https:\/\/www.blogsoestado.com\/danielmatos\/wp-json\/wp\/v2\/posts\/94218\/revisions"}],"wp:attachment":[{"href":"https:\/\/www.blogsoestado.com\/danielmatos\/wp-json\/wp\/v2\/media?parent=94218"}],"wp:term":[{"taxonomy":"category","embeddable":true,"href":"https:\/\/www.blogsoestado.com\/danielmatos\/wp-json\/wp\/v2\/categories?post=94218"},{"taxonomy":"post_tag","embeddable":true,"href":"https:\/\/www.blogsoestado.com\/danielmatos\/wp-json\/wp\/v2\/tags?post=94218"}],"curies":[{"name":"wp","href":"https:\/\/api.w.org\/{rel}","templated":true}]}}