{"id":94221,"date":"2022-02-11T16:27:36","date_gmt":"2022-02-11T19:27:36","guid":{"rendered":"https:\/\/www.blogsoestado.com\/danielmatos\/?p=94221"},"modified":"2022-02-11T16:27:36","modified_gmt":"2022-02-11T19:27:36","slug":"neuromodulacao-sera-tema-de-palestra-em-sao-luis-neste-sabado-12","status":"publish","type":"post","link":"https:\/\/www.blogsoestado.com\/danielmatos\/neuromodulacao-sera-tema-de-palestra-em-sao-luis-neste-sabado-12\/","title":{"rendered":"Neuromodula\u00e7\u00e3o ser\u00e1 tema de palestra em S\u00e3o Lu\u00eds neste s\u00e1bado (12)"},"content":{"rendered":"\n<p><strong><span class=\"has-inline-color has-vivid-red-color\">T\u00e9cnica j\u00e1 se estabeleceu como ferramenta eficaz no tratamento de depress\u00f5es, ansiedades, compuls\u00f5es e dores cr\u00f4nicas; atrav\u00e9s da utiliza\u00e7\u00e3o de ondas magn\u00e9ticas<\/span><\/strong>.<\/p>\n\n\n\n<div class=\"wp-block-image\"><figure class=\"aligncenter size-large\"><a href=\"https:\/\/www.blogsoestado.com\/danielmatos\/files\/2022\/02\/Screenshot_20220211-1617342.png\"><img decoding=\"async\" src=\"https:\/\/www.blogsoestado.com\/danielmatos\/files\/2022\/02\/Screenshot_20220211-1617342.png\" alt=\"\" class=\"wp-image-94222\"\/><\/a><figcaption>A neuromodula\u00e7\u00e3o \u00e9 uma nova ferramenta empregada com o intuito de reorganizar os caminhos (\u201cmodula\u00e7\u00e3o\u201d) dos neur\u00f4nios (\u201cneuro\u201d) e suas sinapses no sistema nervoso<\/figcaption><\/figure><\/div>\n\n\n\n<p>A neuromodula\u00e7\u00e3o n\u00e3o invasiva ser\u00e1 tema de palestra gratuita, neste s\u00e1bado (12), em S\u00e3o Lu\u00eds, a ser proferida pelos renomados psiquiatras Lucas Barrione e Andre Brunoni.O evento, promovido pela TAU Medicina Integrativa, acontecer\u00e1 no audit\u00f3rio do Hotel Litor\u00e2nea Praia, no hor\u00e1rio das 8h ao meio dia, e reunir\u00e1 profissionais da \u00e1rea.<\/p>\n\n\n\n<p>A neuromodula\u00e7\u00e3o \u00e9 uma nova ferramenta empregada com o intuito de reorganizar os caminhos (\u201cmodula\u00e7\u00e3o\u201d) dos neur\u00f4nios (\u201cneuro\u201d) e suas sinapses no sistema nervoso.<br>Dentre as t\u00e9cnicas de neuromodula\u00e7\u00e3o n\u00e3o invasiva, est\u00e1 a Estimula\u00e7\u00e3o Magn\u00e9tica Transcraniana (EMT), com uso de ondas magn\u00e9ticas, indicada para pessoas com sintomas obsessivos e compulsivos, que tenham cefaleia persistente, dores cr\u00f4nicas, fibromialgia, sintomas de tristeza e ang\u00fastia persistentes que n\u00e3o respondem ao tratamento medicamentoso; possuem queixas de mem\u00f3ria associada ao quadro depressivo e ansioso; al\u00e9m de problemas no sono.<\/p>\n\n\n\n<p>O uso da neuromodula\u00e7\u00e3o n\u00e3o invasiva permite a libera\u00e7\u00e3o de opi\u00f3ides end\u00f3genos que auxiliam no al\u00edvio da dor.<br>Para os quadros de fibromialgia, ajuda nos sintomas como fadiga, rigidez matinal e humor. Os tipos de Estimula\u00e7\u00e3o Magn\u00e9tica s\u00e3o: excitat\u00f3ria, inibit\u00f3ria e Theta Burst.<\/p>\n\n\n\n<p>A excitat\u00f3ria promove facilita\u00e7\u00f5es das vias corticoespinhais e \u00e9 utilizada para tratar dor, depress\u00e3o, algumas ataxias, entre outros quadros.<\/p>\n\n\n\n<p>A inibit\u00f3ria: tende a fazer o efeito oposto. \u00c9 feita a 1Hz e utilizada para zumbido, alguns tipos de ataxias, depress\u00e3o em alguns quadros, alucina\u00e7\u00e3o auditiva na esquizifrenia. <\/p>\n\n\n\n<p>J\u00e1 a Theta Burst pode ser do tipo intermitente, que \u00e9 muito parecido com a estimula\u00e7\u00e3o excitat\u00f3ria, pois promove a facilita\u00e7\u00e3o das vias corticoespinhais. Ou pode ser cont\u00ednuo, que \u00e9 mais parecido com a estimula\u00e7\u00e3o inibit\u00f3ria. Suas sess\u00f5es s\u00e3o mais curtas, durando em torno de tr\u00eas a quatro minutos.<\/p>\n\n\n\n<p><strong>Sobre os palestrantes <\/strong><\/p>\n\n\n\n<ul class=\"wp-block-list\"><li>Dr. Lucas Barrione \u00e9 psiquiatra do setor interdisciplinar de neuromodula\u00e7\u00e3o do Instituto de Psiquiatria do HC\/FMUSP. \u00c9 doutorando em Ci\u00eancias M\u00e9dicas pela FMUSP e mestre em Ci\u00eancias pela Faculdade de Medicina da Universidade de S\u00e3o Paulo.<\/li><li><\/li><li>Andr\u00e9 Brunoni \u00e9 professor associado e livre-docente da Faculdade de Medicina da USP. Diretor do Servi\u00e7o Interdisciplinar de Neuromodula\u00e7\u00e3o e Diretor Cient\u00edfico do Servi\u00e7o de ECT do Instituto de Psiquiatria da Faculdade de Medicina da USP. Professor visitante da Faculdade de Munique pela Funda\u00e7\u00e3o Humboldt da Alemanha e Fellow da Universidade de Oxford pela Academia de Ci\u00eancias M\u00e9dicas do Reino Unido. Pesquisador altamente citado em 2019, 2020 e 2021 pelo Web of Science; com MBA em andamento pela USP.<\/li><\/ul>\n\n\n\n<p><strong>SERVI\u00c7O<\/strong><\/p>\n\n\n\n<p><strong>O QUE: <\/strong>Palestra gratuita sobre Neuromodula\u00e7\u00e3o, com os psiquiatras Lucas Barrione e Andre Brunoni.<br><strong>ONDE: <\/strong>Audit\u00f3rio do Hotel Litor\u00e2nea Praia, em S\u00e3o Lu\u00eds, das 8h ao meio dia.<br><strong>QUANDO: <\/strong>12 de fevereiro de 2022.<\/p>\n","protected":false},"excerpt":{"rendered":"<p>T\u00e9cnica j\u00e1 se estabeleceu como ferramenta eficaz no tratamento de depress\u00f5es, ansiedades, compuls\u00f5es e dores cr\u00f4nicas; atrav\u00e9s da utiliza\u00e7\u00e3o de [&hellip;]<\/p>\n","protected":false},"author":0,"featured_media":0,"comment_status":"open","ping_status":"open","sticky":false,"template":"","format":"standard","meta":{"site-sidebar-layout":"default","site-content-layout":"","ast-site-content-layout":"default","site-content-style":"default","site-sidebar-style":"default","ast-global-header-display":"","ast-banner-title-visibility":"","ast-main-header-display":"","ast-hfb-above-header-display":"","ast-hfb-below-header-display":"","ast-hfb-mobile-header-display":"","site-post-title":"","ast-breadcrumbs-content":"","ast-featured-img":"","footer-sml-layout":"","ast-disable-related-posts":"","theme-transparent-header-meta":"","adv-header-id-meta":"","stick-header-meta":"","header-above-stick-meta":"","header-main-stick-meta":"","header-below-stick-meta":"","astra-migrate-meta-layouts":"default","ast-page-background-enabled":"default","ast-page-background-meta":{"desktop":{"background-color":"var(--ast-global-color-5)","background-image":"","background-repeat":"repeat","background-position":"center center","background-size":"auto","background-attachment":"scroll","background-type":"","background-media":"","overlay-type":"","overlay-color":"","overlay-opacity":"","overlay-gradient":""},"tablet":{"background-color":"","background-image":"","background-repeat":"repeat","background-position":"center center","background-size":"auto","background-attachment":"scroll","background-type":"","background-media":"","overlay-type":"","overlay-color":"","overlay-opacity":"","overlay-gradient":""},"mobile":{"background-color":"","background-image":"","background-repeat":"repeat","background-position":"center center","background-size":"auto","background-attachment":"scroll","background-type":"","background-media":"","overlay-type":"","overlay-color":"","overlay-opacity":"","overlay-gradient":""}},"ast-content-background-meta":{"desktop":{"background-color":"var(--ast-global-color-4)","background-image":"","background-repeat":"repeat","background-position":"center center","background-size":"auto","background-attachment":"scroll","background-type":"","background-media":"","overlay-type":"","overlay-color":"","overlay-opacity":"","overlay-gradient":""},"tablet":{"background-color":"var(--ast-global-color-4)","background-image":"","background-repeat":"repeat","background-position":"center center","background-size":"auto","background-attachment":"scroll","background-type":"","background-media":"","overlay-type":"","overlay-color":"","overlay-opacity":"","overlay-gradient":""},"mobile":{"background-color":"var(--ast-global-color-4)","background-image":"","background-repeat":"repeat","background-position":"center center","background-size":"auto","background-attachment":"scroll","background-type":"","background-media":"","overlay-type":"","overlay-color":"","overlay-opacity":"","overlay-gradient":""}},"footnotes":""},"categories":[1],"tags":[],"class_list":["post-94221","post","type-post","status-publish","format-standard","hentry","category-sem-categoria"],"yoast_head":"<!-- This site is optimized with the Yoast SEO plugin v26.6 - https:\/\/yoast.com\/wordpress\/plugins\/seo\/ -->\n<title>Neuromodula\u00e7\u00e3o ser\u00e1 tema de palestra em S\u00e3o Lu\u00eds neste s\u00e1bado (12) - Daniel Matos<\/title>\n<meta name=\"robots\" content=\"index, follow, max-snippet:-1, max-image-preview:large, max-video-preview:-1\" \/>\n<link rel=\"canonical\" href=\"https:\/\/www.blogsoestado.com\/danielmatos\/neuromodulacao-sera-tema-de-palestra-em-sao-luis-neste-sabado-12\/\" \/>\n<meta property=\"og:locale\" content=\"pt_BR\" \/>\n<meta property=\"og:type\" content=\"article\" \/>\n<meta property=\"og:title\" content=\"Neuromodula\u00e7\u00e3o ser\u00e1 tema de palestra em S\u00e3o Lu\u00eds neste s\u00e1bado (12) - Daniel Matos\" \/>\n<meta property=\"og:description\" content=\"T\u00e9cnica j\u00e1 se estabeleceu como ferramenta eficaz no tratamento de depress\u00f5es, ansiedades, compuls\u00f5es e dores cr\u00f4nicas; atrav\u00e9s da utiliza\u00e7\u00e3o de [&hellip;]\" \/>\n<meta property=\"og:url\" content=\"https:\/\/www.blogsoestado.com\/danielmatos\/neuromodulacao-sera-tema-de-palestra-em-sao-luis-neste-sabado-12\/\" \/>\n<meta property=\"og:site_name\" content=\"Daniel Matos\" \/>\n<meta property=\"article:published_time\" content=\"2022-02-11T19:27:36+00:00\" \/>\n<meta property=\"og:image\" content=\"https:\/\/www.blogsoestado.com\/danielmatos\/files\/2022\/02\/Screenshot_20220211-1617342.png\" \/>\n<meta name=\"twitter:card\" content=\"summary_large_image\" \/>\n<meta name=\"twitter:label1\" content=\"Est. tempo de leitura\" \/>\n\t<meta name=\"twitter:data1\" content=\"3 minutos\" \/>\n<script type=\"application\/ld+json\" class=\"yoast-schema-graph\">{\"@context\":\"https:\/\/schema.org\",\"@graph\":[{\"@type\":\"WebPage\",\"@id\":\"https:\/\/www.blogsoestado.com\/danielmatos\/neuromodulacao-sera-tema-de-palestra-em-sao-luis-neste-sabado-12\/\",\"url\":\"https:\/\/www.blogsoestado.com\/danielmatos\/neuromodulacao-sera-tema-de-palestra-em-sao-luis-neste-sabado-12\/\",\"name\":\"Neuromodula\u00e7\u00e3o ser\u00e1 tema de palestra em S\u00e3o Lu\u00eds neste s\u00e1bado (12) - Daniel Matos\",\"isPartOf\":{\"@id\":\"https:\/\/www.blogsoestado.com\/danielmatos\/#website\"},\"primaryImageOfPage\":{\"@id\":\"https:\/\/www.blogsoestado.com\/danielmatos\/neuromodulacao-sera-tema-de-palestra-em-sao-luis-neste-sabado-12\/#primaryimage\"},\"image\":{\"@id\":\"https:\/\/www.blogsoestado.com\/danielmatos\/neuromodulacao-sera-tema-de-palestra-em-sao-luis-neste-sabado-12\/#primaryimage\"},\"thumbnailUrl\":\"https:\/\/www.blogsoestado.com\/danielmatos\/files\/2022\/02\/Screenshot_20220211-1617342.png\",\"datePublished\":\"2022-02-11T19:27:36+00:00\",\"author\":{\"@id\":\"\"},\"breadcrumb\":{\"@id\":\"https:\/\/www.blogsoestado.com\/danielmatos\/neuromodulacao-sera-tema-de-palestra-em-sao-luis-neste-sabado-12\/#breadcrumb\"},\"inLanguage\":\"pt-BR\",\"potentialAction\":[{\"@type\":\"ReadAction\",\"target\":[\"https:\/\/www.blogsoestado.com\/danielmatos\/neuromodulacao-sera-tema-de-palestra-em-sao-luis-neste-sabado-12\/\"]}]},{\"@type\":\"ImageObject\",\"inLanguage\":\"pt-BR\",\"@id\":\"https:\/\/www.blogsoestado.com\/danielmatos\/neuromodulacao-sera-tema-de-palestra-em-sao-luis-neste-sabado-12\/#primaryimage\",\"url\":\"https:\/\/www.blogsoestado.com\/danielmatos\/files\/2022\/02\/Screenshot_20220211-1617342.png\",\"contentUrl\":\"https:\/\/www.blogsoestado.com\/danielmatos\/files\/2022\/02\/Screenshot_20220211-1617342.png\"},{\"@type\":\"BreadcrumbList\",\"@id\":\"https:\/\/www.blogsoestado.com\/danielmatos\/neuromodulacao-sera-tema-de-palestra-em-sao-luis-neste-sabado-12\/#breadcrumb\",\"itemListElement\":[{\"@type\":\"ListItem\",\"position\":1,\"name\":\"In\u00edcio\",\"item\":\"https:\/\/www.blogsoestado.com\/danielmatos\/\"},{\"@type\":\"ListItem\",\"position\":2,\"name\":\"Neuromodula\u00e7\u00e3o ser\u00e1 tema de palestra em S\u00e3o Lu\u00eds neste s\u00e1bado (12)\"}]},{\"@type\":\"WebSite\",\"@id\":\"https:\/\/www.blogsoestado.com\/danielmatos\/#website\",\"url\":\"https:\/\/www.blogsoestado.com\/danielmatos\/\",\"name\":\"Daniel Matos\",\"description\":\"\",\"potentialAction\":[{\"@type\":\"SearchAction\",\"target\":{\"@type\":\"EntryPoint\",\"urlTemplate\":\"https:\/\/www.blogsoestado.com\/danielmatos\/?s={search_term_string}\"},\"query-input\":{\"@type\":\"PropertyValueSpecification\",\"valueRequired\":true,\"valueName\":\"search_term_string\"}}],\"inLanguage\":\"pt-BR\"}]}<\/script>\n<!-- \/ Yoast SEO plugin. -->","yoast_head_json":{"title":"Neuromodula\u00e7\u00e3o ser\u00e1 tema de palestra em S\u00e3o Lu\u00eds neste s\u00e1bado (12) - Daniel Matos","robots":{"index":"index","follow":"follow","max-snippet":"max-snippet:-1","max-image-preview":"max-image-preview:large","max-video-preview":"max-video-preview:-1"},"canonical":"https:\/\/www.blogsoestado.com\/danielmatos\/neuromodulacao-sera-tema-de-palestra-em-sao-luis-neste-sabado-12\/","og_locale":"pt_BR","og_type":"article","og_title":"Neuromodula\u00e7\u00e3o ser\u00e1 tema de palestra em S\u00e3o Lu\u00eds neste s\u00e1bado (12) - Daniel Matos","og_description":"T\u00e9cnica j\u00e1 se estabeleceu como ferramenta eficaz no tratamento de depress\u00f5es, ansiedades, compuls\u00f5es e dores cr\u00f4nicas; atrav\u00e9s da utiliza\u00e7\u00e3o de [&hellip;]","og_url":"https:\/\/www.blogsoestado.com\/danielmatos\/neuromodulacao-sera-tema-de-palestra-em-sao-luis-neste-sabado-12\/","og_site_name":"Daniel Matos","article_published_time":"2022-02-11T19:27:36+00:00","og_image":[{"url":"https:\/\/www.blogsoestado.com\/danielmatos\/files\/2022\/02\/Screenshot_20220211-1617342.png","type":"","width":"","height":""}],"twitter_card":"summary_large_image","twitter_misc":{"Est. tempo de leitura":"3 minutos"},"schema":{"@context":"https:\/\/schema.org","@graph":[{"@type":"WebPage","@id":"https:\/\/www.blogsoestado.com\/danielmatos\/neuromodulacao-sera-tema-de-palestra-em-sao-luis-neste-sabado-12\/","url":"https:\/\/www.blogsoestado.com\/danielmatos\/neuromodulacao-sera-tema-de-palestra-em-sao-luis-neste-sabado-12\/","name":"Neuromodula\u00e7\u00e3o ser\u00e1 tema de palestra em S\u00e3o Lu\u00eds neste s\u00e1bado (12) - Daniel Matos","isPartOf":{"@id":"https:\/\/www.blogsoestado.com\/danielmatos\/#website"},"primaryImageOfPage":{"@id":"https:\/\/www.blogsoestado.com\/danielmatos\/neuromodulacao-sera-tema-de-palestra-em-sao-luis-neste-sabado-12\/#primaryimage"},"image":{"@id":"https:\/\/www.blogsoestado.com\/danielmatos\/neuromodulacao-sera-tema-de-palestra-em-sao-luis-neste-sabado-12\/#primaryimage"},"thumbnailUrl":"https:\/\/www.blogsoestado.com\/danielmatos\/files\/2022\/02\/Screenshot_20220211-1617342.png","datePublished":"2022-02-11T19:27:36+00:00","author":{"@id":""},"breadcrumb":{"@id":"https:\/\/www.blogsoestado.com\/danielmatos\/neuromodulacao-sera-tema-de-palestra-em-sao-luis-neste-sabado-12\/#breadcrumb"},"inLanguage":"pt-BR","potentialAction":[{"@type":"ReadAction","target":["https:\/\/www.blogsoestado.com\/danielmatos\/neuromodulacao-sera-tema-de-palestra-em-sao-luis-neste-sabado-12\/"]}]},{"@type":"ImageObject","inLanguage":"pt-BR","@id":"https:\/\/www.blogsoestado.com\/danielmatos\/neuromodulacao-sera-tema-de-palestra-em-sao-luis-neste-sabado-12\/#primaryimage","url":"https:\/\/www.blogsoestado.com\/danielmatos\/files\/2022\/02\/Screenshot_20220211-1617342.png","contentUrl":"https:\/\/www.blogsoestado.com\/danielmatos\/files\/2022\/02\/Screenshot_20220211-1617342.png"},{"@type":"BreadcrumbList","@id":"https:\/\/www.blogsoestado.com\/danielmatos\/neuromodulacao-sera-tema-de-palestra-em-sao-luis-neste-sabado-12\/#breadcrumb","itemListElement":[{"@type":"ListItem","position":1,"name":"In\u00edcio","item":"https:\/\/www.blogsoestado.com\/danielmatos\/"},{"@type":"ListItem","position":2,"name":"Neuromodula\u00e7\u00e3o ser\u00e1 tema de palestra em S\u00e3o Lu\u00eds neste s\u00e1bado (12)"}]},{"@type":"WebSite","@id":"https:\/\/www.blogsoestado.com\/danielmatos\/#website","url":"https:\/\/www.blogsoestado.com\/danielmatos\/","name":"Daniel Matos","description":"","potentialAction":[{"@type":"SearchAction","target":{"@type":"EntryPoint","urlTemplate":"https:\/\/www.blogsoestado.com\/danielmatos\/?s={search_term_string}"},"query-input":{"@type":"PropertyValueSpecification","valueRequired":true,"valueName":"search_term_string"}}],"inLanguage":"pt-BR"}]}},"jetpack_featured_media_url":"","_links":{"self":[{"href":"https:\/\/www.blogsoestado.com\/danielmatos\/wp-json\/wp\/v2\/posts\/94221","targetHints":{"allow":["GET"]}}],"collection":[{"href":"https:\/\/www.blogsoestado.com\/danielmatos\/wp-json\/wp\/v2\/posts"}],"about":[{"href":"https:\/\/www.blogsoestado.com\/danielmatos\/wp-json\/wp\/v2\/types\/post"}],"replies":[{"embeddable":true,"href":"https:\/\/www.blogsoestado.com\/danielmatos\/wp-json\/wp\/v2\/comments?post=94221"}],"version-history":[{"count":0,"href":"https:\/\/www.blogsoestado.com\/danielmatos\/wp-json\/wp\/v2\/posts\/94221\/revisions"}],"wp:attachment":[{"href":"https:\/\/www.blogsoestado.com\/danielmatos\/wp-json\/wp\/v2\/media?parent=94221"}],"wp:term":[{"taxonomy":"category","embeddable":true,"href":"https:\/\/www.blogsoestado.com\/danielmatos\/wp-json\/wp\/v2\/categories?post=94221"},{"taxonomy":"post_tag","embeddable":true,"href":"https:\/\/www.blogsoestado.com\/danielmatos\/wp-json\/wp\/v2\/tags?post=94221"}],"curies":[{"name":"wp","href":"https:\/\/api.w.org\/{rel}","templated":true}]}}