{"id":94228,"date":"2022-02-11T19:43:17","date_gmt":"2022-02-11T22:43:17","guid":{"rendered":"https:\/\/www.blogsoestado.com\/danielmatos\/?p=94228"},"modified":"2022-02-11T19:43:17","modified_gmt":"2022-02-11T22:43:17","slug":"universidade-ceuma-participa-do-i-encontro-maranhense-da-academia-pelo-meio-ambiente","status":"publish","type":"post","link":"https:\/\/www.blogsoestado.com\/danielmatos\/universidade-ceuma-participa-do-i-encontro-maranhense-da-academia-pelo-meio-ambiente\/","title":{"rendered":"Universidade Ceuma apresenta produ\u00e7\u00e3o cient\u00edfica sobre meio ambiente em encontro acad\u00eamico"},"content":{"rendered":"\n<div class=\"wp-block-image\"><figure class=\"aligncenter size-large\"><a href=\"https:\/\/www.blogsoestado.com\/danielmatos\/files\/2022\/02\/Screenshot_20220211-1938012.png\"><img decoding=\"async\" src=\"https:\/\/www.blogsoestado.com\/danielmatos\/files\/2022\/02\/Screenshot_20220211-1938012.png\" alt=\"\" class=\"wp-image-94229\"\/><\/a><figcaption>Ao participar do encontro, a Universidade Ceuma deu mais uma importante contribui\u00e7\u00e3o para o fomento da ci\u00eancia e sua aplica\u00e7\u00e3o no meio social<\/figcaption><\/figure><\/div>\n\n\n\n<p>Fomentar a ci\u00eancia, compartilh\u00e1-la socialmente e por em pr\u00e1tica boas a\u00e7\u00f5es para um mundo melhor faz parte dos preceitos da Universidade Ceuma. Movida por esse prop\u00f3sito, a institui\u00e7\u00e3o deu sua contribui\u00e7\u00e3o para mais um evento voltado cient\u00edfico, cujo foco foi a sustentabilidade.<\/p>\n\n\n\n<p>Nesta sexta-feira, dia 11, a reitora Cristina Nitz participou, acompanhada de outros membros da Universidade Ceuma, do I Encontro Maranhense da Academia pelo Meio Ambiente. <\/p>\n\n\n\n<div class=\"wp-block-image\"><figure class=\"aligncenter size-large\"><a href=\"https:\/\/www.blogsoestado.com\/danielmatos\/files\/2022\/02\/Screenshot_20220211-1939182.png\"><img decoding=\"async\" src=\"https:\/\/www.blogsoestado.com\/danielmatos\/files\/2022\/02\/Screenshot_20220211-1939182.png\" alt=\"\" class=\"wp-image-94230\"\/><\/a><figcaption>A reitora Cristina Nitz destacou a produ\u00e7\u00e3o acad\u00e9mica dos mestrados da Universidade Ceuma na \u00e1rea ambiental<\/figcaption><\/figure><\/div>\n\n\n\n<p>O evento promoveu uma integra\u00e7\u00e3o das a\u00e7\u00f5es universit\u00e1rias em defesa do meio ambiente, realizado pela Escola Ambiental do Maranh\u00e3o, por meio da Secretaria de Ci\u00eancia Tecnologia e Inova\u00e7\u00e3o (SECTI), em conjunto com institui\u00e7\u00f5es pertencentes ao Conselho Universit\u00e1rio do Maranh\u00e3o.<\/p>\n\n\n\n<p>O professor Marcos Mesquita pode compartilhar pesquisas nesta \u00e1rea, realizadas nos mestrados da universidade. <\/p>\n","protected":false},"excerpt":{"rendered":"<p>Fomentar a ci\u00eancia, compartilh\u00e1-la socialmente e por em pr\u00e1tica boas a\u00e7\u00f5es para um mundo melhor faz parte dos preceitos da [&hellip;]<\/p>\n","protected":false},"author":0,"featured_media":0,"comment_status":"open","ping_status":"open","sticky":false,"template":"","format":"standard","meta":{"site-sidebar-layout":"default","site-content-layout":"","ast-site-content-layout":"default","site-content-style":"default","site-sidebar-style":"default","ast-global-header-display":"","ast-banner-title-visibility":"","ast-main-header-display":"","ast-hfb-above-header-display":"","ast-hfb-below-header-display":"","ast-hfb-mobile-header-display":"","site-post-title":"","ast-breadcrumbs-content":"","ast-featured-img":"","footer-sml-layout":"","ast-disable-related-posts":"","theme-transparent-header-meta":"","adv-header-id-meta":"","stick-header-meta":"","header-above-stick-meta":"","header-main-stick-meta":"","header-below-stick-meta":"","astra-migrate-meta-layouts":"default","ast-page-background-enabled":"default","ast-page-background-meta":{"desktop":{"background-color":"var(--ast-global-color-5)","background-image":"","background-repeat":"repeat","background-position":"center center","background-size":"auto","background-attachment":"scroll","background-type":"","background-media":"","overlay-type":"","overlay-color":"","overlay-opacity":"","overlay-gradient":""},"tablet":{"background-color":"","background-image":"","background-repeat":"repeat","background-position":"center center","background-size":"auto","background-attachment":"scroll","background-type":"","background-media":"","overlay-type":"","overlay-color":"","overlay-opacity":"","overlay-gradient":""},"mobile":{"background-color":"","background-image":"","background-repeat":"repeat","background-position":"center center","background-size":"auto","background-attachment":"scroll","background-type":"","background-media":"","overlay-type":"","overlay-color":"","overlay-opacity":"","overlay-gradient":""}},"ast-content-background-meta":{"desktop":{"background-color":"var(--ast-global-color-4)","background-image":"","background-repeat":"repeat","background-position":"center center","background-size":"auto","background-attachment":"scroll","background-type":"","background-media":"","overlay-type":"","overlay-color":"","overlay-opacity":"","overlay-gradient":""},"tablet":{"background-color":"var(--ast-global-color-4)","background-image":"","background-repeat":"repeat","background-position":"center center","background-size":"auto","background-attachment":"scroll","background-type":"","background-media":"","overlay-type":"","overlay-color":"","overlay-opacity":"","overlay-gradient":""},"mobile":{"background-color":"var(--ast-global-color-4)","background-image":"","background-repeat":"repeat","background-position":"center center","background-size":"auto","background-attachment":"scroll","background-type":"","background-media":"","overlay-type":"","overlay-color":"","overlay-opacity":"","overlay-gradient":""}},"footnotes":""},"categories":[1],"tags":[],"class_list":["post-94228","post","type-post","status-publish","format-standard","hentry","category-sem-categoria"],"yoast_head":"<!-- This site is optimized with the Yoast SEO plugin v26.6 - https:\/\/yoast.com\/wordpress\/plugins\/seo\/ -->\n<title>Universidade Ceuma apresenta produ\u00e7\u00e3o cient\u00edfica sobre meio ambiente em encontro acad\u00eamico - Daniel Matos<\/title>\n<meta name=\"robots\" content=\"index, follow, max-snippet:-1, max-image-preview:large, max-video-preview:-1\" \/>\n<link rel=\"canonical\" href=\"https:\/\/www.blogsoestado.com\/danielmatos\/universidade-ceuma-participa-do-i-encontro-maranhense-da-academia-pelo-meio-ambiente\/\" \/>\n<meta property=\"og:locale\" content=\"pt_BR\" \/>\n<meta property=\"og:type\" content=\"article\" \/>\n<meta property=\"og:title\" content=\"Universidade Ceuma apresenta produ\u00e7\u00e3o cient\u00edfica sobre meio ambiente em encontro acad\u00eamico - Daniel Matos\" \/>\n<meta property=\"og:description\" content=\"Fomentar a ci\u00eancia, compartilh\u00e1-la socialmente e por em pr\u00e1tica boas a\u00e7\u00f5es para um mundo melhor faz parte dos preceitos da [&hellip;]\" \/>\n<meta property=\"og:url\" content=\"https:\/\/www.blogsoestado.com\/danielmatos\/universidade-ceuma-participa-do-i-encontro-maranhense-da-academia-pelo-meio-ambiente\/\" \/>\n<meta property=\"og:site_name\" content=\"Daniel Matos\" \/>\n<meta property=\"article:published_time\" content=\"2022-02-11T22:43:17+00:00\" \/>\n<meta property=\"og:image\" content=\"https:\/\/www.blogsoestado.com\/danielmatos\/files\/2022\/02\/Screenshot_20220211-1938012.png\" \/>\n<meta name=\"twitter:card\" content=\"summary_large_image\" \/>\n<meta name=\"twitter:label1\" content=\"Est. tempo de leitura\" \/>\n\t<meta name=\"twitter:data1\" content=\"2 minutos\" \/>\n<script type=\"application\/ld+json\" class=\"yoast-schema-graph\">{\"@context\":\"https:\/\/schema.org\",\"@graph\":[{\"@type\":\"WebPage\",\"@id\":\"https:\/\/www.blogsoestado.com\/danielmatos\/universidade-ceuma-participa-do-i-encontro-maranhense-da-academia-pelo-meio-ambiente\/\",\"url\":\"https:\/\/www.blogsoestado.com\/danielmatos\/universidade-ceuma-participa-do-i-encontro-maranhense-da-academia-pelo-meio-ambiente\/\",\"name\":\"Universidade Ceuma apresenta produ\u00e7\u00e3o cient\u00edfica sobre meio ambiente em encontro acad\u00eamico - Daniel Matos\",\"isPartOf\":{\"@id\":\"https:\/\/www.blogsoestado.com\/danielmatos\/#website\"},\"primaryImageOfPage\":{\"@id\":\"https:\/\/www.blogsoestado.com\/danielmatos\/universidade-ceuma-participa-do-i-encontro-maranhense-da-academia-pelo-meio-ambiente\/#primaryimage\"},\"image\":{\"@id\":\"https:\/\/www.blogsoestado.com\/danielmatos\/universidade-ceuma-participa-do-i-encontro-maranhense-da-academia-pelo-meio-ambiente\/#primaryimage\"},\"thumbnailUrl\":\"https:\/\/www.blogsoestado.com\/danielmatos\/files\/2022\/02\/Screenshot_20220211-1938012.png\",\"datePublished\":\"2022-02-11T22:43:17+00:00\",\"author\":{\"@id\":\"\"},\"breadcrumb\":{\"@id\":\"https:\/\/www.blogsoestado.com\/danielmatos\/universidade-ceuma-participa-do-i-encontro-maranhense-da-academia-pelo-meio-ambiente\/#breadcrumb\"},\"inLanguage\":\"pt-BR\",\"potentialAction\":[{\"@type\":\"ReadAction\",\"target\":[\"https:\/\/www.blogsoestado.com\/danielmatos\/universidade-ceuma-participa-do-i-encontro-maranhense-da-academia-pelo-meio-ambiente\/\"]}]},{\"@type\":\"ImageObject\",\"inLanguage\":\"pt-BR\",\"@id\":\"https:\/\/www.blogsoestado.com\/danielmatos\/universidade-ceuma-participa-do-i-encontro-maranhense-da-academia-pelo-meio-ambiente\/#primaryimage\",\"url\":\"https:\/\/www.blogsoestado.com\/danielmatos\/files\/2022\/02\/Screenshot_20220211-1938012.png\",\"contentUrl\":\"https:\/\/www.blogsoestado.com\/danielmatos\/files\/2022\/02\/Screenshot_20220211-1938012.png\"},{\"@type\":\"BreadcrumbList\",\"@id\":\"https:\/\/www.blogsoestado.com\/danielmatos\/universidade-ceuma-participa-do-i-encontro-maranhense-da-academia-pelo-meio-ambiente\/#breadcrumb\",\"itemListElement\":[{\"@type\":\"ListItem\",\"position\":1,\"name\":\"In\u00edcio\",\"item\":\"https:\/\/www.blogsoestado.com\/danielmatos\/\"},{\"@type\":\"ListItem\",\"position\":2,\"name\":\"Universidade Ceuma apresenta produ\u00e7\u00e3o cient\u00edfica sobre meio ambiente em encontro acad\u00eamico\"}]},{\"@type\":\"WebSite\",\"@id\":\"https:\/\/www.blogsoestado.com\/danielmatos\/#website\",\"url\":\"https:\/\/www.blogsoestado.com\/danielmatos\/\",\"name\":\"Daniel Matos\",\"description\":\"\",\"potentialAction\":[{\"@type\":\"SearchAction\",\"target\":{\"@type\":\"EntryPoint\",\"urlTemplate\":\"https:\/\/www.blogsoestado.com\/danielmatos\/?s={search_term_string}\"},\"query-input\":{\"@type\":\"PropertyValueSpecification\",\"valueRequired\":true,\"valueName\":\"search_term_string\"}}],\"inLanguage\":\"pt-BR\"}]}<\/script>\n<!-- \/ Yoast SEO plugin. -->","yoast_head_json":{"title":"Universidade Ceuma apresenta produ\u00e7\u00e3o cient\u00edfica sobre meio ambiente em encontro acad\u00eamico - Daniel Matos","robots":{"index":"index","follow":"follow","max-snippet":"max-snippet:-1","max-image-preview":"max-image-preview:large","max-video-preview":"max-video-preview:-1"},"canonical":"https:\/\/www.blogsoestado.com\/danielmatos\/universidade-ceuma-participa-do-i-encontro-maranhense-da-academia-pelo-meio-ambiente\/","og_locale":"pt_BR","og_type":"article","og_title":"Universidade Ceuma apresenta produ\u00e7\u00e3o cient\u00edfica sobre meio ambiente em encontro acad\u00eamico - Daniel Matos","og_description":"Fomentar a ci\u00eancia, compartilh\u00e1-la socialmente e por em pr\u00e1tica boas a\u00e7\u00f5es para um mundo melhor faz parte dos preceitos da [&hellip;]","og_url":"https:\/\/www.blogsoestado.com\/danielmatos\/universidade-ceuma-participa-do-i-encontro-maranhense-da-academia-pelo-meio-ambiente\/","og_site_name":"Daniel Matos","article_published_time":"2022-02-11T22:43:17+00:00","og_image":[{"url":"https:\/\/www.blogsoestado.com\/danielmatos\/files\/2022\/02\/Screenshot_20220211-1938012.png","type":"","width":"","height":""}],"twitter_card":"summary_large_image","twitter_misc":{"Est. tempo de leitura":"2 minutos"},"schema":{"@context":"https:\/\/schema.org","@graph":[{"@type":"WebPage","@id":"https:\/\/www.blogsoestado.com\/danielmatos\/universidade-ceuma-participa-do-i-encontro-maranhense-da-academia-pelo-meio-ambiente\/","url":"https:\/\/www.blogsoestado.com\/danielmatos\/universidade-ceuma-participa-do-i-encontro-maranhense-da-academia-pelo-meio-ambiente\/","name":"Universidade Ceuma apresenta produ\u00e7\u00e3o cient\u00edfica sobre meio ambiente em encontro acad\u00eamico - Daniel Matos","isPartOf":{"@id":"https:\/\/www.blogsoestado.com\/danielmatos\/#website"},"primaryImageOfPage":{"@id":"https:\/\/www.blogsoestado.com\/danielmatos\/universidade-ceuma-participa-do-i-encontro-maranhense-da-academia-pelo-meio-ambiente\/#primaryimage"},"image":{"@id":"https:\/\/www.blogsoestado.com\/danielmatos\/universidade-ceuma-participa-do-i-encontro-maranhense-da-academia-pelo-meio-ambiente\/#primaryimage"},"thumbnailUrl":"https:\/\/www.blogsoestado.com\/danielmatos\/files\/2022\/02\/Screenshot_20220211-1938012.png","datePublished":"2022-02-11T22:43:17+00:00","author":{"@id":""},"breadcrumb":{"@id":"https:\/\/www.blogsoestado.com\/danielmatos\/universidade-ceuma-participa-do-i-encontro-maranhense-da-academia-pelo-meio-ambiente\/#breadcrumb"},"inLanguage":"pt-BR","potentialAction":[{"@type":"ReadAction","target":["https:\/\/www.blogsoestado.com\/danielmatos\/universidade-ceuma-participa-do-i-encontro-maranhense-da-academia-pelo-meio-ambiente\/"]}]},{"@type":"ImageObject","inLanguage":"pt-BR","@id":"https:\/\/www.blogsoestado.com\/danielmatos\/universidade-ceuma-participa-do-i-encontro-maranhense-da-academia-pelo-meio-ambiente\/#primaryimage","url":"https:\/\/www.blogsoestado.com\/danielmatos\/files\/2022\/02\/Screenshot_20220211-1938012.png","contentUrl":"https:\/\/www.blogsoestado.com\/danielmatos\/files\/2022\/02\/Screenshot_20220211-1938012.png"},{"@type":"BreadcrumbList","@id":"https:\/\/www.blogsoestado.com\/danielmatos\/universidade-ceuma-participa-do-i-encontro-maranhense-da-academia-pelo-meio-ambiente\/#breadcrumb","itemListElement":[{"@type":"ListItem","position":1,"name":"In\u00edcio","item":"https:\/\/www.blogsoestado.com\/danielmatos\/"},{"@type":"ListItem","position":2,"name":"Universidade Ceuma apresenta produ\u00e7\u00e3o cient\u00edfica sobre meio ambiente em encontro acad\u00eamico"}]},{"@type":"WebSite","@id":"https:\/\/www.blogsoestado.com\/danielmatos\/#website","url":"https:\/\/www.blogsoestado.com\/danielmatos\/","name":"Daniel Matos","description":"","potentialAction":[{"@type":"SearchAction","target":{"@type":"EntryPoint","urlTemplate":"https:\/\/www.blogsoestado.com\/danielmatos\/?s={search_term_string}"},"query-input":{"@type":"PropertyValueSpecification","valueRequired":true,"valueName":"search_term_string"}}],"inLanguage":"pt-BR"}]}},"jetpack_featured_media_url":"","_links":{"self":[{"href":"https:\/\/www.blogsoestado.com\/danielmatos\/wp-json\/wp\/v2\/posts\/94228","targetHints":{"allow":["GET"]}}],"collection":[{"href":"https:\/\/www.blogsoestado.com\/danielmatos\/wp-json\/wp\/v2\/posts"}],"about":[{"href":"https:\/\/www.blogsoestado.com\/danielmatos\/wp-json\/wp\/v2\/types\/post"}],"replies":[{"embeddable":true,"href":"https:\/\/www.blogsoestado.com\/danielmatos\/wp-json\/wp\/v2\/comments?post=94228"}],"version-history":[{"count":0,"href":"https:\/\/www.blogsoestado.com\/danielmatos\/wp-json\/wp\/v2\/posts\/94228\/revisions"}],"wp:attachment":[{"href":"https:\/\/www.blogsoestado.com\/danielmatos\/wp-json\/wp\/v2\/media?parent=94228"}],"wp:term":[{"taxonomy":"category","embeddable":true,"href":"https:\/\/www.blogsoestado.com\/danielmatos\/wp-json\/wp\/v2\/categories?post=94228"},{"taxonomy":"post_tag","embeddable":true,"href":"https:\/\/www.blogsoestado.com\/danielmatos\/wp-json\/wp\/v2\/tags?post=94228"}],"curies":[{"name":"wp","href":"https:\/\/api.w.org\/{rel}","templated":true}]}}