{"id":94236,"date":"2022-02-11T22:01:22","date_gmt":"2022-02-12T01:01:22","guid":{"rendered":"https:\/\/www.blogsoestado.com\/danielmatos\/?p=94236"},"modified":"2022-02-11T22:01:22","modified_gmt":"2022-02-12T01:01:22","slug":"lula-segue-liderando-as-pesquisas-e-vem-crescendo-entre-os-eleitores-evangelicos","status":"publish","type":"post","link":"https:\/\/www.blogsoestado.com\/danielmatos\/lula-segue-liderando-as-pesquisas-e-vem-crescendo-entre-os-eleitores-evangelicos\/","title":{"rendered":"Lula segue liderando as pesquisas e vem crescendo entre os eleitores evang\u00e9licos"},"content":{"rendered":"\n<div class=\"wp-block-image\"><figure class=\"aligncenter size-large\"><a href=\"https:\/\/www.blogsoestado.com\/danielmatos\/files\/2022\/02\/Screenshot_20220211-2153352.png\"><img decoding=\"async\" src=\"https:\/\/www.blogsoestado.com\/danielmatos\/files\/2022\/02\/Screenshot_20220211-2153352.png\" alt=\"\" class=\"wp-image-94237\"\/><\/a><figcaption>Z\u00e9 In\u00e1cio ressaltou que todas as pesquisas as quais se referiu, registradas no TSE, feitas por diferentes institutos, apontam larga vantagem de Lula<\/figcaption><\/figure><\/div>\n\n\n\n<p>O deputado estadual Z\u00e9 In\u00e1cio, em discurso na Assembleia, deu destaque para as \u00faltimas pesquisas eleitorais entre elas a do IPESP que confirma a lideran\u00e7a de 44% de inten\u00e7\u00f5es de votos ao ex-presidente Lula, enquanto Bolsonaro segue diminuindo o seu percentual de voto, alcan\u00e7ando nesta pesquisa apenas 24% das inten\u00e7\u00f5es. Na mesma pesquisa os candidatos Ciro Gome e Sergio Moro aparecem com 8% das inten\u00e7\u00f5es de voto. Em outra pesquisa destacada pelo parlamentar, do XP Investimentos, o cen\u00e1rio se mant\u00e9m.<\/p>\n\n\n\n<p>\u201cEssas pesquisas que estou me referindo, a maioria \u00e9 deste ano, registradas no Superior Tribunal Eleitoral, e pesquisas feitas por diferentes institutos, todas apontando larga vantagem do presidente Lula, inclusive colocando com possibilidade de vit\u00f3ria em primeiro turno.\u201d<\/p>\n\n\n\n<p>Segundo In\u00e1cio esse cen\u00e1rio demonstra a enorme insatisfa\u00e7\u00e3o do povo brasileiro com o governo Bolsonaro, que, segundo a pr\u00f3pria pesquisa do IPESP, \u00e9 reprovado por 64% da popula\u00e7\u00e3o brasileira.<\/p>\n\n\n\n<p>\u201cA reprova\u00e7\u00e3o a esse Governo que est\u00e1 a\u00ed, \u00e9 por conta do aumento da infla\u00e7\u00e3o, a fome que voltou, o aumento abusivo da gasolina, por conta da pol\u00edtica econ\u00f4mica do Bolsonaro e do Guedes, o aumento do g\u00e1s de cozinha, o aumento da cesta b\u00e1sica, que demonstram a incapacidade, tanto de Bolsonaro como do Guedes, de resolver os principais problemas do nosso povo. A\u00ed n\u00e3o tem outra: \u00e9 a saudade do ex-presidente Lula e a reprova\u00e7\u00e3o em quase 70% desse (des)governo que est\u00e1 a\u00ed.\u201d, afirmou.<\/p>\n\n\n\n<p><strong>Pandemia<\/strong><\/p>\n\n\n\n<p>Z\u00e9 In\u00e1cio tamb\u00e9m atribui a alta reprova\u00e7\u00e3o do governo Bolsonaro a guerra que o atual presidente trava contra a ci\u00eancia e contra a vacina\u00e7\u00e3o, mostrando seu desprezo pela vida da popula\u00e7\u00e3o brasileira.<\/p>\n\n\n\n<p>\u201cS\u00e3o quase 650 mil brasileiros que foram mortos pelo Covid, fruto de uma pol\u00edtica negacionista, que nega a efic\u00e1cia das vacinas. Mais de 80% das pessoas internadas hoje em decorr\u00eancia da Covid s\u00e3o aquelas que seguem Bolsonaro e se recusam a tomar a vacina.\u201d, disse.<\/p>\n\n\n\n<p>No estado de S\u00e3o Paulo Lula aparece com 32% e Bolsonaro 27% das inten\u00e7\u00f5es de voto, no Rio de Janeiro \u2013 estado de Bolsonaro \u2013 Lula tem 43% e o presidente 30%, no Paran\u00e1 Lula tamb\u00e9m lidera as pesquisas com 32% enquanto Bolsonaro aparece com 29% e na regi\u00e3o nordeste Lula mantem o favoritismo chegando a 57% das inten\u00e7\u00f5es de voto e Bolsonaro n\u00e3o ultrapassa 30%. J\u00e1 nas pesquisas feitas entre os evang\u00e9licos, Lula tem tido um crescimento significativo e aparece com 32% das inten\u00e7\u00f5es contra 40% de Bolsonaro.<\/p>\n\n\n\n<p>\u201cOs evang\u00e9licos est\u00e3o enxergando que o presidente Lula, de fato, \u00e9 a esperan\u00e7a do povo brasileiro para dias melhores, para acabar com essa carestia dos pre\u00e7os altos, garantir comida no prato, moradia digna, retomar a gera\u00e7\u00e3o de emprego e renda, uma educa\u00e7\u00e3o de qualidade e sa\u00fade para o povo. Isso sim \u00e9 valorizar a fam\u00edlia, e \u00e9 essa luta que n\u00f3s vamos travar de forma muito firme em 2022.\u201d, finalizou Z\u00e9 In\u00e1cio.<\/p>\n","protected":false},"excerpt":{"rendered":"<p>O deputado estadual Z\u00e9 In\u00e1cio, em discurso na Assembleia, deu destaque para as \u00faltimas pesquisas eleitorais entre elas a do [&hellip;]<\/p>\n","protected":false},"author":0,"featured_media":0,"comment_status":"open","ping_status":"open","sticky":false,"template":"","format":"standard","meta":{"site-sidebar-layout":"default","site-content-layout":"","ast-site-content-layout":"default","site-content-style":"default","site-sidebar-style":"default","ast-global-header-display":"","ast-banner-title-visibility":"","ast-main-header-display":"","ast-hfb-above-header-display":"","ast-hfb-below-header-display":"","ast-hfb-mobile-header-display":"","site-post-title":"","ast-breadcrumbs-content":"","ast-featured-img":"","footer-sml-layout":"","ast-disable-related-posts":"","theme-transparent-header-meta":"","adv-header-id-meta":"","stick-header-meta":"","header-above-stick-meta":"","header-main-stick-meta":"","header-below-stick-meta":"","astra-migrate-meta-layouts":"default","ast-page-background-enabled":"default","ast-page-background-meta":{"desktop":{"background-color":"var(--ast-global-color-5)","background-image":"","background-repeat":"repeat","background-position":"center center","background-size":"auto","background-attachment":"scroll","background-type":"","background-media":"","overlay-type":"","overlay-color":"","overlay-opacity":"","overlay-gradient":""},"tablet":{"background-color":"","background-image":"","background-repeat":"repeat","background-position":"center center","background-size":"auto","background-attachment":"scroll","background-type":"","background-media":"","overlay-type":"","overlay-color":"","overlay-opacity":"","overlay-gradient":""},"mobile":{"background-color":"","background-image":"","background-repeat":"repeat","background-position":"center center","background-size":"auto","background-attachment":"scroll","background-type":"","background-media":"","overlay-type":"","overlay-color":"","overlay-opacity":"","overlay-gradient":""}},"ast-content-background-meta":{"desktop":{"background-color":"var(--ast-global-color-4)","background-image":"","background-repeat":"repeat","background-position":"center center","background-size":"auto","background-attachment":"scroll","background-type":"","background-media":"","overlay-type":"","overlay-color":"","overlay-opacity":"","overlay-gradient":""},"tablet":{"background-color":"var(--ast-global-color-4)","background-image":"","background-repeat":"repeat","background-position":"center center","background-size":"auto","background-attachment":"scroll","background-type":"","background-media":"","overlay-type":"","overlay-color":"","overlay-opacity":"","overlay-gradient":""},"mobile":{"background-color":"var(--ast-global-color-4)","background-image":"","background-repeat":"repeat","background-position":"center center","background-size":"auto","background-attachment":"scroll","background-type":"","background-media":"","overlay-type":"","overlay-color":"","overlay-opacity":"","overlay-gradient":""}},"footnotes":""},"categories":[1],"tags":[],"class_list":["post-94236","post","type-post","status-publish","format-standard","hentry","category-sem-categoria"],"yoast_head":"<!-- This site is optimized with the Yoast SEO plugin v26.6 - https:\/\/yoast.com\/wordpress\/plugins\/seo\/ -->\n<title>Lula segue liderando as pesquisas e vem crescendo entre os eleitores evang\u00e9licos - Daniel Matos<\/title>\n<meta name=\"robots\" content=\"index, follow, max-snippet:-1, max-image-preview:large, max-video-preview:-1\" \/>\n<link rel=\"canonical\" href=\"https:\/\/www.blogsoestado.com\/danielmatos\/lula-segue-liderando-as-pesquisas-e-vem-crescendo-entre-os-eleitores-evangelicos\/\" \/>\n<meta property=\"og:locale\" content=\"pt_BR\" \/>\n<meta property=\"og:type\" content=\"article\" \/>\n<meta property=\"og:title\" content=\"Lula segue liderando as pesquisas e vem crescendo entre os eleitores evang\u00e9licos - Daniel Matos\" \/>\n<meta property=\"og:description\" content=\"O deputado estadual Z\u00e9 In\u00e1cio, em discurso na Assembleia, deu destaque para as \u00faltimas pesquisas eleitorais entre elas a do [&hellip;]\" \/>\n<meta property=\"og:url\" content=\"https:\/\/www.blogsoestado.com\/danielmatos\/lula-segue-liderando-as-pesquisas-e-vem-crescendo-entre-os-eleitores-evangelicos\/\" \/>\n<meta property=\"og:site_name\" content=\"Daniel Matos\" \/>\n<meta property=\"article:published_time\" content=\"2022-02-12T01:01:22+00:00\" \/>\n<meta property=\"og:image\" content=\"https:\/\/www.blogsoestado.com\/danielmatos\/files\/2022\/02\/Screenshot_20220211-2153352.png\" \/>\n<meta name=\"twitter:card\" content=\"summary_large_image\" \/>\n<meta name=\"twitter:label1\" content=\"Est. tempo de leitura\" \/>\n\t<meta name=\"twitter:data1\" content=\"3 minutos\" \/>\n<script type=\"application\/ld+json\" class=\"yoast-schema-graph\">{\"@context\":\"https:\/\/schema.org\",\"@graph\":[{\"@type\":\"WebPage\",\"@id\":\"https:\/\/www.blogsoestado.com\/danielmatos\/lula-segue-liderando-as-pesquisas-e-vem-crescendo-entre-os-eleitores-evangelicos\/\",\"url\":\"https:\/\/www.blogsoestado.com\/danielmatos\/lula-segue-liderando-as-pesquisas-e-vem-crescendo-entre-os-eleitores-evangelicos\/\",\"name\":\"Lula segue liderando as pesquisas e vem crescendo entre os eleitores evang\u00e9licos - Daniel Matos\",\"isPartOf\":{\"@id\":\"https:\/\/www.blogsoestado.com\/danielmatos\/#website\"},\"primaryImageOfPage\":{\"@id\":\"https:\/\/www.blogsoestado.com\/danielmatos\/lula-segue-liderando-as-pesquisas-e-vem-crescendo-entre-os-eleitores-evangelicos\/#primaryimage\"},\"image\":{\"@id\":\"https:\/\/www.blogsoestado.com\/danielmatos\/lula-segue-liderando-as-pesquisas-e-vem-crescendo-entre-os-eleitores-evangelicos\/#primaryimage\"},\"thumbnailUrl\":\"https:\/\/www.blogsoestado.com\/danielmatos\/files\/2022\/02\/Screenshot_20220211-2153352.png\",\"datePublished\":\"2022-02-12T01:01:22+00:00\",\"author\":{\"@id\":\"\"},\"breadcrumb\":{\"@id\":\"https:\/\/www.blogsoestado.com\/danielmatos\/lula-segue-liderando-as-pesquisas-e-vem-crescendo-entre-os-eleitores-evangelicos\/#breadcrumb\"},\"inLanguage\":\"pt-BR\",\"potentialAction\":[{\"@type\":\"ReadAction\",\"target\":[\"https:\/\/www.blogsoestado.com\/danielmatos\/lula-segue-liderando-as-pesquisas-e-vem-crescendo-entre-os-eleitores-evangelicos\/\"]}]},{\"@type\":\"ImageObject\",\"inLanguage\":\"pt-BR\",\"@id\":\"https:\/\/www.blogsoestado.com\/danielmatos\/lula-segue-liderando-as-pesquisas-e-vem-crescendo-entre-os-eleitores-evangelicos\/#primaryimage\",\"url\":\"https:\/\/www.blogsoestado.com\/danielmatos\/files\/2022\/02\/Screenshot_20220211-2153352.png\",\"contentUrl\":\"https:\/\/www.blogsoestado.com\/danielmatos\/files\/2022\/02\/Screenshot_20220211-2153352.png\"},{\"@type\":\"BreadcrumbList\",\"@id\":\"https:\/\/www.blogsoestado.com\/danielmatos\/lula-segue-liderando-as-pesquisas-e-vem-crescendo-entre-os-eleitores-evangelicos\/#breadcrumb\",\"itemListElement\":[{\"@type\":\"ListItem\",\"position\":1,\"name\":\"In\u00edcio\",\"item\":\"https:\/\/www.blogsoestado.com\/danielmatos\/\"},{\"@type\":\"ListItem\",\"position\":2,\"name\":\"Lula segue liderando as pesquisas e vem crescendo entre os eleitores evang\u00e9licos\"}]},{\"@type\":\"WebSite\",\"@id\":\"https:\/\/www.blogsoestado.com\/danielmatos\/#website\",\"url\":\"https:\/\/www.blogsoestado.com\/danielmatos\/\",\"name\":\"Daniel Matos\",\"description\":\"\",\"potentialAction\":[{\"@type\":\"SearchAction\",\"target\":{\"@type\":\"EntryPoint\",\"urlTemplate\":\"https:\/\/www.blogsoestado.com\/danielmatos\/?s={search_term_string}\"},\"query-input\":{\"@type\":\"PropertyValueSpecification\",\"valueRequired\":true,\"valueName\":\"search_term_string\"}}],\"inLanguage\":\"pt-BR\"}]}<\/script>\n<!-- \/ Yoast SEO plugin. -->","yoast_head_json":{"title":"Lula segue liderando as pesquisas e vem crescendo entre os eleitores evang\u00e9licos - Daniel Matos","robots":{"index":"index","follow":"follow","max-snippet":"max-snippet:-1","max-image-preview":"max-image-preview:large","max-video-preview":"max-video-preview:-1"},"canonical":"https:\/\/www.blogsoestado.com\/danielmatos\/lula-segue-liderando-as-pesquisas-e-vem-crescendo-entre-os-eleitores-evangelicos\/","og_locale":"pt_BR","og_type":"article","og_title":"Lula segue liderando as pesquisas e vem crescendo entre os eleitores evang\u00e9licos - Daniel Matos","og_description":"O deputado estadual Z\u00e9 In\u00e1cio, em discurso na Assembleia, deu destaque para as \u00faltimas pesquisas eleitorais entre elas a do [&hellip;]","og_url":"https:\/\/www.blogsoestado.com\/danielmatos\/lula-segue-liderando-as-pesquisas-e-vem-crescendo-entre-os-eleitores-evangelicos\/","og_site_name":"Daniel Matos","article_published_time":"2022-02-12T01:01:22+00:00","og_image":[{"url":"https:\/\/www.blogsoestado.com\/danielmatos\/files\/2022\/02\/Screenshot_20220211-2153352.png","type":"","width":"","height":""}],"twitter_card":"summary_large_image","twitter_misc":{"Est. tempo de leitura":"3 minutos"},"schema":{"@context":"https:\/\/schema.org","@graph":[{"@type":"WebPage","@id":"https:\/\/www.blogsoestado.com\/danielmatos\/lula-segue-liderando-as-pesquisas-e-vem-crescendo-entre-os-eleitores-evangelicos\/","url":"https:\/\/www.blogsoestado.com\/danielmatos\/lula-segue-liderando-as-pesquisas-e-vem-crescendo-entre-os-eleitores-evangelicos\/","name":"Lula segue liderando as pesquisas e vem crescendo entre os eleitores evang\u00e9licos - Daniel Matos","isPartOf":{"@id":"https:\/\/www.blogsoestado.com\/danielmatos\/#website"},"primaryImageOfPage":{"@id":"https:\/\/www.blogsoestado.com\/danielmatos\/lula-segue-liderando-as-pesquisas-e-vem-crescendo-entre-os-eleitores-evangelicos\/#primaryimage"},"image":{"@id":"https:\/\/www.blogsoestado.com\/danielmatos\/lula-segue-liderando-as-pesquisas-e-vem-crescendo-entre-os-eleitores-evangelicos\/#primaryimage"},"thumbnailUrl":"https:\/\/www.blogsoestado.com\/danielmatos\/files\/2022\/02\/Screenshot_20220211-2153352.png","datePublished":"2022-02-12T01:01:22+00:00","author":{"@id":""},"breadcrumb":{"@id":"https:\/\/www.blogsoestado.com\/danielmatos\/lula-segue-liderando-as-pesquisas-e-vem-crescendo-entre-os-eleitores-evangelicos\/#breadcrumb"},"inLanguage":"pt-BR","potentialAction":[{"@type":"ReadAction","target":["https:\/\/www.blogsoestado.com\/danielmatos\/lula-segue-liderando-as-pesquisas-e-vem-crescendo-entre-os-eleitores-evangelicos\/"]}]},{"@type":"ImageObject","inLanguage":"pt-BR","@id":"https:\/\/www.blogsoestado.com\/danielmatos\/lula-segue-liderando-as-pesquisas-e-vem-crescendo-entre-os-eleitores-evangelicos\/#primaryimage","url":"https:\/\/www.blogsoestado.com\/danielmatos\/files\/2022\/02\/Screenshot_20220211-2153352.png","contentUrl":"https:\/\/www.blogsoestado.com\/danielmatos\/files\/2022\/02\/Screenshot_20220211-2153352.png"},{"@type":"BreadcrumbList","@id":"https:\/\/www.blogsoestado.com\/danielmatos\/lula-segue-liderando-as-pesquisas-e-vem-crescendo-entre-os-eleitores-evangelicos\/#breadcrumb","itemListElement":[{"@type":"ListItem","position":1,"name":"In\u00edcio","item":"https:\/\/www.blogsoestado.com\/danielmatos\/"},{"@type":"ListItem","position":2,"name":"Lula segue liderando as pesquisas e vem crescendo entre os eleitores evang\u00e9licos"}]},{"@type":"WebSite","@id":"https:\/\/www.blogsoestado.com\/danielmatos\/#website","url":"https:\/\/www.blogsoestado.com\/danielmatos\/","name":"Daniel Matos","description":"","potentialAction":[{"@type":"SearchAction","target":{"@type":"EntryPoint","urlTemplate":"https:\/\/www.blogsoestado.com\/danielmatos\/?s={search_term_string}"},"query-input":{"@type":"PropertyValueSpecification","valueRequired":true,"valueName":"search_term_string"}}],"inLanguage":"pt-BR"}]}},"jetpack_featured_media_url":"","_links":{"self":[{"href":"https:\/\/www.blogsoestado.com\/danielmatos\/wp-json\/wp\/v2\/posts\/94236","targetHints":{"allow":["GET"]}}],"collection":[{"href":"https:\/\/www.blogsoestado.com\/danielmatos\/wp-json\/wp\/v2\/posts"}],"about":[{"href":"https:\/\/www.blogsoestado.com\/danielmatos\/wp-json\/wp\/v2\/types\/post"}],"replies":[{"embeddable":true,"href":"https:\/\/www.blogsoestado.com\/danielmatos\/wp-json\/wp\/v2\/comments?post=94236"}],"version-history":[{"count":0,"href":"https:\/\/www.blogsoestado.com\/danielmatos\/wp-json\/wp\/v2\/posts\/94236\/revisions"}],"wp:attachment":[{"href":"https:\/\/www.blogsoestado.com\/danielmatos\/wp-json\/wp\/v2\/media?parent=94236"}],"wp:term":[{"taxonomy":"category","embeddable":true,"href":"https:\/\/www.blogsoestado.com\/danielmatos\/wp-json\/wp\/v2\/categories?post=94236"},{"taxonomy":"post_tag","embeddable":true,"href":"https:\/\/www.blogsoestado.com\/danielmatos\/wp-json\/wp\/v2\/tags?post=94236"}],"curies":[{"name":"wp","href":"https:\/\/api.w.org\/{rel}","templated":true}]}}