{"id":94276,"date":"2022-02-13T16:59:34","date_gmt":"2022-02-13T19:59:34","guid":{"rendered":"https:\/\/www.blogsoestado.com\/danielmatos\/?p=94276"},"modified":"2022-02-13T16:59:34","modified_gmt":"2022-02-13T19:59:34","slug":"ministro-diz-que-aeroporto-de-barreirinhas-nao-e-de-bolsonaro-nem-de-flavio-dino-e-do-povo-brasileiro","status":"publish","type":"post","link":"https:\/\/www.blogsoestado.com\/danielmatos\/ministro-diz-que-aeroporto-de-barreirinhas-nao-e-de-bolsonaro-nem-de-flavio-dino-e-do-povo-brasileiro\/","title":{"rendered":"Ministro diz que Aeroporto de Barreirinhas n\u00e3o \u00e9 de Bolsonaro nem de Fl\u00e1vio Dino, \u00e9 do povo brasileiro"},"content":{"rendered":"\n<div class=\"wp-block-image\"><figure class=\"aligncenter size-large\"><a href=\"https:\/\/www.blogsoestado.com\/danielmatos\/files\/2022\/02\/Screenshot_20220213-1652442.png\"><img decoding=\"async\" src=\"https:\/\/www.blogsoestado.com\/danielmatos\/files\/2022\/02\/Screenshot_20220213-1652442.png\" alt=\"\" class=\"wp-image-94277\"\/><\/a><figcaption>Momentos da inaugura\u00e7\u00e3o do Aeroporto de Barreirinhas, com a presen\u00e7a do ministro do Turismo, Gilson Machado<\/figcaption><\/figure><\/div>\n\n\n\n<p>O ministro do Turismo, Gilson Machado Neto, inaugurou, na \u00faltima sexta-feira (11), em Barreirinhas (MA), duas importantes obras para o estado do Maranh\u00e3o: o Terminal de Passageiros do Aeroporto e o Centro de Conven\u00e7\u00f5es da cidade. Os equipamentos, que contaram com um aporte total de aproximadamente R$ 6 milh\u00f5es do governo federal, por meio do Minist\u00e9rio do Turismo, representar\u00e3o um importante diferencial competitivo para o avan\u00e7o do turismo em toda a regi\u00e3o.<\/p>\n\n\n\n<p>O ministro Gilson Machado Neto ressaltou que o terminal de passageiros deve favorecer o aumento do fluxo de visitantes em Barreirinhas e destacou esfor\u00e7os do governo federal para finalizar obras no pa\u00eds. \u201cSeguimos na miss\u00e3o de concluir obras por todo o pa\u00eds. <strong>Esse aeroporto n\u00e3o \u00e9 do presidente Bolsonaro, n\u00e3o \u00e9 do governador Fl\u00e1vio Dino, n\u00e3o \u00e9 do prefeito Am\u00edlcar, ele \u00e9 do povo brasileiro<\/strong>!\u201d, disse o ministro. \u201cE ele s\u00f3 foi entregue porque o dinheiro do brasileiro n\u00e3o vai mais para o exterior, ele fica aqui\u201d, completou.<\/p>\n\n\n\n<p>Machado Neto explicou que, dos R$ 3,9 milh\u00f5es investidos pelo MTur no terminal, R$ 900 mil foram repassados no governo Bolsonaro. O ministro tamb\u00e9m informou estar em contato com companhias a\u00e9reas para possibilitar que o Aeroporto de Barreirinhas receba voos regionais. \u201cTemos um potencial tur\u00edstico imenso aqui na regi\u00e3o e n\u00e3o tenho d\u00favidas de que teremos interesse em trechos regulares para c\u00e1\u201d, comentou.<\/p>\n\n\n\n<p>Outros R$ 2 milh\u00f5es foram destinados \u00e0 constru\u00e7\u00e3o do Centro de Conven\u00e7\u00f5es de Barreirinhas, que possibilitar\u00e1 que a cidade possa sediar eventos e atividades com potencial para impulsionar o turismo na regi\u00e3o.<\/p>\n\n\n\n<p>Durante a gest\u00e3o do presidente Jair Bolsonaro, o munic\u00edpio de Barreirinhas &#8211; porta de entrada do Parque Nacional dos Len\u00e7\u00f3is Maranhenses &#8211; teve conclu\u00eddos outros tr\u00eas relevantes projetos de infraestrutura tur\u00edstica: a urbaniza\u00e7\u00e3o da Avenida de Entrada (R$ 1 milh\u00e3o), a pavimenta\u00e7\u00e3o das ruas Expoema, Joaquim Diniz e 7 de Setembro (R$ 820 mil) e a constru\u00e7\u00e3o do Terminal Rodovi\u00e1rio (R$ 600 mil).<\/p>\n\n\n\n<p>Recentemente, o MTur tamb\u00e9m empenhou R$ 3 milh\u00f5es para a reforma e a constru\u00e7\u00e3o de infraestrutura na Orla Beira-Rio de Barreirinhas. Em todo o estado do Maranh\u00e3o, o \u00f3rg\u00e3o do governo federal administra atualmente 166 contratos de obras de infraestrutura tur\u00edstica, que totalizam repasses de R$ 116 milh\u00f5es.<\/p>\n\n\n\n<p><strong>CONCESS\u00c3O<\/strong>&nbsp;&#8211; O governo federal trabalha para aprimorar a experi\u00eancia tur\u00edstica nos Len\u00e7\u00f3is Maranhenses. O trabalho envolve a concess\u00e3o de servi\u00e7os de apoio \u00e0 visita\u00e7\u00e3o no Parque Nacional, de modo a garantir os investimentos necess\u00e1rios da iniciativa privada para a melhoria da infraestrutura local. Um estudo de viabilidade t\u00e9cnica sobre o espa\u00e7o, contratado pelo MTur, avalia a explora\u00e7\u00e3o de atividades como educa\u00e7\u00e3o ambiental, preserva\u00e7\u00e3o e conserva\u00e7\u00e3o do meio ambiente, turismo ecol\u00f3gico, interpreta\u00e7\u00e3o ambiental e recrea\u00e7\u00e3o em contato com a natureza.<\/p>\n","protected":false},"excerpt":{"rendered":"<p>O ministro do Turismo, Gilson Machado Neto, inaugurou, na \u00faltima sexta-feira (11), em Barreirinhas (MA), duas importantes obras para o [&hellip;]<\/p>\n","protected":false},"author":0,"featured_media":0,"comment_status":"open","ping_status":"open","sticky":false,"template":"","format":"standard","meta":{"site-sidebar-layout":"default","site-content-layout":"","ast-site-content-layout":"default","site-content-style":"default","site-sidebar-style":"default","ast-global-header-display":"","ast-banner-title-visibility":"","ast-main-header-display":"","ast-hfb-above-header-display":"","ast-hfb-below-header-display":"","ast-hfb-mobile-header-display":"","site-post-title":"","ast-breadcrumbs-content":"","ast-featured-img":"","footer-sml-layout":"","ast-disable-related-posts":"","theme-transparent-header-meta":"","adv-header-id-meta":"","stick-header-meta":"","header-above-stick-meta":"","header-main-stick-meta":"","header-below-stick-meta":"","astra-migrate-meta-layouts":"default","ast-page-background-enabled":"default","ast-page-background-meta":{"desktop":{"background-color":"var(--ast-global-color-5)","background-image":"","background-repeat":"repeat","background-position":"center center","background-size":"auto","background-attachment":"scroll","background-type":"","background-media":"","overlay-type":"","overlay-color":"","overlay-opacity":"","overlay-gradient":""},"tablet":{"background-color":"","background-image":"","background-repeat":"repeat","background-position":"center center","background-size":"auto","background-attachment":"scroll","background-type":"","background-media":"","overlay-type":"","overlay-color":"","overlay-opacity":"","overlay-gradient":""},"mobile":{"background-color":"","background-image":"","background-repeat":"repeat","background-position":"center center","background-size":"auto","background-attachment":"scroll","background-type":"","background-media":"","overlay-type":"","overlay-color":"","overlay-opacity":"","overlay-gradient":""}},"ast-content-background-meta":{"desktop":{"background-color":"var(--ast-global-color-4)","background-image":"","background-repeat":"repeat","background-position":"center center","background-size":"auto","background-attachment":"scroll","background-type":"","background-media":"","overlay-type":"","overlay-color":"","overlay-opacity":"","overlay-gradient":""},"tablet":{"background-color":"var(--ast-global-color-4)","background-image":"","background-repeat":"repeat","background-position":"center center","background-size":"auto","background-attachment":"scroll","background-type":"","background-media":"","overlay-type":"","overlay-color":"","overlay-opacity":"","overlay-gradient":""},"mobile":{"background-color":"var(--ast-global-color-4)","background-image":"","background-repeat":"repeat","background-position":"center center","background-size":"auto","background-attachment":"scroll","background-type":"","background-media":"","overlay-type":"","overlay-color":"","overlay-opacity":"","overlay-gradient":""}},"footnotes":""},"categories":[1],"tags":[],"class_list":["post-94276","post","type-post","status-publish","format-standard","hentry","category-sem-categoria"],"yoast_head":"<!-- This site is optimized with the Yoast SEO plugin v26.6 - https:\/\/yoast.com\/wordpress\/plugins\/seo\/ -->\n<title>Ministro diz que Aeroporto de Barreirinhas n\u00e3o \u00e9 de Bolsonaro nem de Fl\u00e1vio Dino, \u00e9 do povo brasileiro - Daniel Matos<\/title>\n<meta name=\"robots\" content=\"index, follow, max-snippet:-1, max-image-preview:large, max-video-preview:-1\" \/>\n<link rel=\"canonical\" href=\"https:\/\/www.blogsoestado.com\/danielmatos\/ministro-diz-que-aeroporto-de-barreirinhas-nao-e-de-bolsonaro-nem-de-flavio-dino-e-do-povo-brasileiro\/\" \/>\n<meta property=\"og:locale\" content=\"pt_BR\" \/>\n<meta property=\"og:type\" content=\"article\" \/>\n<meta property=\"og:title\" content=\"Ministro diz que Aeroporto de Barreirinhas n\u00e3o \u00e9 de Bolsonaro nem de Fl\u00e1vio Dino, \u00e9 do povo brasileiro - Daniel Matos\" \/>\n<meta property=\"og:description\" content=\"O ministro do Turismo, Gilson Machado Neto, inaugurou, na \u00faltima sexta-feira (11), em Barreirinhas (MA), duas importantes obras para o [&hellip;]\" \/>\n<meta property=\"og:url\" content=\"https:\/\/www.blogsoestado.com\/danielmatos\/ministro-diz-que-aeroporto-de-barreirinhas-nao-e-de-bolsonaro-nem-de-flavio-dino-e-do-povo-brasileiro\/\" \/>\n<meta property=\"og:site_name\" content=\"Daniel Matos\" \/>\n<meta property=\"article:published_time\" content=\"2022-02-13T19:59:34+00:00\" \/>\n<meta property=\"og:image\" content=\"https:\/\/www.blogsoestado.com\/danielmatos\/files\/2022\/02\/Screenshot_20220213-1652442.png\" \/>\n<meta name=\"twitter:card\" content=\"summary_large_image\" \/>\n<meta name=\"twitter:label1\" content=\"Est. tempo de leitura\" \/>\n\t<meta name=\"twitter:data1\" content=\"3 minutos\" \/>\n<script type=\"application\/ld+json\" class=\"yoast-schema-graph\">{\"@context\":\"https:\/\/schema.org\",\"@graph\":[{\"@type\":\"WebPage\",\"@id\":\"https:\/\/www.blogsoestado.com\/danielmatos\/ministro-diz-que-aeroporto-de-barreirinhas-nao-e-de-bolsonaro-nem-de-flavio-dino-e-do-povo-brasileiro\/\",\"url\":\"https:\/\/www.blogsoestado.com\/danielmatos\/ministro-diz-que-aeroporto-de-barreirinhas-nao-e-de-bolsonaro-nem-de-flavio-dino-e-do-povo-brasileiro\/\",\"name\":\"Ministro diz que Aeroporto de Barreirinhas n\u00e3o \u00e9 de Bolsonaro nem de Fl\u00e1vio Dino, \u00e9 do povo brasileiro - Daniel Matos\",\"isPartOf\":{\"@id\":\"https:\/\/www.blogsoestado.com\/danielmatos\/#website\"},\"primaryImageOfPage\":{\"@id\":\"https:\/\/www.blogsoestado.com\/danielmatos\/ministro-diz-que-aeroporto-de-barreirinhas-nao-e-de-bolsonaro-nem-de-flavio-dino-e-do-povo-brasileiro\/#primaryimage\"},\"image\":{\"@id\":\"https:\/\/www.blogsoestado.com\/danielmatos\/ministro-diz-que-aeroporto-de-barreirinhas-nao-e-de-bolsonaro-nem-de-flavio-dino-e-do-povo-brasileiro\/#primaryimage\"},\"thumbnailUrl\":\"https:\/\/www.blogsoestado.com\/danielmatos\/files\/2022\/02\/Screenshot_20220213-1652442.png\",\"datePublished\":\"2022-02-13T19:59:34+00:00\",\"author\":{\"@id\":\"\"},\"breadcrumb\":{\"@id\":\"https:\/\/www.blogsoestado.com\/danielmatos\/ministro-diz-que-aeroporto-de-barreirinhas-nao-e-de-bolsonaro-nem-de-flavio-dino-e-do-povo-brasileiro\/#breadcrumb\"},\"inLanguage\":\"pt-BR\",\"potentialAction\":[{\"@type\":\"ReadAction\",\"target\":[\"https:\/\/www.blogsoestado.com\/danielmatos\/ministro-diz-que-aeroporto-de-barreirinhas-nao-e-de-bolsonaro-nem-de-flavio-dino-e-do-povo-brasileiro\/\"]}]},{\"@type\":\"ImageObject\",\"inLanguage\":\"pt-BR\",\"@id\":\"https:\/\/www.blogsoestado.com\/danielmatos\/ministro-diz-que-aeroporto-de-barreirinhas-nao-e-de-bolsonaro-nem-de-flavio-dino-e-do-povo-brasileiro\/#primaryimage\",\"url\":\"https:\/\/www.blogsoestado.com\/danielmatos\/files\/2022\/02\/Screenshot_20220213-1652442.png\",\"contentUrl\":\"https:\/\/www.blogsoestado.com\/danielmatos\/files\/2022\/02\/Screenshot_20220213-1652442.png\"},{\"@type\":\"BreadcrumbList\",\"@id\":\"https:\/\/www.blogsoestado.com\/danielmatos\/ministro-diz-que-aeroporto-de-barreirinhas-nao-e-de-bolsonaro-nem-de-flavio-dino-e-do-povo-brasileiro\/#breadcrumb\",\"itemListElement\":[{\"@type\":\"ListItem\",\"position\":1,\"name\":\"In\u00edcio\",\"item\":\"https:\/\/www.blogsoestado.com\/danielmatos\/\"},{\"@type\":\"ListItem\",\"position\":2,\"name\":\"Ministro diz que Aeroporto de Barreirinhas n\u00e3o \u00e9 de Bolsonaro nem de Fl\u00e1vio Dino, \u00e9 do povo brasileiro\"}]},{\"@type\":\"WebSite\",\"@id\":\"https:\/\/www.blogsoestado.com\/danielmatos\/#website\",\"url\":\"https:\/\/www.blogsoestado.com\/danielmatos\/\",\"name\":\"Daniel Matos\",\"description\":\"\",\"potentialAction\":[{\"@type\":\"SearchAction\",\"target\":{\"@type\":\"EntryPoint\",\"urlTemplate\":\"https:\/\/www.blogsoestado.com\/danielmatos\/?s={search_term_string}\"},\"query-input\":{\"@type\":\"PropertyValueSpecification\",\"valueRequired\":true,\"valueName\":\"search_term_string\"}}],\"inLanguage\":\"pt-BR\"}]}<\/script>\n<!-- \/ Yoast SEO plugin. -->","yoast_head_json":{"title":"Ministro diz que Aeroporto de Barreirinhas n\u00e3o \u00e9 de Bolsonaro nem de Fl\u00e1vio Dino, \u00e9 do povo brasileiro - Daniel Matos","robots":{"index":"index","follow":"follow","max-snippet":"max-snippet:-1","max-image-preview":"max-image-preview:large","max-video-preview":"max-video-preview:-1"},"canonical":"https:\/\/www.blogsoestado.com\/danielmatos\/ministro-diz-que-aeroporto-de-barreirinhas-nao-e-de-bolsonaro-nem-de-flavio-dino-e-do-povo-brasileiro\/","og_locale":"pt_BR","og_type":"article","og_title":"Ministro diz que Aeroporto de Barreirinhas n\u00e3o \u00e9 de Bolsonaro nem de Fl\u00e1vio Dino, \u00e9 do povo brasileiro - Daniel Matos","og_description":"O ministro do Turismo, Gilson Machado Neto, inaugurou, na \u00faltima sexta-feira (11), em Barreirinhas (MA), duas importantes obras para o [&hellip;]","og_url":"https:\/\/www.blogsoestado.com\/danielmatos\/ministro-diz-que-aeroporto-de-barreirinhas-nao-e-de-bolsonaro-nem-de-flavio-dino-e-do-povo-brasileiro\/","og_site_name":"Daniel Matos","article_published_time":"2022-02-13T19:59:34+00:00","og_image":[{"url":"https:\/\/www.blogsoestado.com\/danielmatos\/files\/2022\/02\/Screenshot_20220213-1652442.png","type":"","width":"","height":""}],"twitter_card":"summary_large_image","twitter_misc":{"Est. tempo de leitura":"3 minutos"},"schema":{"@context":"https:\/\/schema.org","@graph":[{"@type":"WebPage","@id":"https:\/\/www.blogsoestado.com\/danielmatos\/ministro-diz-que-aeroporto-de-barreirinhas-nao-e-de-bolsonaro-nem-de-flavio-dino-e-do-povo-brasileiro\/","url":"https:\/\/www.blogsoestado.com\/danielmatos\/ministro-diz-que-aeroporto-de-barreirinhas-nao-e-de-bolsonaro-nem-de-flavio-dino-e-do-povo-brasileiro\/","name":"Ministro diz que Aeroporto de Barreirinhas n\u00e3o \u00e9 de Bolsonaro nem de Fl\u00e1vio Dino, \u00e9 do povo brasileiro - Daniel Matos","isPartOf":{"@id":"https:\/\/www.blogsoestado.com\/danielmatos\/#website"},"primaryImageOfPage":{"@id":"https:\/\/www.blogsoestado.com\/danielmatos\/ministro-diz-que-aeroporto-de-barreirinhas-nao-e-de-bolsonaro-nem-de-flavio-dino-e-do-povo-brasileiro\/#primaryimage"},"image":{"@id":"https:\/\/www.blogsoestado.com\/danielmatos\/ministro-diz-que-aeroporto-de-barreirinhas-nao-e-de-bolsonaro-nem-de-flavio-dino-e-do-povo-brasileiro\/#primaryimage"},"thumbnailUrl":"https:\/\/www.blogsoestado.com\/danielmatos\/files\/2022\/02\/Screenshot_20220213-1652442.png","datePublished":"2022-02-13T19:59:34+00:00","author":{"@id":""},"breadcrumb":{"@id":"https:\/\/www.blogsoestado.com\/danielmatos\/ministro-diz-que-aeroporto-de-barreirinhas-nao-e-de-bolsonaro-nem-de-flavio-dino-e-do-povo-brasileiro\/#breadcrumb"},"inLanguage":"pt-BR","potentialAction":[{"@type":"ReadAction","target":["https:\/\/www.blogsoestado.com\/danielmatos\/ministro-diz-que-aeroporto-de-barreirinhas-nao-e-de-bolsonaro-nem-de-flavio-dino-e-do-povo-brasileiro\/"]}]},{"@type":"ImageObject","inLanguage":"pt-BR","@id":"https:\/\/www.blogsoestado.com\/danielmatos\/ministro-diz-que-aeroporto-de-barreirinhas-nao-e-de-bolsonaro-nem-de-flavio-dino-e-do-povo-brasileiro\/#primaryimage","url":"https:\/\/www.blogsoestado.com\/danielmatos\/files\/2022\/02\/Screenshot_20220213-1652442.png","contentUrl":"https:\/\/www.blogsoestado.com\/danielmatos\/files\/2022\/02\/Screenshot_20220213-1652442.png"},{"@type":"BreadcrumbList","@id":"https:\/\/www.blogsoestado.com\/danielmatos\/ministro-diz-que-aeroporto-de-barreirinhas-nao-e-de-bolsonaro-nem-de-flavio-dino-e-do-povo-brasileiro\/#breadcrumb","itemListElement":[{"@type":"ListItem","position":1,"name":"In\u00edcio","item":"https:\/\/www.blogsoestado.com\/danielmatos\/"},{"@type":"ListItem","position":2,"name":"Ministro diz que Aeroporto de Barreirinhas n\u00e3o \u00e9 de Bolsonaro nem de Fl\u00e1vio Dino, \u00e9 do povo brasileiro"}]},{"@type":"WebSite","@id":"https:\/\/www.blogsoestado.com\/danielmatos\/#website","url":"https:\/\/www.blogsoestado.com\/danielmatos\/","name":"Daniel Matos","description":"","potentialAction":[{"@type":"SearchAction","target":{"@type":"EntryPoint","urlTemplate":"https:\/\/www.blogsoestado.com\/danielmatos\/?s={search_term_string}"},"query-input":{"@type":"PropertyValueSpecification","valueRequired":true,"valueName":"search_term_string"}}],"inLanguage":"pt-BR"}]}},"jetpack_featured_media_url":"","_links":{"self":[{"href":"https:\/\/www.blogsoestado.com\/danielmatos\/wp-json\/wp\/v2\/posts\/94276","targetHints":{"allow":["GET"]}}],"collection":[{"href":"https:\/\/www.blogsoestado.com\/danielmatos\/wp-json\/wp\/v2\/posts"}],"about":[{"href":"https:\/\/www.blogsoestado.com\/danielmatos\/wp-json\/wp\/v2\/types\/post"}],"replies":[{"embeddable":true,"href":"https:\/\/www.blogsoestado.com\/danielmatos\/wp-json\/wp\/v2\/comments?post=94276"}],"version-history":[{"count":0,"href":"https:\/\/www.blogsoestado.com\/danielmatos\/wp-json\/wp\/v2\/posts\/94276\/revisions"}],"wp:attachment":[{"href":"https:\/\/www.blogsoestado.com\/danielmatos\/wp-json\/wp\/v2\/media?parent=94276"}],"wp:term":[{"taxonomy":"category","embeddable":true,"href":"https:\/\/www.blogsoestado.com\/danielmatos\/wp-json\/wp\/v2\/categories?post=94276"},{"taxonomy":"post_tag","embeddable":true,"href":"https:\/\/www.blogsoestado.com\/danielmatos\/wp-json\/wp\/v2\/tags?post=94276"}],"curies":[{"name":"wp","href":"https:\/\/api.w.org\/{rel}","templated":true}]}}