{"id":94290,"date":"2022-02-14T16:40:18","date_gmt":"2022-02-14T19:40:18","guid":{"rendered":"https:\/\/www.blogsoestado.com\/danielmatos\/?p=94290"},"modified":"2022-02-14T16:40:18","modified_gmt":"2022-02-14T19:40:18","slug":"em-sessao-extraordinaria-camara-derruba-vetos-do-executivo","status":"publish","type":"post","link":"https:\/\/www.blogsoestado.com\/danielmatos\/em-sessao-extraordinaria-camara-derruba-vetos-do-executivo\/","title":{"rendered":"C\u00e2mara derruba vetos de Braide e garante 14\u00ba sal\u00e1rio a professores e Cart\u00e3o Alimenta\u00e7\u00e3o Escolar"},"content":{"rendered":"\n<p><em><strong><span class=\"has-inline-color has-vivid-red-color\">Os PL\u2019s em pauta tratam da concess\u00e3o do 14\u00ba sal\u00e1rio aos professores e do Cart\u00e3o Alimenta\u00e7\u00e3o Escolar a estudantes<\/span><\/strong><\/em><\/p>\n\n\n\n<div class=\"wp-block-image\"><figure class=\"aligncenter size-large\"><a href=\"https:\/\/www.blogsoestado.com\/danielmatos\/files\/2022\/02\/Screenshot_20220214-1636112.png\"><img decoding=\"async\" src=\"https:\/\/www.blogsoestado.com\/danielmatos\/files\/2022\/02\/Screenshot_20220214-1636112.png\" alt=\"\" class=\"wp-image-94291\"\/><\/a><figcaption>Ap\u00f3s a sess\u00e3o extraordin\u00e1ria, os vereadores se reuniram os professores que acompanhavam a vota\u00e7\u00e3o da galeria (Foto: Leonardo Mendon\u00e7a)<\/figcaption><\/figure><\/div>\n\n\n\n<p id=\"E65\">A C\u00e2mara Municipal de S\u00e3o Lu\u00eds realizou sess\u00e3o extraordin\u00e1ria, nesta segunda-feira (14), para aprecia\u00e7\u00e3o de vetos do Executivo Municipal aos Projetos de Lei n.\u00ba 345\/21 e n\u00ba 338\/21.<\/p>\n\n\n\n<p id=\"E76\">Em vota\u00e7\u00e3o, os vereadores derrubaram os vetos do Executivo por unanimidade. Agora, os projetos de lei seguem para o prefeito de S\u00e3o Lu\u00eds, Eduardo Braide (Podemos), que tem o prazo de 15 dias para sancionar com as emendas feitas pelos vereadores.<\/p>\n\n\n\n<p id=\"E84\">O PL n.\u00ba 345\/2021 institu\u00eda o Cart\u00e3o Alimenta\u00e7\u00e3o Escolar para os alunos da rede p\u00fablica de ensino, em decorr\u00eancia da situa\u00e7\u00e3o de emerg\u00eancia e do estado de calamidade p\u00fablica ocasionados pelas Covid-19. J\u00e1 o PL n.\u00ba 338\/21 tratava sobre a concess\u00e3o de abono, conhecido como 14\u00ba sal\u00e1rio, aos profissionais integrantes da rede de Educa\u00e7\u00e3o B\u00e1sica municipal.<\/p>\n\n\n\n<p id=\"E84\"><strong>Emendas e vetos: entenda o processo<\/strong><\/p>\n\n\n\n<div class=\"wp-block-image\"><figure class=\"aligncenter size-large\"><a href=\"https:\/\/www.blogsoestado.com\/danielmatos\/files\/2022\/02\/Screenshot_20220214-1637242.png\"><img decoding=\"async\" src=\"https:\/\/www.blogsoestado.com\/danielmatos\/files\/2022\/02\/Screenshot_20220214-1637242.png\" alt=\"\" class=\"wp-image-94292\"\/><\/a><figcaption>Os vereadores decidiram derrubar os vetos, e os projetos seguem para san\u00e7\u00e3o do prefeito (Foto: Fabr\u00edcio Cunha)<\/figcaption><\/figure><\/div>\n\n\n\n<p id=\"E96\">As duas proposi\u00e7\u00f5es eram de iniciativa do Executivo Municipal e receberam emendas quando foram encaminhados \u00e0 C\u00e2mara de S\u00e3o Lu\u00eds para aprecia\u00e7\u00e3o dos parlamentares. Seguindo os tr\u00e2mites normais, elas retornaram ao Executivo para an\u00e1lise e, na ocasi\u00e3o, o prefeito de S\u00e3o Lu\u00eds realizou vetos a ambas. Esses foram os vetos derrubados na sess\u00e3o de hoje (14).<\/p>\n\n\n\n<p id=\"E115\">A emenda feita ao PL n.\u00ba 345\/2021 \u00e9 de autoria do vereador Marquinhos (DEM) e visava estender o benef\u00edcio do Cart\u00e3o Alimenta\u00e7\u00e3o Escolar, que \u00e9 no valor de R$ 80,00, para as escolas comunit\u00e1rias. O projeto foi vetado parcialmente pelo Executivo, segundo justificativa, por contrapor a Lei Federal n\u00ba 14.113\/20, que regulamenta o Fundo de Manuten\u00e7\u00e3o e Desenvolvimento da Educa\u00e7\u00e3o B\u00e1sica e de Valoriza\u00e7\u00e3o dos Profissionais da Educa\u00e7\u00e3o (Fundeb) e representar aumento das despesas do Munic\u00edpio.<\/p>\n\n\n\n<p>J\u00e1 as emendas ao PL n.\u00ba 338\/21 foram feitas pelo Coletivo N\u00f3s (PT), por meio de sugest\u00f5es do Sindicato dos Professores da Rede Municipal de Ensino (SindEduca\u00e7\u00e3o), com o intuito de ampliar a concess\u00e3o de abono a outros profissionais do Magist\u00e9rio, n\u00e3o o deixando restrito aos professores. O projeto tamb\u00e9m foi vetado parcialmente, sob a justificativa de representar aumento de despesas para o Munic\u00edpio.<\/p>\n","protected":false},"excerpt":{"rendered":"<p>Os PL\u2019s em pauta tratam da concess\u00e3o do 14\u00ba sal\u00e1rio aos professores e do Cart\u00e3o Alimenta\u00e7\u00e3o Escolar a estudantes A [&hellip;]<\/p>\n","protected":false},"author":0,"featured_media":0,"comment_status":"open","ping_status":"open","sticky":false,"template":"","format":"standard","meta":{"site-sidebar-layout":"default","site-content-layout":"","ast-site-content-layout":"default","site-content-style":"default","site-sidebar-style":"default","ast-global-header-display":"","ast-banner-title-visibility":"","ast-main-header-display":"","ast-hfb-above-header-display":"","ast-hfb-below-header-display":"","ast-hfb-mobile-header-display":"","site-post-title":"","ast-breadcrumbs-content":"","ast-featured-img":"","footer-sml-layout":"","ast-disable-related-posts":"","theme-transparent-header-meta":"","adv-header-id-meta":"","stick-header-meta":"","header-above-stick-meta":"","header-main-stick-meta":"","header-below-stick-meta":"","astra-migrate-meta-layouts":"default","ast-page-background-enabled":"default","ast-page-background-meta":{"desktop":{"background-color":"var(--ast-global-color-5)","background-image":"","background-repeat":"repeat","background-position":"center center","background-size":"auto","background-attachment":"scroll","background-type":"","background-media":"","overlay-type":"","overlay-color":"","overlay-opacity":"","overlay-gradient":""},"tablet":{"background-color":"","background-image":"","background-repeat":"repeat","background-position":"center center","background-size":"auto","background-attachment":"scroll","background-type":"","background-media":"","overlay-type":"","overlay-color":"","overlay-opacity":"","overlay-gradient":""},"mobile":{"background-color":"","background-image":"","background-repeat":"repeat","background-position":"center center","background-size":"auto","background-attachment":"scroll","background-type":"","background-media":"","overlay-type":"","overlay-color":"","overlay-opacity":"","overlay-gradient":""}},"ast-content-background-meta":{"desktop":{"background-color":"var(--ast-global-color-4)","background-image":"","background-repeat":"repeat","background-position":"center center","background-size":"auto","background-attachment":"scroll","background-type":"","background-media":"","overlay-type":"","overlay-color":"","overlay-opacity":"","overlay-gradient":""},"tablet":{"background-color":"var(--ast-global-color-4)","background-image":"","background-repeat":"repeat","background-position":"center center","background-size":"auto","background-attachment":"scroll","background-type":"","background-media":"","overlay-type":"","overlay-color":"","overlay-opacity":"","overlay-gradient":""},"mobile":{"background-color":"var(--ast-global-color-4)","background-image":"","background-repeat":"repeat","background-position":"center center","background-size":"auto","background-attachment":"scroll","background-type":"","background-media":"","overlay-type":"","overlay-color":"","overlay-opacity":"","overlay-gradient":""}},"footnotes":""},"categories":[1],"tags":[],"class_list":["post-94290","post","type-post","status-publish","format-standard","hentry","category-sem-categoria"],"yoast_head":"<!-- This site is optimized with the Yoast SEO plugin v26.6 - https:\/\/yoast.com\/wordpress\/plugins\/seo\/ -->\n<title>C\u00e2mara derruba vetos de Braide e garante 14\u00ba sal\u00e1rio a professores e Cart\u00e3o Alimenta\u00e7\u00e3o Escolar - Daniel Matos<\/title>\n<meta name=\"robots\" content=\"index, follow, max-snippet:-1, max-image-preview:large, max-video-preview:-1\" \/>\n<link rel=\"canonical\" href=\"https:\/\/www.blogsoestado.com\/danielmatos\/em-sessao-extraordinaria-camara-derruba-vetos-do-executivo\/\" \/>\n<meta property=\"og:locale\" content=\"pt_BR\" \/>\n<meta property=\"og:type\" content=\"article\" \/>\n<meta property=\"og:title\" content=\"C\u00e2mara derruba vetos de Braide e garante 14\u00ba sal\u00e1rio a professores e Cart\u00e3o Alimenta\u00e7\u00e3o Escolar - Daniel Matos\" \/>\n<meta property=\"og:description\" content=\"Os PL\u2019s em pauta tratam da concess\u00e3o do 14\u00ba sal\u00e1rio aos professores e do Cart\u00e3o Alimenta\u00e7\u00e3o Escolar a estudantes A [&hellip;]\" \/>\n<meta property=\"og:url\" content=\"https:\/\/www.blogsoestado.com\/danielmatos\/em-sessao-extraordinaria-camara-derruba-vetos-do-executivo\/\" \/>\n<meta property=\"og:site_name\" content=\"Daniel Matos\" \/>\n<meta property=\"article:published_time\" content=\"2022-02-14T19:40:18+00:00\" \/>\n<meta property=\"og:image\" content=\"https:\/\/www.blogsoestado.com\/danielmatos\/files\/2022\/02\/Screenshot_20220214-1636112.png\" \/>\n<meta name=\"twitter:card\" content=\"summary_large_image\" \/>\n<meta name=\"twitter:label1\" content=\"Est. tempo de leitura\" \/>\n\t<meta name=\"twitter:data1\" content=\"3 minutos\" \/>\n<script type=\"application\/ld+json\" class=\"yoast-schema-graph\">{\"@context\":\"https:\/\/schema.org\",\"@graph\":[{\"@type\":\"WebPage\",\"@id\":\"https:\/\/www.blogsoestado.com\/danielmatos\/em-sessao-extraordinaria-camara-derruba-vetos-do-executivo\/\",\"url\":\"https:\/\/www.blogsoestado.com\/danielmatos\/em-sessao-extraordinaria-camara-derruba-vetos-do-executivo\/\",\"name\":\"C\u00e2mara derruba vetos de Braide e garante 14\u00ba sal\u00e1rio a professores e Cart\u00e3o Alimenta\u00e7\u00e3o Escolar - Daniel Matos\",\"isPartOf\":{\"@id\":\"https:\/\/www.blogsoestado.com\/danielmatos\/#website\"},\"primaryImageOfPage\":{\"@id\":\"https:\/\/www.blogsoestado.com\/danielmatos\/em-sessao-extraordinaria-camara-derruba-vetos-do-executivo\/#primaryimage\"},\"image\":{\"@id\":\"https:\/\/www.blogsoestado.com\/danielmatos\/em-sessao-extraordinaria-camara-derruba-vetos-do-executivo\/#primaryimage\"},\"thumbnailUrl\":\"https:\/\/www.blogsoestado.com\/danielmatos\/files\/2022\/02\/Screenshot_20220214-1636112.png\",\"datePublished\":\"2022-02-14T19:40:18+00:00\",\"author\":{\"@id\":\"\"},\"breadcrumb\":{\"@id\":\"https:\/\/www.blogsoestado.com\/danielmatos\/em-sessao-extraordinaria-camara-derruba-vetos-do-executivo\/#breadcrumb\"},\"inLanguage\":\"pt-BR\",\"potentialAction\":[{\"@type\":\"ReadAction\",\"target\":[\"https:\/\/www.blogsoestado.com\/danielmatos\/em-sessao-extraordinaria-camara-derruba-vetos-do-executivo\/\"]}]},{\"@type\":\"ImageObject\",\"inLanguage\":\"pt-BR\",\"@id\":\"https:\/\/www.blogsoestado.com\/danielmatos\/em-sessao-extraordinaria-camara-derruba-vetos-do-executivo\/#primaryimage\",\"url\":\"https:\/\/www.blogsoestado.com\/danielmatos\/files\/2022\/02\/Screenshot_20220214-1636112.png\",\"contentUrl\":\"https:\/\/www.blogsoestado.com\/danielmatos\/files\/2022\/02\/Screenshot_20220214-1636112.png\"},{\"@type\":\"BreadcrumbList\",\"@id\":\"https:\/\/www.blogsoestado.com\/danielmatos\/em-sessao-extraordinaria-camara-derruba-vetos-do-executivo\/#breadcrumb\",\"itemListElement\":[{\"@type\":\"ListItem\",\"position\":1,\"name\":\"In\u00edcio\",\"item\":\"https:\/\/www.blogsoestado.com\/danielmatos\/\"},{\"@type\":\"ListItem\",\"position\":2,\"name\":\"C\u00e2mara derruba vetos de Braide e garante 14\u00ba sal\u00e1rio a professores e Cart\u00e3o Alimenta\u00e7\u00e3o Escolar\"}]},{\"@type\":\"WebSite\",\"@id\":\"https:\/\/www.blogsoestado.com\/danielmatos\/#website\",\"url\":\"https:\/\/www.blogsoestado.com\/danielmatos\/\",\"name\":\"Daniel Matos\",\"description\":\"\",\"potentialAction\":[{\"@type\":\"SearchAction\",\"target\":{\"@type\":\"EntryPoint\",\"urlTemplate\":\"https:\/\/www.blogsoestado.com\/danielmatos\/?s={search_term_string}\"},\"query-input\":{\"@type\":\"PropertyValueSpecification\",\"valueRequired\":true,\"valueName\":\"search_term_string\"}}],\"inLanguage\":\"pt-BR\"}]}<\/script>\n<!-- \/ Yoast SEO plugin. -->","yoast_head_json":{"title":"C\u00e2mara derruba vetos de Braide e garante 14\u00ba sal\u00e1rio a professores e Cart\u00e3o Alimenta\u00e7\u00e3o Escolar - Daniel Matos","robots":{"index":"index","follow":"follow","max-snippet":"max-snippet:-1","max-image-preview":"max-image-preview:large","max-video-preview":"max-video-preview:-1"},"canonical":"https:\/\/www.blogsoestado.com\/danielmatos\/em-sessao-extraordinaria-camara-derruba-vetos-do-executivo\/","og_locale":"pt_BR","og_type":"article","og_title":"C\u00e2mara derruba vetos de Braide e garante 14\u00ba sal\u00e1rio a professores e Cart\u00e3o Alimenta\u00e7\u00e3o Escolar - Daniel Matos","og_description":"Os PL\u2019s em pauta tratam da concess\u00e3o do 14\u00ba sal\u00e1rio aos professores e do Cart\u00e3o Alimenta\u00e7\u00e3o Escolar a estudantes A [&hellip;]","og_url":"https:\/\/www.blogsoestado.com\/danielmatos\/em-sessao-extraordinaria-camara-derruba-vetos-do-executivo\/","og_site_name":"Daniel Matos","article_published_time":"2022-02-14T19:40:18+00:00","og_image":[{"url":"https:\/\/www.blogsoestado.com\/danielmatos\/files\/2022\/02\/Screenshot_20220214-1636112.png","type":"","width":"","height":""}],"twitter_card":"summary_large_image","twitter_misc":{"Est. tempo de leitura":"3 minutos"},"schema":{"@context":"https:\/\/schema.org","@graph":[{"@type":"WebPage","@id":"https:\/\/www.blogsoestado.com\/danielmatos\/em-sessao-extraordinaria-camara-derruba-vetos-do-executivo\/","url":"https:\/\/www.blogsoestado.com\/danielmatos\/em-sessao-extraordinaria-camara-derruba-vetos-do-executivo\/","name":"C\u00e2mara derruba vetos de Braide e garante 14\u00ba sal\u00e1rio a professores e Cart\u00e3o Alimenta\u00e7\u00e3o Escolar - Daniel Matos","isPartOf":{"@id":"https:\/\/www.blogsoestado.com\/danielmatos\/#website"},"primaryImageOfPage":{"@id":"https:\/\/www.blogsoestado.com\/danielmatos\/em-sessao-extraordinaria-camara-derruba-vetos-do-executivo\/#primaryimage"},"image":{"@id":"https:\/\/www.blogsoestado.com\/danielmatos\/em-sessao-extraordinaria-camara-derruba-vetos-do-executivo\/#primaryimage"},"thumbnailUrl":"https:\/\/www.blogsoestado.com\/danielmatos\/files\/2022\/02\/Screenshot_20220214-1636112.png","datePublished":"2022-02-14T19:40:18+00:00","author":{"@id":""},"breadcrumb":{"@id":"https:\/\/www.blogsoestado.com\/danielmatos\/em-sessao-extraordinaria-camara-derruba-vetos-do-executivo\/#breadcrumb"},"inLanguage":"pt-BR","potentialAction":[{"@type":"ReadAction","target":["https:\/\/www.blogsoestado.com\/danielmatos\/em-sessao-extraordinaria-camara-derruba-vetos-do-executivo\/"]}]},{"@type":"ImageObject","inLanguage":"pt-BR","@id":"https:\/\/www.blogsoestado.com\/danielmatos\/em-sessao-extraordinaria-camara-derruba-vetos-do-executivo\/#primaryimage","url":"https:\/\/www.blogsoestado.com\/danielmatos\/files\/2022\/02\/Screenshot_20220214-1636112.png","contentUrl":"https:\/\/www.blogsoestado.com\/danielmatos\/files\/2022\/02\/Screenshot_20220214-1636112.png"},{"@type":"BreadcrumbList","@id":"https:\/\/www.blogsoestado.com\/danielmatos\/em-sessao-extraordinaria-camara-derruba-vetos-do-executivo\/#breadcrumb","itemListElement":[{"@type":"ListItem","position":1,"name":"In\u00edcio","item":"https:\/\/www.blogsoestado.com\/danielmatos\/"},{"@type":"ListItem","position":2,"name":"C\u00e2mara derruba vetos de Braide e garante 14\u00ba sal\u00e1rio a professores e Cart\u00e3o Alimenta\u00e7\u00e3o Escolar"}]},{"@type":"WebSite","@id":"https:\/\/www.blogsoestado.com\/danielmatos\/#website","url":"https:\/\/www.blogsoestado.com\/danielmatos\/","name":"Daniel Matos","description":"","potentialAction":[{"@type":"SearchAction","target":{"@type":"EntryPoint","urlTemplate":"https:\/\/www.blogsoestado.com\/danielmatos\/?s={search_term_string}"},"query-input":{"@type":"PropertyValueSpecification","valueRequired":true,"valueName":"search_term_string"}}],"inLanguage":"pt-BR"}]}},"jetpack_featured_media_url":"","_links":{"self":[{"href":"https:\/\/www.blogsoestado.com\/danielmatos\/wp-json\/wp\/v2\/posts\/94290","targetHints":{"allow":["GET"]}}],"collection":[{"href":"https:\/\/www.blogsoestado.com\/danielmatos\/wp-json\/wp\/v2\/posts"}],"about":[{"href":"https:\/\/www.blogsoestado.com\/danielmatos\/wp-json\/wp\/v2\/types\/post"}],"replies":[{"embeddable":true,"href":"https:\/\/www.blogsoestado.com\/danielmatos\/wp-json\/wp\/v2\/comments?post=94290"}],"version-history":[{"count":0,"href":"https:\/\/www.blogsoestado.com\/danielmatos\/wp-json\/wp\/v2\/posts\/94290\/revisions"}],"wp:attachment":[{"href":"https:\/\/www.blogsoestado.com\/danielmatos\/wp-json\/wp\/v2\/media?parent=94290"}],"wp:term":[{"taxonomy":"category","embeddable":true,"href":"https:\/\/www.blogsoestado.com\/danielmatos\/wp-json\/wp\/v2\/categories?post=94290"},{"taxonomy":"post_tag","embeddable":true,"href":"https:\/\/www.blogsoestado.com\/danielmatos\/wp-json\/wp\/v2\/tags?post=94290"}],"curies":[{"name":"wp","href":"https:\/\/api.w.org\/{rel}","templated":true}]}}