{"id":94308,"date":"2022-02-15T07:00:00","date_gmt":"2022-02-15T10:00:00","guid":{"rendered":"https:\/\/www.blogsoestado.com\/danielmatos\/?p=94308"},"modified":"2022-02-15T07:00:00","modified_gmt":"2022-02-15T10:00:00","slug":"afetada-por-colapso-do-transporte-publico-em-sao-luis-empresa-tem-12-onibus-apreendidos-por-ordem-judicial","status":"publish","type":"post","link":"https:\/\/www.blogsoestado.com\/danielmatos\/afetada-por-colapso-do-transporte-publico-em-sao-luis-empresa-tem-12-onibus-apreendidos-por-ordem-judicial\/","title":{"rendered":"Afetada por colapso do transporte p\u00fablico em S\u00e3o Lu\u00eds, empresa tem 12 \u00f4nibus apreendidos por ordem judicial"},"content":{"rendered":"\n<div class=\"wp-block-image\"><figure class=\"aligncenter size-large\"><a href=\"https:\/\/www.blogsoestado.com\/danielmatos\/files\/2022\/02\/Screenshot_20220215-0309502.png\"><img decoding=\"async\" src=\"https:\/\/www.blogsoestado.com\/danielmatos\/files\/2022\/02\/Screenshot_20220215-0309502.png\" alt=\"\" class=\"wp-image-94309\"\/><\/a><figcaption>Um dos \u00f4nibus apreendidos na garagem da Expresso Rio Negro por ordem judicial<\/figcaption><\/figure><\/div>\n\n\n\n<p>A Expresso Rio Negro, uma das empresas que operam o sistema de transporte p\u00fablico de S\u00e3o Lu\u00eds, foi alvo, no \u00faltimo domingo (13), de busca e apreens\u00e3o de 12 \u00f4nibus, em sua garagem, no bairro Tirirical. A opera\u00e7\u00e3o se deu em cumprimento a um mandado expedido pela Justi\u00e7a em favor do banco financiador da compra dos ve\u00edculos. Gravemente afetada pelo colapso que a cada dia inviabiliza o servi\u00e7o de transporte na capital maranhense, a concession\u00e1ria n\u00e3o teve mais condi\u00e7\u00f5es financeiras de honrar as parcelas do investimento feito na renova\u00e7\u00e3o da sua frota.<\/p>\n\n\n\n<p>Os 12 \u00f4nibus apreendidos foram adquiridos pela Expresso Rio Negro em 2021. Os coletivos s\u00e3o do modelo Marcopolo Torino 5 Plus, todos equipados com ar-condicionado e dispositivos que garantem acessibilidade. A empresa, que antes operava com 25 coletivos, agora s\u00f3 tem 13, nenhum deles com refrigera\u00e7\u00e3o ou plataforma para embarque e desembarque de passageiros portadores de defici\u00eancia.<\/p>\n\n\n\n<p>Ap\u00f3s a perda de quase metade de sua frota, a Expresso Rio Negro amarga sens\u00edvel queda de qualidade do servi\u00e7o prestado aos usu\u00e1rios, sem contar a inevit\u00e1vel diminui\u00e7\u00e3o de receita, pois agora tem menos coletivos em circula\u00e7\u00e3o.<\/p>\n\n\n\n<p>A empresa \u00edntegra o Cons\u00f3rcio Upaon-A\u00e7u e atende a regi\u00e3o da Cidade Oper\u00e1ria, a mais populosa de S\u00e3o Lu\u00eds, e explora linhas como Uema\/Ipase e outras com itiner\u00e1rio pelo Terminal de Integra\u00e7\u00e3o do S\u00e3o Crist\u00f3v\u00e3o. A n\u00e3o ser que haja um remanejamento de frota, de modo a repor os \u00f4nibus das linhas desfalcadas, milhares de usu\u00e1rios sofrer\u00e3o s\u00e9rios transtornos.<\/p>\n\n\n\n<p><strong>Crise generalizada<\/strong><\/p>\n\n\n\n<p>O quadro financeiro deficit\u00e1rio que levou \u00e0 busca e apreens\u00e3o dos 12 \u00f4nibus n\u00e3o \u00e9 um problema exclusivo da Expresso Rio Negro. V\u00e1rias outras empresas que det\u00eam concess\u00f5es de linhas do Sistema Integrado de Transporte de S\u00e3o Lu\u00eds (SIT) enfrentam a mesma dificuldade. Operando no vermelho em raz\u00e3o da falta de uma pol\u00edtica p\u00fablica que restabele\u00e7a a viabilidade econ\u00f4mica do servi\u00e7o, essas concession\u00e1rias est\u00e3o sob a amea\u00e7a constante de quebrar. Ou seja, a crise \u00e9 generalizada e os maiores prejudicados, caso o pior aconte\u00e7a, ser\u00e3o os mais de 700 mil cidad\u00e3os que utilizam o transporte coletivo para se locomover na capital.<\/p>\n\n\n\n<p>O colapso do sistema de transporte p\u00fablico \u00e9 cada vez mais vis\u00edvel. A apreens\u00e3o dos \u00f4nibus da Expresso Rio Negro \u00e9 a prova de que o servi\u00e7o est\u00e1 em franco decl\u00ednio e tende a perder toda a sua capacidade operacional, caso a prefeitura n\u00e3o cumpra as suas obriga\u00e7\u00f5es contratuais e n\u00e3o se disponha a implementar medidas adequadas e imediatas para por fim \u00e0 instabilidade.<\/p>\n\n\n\n<p><strong>Assista:<\/strong><\/p>\n\n\n\n<figure class=\"wp-block-embed is-type-video is-provider-youtube wp-block-embed-youtube wp-embed-aspect-16-9 wp-has-aspect-ratio\"><div class=\"wp-block-embed__wrapper\">\n<iframe title=\"Blog Daniel Matos - busca e apreens\u00e3o de 12 \u00f4nibus em garagem de empresa de S\u00e3o Lu\u00eds\" width=\"500\" height=\"281\" src=\"https:\/\/www.youtube.com\/embed\/33JT2CSd7Ik?feature=oembed\" frameborder=\"0\" allow=\"accelerometer; autoplay; clipboard-write; encrypted-media; gyroscope; picture-in-picture; web-share\" referrerpolicy=\"strict-origin-when-cross-origin\" allowfullscreen><\/iframe>\n<\/div><\/figure>\n","protected":false},"excerpt":{"rendered":"<p>A Expresso Rio Negro, uma das empresas que operam o sistema de transporte p\u00fablico de S\u00e3o Lu\u00eds, foi alvo, no [&hellip;]<\/p>\n","protected":false},"author":0,"featured_media":0,"comment_status":"open","ping_status":"open","sticky":false,"template":"","format":"standard","meta":{"site-sidebar-layout":"default","site-content-layout":"","ast-site-content-layout":"default","site-content-style":"default","site-sidebar-style":"default","ast-global-header-display":"","ast-banner-title-visibility":"","ast-main-header-display":"","ast-hfb-above-header-display":"","ast-hfb-below-header-display":"","ast-hfb-mobile-header-display":"","site-post-title":"","ast-breadcrumbs-content":"","ast-featured-img":"","footer-sml-layout":"","ast-disable-related-posts":"","theme-transparent-header-meta":"","adv-header-id-meta":"","stick-header-meta":"","header-above-stick-meta":"","header-main-stick-meta":"","header-below-stick-meta":"","astra-migrate-meta-layouts":"default","ast-page-background-enabled":"default","ast-page-background-meta":{"desktop":{"background-color":"var(--ast-global-color-5)","background-image":"","background-repeat":"repeat","background-position":"center center","background-size":"auto","background-attachment":"scroll","background-type":"","background-media":"","overlay-type":"","overlay-color":"","overlay-opacity":"","overlay-gradient":""},"tablet":{"background-color":"","background-image":"","background-repeat":"repeat","background-position":"center center","background-size":"auto","background-attachment":"scroll","background-type":"","background-media":"","overlay-type":"","overlay-color":"","overlay-opacity":"","overlay-gradient":""},"mobile":{"background-color":"","background-image":"","background-repeat":"repeat","background-position":"center center","background-size":"auto","background-attachment":"scroll","background-type":"","background-media":"","overlay-type":"","overlay-color":"","overlay-opacity":"","overlay-gradient":""}},"ast-content-background-meta":{"desktop":{"background-color":"var(--ast-global-color-4)","background-image":"","background-repeat":"repeat","background-position":"center center","background-size":"auto","background-attachment":"scroll","background-type":"","background-media":"","overlay-type":"","overlay-color":"","overlay-opacity":"","overlay-gradient":""},"tablet":{"background-color":"var(--ast-global-color-4)","background-image":"","background-repeat":"repeat","background-position":"center center","background-size":"auto","background-attachment":"scroll","background-type":"","background-media":"","overlay-type":"","overlay-color":"","overlay-opacity":"","overlay-gradient":""},"mobile":{"background-color":"var(--ast-global-color-4)","background-image":"","background-repeat":"repeat","background-position":"center center","background-size":"auto","background-attachment":"scroll","background-type":"","background-media":"","overlay-type":"","overlay-color":"","overlay-opacity":"","overlay-gradient":""}},"footnotes":""},"categories":[1],"tags":[],"class_list":["post-94308","post","type-post","status-publish","format-standard","hentry","category-sem-categoria"],"yoast_head":"<!-- This site is optimized with the Yoast SEO plugin v26.6 - https:\/\/yoast.com\/wordpress\/plugins\/seo\/ -->\n<title>Afetada por colapso do transporte p\u00fablico em S\u00e3o Lu\u00eds, empresa tem 12 \u00f4nibus apreendidos por ordem judicial - Daniel Matos<\/title>\n<meta name=\"robots\" content=\"index, follow, max-snippet:-1, max-image-preview:large, max-video-preview:-1\" \/>\n<link rel=\"canonical\" href=\"https:\/\/www.blogsoestado.com\/danielmatos\/afetada-por-colapso-do-transporte-publico-em-sao-luis-empresa-tem-12-onibus-apreendidos-por-ordem-judicial\/\" \/>\n<meta property=\"og:locale\" content=\"pt_BR\" \/>\n<meta property=\"og:type\" content=\"article\" \/>\n<meta property=\"og:title\" content=\"Afetada por colapso do transporte p\u00fablico em S\u00e3o Lu\u00eds, empresa tem 12 \u00f4nibus apreendidos por ordem judicial - Daniel Matos\" \/>\n<meta property=\"og:description\" content=\"A Expresso Rio Negro, uma das empresas que operam o sistema de transporte p\u00fablico de S\u00e3o Lu\u00eds, foi alvo, no [&hellip;]\" \/>\n<meta property=\"og:url\" content=\"https:\/\/www.blogsoestado.com\/danielmatos\/afetada-por-colapso-do-transporte-publico-em-sao-luis-empresa-tem-12-onibus-apreendidos-por-ordem-judicial\/\" \/>\n<meta property=\"og:site_name\" content=\"Daniel Matos\" \/>\n<meta property=\"article:published_time\" content=\"2022-02-15T10:00:00+00:00\" \/>\n<meta property=\"og:image\" content=\"https:\/\/www.blogsoestado.com\/danielmatos\/files\/2022\/02\/Screenshot_20220215-0309502.png\" \/>\n<meta name=\"twitter:card\" content=\"summary_large_image\" \/>\n<meta name=\"twitter:label1\" content=\"Est. tempo de leitura\" \/>\n\t<meta name=\"twitter:data1\" content=\"3 minutos\" \/>\n<script type=\"application\/ld+json\" class=\"yoast-schema-graph\">{\"@context\":\"https:\/\/schema.org\",\"@graph\":[{\"@type\":\"WebPage\",\"@id\":\"https:\/\/www.blogsoestado.com\/danielmatos\/afetada-por-colapso-do-transporte-publico-em-sao-luis-empresa-tem-12-onibus-apreendidos-por-ordem-judicial\/\",\"url\":\"https:\/\/www.blogsoestado.com\/danielmatos\/afetada-por-colapso-do-transporte-publico-em-sao-luis-empresa-tem-12-onibus-apreendidos-por-ordem-judicial\/\",\"name\":\"Afetada por colapso do transporte p\u00fablico em S\u00e3o Lu\u00eds, empresa tem 12 \u00f4nibus apreendidos por ordem judicial - Daniel Matos\",\"isPartOf\":{\"@id\":\"https:\/\/www.blogsoestado.com\/danielmatos\/#website\"},\"primaryImageOfPage\":{\"@id\":\"https:\/\/www.blogsoestado.com\/danielmatos\/afetada-por-colapso-do-transporte-publico-em-sao-luis-empresa-tem-12-onibus-apreendidos-por-ordem-judicial\/#primaryimage\"},\"image\":{\"@id\":\"https:\/\/www.blogsoestado.com\/danielmatos\/afetada-por-colapso-do-transporte-publico-em-sao-luis-empresa-tem-12-onibus-apreendidos-por-ordem-judicial\/#primaryimage\"},\"thumbnailUrl\":\"https:\/\/www.blogsoestado.com\/danielmatos\/files\/2022\/02\/Screenshot_20220215-0309502.png\",\"datePublished\":\"2022-02-15T10:00:00+00:00\",\"author\":{\"@id\":\"\"},\"breadcrumb\":{\"@id\":\"https:\/\/www.blogsoestado.com\/danielmatos\/afetada-por-colapso-do-transporte-publico-em-sao-luis-empresa-tem-12-onibus-apreendidos-por-ordem-judicial\/#breadcrumb\"},\"inLanguage\":\"pt-BR\",\"potentialAction\":[{\"@type\":\"ReadAction\",\"target\":[\"https:\/\/www.blogsoestado.com\/danielmatos\/afetada-por-colapso-do-transporte-publico-em-sao-luis-empresa-tem-12-onibus-apreendidos-por-ordem-judicial\/\"]}]},{\"@type\":\"ImageObject\",\"inLanguage\":\"pt-BR\",\"@id\":\"https:\/\/www.blogsoestado.com\/danielmatos\/afetada-por-colapso-do-transporte-publico-em-sao-luis-empresa-tem-12-onibus-apreendidos-por-ordem-judicial\/#primaryimage\",\"url\":\"https:\/\/www.blogsoestado.com\/danielmatos\/files\/2022\/02\/Screenshot_20220215-0309502.png\",\"contentUrl\":\"https:\/\/www.blogsoestado.com\/danielmatos\/files\/2022\/02\/Screenshot_20220215-0309502.png\"},{\"@type\":\"BreadcrumbList\",\"@id\":\"https:\/\/www.blogsoestado.com\/danielmatos\/afetada-por-colapso-do-transporte-publico-em-sao-luis-empresa-tem-12-onibus-apreendidos-por-ordem-judicial\/#breadcrumb\",\"itemListElement\":[{\"@type\":\"ListItem\",\"position\":1,\"name\":\"In\u00edcio\",\"item\":\"https:\/\/www.blogsoestado.com\/danielmatos\/\"},{\"@type\":\"ListItem\",\"position\":2,\"name\":\"Afetada por colapso do transporte p\u00fablico em S\u00e3o Lu\u00eds, empresa tem 12 \u00f4nibus apreendidos por ordem judicial\"}]},{\"@type\":\"WebSite\",\"@id\":\"https:\/\/www.blogsoestado.com\/danielmatos\/#website\",\"url\":\"https:\/\/www.blogsoestado.com\/danielmatos\/\",\"name\":\"Daniel Matos\",\"description\":\"\",\"potentialAction\":[{\"@type\":\"SearchAction\",\"target\":{\"@type\":\"EntryPoint\",\"urlTemplate\":\"https:\/\/www.blogsoestado.com\/danielmatos\/?s={search_term_string}\"},\"query-input\":{\"@type\":\"PropertyValueSpecification\",\"valueRequired\":true,\"valueName\":\"search_term_string\"}}],\"inLanguage\":\"pt-BR\"}]}<\/script>\n<!-- \/ Yoast SEO plugin. -->","yoast_head_json":{"title":"Afetada por colapso do transporte p\u00fablico em S\u00e3o Lu\u00eds, empresa tem 12 \u00f4nibus apreendidos por ordem judicial - Daniel Matos","robots":{"index":"index","follow":"follow","max-snippet":"max-snippet:-1","max-image-preview":"max-image-preview:large","max-video-preview":"max-video-preview:-1"},"canonical":"https:\/\/www.blogsoestado.com\/danielmatos\/afetada-por-colapso-do-transporte-publico-em-sao-luis-empresa-tem-12-onibus-apreendidos-por-ordem-judicial\/","og_locale":"pt_BR","og_type":"article","og_title":"Afetada por colapso do transporte p\u00fablico em S\u00e3o Lu\u00eds, empresa tem 12 \u00f4nibus apreendidos por ordem judicial - Daniel Matos","og_description":"A Expresso Rio Negro, uma das empresas que operam o sistema de transporte p\u00fablico de S\u00e3o Lu\u00eds, foi alvo, no [&hellip;]","og_url":"https:\/\/www.blogsoestado.com\/danielmatos\/afetada-por-colapso-do-transporte-publico-em-sao-luis-empresa-tem-12-onibus-apreendidos-por-ordem-judicial\/","og_site_name":"Daniel Matos","article_published_time":"2022-02-15T10:00:00+00:00","og_image":[{"url":"https:\/\/www.blogsoestado.com\/danielmatos\/files\/2022\/02\/Screenshot_20220215-0309502.png","type":"","width":"","height":""}],"twitter_card":"summary_large_image","twitter_misc":{"Est. tempo de leitura":"3 minutos"},"schema":{"@context":"https:\/\/schema.org","@graph":[{"@type":"WebPage","@id":"https:\/\/www.blogsoestado.com\/danielmatos\/afetada-por-colapso-do-transporte-publico-em-sao-luis-empresa-tem-12-onibus-apreendidos-por-ordem-judicial\/","url":"https:\/\/www.blogsoestado.com\/danielmatos\/afetada-por-colapso-do-transporte-publico-em-sao-luis-empresa-tem-12-onibus-apreendidos-por-ordem-judicial\/","name":"Afetada por colapso do transporte p\u00fablico em S\u00e3o Lu\u00eds, empresa tem 12 \u00f4nibus apreendidos por ordem judicial - Daniel Matos","isPartOf":{"@id":"https:\/\/www.blogsoestado.com\/danielmatos\/#website"},"primaryImageOfPage":{"@id":"https:\/\/www.blogsoestado.com\/danielmatos\/afetada-por-colapso-do-transporte-publico-em-sao-luis-empresa-tem-12-onibus-apreendidos-por-ordem-judicial\/#primaryimage"},"image":{"@id":"https:\/\/www.blogsoestado.com\/danielmatos\/afetada-por-colapso-do-transporte-publico-em-sao-luis-empresa-tem-12-onibus-apreendidos-por-ordem-judicial\/#primaryimage"},"thumbnailUrl":"https:\/\/www.blogsoestado.com\/danielmatos\/files\/2022\/02\/Screenshot_20220215-0309502.png","datePublished":"2022-02-15T10:00:00+00:00","author":{"@id":""},"breadcrumb":{"@id":"https:\/\/www.blogsoestado.com\/danielmatos\/afetada-por-colapso-do-transporte-publico-em-sao-luis-empresa-tem-12-onibus-apreendidos-por-ordem-judicial\/#breadcrumb"},"inLanguage":"pt-BR","potentialAction":[{"@type":"ReadAction","target":["https:\/\/www.blogsoestado.com\/danielmatos\/afetada-por-colapso-do-transporte-publico-em-sao-luis-empresa-tem-12-onibus-apreendidos-por-ordem-judicial\/"]}]},{"@type":"ImageObject","inLanguage":"pt-BR","@id":"https:\/\/www.blogsoestado.com\/danielmatos\/afetada-por-colapso-do-transporte-publico-em-sao-luis-empresa-tem-12-onibus-apreendidos-por-ordem-judicial\/#primaryimage","url":"https:\/\/www.blogsoestado.com\/danielmatos\/files\/2022\/02\/Screenshot_20220215-0309502.png","contentUrl":"https:\/\/www.blogsoestado.com\/danielmatos\/files\/2022\/02\/Screenshot_20220215-0309502.png"},{"@type":"BreadcrumbList","@id":"https:\/\/www.blogsoestado.com\/danielmatos\/afetada-por-colapso-do-transporte-publico-em-sao-luis-empresa-tem-12-onibus-apreendidos-por-ordem-judicial\/#breadcrumb","itemListElement":[{"@type":"ListItem","position":1,"name":"In\u00edcio","item":"https:\/\/www.blogsoestado.com\/danielmatos\/"},{"@type":"ListItem","position":2,"name":"Afetada por colapso do transporte p\u00fablico em S\u00e3o Lu\u00eds, empresa tem 12 \u00f4nibus apreendidos por ordem judicial"}]},{"@type":"WebSite","@id":"https:\/\/www.blogsoestado.com\/danielmatos\/#website","url":"https:\/\/www.blogsoestado.com\/danielmatos\/","name":"Daniel Matos","description":"","potentialAction":[{"@type":"SearchAction","target":{"@type":"EntryPoint","urlTemplate":"https:\/\/www.blogsoestado.com\/danielmatos\/?s={search_term_string}"},"query-input":{"@type":"PropertyValueSpecification","valueRequired":true,"valueName":"search_term_string"}}],"inLanguage":"pt-BR"}]}},"jetpack_featured_media_url":"","_links":{"self":[{"href":"https:\/\/www.blogsoestado.com\/danielmatos\/wp-json\/wp\/v2\/posts\/94308","targetHints":{"allow":["GET"]}}],"collection":[{"href":"https:\/\/www.blogsoestado.com\/danielmatos\/wp-json\/wp\/v2\/posts"}],"about":[{"href":"https:\/\/www.blogsoestado.com\/danielmatos\/wp-json\/wp\/v2\/types\/post"}],"replies":[{"embeddable":true,"href":"https:\/\/www.blogsoestado.com\/danielmatos\/wp-json\/wp\/v2\/comments?post=94308"}],"version-history":[{"count":0,"href":"https:\/\/www.blogsoestado.com\/danielmatos\/wp-json\/wp\/v2\/posts\/94308\/revisions"}],"wp:attachment":[{"href":"https:\/\/www.blogsoestado.com\/danielmatos\/wp-json\/wp\/v2\/media?parent=94308"}],"wp:term":[{"taxonomy":"category","embeddable":true,"href":"https:\/\/www.blogsoestado.com\/danielmatos\/wp-json\/wp\/v2\/categories?post=94308"},{"taxonomy":"post_tag","embeddable":true,"href":"https:\/\/www.blogsoestado.com\/danielmatos\/wp-json\/wp\/v2\/tags?post=94308"}],"curies":[{"name":"wp","href":"https:\/\/api.w.org\/{rel}","templated":true}]}}