{"id":94320,"date":"2022-02-15T13:52:32","date_gmt":"2022-02-15T16:52:32","guid":{"rendered":"https:\/\/www.blogsoestado.com\/danielmatos\/?p=94320"},"modified":"2022-02-15T13:52:32","modified_gmt":"2022-02-15T16:52:32","slug":"em-assembleia-rodoviarios-decidem-por-unanimidade-deflagrar-greve-geral-em-sao-luis-a-partir-dessa-quarta-16","status":"publish","type":"post","link":"https:\/\/www.blogsoestado.com\/danielmatos\/em-assembleia-rodoviarios-decidem-por-unanimidade-deflagrar-greve-geral-em-sao-luis-a-partir-dessa-quarta-16\/","title":{"rendered":"Em assembleia, rodovi\u00e1rios decidem, por unanimidade, deflagrar greve geral em S\u00e3o Lu\u00eds a partir dessa quarta (16)"},"content":{"rendered":"\n<div class=\"wp-block-image\"><figure class=\"aligncenter size-large\"><a href=\"https:\/\/www.blogsoestado.com\/danielmatos\/files\/2022\/02\/Screenshot_20220215-1348272.png\"><img decoding=\"async\" src=\"https:\/\/www.blogsoestado.com\/danielmatos\/files\/2022\/02\/Screenshot_20220215-1348272.png\" alt=\"\" class=\"wp-image-94321\"\/><\/a><figcaption>Cenas de usu\u00e1rios do transporte p\u00fablico \u00e0 espera de condu\u00e7\u00e3o em meio \u00e0s dificuldade causada pela falta de \u00f4nibus dever\u00e3o se repetir em mais uma greve do setor (<strong>Foto<\/strong>: Douglas Pinto\/TV Mirante)<\/figcaption><\/figure><\/div>\n\n\n\n<p>Em assembleia geral realizada na manh\u00e3 desta ter\u00e7a-feira (15), os rodovi\u00e1rios se reuniram para tratar do impasse com os patr\u00f5es, que seguem intransigentes, sem querer garantir os direitos da categoria.<\/p>\n\n\n\n<p>Na semana passada, durante audi\u00eancia no MPT- MA, os empres\u00e1rios fizeram uma proposta para os trabalhadores, considerada, no m\u00ednimo, desrespeitosa: Conceder reajuste salarial de 5%, mas mediante, a demiss\u00e3o de todos os cobradores do sistema. S\u00f3 para constar, o percentual oferecido, n\u00e3o chega nem pr\u00f3ximo das perdas inflacion\u00e1rias sofridas no decorrer do \u00faltimo ano, isso sem falar, que est\u00e1 fora de cogita\u00e7\u00e3o, qualquer possibilidade de demiss\u00e3o de trabalhadores do sistema.<\/p>\n\n\n\n<p>Nos \u00faltimos dias, nenhuma outra contraproposta foi apresentada pelos patr\u00f5es. Sem outra alternativa, durante a Assembl\u00e9ia realizada nesta ter\u00e7a (15), os trabalhadores, decidiram por unanimidade, deflagrar greve geral no sistema, j\u00e1 a partir das primeiras horas desta quarta-feira (16).<\/p>\n\n\n\n<p>\u201cEncaminhamos para os patr\u00f5es, a proposta da nossa Conven\u00e7\u00e3o Coletiva de Trabalho, com vig\u00eancia para 2022, desde o final do ano passado. Todas as vezes que fomos chamados para nos reunir com o SET, comparecemos em todos os encontros, mas em nenhum deles, os empres\u00e1rios apresentaram uma contraproposta, at\u00e9 chegarem ao c\u00famulo, de perante o procurador do trabalho e representantes do munic\u00edpio de S\u00e3o Lu\u00eds, pedirem a demiss\u00e3o de todos os cobradores. N\u00e3o aceitaremos tamanha injusti\u00e7a e desrespeito com a nossa categoria. A greve ser\u00e1 deflagrada nesta quarta (16), por decis\u00e3o un\u00e2nime dos trabalhadores e esperamos, que assim como aconteceu em outubro do ano passado, a ades\u00e3o ao movimento seja de 100%. Vamos a luta companheiros!\u201d, ressalta Marcelo Brito, presidente do Sindicato dos Rodovi\u00e1rios do Maranh\u00e3o.<\/p>\n","protected":false},"excerpt":{"rendered":"<p>Em assembleia geral realizada na manh\u00e3 desta ter\u00e7a-feira (15), os rodovi\u00e1rios se reuniram para tratar do impasse com os patr\u00f5es, [&hellip;]<\/p>\n","protected":false},"author":0,"featured_media":0,"comment_status":"open","ping_status":"open","sticky":false,"template":"","format":"standard","meta":{"site-sidebar-layout":"default","site-content-layout":"","ast-site-content-layout":"default","site-content-style":"default","site-sidebar-style":"default","ast-global-header-display":"","ast-banner-title-visibility":"","ast-main-header-display":"","ast-hfb-above-header-display":"","ast-hfb-below-header-display":"","ast-hfb-mobile-header-display":"","site-post-title":"","ast-breadcrumbs-content":"","ast-featured-img":"","footer-sml-layout":"","ast-disable-related-posts":"","theme-transparent-header-meta":"","adv-header-id-meta":"","stick-header-meta":"","header-above-stick-meta":"","header-main-stick-meta":"","header-below-stick-meta":"","astra-migrate-meta-layouts":"default","ast-page-background-enabled":"default","ast-page-background-meta":{"desktop":{"background-color":"var(--ast-global-color-5)","background-image":"","background-repeat":"repeat","background-position":"center center","background-size":"auto","background-attachment":"scroll","background-type":"","background-media":"","overlay-type":"","overlay-color":"","overlay-opacity":"","overlay-gradient":""},"tablet":{"background-color":"","background-image":"","background-repeat":"repeat","background-position":"center center","background-size":"auto","background-attachment":"scroll","background-type":"","background-media":"","overlay-type":"","overlay-color":"","overlay-opacity":"","overlay-gradient":""},"mobile":{"background-color":"","background-image":"","background-repeat":"repeat","background-position":"center center","background-size":"auto","background-attachment":"scroll","background-type":"","background-media":"","overlay-type":"","overlay-color":"","overlay-opacity":"","overlay-gradient":""}},"ast-content-background-meta":{"desktop":{"background-color":"var(--ast-global-color-4)","background-image":"","background-repeat":"repeat","background-position":"center center","background-size":"auto","background-attachment":"scroll","background-type":"","background-media":"","overlay-type":"","overlay-color":"","overlay-opacity":"","overlay-gradient":""},"tablet":{"background-color":"var(--ast-global-color-4)","background-image":"","background-repeat":"repeat","background-position":"center center","background-size":"auto","background-attachment":"scroll","background-type":"","background-media":"","overlay-type":"","overlay-color":"","overlay-opacity":"","overlay-gradient":""},"mobile":{"background-color":"var(--ast-global-color-4)","background-image":"","background-repeat":"repeat","background-position":"center center","background-size":"auto","background-attachment":"scroll","background-type":"","background-media":"","overlay-type":"","overlay-color":"","overlay-opacity":"","overlay-gradient":""}},"footnotes":""},"categories":[1],"tags":[],"class_list":["post-94320","post","type-post","status-publish","format-standard","hentry","category-sem-categoria"],"yoast_head":"<!-- This site is optimized with the Yoast SEO plugin v26.6 - https:\/\/yoast.com\/wordpress\/plugins\/seo\/ -->\n<title>Em assembleia, rodovi\u00e1rios decidem, por unanimidade, deflagrar greve geral em S\u00e3o Lu\u00eds a partir dessa quarta (16) - Daniel Matos<\/title>\n<meta name=\"robots\" content=\"index, follow, max-snippet:-1, max-image-preview:large, max-video-preview:-1\" \/>\n<link rel=\"canonical\" href=\"https:\/\/www.blogsoestado.com\/danielmatos\/em-assembleia-rodoviarios-decidem-por-unanimidade-deflagrar-greve-geral-em-sao-luis-a-partir-dessa-quarta-16\/\" \/>\n<meta property=\"og:locale\" content=\"pt_BR\" \/>\n<meta property=\"og:type\" content=\"article\" \/>\n<meta property=\"og:title\" content=\"Em assembleia, rodovi\u00e1rios decidem, por unanimidade, deflagrar greve geral em S\u00e3o Lu\u00eds a partir dessa quarta (16) - Daniel Matos\" \/>\n<meta property=\"og:description\" content=\"Em assembleia geral realizada na manh\u00e3 desta ter\u00e7a-feira (15), os rodovi\u00e1rios se reuniram para tratar do impasse com os patr\u00f5es, [&hellip;]\" \/>\n<meta property=\"og:url\" content=\"https:\/\/www.blogsoestado.com\/danielmatos\/em-assembleia-rodoviarios-decidem-por-unanimidade-deflagrar-greve-geral-em-sao-luis-a-partir-dessa-quarta-16\/\" \/>\n<meta property=\"og:site_name\" content=\"Daniel Matos\" \/>\n<meta property=\"article:published_time\" content=\"2022-02-15T16:52:32+00:00\" \/>\n<meta property=\"og:image\" content=\"https:\/\/www.blogsoestado.com\/danielmatos\/files\/2022\/02\/Screenshot_20220215-1348272.png\" \/>\n<meta name=\"twitter:card\" content=\"summary_large_image\" \/>\n<meta name=\"twitter:label1\" content=\"Est. tempo de leitura\" \/>\n\t<meta name=\"twitter:data1\" content=\"2 minutos\" \/>\n<script type=\"application\/ld+json\" class=\"yoast-schema-graph\">{\"@context\":\"https:\/\/schema.org\",\"@graph\":[{\"@type\":\"WebPage\",\"@id\":\"https:\/\/www.blogsoestado.com\/danielmatos\/em-assembleia-rodoviarios-decidem-por-unanimidade-deflagrar-greve-geral-em-sao-luis-a-partir-dessa-quarta-16\/\",\"url\":\"https:\/\/www.blogsoestado.com\/danielmatos\/em-assembleia-rodoviarios-decidem-por-unanimidade-deflagrar-greve-geral-em-sao-luis-a-partir-dessa-quarta-16\/\",\"name\":\"Em assembleia, rodovi\u00e1rios decidem, por unanimidade, deflagrar greve geral em S\u00e3o Lu\u00eds a partir dessa quarta (16) - Daniel Matos\",\"isPartOf\":{\"@id\":\"https:\/\/www.blogsoestado.com\/danielmatos\/#website\"},\"primaryImageOfPage\":{\"@id\":\"https:\/\/www.blogsoestado.com\/danielmatos\/em-assembleia-rodoviarios-decidem-por-unanimidade-deflagrar-greve-geral-em-sao-luis-a-partir-dessa-quarta-16\/#primaryimage\"},\"image\":{\"@id\":\"https:\/\/www.blogsoestado.com\/danielmatos\/em-assembleia-rodoviarios-decidem-por-unanimidade-deflagrar-greve-geral-em-sao-luis-a-partir-dessa-quarta-16\/#primaryimage\"},\"thumbnailUrl\":\"https:\/\/www.blogsoestado.com\/danielmatos\/files\/2022\/02\/Screenshot_20220215-1348272.png\",\"datePublished\":\"2022-02-15T16:52:32+00:00\",\"author\":{\"@id\":\"\"},\"breadcrumb\":{\"@id\":\"https:\/\/www.blogsoestado.com\/danielmatos\/em-assembleia-rodoviarios-decidem-por-unanimidade-deflagrar-greve-geral-em-sao-luis-a-partir-dessa-quarta-16\/#breadcrumb\"},\"inLanguage\":\"pt-BR\",\"potentialAction\":[{\"@type\":\"ReadAction\",\"target\":[\"https:\/\/www.blogsoestado.com\/danielmatos\/em-assembleia-rodoviarios-decidem-por-unanimidade-deflagrar-greve-geral-em-sao-luis-a-partir-dessa-quarta-16\/\"]}]},{\"@type\":\"ImageObject\",\"inLanguage\":\"pt-BR\",\"@id\":\"https:\/\/www.blogsoestado.com\/danielmatos\/em-assembleia-rodoviarios-decidem-por-unanimidade-deflagrar-greve-geral-em-sao-luis-a-partir-dessa-quarta-16\/#primaryimage\",\"url\":\"https:\/\/www.blogsoestado.com\/danielmatos\/files\/2022\/02\/Screenshot_20220215-1348272.png\",\"contentUrl\":\"https:\/\/www.blogsoestado.com\/danielmatos\/files\/2022\/02\/Screenshot_20220215-1348272.png\"},{\"@type\":\"BreadcrumbList\",\"@id\":\"https:\/\/www.blogsoestado.com\/danielmatos\/em-assembleia-rodoviarios-decidem-por-unanimidade-deflagrar-greve-geral-em-sao-luis-a-partir-dessa-quarta-16\/#breadcrumb\",\"itemListElement\":[{\"@type\":\"ListItem\",\"position\":1,\"name\":\"In\u00edcio\",\"item\":\"https:\/\/www.blogsoestado.com\/danielmatos\/\"},{\"@type\":\"ListItem\",\"position\":2,\"name\":\"Em assembleia, rodovi\u00e1rios decidem, por unanimidade, deflagrar greve geral em S\u00e3o Lu\u00eds a partir dessa quarta (16)\"}]},{\"@type\":\"WebSite\",\"@id\":\"https:\/\/www.blogsoestado.com\/danielmatos\/#website\",\"url\":\"https:\/\/www.blogsoestado.com\/danielmatos\/\",\"name\":\"Daniel Matos\",\"description\":\"\",\"potentialAction\":[{\"@type\":\"SearchAction\",\"target\":{\"@type\":\"EntryPoint\",\"urlTemplate\":\"https:\/\/www.blogsoestado.com\/danielmatos\/?s={search_term_string}\"},\"query-input\":{\"@type\":\"PropertyValueSpecification\",\"valueRequired\":true,\"valueName\":\"search_term_string\"}}],\"inLanguage\":\"pt-BR\"}]}<\/script>\n<!-- \/ Yoast SEO plugin. -->","yoast_head_json":{"title":"Em assembleia, rodovi\u00e1rios decidem, por unanimidade, deflagrar greve geral em S\u00e3o Lu\u00eds a partir dessa quarta (16) - Daniel Matos","robots":{"index":"index","follow":"follow","max-snippet":"max-snippet:-1","max-image-preview":"max-image-preview:large","max-video-preview":"max-video-preview:-1"},"canonical":"https:\/\/www.blogsoestado.com\/danielmatos\/em-assembleia-rodoviarios-decidem-por-unanimidade-deflagrar-greve-geral-em-sao-luis-a-partir-dessa-quarta-16\/","og_locale":"pt_BR","og_type":"article","og_title":"Em assembleia, rodovi\u00e1rios decidem, por unanimidade, deflagrar greve geral em S\u00e3o Lu\u00eds a partir dessa quarta (16) - Daniel Matos","og_description":"Em assembleia geral realizada na manh\u00e3 desta ter\u00e7a-feira (15), os rodovi\u00e1rios se reuniram para tratar do impasse com os patr\u00f5es, [&hellip;]","og_url":"https:\/\/www.blogsoestado.com\/danielmatos\/em-assembleia-rodoviarios-decidem-por-unanimidade-deflagrar-greve-geral-em-sao-luis-a-partir-dessa-quarta-16\/","og_site_name":"Daniel Matos","article_published_time":"2022-02-15T16:52:32+00:00","og_image":[{"url":"https:\/\/www.blogsoestado.com\/danielmatos\/files\/2022\/02\/Screenshot_20220215-1348272.png","type":"","width":"","height":""}],"twitter_card":"summary_large_image","twitter_misc":{"Est. tempo de leitura":"2 minutos"},"schema":{"@context":"https:\/\/schema.org","@graph":[{"@type":"WebPage","@id":"https:\/\/www.blogsoestado.com\/danielmatos\/em-assembleia-rodoviarios-decidem-por-unanimidade-deflagrar-greve-geral-em-sao-luis-a-partir-dessa-quarta-16\/","url":"https:\/\/www.blogsoestado.com\/danielmatos\/em-assembleia-rodoviarios-decidem-por-unanimidade-deflagrar-greve-geral-em-sao-luis-a-partir-dessa-quarta-16\/","name":"Em assembleia, rodovi\u00e1rios decidem, por unanimidade, deflagrar greve geral em S\u00e3o Lu\u00eds a partir dessa quarta (16) - Daniel Matos","isPartOf":{"@id":"https:\/\/www.blogsoestado.com\/danielmatos\/#website"},"primaryImageOfPage":{"@id":"https:\/\/www.blogsoestado.com\/danielmatos\/em-assembleia-rodoviarios-decidem-por-unanimidade-deflagrar-greve-geral-em-sao-luis-a-partir-dessa-quarta-16\/#primaryimage"},"image":{"@id":"https:\/\/www.blogsoestado.com\/danielmatos\/em-assembleia-rodoviarios-decidem-por-unanimidade-deflagrar-greve-geral-em-sao-luis-a-partir-dessa-quarta-16\/#primaryimage"},"thumbnailUrl":"https:\/\/www.blogsoestado.com\/danielmatos\/files\/2022\/02\/Screenshot_20220215-1348272.png","datePublished":"2022-02-15T16:52:32+00:00","author":{"@id":""},"breadcrumb":{"@id":"https:\/\/www.blogsoestado.com\/danielmatos\/em-assembleia-rodoviarios-decidem-por-unanimidade-deflagrar-greve-geral-em-sao-luis-a-partir-dessa-quarta-16\/#breadcrumb"},"inLanguage":"pt-BR","potentialAction":[{"@type":"ReadAction","target":["https:\/\/www.blogsoestado.com\/danielmatos\/em-assembleia-rodoviarios-decidem-por-unanimidade-deflagrar-greve-geral-em-sao-luis-a-partir-dessa-quarta-16\/"]}]},{"@type":"ImageObject","inLanguage":"pt-BR","@id":"https:\/\/www.blogsoestado.com\/danielmatos\/em-assembleia-rodoviarios-decidem-por-unanimidade-deflagrar-greve-geral-em-sao-luis-a-partir-dessa-quarta-16\/#primaryimage","url":"https:\/\/www.blogsoestado.com\/danielmatos\/files\/2022\/02\/Screenshot_20220215-1348272.png","contentUrl":"https:\/\/www.blogsoestado.com\/danielmatos\/files\/2022\/02\/Screenshot_20220215-1348272.png"},{"@type":"BreadcrumbList","@id":"https:\/\/www.blogsoestado.com\/danielmatos\/em-assembleia-rodoviarios-decidem-por-unanimidade-deflagrar-greve-geral-em-sao-luis-a-partir-dessa-quarta-16\/#breadcrumb","itemListElement":[{"@type":"ListItem","position":1,"name":"In\u00edcio","item":"https:\/\/www.blogsoestado.com\/danielmatos\/"},{"@type":"ListItem","position":2,"name":"Em assembleia, rodovi\u00e1rios decidem, por unanimidade, deflagrar greve geral em S\u00e3o Lu\u00eds a partir dessa quarta (16)"}]},{"@type":"WebSite","@id":"https:\/\/www.blogsoestado.com\/danielmatos\/#website","url":"https:\/\/www.blogsoestado.com\/danielmatos\/","name":"Daniel Matos","description":"","potentialAction":[{"@type":"SearchAction","target":{"@type":"EntryPoint","urlTemplate":"https:\/\/www.blogsoestado.com\/danielmatos\/?s={search_term_string}"},"query-input":{"@type":"PropertyValueSpecification","valueRequired":true,"valueName":"search_term_string"}}],"inLanguage":"pt-BR"}]}},"jetpack_featured_media_url":"","_links":{"self":[{"href":"https:\/\/www.blogsoestado.com\/danielmatos\/wp-json\/wp\/v2\/posts\/94320","targetHints":{"allow":["GET"]}}],"collection":[{"href":"https:\/\/www.blogsoestado.com\/danielmatos\/wp-json\/wp\/v2\/posts"}],"about":[{"href":"https:\/\/www.blogsoestado.com\/danielmatos\/wp-json\/wp\/v2\/types\/post"}],"replies":[{"embeddable":true,"href":"https:\/\/www.blogsoestado.com\/danielmatos\/wp-json\/wp\/v2\/comments?post=94320"}],"version-history":[{"count":0,"href":"https:\/\/www.blogsoestado.com\/danielmatos\/wp-json\/wp\/v2\/posts\/94320\/revisions"}],"wp:attachment":[{"href":"https:\/\/www.blogsoestado.com\/danielmatos\/wp-json\/wp\/v2\/media?parent=94320"}],"wp:term":[{"taxonomy":"category","embeddable":true,"href":"https:\/\/www.blogsoestado.com\/danielmatos\/wp-json\/wp\/v2\/categories?post=94320"},{"taxonomy":"post_tag","embeddable":true,"href":"https:\/\/www.blogsoestado.com\/danielmatos\/wp-json\/wp\/v2\/tags?post=94320"}],"curies":[{"name":"wp","href":"https:\/\/api.w.org\/{rel}","templated":true}]}}