{"id":94335,"date":"2022-02-15T20:59:14","date_gmt":"2022-02-15T23:59:14","guid":{"rendered":"https:\/\/www.blogsoestado.com\/danielmatos\/?p=94335"},"modified":"2022-02-15T20:59:14","modified_gmt":"2022-02-15T23:59:14","slug":"policial-do-gabinete-militar-da-assembleia-legislativa-morre-ao-reagir-a-assalto-a-onibus","status":"publish","type":"post","link":"https:\/\/www.blogsoestado.com\/danielmatos\/policial-do-gabinete-militar-da-assembleia-legislativa-morre-ao-reagir-a-assalto-a-onibus\/","title":{"rendered":"Policial do Gabinete Militar da Assembleia Legislativa \u00e9 morto ao reagir a assalto a \u00f4nibus"},"content":{"rendered":"\n<div class=\"wp-block-image\"><figure class=\"aligncenter size-large\"><a href=\"https:\/\/www.blogsoestado.com\/danielmatos\/files\/2022\/02\/Screenshot_20220215-2045272.png\"><img decoding=\"async\" src=\"https:\/\/www.blogsoestado.com\/danielmatos\/files\/2022\/02\/Screenshot_20220215-2045272-661x1024.png\" alt=\"\" class=\"wp-image-94336\"\/><\/a><figcaption>Crach\u00e1 funcional do policial militar morto a tiros ao reagir ao.assalto ao coletivo<\/figcaption><\/figure><\/div>\n\n\n\n<p>Um assalto a \u00f4nibus ocorrido por volta das Por volta das 20h desta ter\u00e7a-feira (15), na Avenida Jer\u00f4nimo de Albuquerque, entre o Vinhais e a Cohama, um policial que trabalhava no Gabinete Militar da Assembleia Legislativa do Maranh\u00e3o foi assassinado a tiros. Ant\u00f4nio Marques foi alvejado a tiros ao reagir ao roubo e morreu ainda dentro do coletivo.<\/p>\n\n\n\n<p>O confronto entre o policial militar e os bandidos ocorreu quando o \u00f4nibus, da linha Cidade Ol\u00edmpica\/Bandeira Tribuzi, trafegava pr\u00f3ximo ao Elevado Alexandre Costa, logo ap\u00f3s a rotat\u00f3ria da Cohama. <\/p>\n\n\n\n<p>As equipes Albatroz e as viaturas do ipase e Cohama est\u00e3o neste exato momento fazendo o cerco em um matagal nas proximidades.<\/p>\n\n\n\n<p>Assista:<\/p>\n\n\n\n<figure class=\"wp-block-embed is-type-video is-provider-youtube wp-block-embed-youtube wp-embed-aspect-16-9 wp-has-aspect-ratio\"><div class=\"wp-block-embed__wrapper\">\n<iframe title=\"Policial do Gabinete Militar da Assembleia Legislativa morre ao reagir a assalto a \u00f4nibus\" width=\"500\" height=\"281\" src=\"https:\/\/www.youtube.com\/embed\/hh4bCCKuEx0?feature=oembed\" frameborder=\"0\" allow=\"accelerometer; autoplay; clipboard-write; encrypted-media; gyroscope; picture-in-picture; web-share\" referrerpolicy=\"strict-origin-when-cross-origin\" allowfullscreen><\/iframe>\n<\/div><\/figure>\n","protected":false},"excerpt":{"rendered":"<p>Um assalto a \u00f4nibus ocorrido por volta das Por volta das 20h desta ter\u00e7a-feira (15), na Avenida Jer\u00f4nimo de Albuquerque, [&hellip;]<\/p>\n","protected":false},"author":0,"featured_media":0,"comment_status":"open","ping_status":"open","sticky":false,"template":"","format":"standard","meta":{"site-sidebar-layout":"default","site-content-layout":"","ast-site-content-layout":"default","site-content-style":"default","site-sidebar-style":"default","ast-global-header-display":"","ast-banner-title-visibility":"","ast-main-header-display":"","ast-hfb-above-header-display":"","ast-hfb-below-header-display":"","ast-hfb-mobile-header-display":"","site-post-title":"","ast-breadcrumbs-content":"","ast-featured-img":"","footer-sml-layout":"","ast-disable-related-posts":"","theme-transparent-header-meta":"","adv-header-id-meta":"","stick-header-meta":"","header-above-stick-meta":"","header-main-stick-meta":"","header-below-stick-meta":"","astra-migrate-meta-layouts":"default","ast-page-background-enabled":"default","ast-page-background-meta":{"desktop":{"background-color":"var(--ast-global-color-5)","background-image":"","background-repeat":"repeat","background-position":"center center","background-size":"auto","background-attachment":"scroll","background-type":"","background-media":"","overlay-type":"","overlay-color":"","overlay-opacity":"","overlay-gradient":""},"tablet":{"background-color":"","background-image":"","background-repeat":"repeat","background-position":"center center","background-size":"auto","background-attachment":"scroll","background-type":"","background-media":"","overlay-type":"","overlay-color":"","overlay-opacity":"","overlay-gradient":""},"mobile":{"background-color":"","background-image":"","background-repeat":"repeat","background-position":"center center","background-size":"auto","background-attachment":"scroll","background-type":"","background-media":"","overlay-type":"","overlay-color":"","overlay-opacity":"","overlay-gradient":""}},"ast-content-background-meta":{"desktop":{"background-color":"var(--ast-global-color-4)","background-image":"","background-repeat":"repeat","background-position":"center center","background-size":"auto","background-attachment":"scroll","background-type":"","background-media":"","overlay-type":"","overlay-color":"","overlay-opacity":"","overlay-gradient":""},"tablet":{"background-color":"var(--ast-global-color-4)","background-image":"","background-repeat":"repeat","background-position":"center center","background-size":"auto","background-attachment":"scroll","background-type":"","background-media":"","overlay-type":"","overlay-color":"","overlay-opacity":"","overlay-gradient":""},"mobile":{"background-color":"var(--ast-global-color-4)","background-image":"","background-repeat":"repeat","background-position":"center center","background-size":"auto","background-attachment":"scroll","background-type":"","background-media":"","overlay-type":"","overlay-color":"","overlay-opacity":"","overlay-gradient":""}},"footnotes":""},"categories":[1],"tags":[],"class_list":["post-94335","post","type-post","status-publish","format-standard","hentry","category-sem-categoria"],"yoast_head":"<!-- This site is optimized with the Yoast SEO plugin v26.6 - https:\/\/yoast.com\/wordpress\/plugins\/seo\/ -->\n<title>Policial do Gabinete Militar da Assembleia Legislativa \u00e9 morto ao reagir a assalto a \u00f4nibus - Daniel Matos<\/title>\n<meta name=\"robots\" content=\"index, follow, max-snippet:-1, max-image-preview:large, max-video-preview:-1\" \/>\n<link rel=\"canonical\" href=\"https:\/\/www.blogsoestado.com\/danielmatos\/policial-do-gabinete-militar-da-assembleia-legislativa-morre-ao-reagir-a-assalto-a-onibus\/\" \/>\n<meta property=\"og:locale\" content=\"pt_BR\" \/>\n<meta property=\"og:type\" content=\"article\" \/>\n<meta property=\"og:title\" content=\"Policial do Gabinete Militar da Assembleia Legislativa \u00e9 morto ao reagir a assalto a \u00f4nibus - Daniel Matos\" \/>\n<meta property=\"og:description\" content=\"Um assalto a \u00f4nibus ocorrido por volta das Por volta das 20h desta ter\u00e7a-feira (15), na Avenida Jer\u00f4nimo de Albuquerque, [&hellip;]\" \/>\n<meta property=\"og:url\" content=\"https:\/\/www.blogsoestado.com\/danielmatos\/policial-do-gabinete-militar-da-assembleia-legislativa-morre-ao-reagir-a-assalto-a-onibus\/\" \/>\n<meta property=\"og:site_name\" content=\"Daniel Matos\" \/>\n<meta property=\"article:published_time\" content=\"2022-02-15T23:59:14+00:00\" \/>\n<meta property=\"og:image\" content=\"https:\/\/www.blogsoestado.com\/danielmatos\/files\/2022\/02\/Screenshot_20220215-2045272-661x1024.png\" \/>\n<meta name=\"twitter:card\" content=\"summary_large_image\" \/>\n<meta name=\"twitter:label1\" content=\"Est. tempo de leitura\" \/>\n\t<meta name=\"twitter:data1\" content=\"1 minuto\" \/>\n<script type=\"application\/ld+json\" class=\"yoast-schema-graph\">{\"@context\":\"https:\/\/schema.org\",\"@graph\":[{\"@type\":\"WebPage\",\"@id\":\"https:\/\/www.blogsoestado.com\/danielmatos\/policial-do-gabinete-militar-da-assembleia-legislativa-morre-ao-reagir-a-assalto-a-onibus\/\",\"url\":\"https:\/\/www.blogsoestado.com\/danielmatos\/policial-do-gabinete-militar-da-assembleia-legislativa-morre-ao-reagir-a-assalto-a-onibus\/\",\"name\":\"Policial do Gabinete Militar da Assembleia Legislativa \u00e9 morto ao reagir a assalto a \u00f4nibus - Daniel Matos\",\"isPartOf\":{\"@id\":\"https:\/\/www.blogsoestado.com\/danielmatos\/#website\"},\"primaryImageOfPage\":{\"@id\":\"https:\/\/www.blogsoestado.com\/danielmatos\/policial-do-gabinete-militar-da-assembleia-legislativa-morre-ao-reagir-a-assalto-a-onibus\/#primaryimage\"},\"image\":{\"@id\":\"https:\/\/www.blogsoestado.com\/danielmatos\/policial-do-gabinete-militar-da-assembleia-legislativa-morre-ao-reagir-a-assalto-a-onibus\/#primaryimage\"},\"thumbnailUrl\":\"https:\/\/www.blogsoestado.com\/danielmatos\/files\/2022\/02\/Screenshot_20220215-2045272-661x1024.png\",\"datePublished\":\"2022-02-15T23:59:14+00:00\",\"author\":{\"@id\":\"\"},\"breadcrumb\":{\"@id\":\"https:\/\/www.blogsoestado.com\/danielmatos\/policial-do-gabinete-militar-da-assembleia-legislativa-morre-ao-reagir-a-assalto-a-onibus\/#breadcrumb\"},\"inLanguage\":\"pt-BR\",\"potentialAction\":[{\"@type\":\"ReadAction\",\"target\":[\"https:\/\/www.blogsoestado.com\/danielmatos\/policial-do-gabinete-militar-da-assembleia-legislativa-morre-ao-reagir-a-assalto-a-onibus\/\"]}]},{\"@type\":\"ImageObject\",\"inLanguage\":\"pt-BR\",\"@id\":\"https:\/\/www.blogsoestado.com\/danielmatos\/policial-do-gabinete-militar-da-assembleia-legislativa-morre-ao-reagir-a-assalto-a-onibus\/#primaryimage\",\"url\":\"https:\/\/www.blogsoestado.com\/danielmatos\/files\/2022\/02\/Screenshot_20220215-2045272-661x1024.png\",\"contentUrl\":\"https:\/\/www.blogsoestado.com\/danielmatos\/files\/2022\/02\/Screenshot_20220215-2045272-661x1024.png\"},{\"@type\":\"BreadcrumbList\",\"@id\":\"https:\/\/www.blogsoestado.com\/danielmatos\/policial-do-gabinete-militar-da-assembleia-legislativa-morre-ao-reagir-a-assalto-a-onibus\/#breadcrumb\",\"itemListElement\":[{\"@type\":\"ListItem\",\"position\":1,\"name\":\"In\u00edcio\",\"item\":\"https:\/\/www.blogsoestado.com\/danielmatos\/\"},{\"@type\":\"ListItem\",\"position\":2,\"name\":\"Policial do Gabinete Militar da Assembleia Legislativa \u00e9 morto ao reagir a assalto a \u00f4nibus\"}]},{\"@type\":\"WebSite\",\"@id\":\"https:\/\/www.blogsoestado.com\/danielmatos\/#website\",\"url\":\"https:\/\/www.blogsoestado.com\/danielmatos\/\",\"name\":\"Daniel Matos\",\"description\":\"\",\"potentialAction\":[{\"@type\":\"SearchAction\",\"target\":{\"@type\":\"EntryPoint\",\"urlTemplate\":\"https:\/\/www.blogsoestado.com\/danielmatos\/?s={search_term_string}\"},\"query-input\":{\"@type\":\"PropertyValueSpecification\",\"valueRequired\":true,\"valueName\":\"search_term_string\"}}],\"inLanguage\":\"pt-BR\"}]}<\/script>\n<!-- \/ Yoast SEO plugin. -->","yoast_head_json":{"title":"Policial do Gabinete Militar da Assembleia Legislativa \u00e9 morto ao reagir a assalto a \u00f4nibus - Daniel Matos","robots":{"index":"index","follow":"follow","max-snippet":"max-snippet:-1","max-image-preview":"max-image-preview:large","max-video-preview":"max-video-preview:-1"},"canonical":"https:\/\/www.blogsoestado.com\/danielmatos\/policial-do-gabinete-militar-da-assembleia-legislativa-morre-ao-reagir-a-assalto-a-onibus\/","og_locale":"pt_BR","og_type":"article","og_title":"Policial do Gabinete Militar da Assembleia Legislativa \u00e9 morto ao reagir a assalto a \u00f4nibus - Daniel Matos","og_description":"Um assalto a \u00f4nibus ocorrido por volta das Por volta das 20h desta ter\u00e7a-feira (15), na Avenida Jer\u00f4nimo de Albuquerque, [&hellip;]","og_url":"https:\/\/www.blogsoestado.com\/danielmatos\/policial-do-gabinete-militar-da-assembleia-legislativa-morre-ao-reagir-a-assalto-a-onibus\/","og_site_name":"Daniel Matos","article_published_time":"2022-02-15T23:59:14+00:00","og_image":[{"url":"https:\/\/www.blogsoestado.com\/danielmatos\/files\/2022\/02\/Screenshot_20220215-2045272-661x1024.png","type":"","width":"","height":""}],"twitter_card":"summary_large_image","twitter_misc":{"Est. tempo de leitura":"1 minuto"},"schema":{"@context":"https:\/\/schema.org","@graph":[{"@type":"WebPage","@id":"https:\/\/www.blogsoestado.com\/danielmatos\/policial-do-gabinete-militar-da-assembleia-legislativa-morre-ao-reagir-a-assalto-a-onibus\/","url":"https:\/\/www.blogsoestado.com\/danielmatos\/policial-do-gabinete-militar-da-assembleia-legislativa-morre-ao-reagir-a-assalto-a-onibus\/","name":"Policial do Gabinete Militar da Assembleia Legislativa \u00e9 morto ao reagir a assalto a \u00f4nibus - Daniel Matos","isPartOf":{"@id":"https:\/\/www.blogsoestado.com\/danielmatos\/#website"},"primaryImageOfPage":{"@id":"https:\/\/www.blogsoestado.com\/danielmatos\/policial-do-gabinete-militar-da-assembleia-legislativa-morre-ao-reagir-a-assalto-a-onibus\/#primaryimage"},"image":{"@id":"https:\/\/www.blogsoestado.com\/danielmatos\/policial-do-gabinete-militar-da-assembleia-legislativa-morre-ao-reagir-a-assalto-a-onibus\/#primaryimage"},"thumbnailUrl":"https:\/\/www.blogsoestado.com\/danielmatos\/files\/2022\/02\/Screenshot_20220215-2045272-661x1024.png","datePublished":"2022-02-15T23:59:14+00:00","author":{"@id":""},"breadcrumb":{"@id":"https:\/\/www.blogsoestado.com\/danielmatos\/policial-do-gabinete-militar-da-assembleia-legislativa-morre-ao-reagir-a-assalto-a-onibus\/#breadcrumb"},"inLanguage":"pt-BR","potentialAction":[{"@type":"ReadAction","target":["https:\/\/www.blogsoestado.com\/danielmatos\/policial-do-gabinete-militar-da-assembleia-legislativa-morre-ao-reagir-a-assalto-a-onibus\/"]}]},{"@type":"ImageObject","inLanguage":"pt-BR","@id":"https:\/\/www.blogsoestado.com\/danielmatos\/policial-do-gabinete-militar-da-assembleia-legislativa-morre-ao-reagir-a-assalto-a-onibus\/#primaryimage","url":"https:\/\/www.blogsoestado.com\/danielmatos\/files\/2022\/02\/Screenshot_20220215-2045272-661x1024.png","contentUrl":"https:\/\/www.blogsoestado.com\/danielmatos\/files\/2022\/02\/Screenshot_20220215-2045272-661x1024.png"},{"@type":"BreadcrumbList","@id":"https:\/\/www.blogsoestado.com\/danielmatos\/policial-do-gabinete-militar-da-assembleia-legislativa-morre-ao-reagir-a-assalto-a-onibus\/#breadcrumb","itemListElement":[{"@type":"ListItem","position":1,"name":"In\u00edcio","item":"https:\/\/www.blogsoestado.com\/danielmatos\/"},{"@type":"ListItem","position":2,"name":"Policial do Gabinete Militar da Assembleia Legislativa \u00e9 morto ao reagir a assalto a \u00f4nibus"}]},{"@type":"WebSite","@id":"https:\/\/www.blogsoestado.com\/danielmatos\/#website","url":"https:\/\/www.blogsoestado.com\/danielmatos\/","name":"Daniel Matos","description":"","potentialAction":[{"@type":"SearchAction","target":{"@type":"EntryPoint","urlTemplate":"https:\/\/www.blogsoestado.com\/danielmatos\/?s={search_term_string}"},"query-input":{"@type":"PropertyValueSpecification","valueRequired":true,"valueName":"search_term_string"}}],"inLanguage":"pt-BR"}]}},"jetpack_featured_media_url":"","_links":{"self":[{"href":"https:\/\/www.blogsoestado.com\/danielmatos\/wp-json\/wp\/v2\/posts\/94335","targetHints":{"allow":["GET"]}}],"collection":[{"href":"https:\/\/www.blogsoestado.com\/danielmatos\/wp-json\/wp\/v2\/posts"}],"about":[{"href":"https:\/\/www.blogsoestado.com\/danielmatos\/wp-json\/wp\/v2\/types\/post"}],"replies":[{"embeddable":true,"href":"https:\/\/www.blogsoestado.com\/danielmatos\/wp-json\/wp\/v2\/comments?post=94335"}],"version-history":[{"count":0,"href":"https:\/\/www.blogsoestado.com\/danielmatos\/wp-json\/wp\/v2\/posts\/94335\/revisions"}],"wp:attachment":[{"href":"https:\/\/www.blogsoestado.com\/danielmatos\/wp-json\/wp\/v2\/media?parent=94335"}],"wp:term":[{"taxonomy":"category","embeddable":true,"href":"https:\/\/www.blogsoestado.com\/danielmatos\/wp-json\/wp\/v2\/categories?post=94335"},{"taxonomy":"post_tag","embeddable":true,"href":"https:\/\/www.blogsoestado.com\/danielmatos\/wp-json\/wp\/v2\/tags?post=94335"}],"curies":[{"name":"wp","href":"https:\/\/api.w.org\/{rel}","templated":true}]}}