{"id":94341,"date":"2022-02-16T06:00:00","date_gmt":"2022-02-16T09:00:00","guid":{"rendered":"https:\/\/www.blogsoestado.com\/danielmatos\/?p=94341"},"modified":"2022-02-16T06:00:00","modified_gmt":"2022-02-16T09:00:00","slug":"pf-desmente-acusacoes-feitas-por-sergio-moro-em-entrevista-a-jovem-pan","status":"publish","type":"post","link":"https:\/\/www.blogsoestado.com\/danielmatos\/pf-desmente-acusacoes-feitas-por-sergio-moro-em-entrevista-a-jovem-pan\/","title":{"rendered":"PF desmente acusa\u00e7\u00f5es feitas por S\u00e9rgio Moro em entrevista \u00e0 Jovem Pan"},"content":{"rendered":"\n<div class=\"wp-block-image\"><figure class=\"aligncenter size-large\"><a href=\"https:\/\/www.blogsoestado.com\/danielmatos\/files\/2022\/02\/Screenshot_20220215-2320312.png\"><img decoding=\"async\" src=\"https:\/\/www.blogsoestado.com\/danielmatos\/files\/2022\/02\/Screenshot_20220215-2320312.png\" alt=\"\" class=\"wp-image-94342\"\/><\/a><\/figure><\/div>\n\n\n\n<p>Em entrevista na segunda-feira (14\/02) \u00e0 Jovem Pan, o ex-ministro Sergio Moro fez descabidos ataques \u00e0 Pol\u00edcia Federal. A bem da verdade, consideramos importante esclarecer:<\/p>\n\n\n\n<p>Moro mente quando diz que &#8220;hoje n\u00e3o tem ningu\u00e9m no Brasil sendo investigado e preso por grande corrup\u00e7\u00e3o&#8221;. A Pol\u00edcia Federal efetuou mais de mil pris\u00f5es, apenas por crimes de corrup\u00e7\u00e3o, nos \u00faltimos tr\u00eas anos.<\/p>\n\n\n\n<p>Neste mesmo per\u00edodo, a PF realizou 1.728 opera\u00e7\u00f5es contra esse tipo de crime. Somente em 2020, foram deflagradas 654 a\u00e7\u00f5es &#8211; maior \u00edndice dos \u00faltimos quatro anos.<\/p>\n\n\n\n<p>Moro tamb\u00e9m faz ila\u00e7\u00f5es ao afirmar que \u201cesse \u00e9 o resultado de quantos superintendentes eles afastaram e que estavam fazendo o trabalho deles\u201d.<\/p>\n\n\n\n<p>O ex-ministro n\u00e3o aponta qual fato ou crime tenha conhecimento e que a PF estaria se omitindo a investigar. Tampouco qual inqu\u00e9rito policial em andamento tenha sido alvo de inger\u00eancia pol\u00edtica ou da administra\u00e7\u00e3o.<\/p>\n\n\n\n<p>Vale ressaltar que a Pol\u00edcia Federal vai muito al\u00e9m da repress\u00e3o aos crimes de corrup\u00e7\u00e3o. Em 2021, bateu recorde de opera\u00e7\u00f5es. No total, foram quase dez mil a\u00e7\u00f5es, aumento de 34% em rela\u00e7\u00e3o ao ano anterior.<\/p>\n\n\n\n<p>O ex-juiz confunde, de forma deliberada, as fun\u00e7\u00f5es da PF. O papel da corpora\u00e7\u00e3o n\u00e3o \u00e9 produzir espet\u00e1culos. O dever da Pol\u00edcia \u00e9 conduzir investiga\u00e7\u00f5es, desconectadas de interesses pol\u00edtico-partid\u00e1rios.<\/p>\n\n\n\n<p>Moro desconhece a Pol\u00edcia Federal e negou conhec\u00ea-la quando teve a chance. Enquanto Ministro da Justi\u00e7a n\u00e3o participou dos principais debates que envolviam assuntos de interesse da PF e de seus servidores.<\/p>\n\n\n\n<p>Com o intuito de preservar a imagem de umas das mais respeitadas e confi\u00e1veis institui\u00e7\u00f5es brasileiras, a Pol\u00edcia Federal repudia a afirma\u00e7\u00e3o feita pelo pr\u00e9-candidato Moro de que a corpora\u00e7\u00e3o n\u00e3o tem autonomia.<\/p>\n\n\n\n<p>Por fim, a PF &#8211; institui\u00e7\u00e3o de Estado &#8211; mant\u00e9m-se firme no combate ao crime organizado, \u00e0 corrup\u00e7\u00e3o e n\u00e3o deve ser usada como trampolim para projetos eleitorais.<\/p>\n","protected":false},"excerpt":{"rendered":"<p>Em entrevista na segunda-feira (14\/02) \u00e0 Jovem Pan, o ex-ministro Sergio Moro fez descabidos ataques \u00e0 Pol\u00edcia Federal. A bem [&hellip;]<\/p>\n","protected":false},"author":0,"featured_media":0,"comment_status":"open","ping_status":"open","sticky":false,"template":"","format":"standard","meta":{"site-sidebar-layout":"default","site-content-layout":"","ast-site-content-layout":"default","site-content-style":"default","site-sidebar-style":"default","ast-global-header-display":"","ast-banner-title-visibility":"","ast-main-header-display":"","ast-hfb-above-header-display":"","ast-hfb-below-header-display":"","ast-hfb-mobile-header-display":"","site-post-title":"","ast-breadcrumbs-content":"","ast-featured-img":"","footer-sml-layout":"","ast-disable-related-posts":"","theme-transparent-header-meta":"","adv-header-id-meta":"","stick-header-meta":"","header-above-stick-meta":"","header-main-stick-meta":"","header-below-stick-meta":"","astra-migrate-meta-layouts":"default","ast-page-background-enabled":"default","ast-page-background-meta":{"desktop":{"background-color":"var(--ast-global-color-5)","background-image":"","background-repeat":"repeat","background-position":"center center","background-size":"auto","background-attachment":"scroll","background-type":"","background-media":"","overlay-type":"","overlay-color":"","overlay-opacity":"","overlay-gradient":""},"tablet":{"background-color":"","background-image":"","background-repeat":"repeat","background-position":"center center","background-size":"auto","background-attachment":"scroll","background-type":"","background-media":"","overlay-type":"","overlay-color":"","overlay-opacity":"","overlay-gradient":""},"mobile":{"background-color":"","background-image":"","background-repeat":"repeat","background-position":"center center","background-size":"auto","background-attachment":"scroll","background-type":"","background-media":"","overlay-type":"","overlay-color":"","overlay-opacity":"","overlay-gradient":""}},"ast-content-background-meta":{"desktop":{"background-color":"var(--ast-global-color-4)","background-image":"","background-repeat":"repeat","background-position":"center center","background-size":"auto","background-attachment":"scroll","background-type":"","background-media":"","overlay-type":"","overlay-color":"","overlay-opacity":"","overlay-gradient":""},"tablet":{"background-color":"var(--ast-global-color-4)","background-image":"","background-repeat":"repeat","background-position":"center center","background-size":"auto","background-attachment":"scroll","background-type":"","background-media":"","overlay-type":"","overlay-color":"","overlay-opacity":"","overlay-gradient":""},"mobile":{"background-color":"var(--ast-global-color-4)","background-image":"","background-repeat":"repeat","background-position":"center center","background-size":"auto","background-attachment":"scroll","background-type":"","background-media":"","overlay-type":"","overlay-color":"","overlay-opacity":"","overlay-gradient":""}},"footnotes":""},"categories":[1],"tags":[],"class_list":["post-94341","post","type-post","status-publish","format-standard","hentry","category-sem-categoria"],"yoast_head":"<!-- This site is optimized with the Yoast SEO plugin v26.6 - https:\/\/yoast.com\/wordpress\/plugins\/seo\/ -->\n<title>PF desmente acusa\u00e7\u00f5es feitas por S\u00e9rgio Moro em entrevista \u00e0 Jovem Pan - Daniel Matos<\/title>\n<meta name=\"robots\" content=\"index, follow, max-snippet:-1, max-image-preview:large, max-video-preview:-1\" \/>\n<link rel=\"canonical\" href=\"https:\/\/www.blogsoestado.com\/danielmatos\/pf-desmente-acusacoes-feitas-por-sergio-moro-em-entrevista-a-jovem-pan\/\" \/>\n<meta property=\"og:locale\" content=\"pt_BR\" \/>\n<meta property=\"og:type\" content=\"article\" \/>\n<meta property=\"og:title\" content=\"PF desmente acusa\u00e7\u00f5es feitas por S\u00e9rgio Moro em entrevista \u00e0 Jovem Pan - Daniel Matos\" \/>\n<meta property=\"og:description\" content=\"Em entrevista na segunda-feira (14\/02) \u00e0 Jovem Pan, o ex-ministro Sergio Moro fez descabidos ataques \u00e0 Pol\u00edcia Federal. A bem [&hellip;]\" \/>\n<meta property=\"og:url\" content=\"https:\/\/www.blogsoestado.com\/danielmatos\/pf-desmente-acusacoes-feitas-por-sergio-moro-em-entrevista-a-jovem-pan\/\" \/>\n<meta property=\"og:site_name\" content=\"Daniel Matos\" \/>\n<meta property=\"article:published_time\" content=\"2022-02-16T09:00:00+00:00\" \/>\n<meta property=\"og:image\" content=\"https:\/\/www.blogsoestado.com\/danielmatos\/files\/2022\/02\/Screenshot_20220215-2320312.png\" \/>\n<meta name=\"twitter:card\" content=\"summary_large_image\" \/>\n<meta name=\"twitter:label1\" content=\"Est. tempo de leitura\" \/>\n\t<meta name=\"twitter:data1\" content=\"2 minutos\" \/>\n<script type=\"application\/ld+json\" class=\"yoast-schema-graph\">{\"@context\":\"https:\/\/schema.org\",\"@graph\":[{\"@type\":\"WebPage\",\"@id\":\"https:\/\/www.blogsoestado.com\/danielmatos\/pf-desmente-acusacoes-feitas-por-sergio-moro-em-entrevista-a-jovem-pan\/\",\"url\":\"https:\/\/www.blogsoestado.com\/danielmatos\/pf-desmente-acusacoes-feitas-por-sergio-moro-em-entrevista-a-jovem-pan\/\",\"name\":\"PF desmente acusa\u00e7\u00f5es feitas por S\u00e9rgio Moro em entrevista \u00e0 Jovem Pan - Daniel Matos\",\"isPartOf\":{\"@id\":\"https:\/\/www.blogsoestado.com\/danielmatos\/#website\"},\"primaryImageOfPage\":{\"@id\":\"https:\/\/www.blogsoestado.com\/danielmatos\/pf-desmente-acusacoes-feitas-por-sergio-moro-em-entrevista-a-jovem-pan\/#primaryimage\"},\"image\":{\"@id\":\"https:\/\/www.blogsoestado.com\/danielmatos\/pf-desmente-acusacoes-feitas-por-sergio-moro-em-entrevista-a-jovem-pan\/#primaryimage\"},\"thumbnailUrl\":\"https:\/\/www.blogsoestado.com\/danielmatos\/files\/2022\/02\/Screenshot_20220215-2320312.png\",\"datePublished\":\"2022-02-16T09:00:00+00:00\",\"author\":{\"@id\":\"\"},\"breadcrumb\":{\"@id\":\"https:\/\/www.blogsoestado.com\/danielmatos\/pf-desmente-acusacoes-feitas-por-sergio-moro-em-entrevista-a-jovem-pan\/#breadcrumb\"},\"inLanguage\":\"pt-BR\",\"potentialAction\":[{\"@type\":\"ReadAction\",\"target\":[\"https:\/\/www.blogsoestado.com\/danielmatos\/pf-desmente-acusacoes-feitas-por-sergio-moro-em-entrevista-a-jovem-pan\/\"]}]},{\"@type\":\"ImageObject\",\"inLanguage\":\"pt-BR\",\"@id\":\"https:\/\/www.blogsoestado.com\/danielmatos\/pf-desmente-acusacoes-feitas-por-sergio-moro-em-entrevista-a-jovem-pan\/#primaryimage\",\"url\":\"https:\/\/www.blogsoestado.com\/danielmatos\/files\/2022\/02\/Screenshot_20220215-2320312.png\",\"contentUrl\":\"https:\/\/www.blogsoestado.com\/danielmatos\/files\/2022\/02\/Screenshot_20220215-2320312.png\"},{\"@type\":\"BreadcrumbList\",\"@id\":\"https:\/\/www.blogsoestado.com\/danielmatos\/pf-desmente-acusacoes-feitas-por-sergio-moro-em-entrevista-a-jovem-pan\/#breadcrumb\",\"itemListElement\":[{\"@type\":\"ListItem\",\"position\":1,\"name\":\"In\u00edcio\",\"item\":\"https:\/\/www.blogsoestado.com\/danielmatos\/\"},{\"@type\":\"ListItem\",\"position\":2,\"name\":\"PF desmente acusa\u00e7\u00f5es feitas por S\u00e9rgio Moro em entrevista \u00e0 Jovem Pan\"}]},{\"@type\":\"WebSite\",\"@id\":\"https:\/\/www.blogsoestado.com\/danielmatos\/#website\",\"url\":\"https:\/\/www.blogsoestado.com\/danielmatos\/\",\"name\":\"Daniel Matos\",\"description\":\"\",\"potentialAction\":[{\"@type\":\"SearchAction\",\"target\":{\"@type\":\"EntryPoint\",\"urlTemplate\":\"https:\/\/www.blogsoestado.com\/danielmatos\/?s={search_term_string}\"},\"query-input\":{\"@type\":\"PropertyValueSpecification\",\"valueRequired\":true,\"valueName\":\"search_term_string\"}}],\"inLanguage\":\"pt-BR\"}]}<\/script>\n<!-- \/ Yoast SEO plugin. -->","yoast_head_json":{"title":"PF desmente acusa\u00e7\u00f5es feitas por S\u00e9rgio Moro em entrevista \u00e0 Jovem Pan - Daniel Matos","robots":{"index":"index","follow":"follow","max-snippet":"max-snippet:-1","max-image-preview":"max-image-preview:large","max-video-preview":"max-video-preview:-1"},"canonical":"https:\/\/www.blogsoestado.com\/danielmatos\/pf-desmente-acusacoes-feitas-por-sergio-moro-em-entrevista-a-jovem-pan\/","og_locale":"pt_BR","og_type":"article","og_title":"PF desmente acusa\u00e7\u00f5es feitas por S\u00e9rgio Moro em entrevista \u00e0 Jovem Pan - Daniel Matos","og_description":"Em entrevista na segunda-feira (14\/02) \u00e0 Jovem Pan, o ex-ministro Sergio Moro fez descabidos ataques \u00e0 Pol\u00edcia Federal. A bem [&hellip;]","og_url":"https:\/\/www.blogsoestado.com\/danielmatos\/pf-desmente-acusacoes-feitas-por-sergio-moro-em-entrevista-a-jovem-pan\/","og_site_name":"Daniel Matos","article_published_time":"2022-02-16T09:00:00+00:00","og_image":[{"url":"https:\/\/www.blogsoestado.com\/danielmatos\/files\/2022\/02\/Screenshot_20220215-2320312.png","type":"","width":"","height":""}],"twitter_card":"summary_large_image","twitter_misc":{"Est. tempo de leitura":"2 minutos"},"schema":{"@context":"https:\/\/schema.org","@graph":[{"@type":"WebPage","@id":"https:\/\/www.blogsoestado.com\/danielmatos\/pf-desmente-acusacoes-feitas-por-sergio-moro-em-entrevista-a-jovem-pan\/","url":"https:\/\/www.blogsoestado.com\/danielmatos\/pf-desmente-acusacoes-feitas-por-sergio-moro-em-entrevista-a-jovem-pan\/","name":"PF desmente acusa\u00e7\u00f5es feitas por S\u00e9rgio Moro em entrevista \u00e0 Jovem Pan - Daniel Matos","isPartOf":{"@id":"https:\/\/www.blogsoestado.com\/danielmatos\/#website"},"primaryImageOfPage":{"@id":"https:\/\/www.blogsoestado.com\/danielmatos\/pf-desmente-acusacoes-feitas-por-sergio-moro-em-entrevista-a-jovem-pan\/#primaryimage"},"image":{"@id":"https:\/\/www.blogsoestado.com\/danielmatos\/pf-desmente-acusacoes-feitas-por-sergio-moro-em-entrevista-a-jovem-pan\/#primaryimage"},"thumbnailUrl":"https:\/\/www.blogsoestado.com\/danielmatos\/files\/2022\/02\/Screenshot_20220215-2320312.png","datePublished":"2022-02-16T09:00:00+00:00","author":{"@id":""},"breadcrumb":{"@id":"https:\/\/www.blogsoestado.com\/danielmatos\/pf-desmente-acusacoes-feitas-por-sergio-moro-em-entrevista-a-jovem-pan\/#breadcrumb"},"inLanguage":"pt-BR","potentialAction":[{"@type":"ReadAction","target":["https:\/\/www.blogsoestado.com\/danielmatos\/pf-desmente-acusacoes-feitas-por-sergio-moro-em-entrevista-a-jovem-pan\/"]}]},{"@type":"ImageObject","inLanguage":"pt-BR","@id":"https:\/\/www.blogsoestado.com\/danielmatos\/pf-desmente-acusacoes-feitas-por-sergio-moro-em-entrevista-a-jovem-pan\/#primaryimage","url":"https:\/\/www.blogsoestado.com\/danielmatos\/files\/2022\/02\/Screenshot_20220215-2320312.png","contentUrl":"https:\/\/www.blogsoestado.com\/danielmatos\/files\/2022\/02\/Screenshot_20220215-2320312.png"},{"@type":"BreadcrumbList","@id":"https:\/\/www.blogsoestado.com\/danielmatos\/pf-desmente-acusacoes-feitas-por-sergio-moro-em-entrevista-a-jovem-pan\/#breadcrumb","itemListElement":[{"@type":"ListItem","position":1,"name":"In\u00edcio","item":"https:\/\/www.blogsoestado.com\/danielmatos\/"},{"@type":"ListItem","position":2,"name":"PF desmente acusa\u00e7\u00f5es feitas por S\u00e9rgio Moro em entrevista \u00e0 Jovem Pan"}]},{"@type":"WebSite","@id":"https:\/\/www.blogsoestado.com\/danielmatos\/#website","url":"https:\/\/www.blogsoestado.com\/danielmatos\/","name":"Daniel Matos","description":"","potentialAction":[{"@type":"SearchAction","target":{"@type":"EntryPoint","urlTemplate":"https:\/\/www.blogsoestado.com\/danielmatos\/?s={search_term_string}"},"query-input":{"@type":"PropertyValueSpecification","valueRequired":true,"valueName":"search_term_string"}}],"inLanguage":"pt-BR"}]}},"jetpack_featured_media_url":"","_links":{"self":[{"href":"https:\/\/www.blogsoestado.com\/danielmatos\/wp-json\/wp\/v2\/posts\/94341","targetHints":{"allow":["GET"]}}],"collection":[{"href":"https:\/\/www.blogsoestado.com\/danielmatos\/wp-json\/wp\/v2\/posts"}],"about":[{"href":"https:\/\/www.blogsoestado.com\/danielmatos\/wp-json\/wp\/v2\/types\/post"}],"replies":[{"embeddable":true,"href":"https:\/\/www.blogsoestado.com\/danielmatos\/wp-json\/wp\/v2\/comments?post=94341"}],"version-history":[{"count":0,"href":"https:\/\/www.blogsoestado.com\/danielmatos\/wp-json\/wp\/v2\/posts\/94341\/revisions"}],"wp:attachment":[{"href":"https:\/\/www.blogsoestado.com\/danielmatos\/wp-json\/wp\/v2\/media?parent=94341"}],"wp:term":[{"taxonomy":"category","embeddable":true,"href":"https:\/\/www.blogsoestado.com\/danielmatos\/wp-json\/wp\/v2\/categories?post=94341"},{"taxonomy":"post_tag","embeddable":true,"href":"https:\/\/www.blogsoestado.com\/danielmatos\/wp-json\/wp\/v2\/tags?post=94341"}],"curies":[{"name":"wp","href":"https:\/\/api.w.org\/{rel}","templated":true}]}}