{"id":94346,"date":"2022-02-16T07:00:00","date_gmt":"2022-02-16T10:00:00","guid":{"rendered":"https:\/\/www.blogsoestado.com\/danielmatos\/?p=94346"},"modified":"2022-02-16T07:00:00","modified_gmt":"2022-02-16T10:00:00","slug":"agentes-de-saude-fazem-apelo-por-seguranca-apos-assassinato-de-colega-no-joao-paulo","status":"publish","type":"post","link":"https:\/\/www.blogsoestado.com\/danielmatos\/agentes-de-saude-fazem-apelo-por-seguranca-apos-assassinato-de-colega-no-joao-paulo\/","title":{"rendered":"Agentes de sa\u00fade fazem apelo por seguran\u00e7a ap\u00f3s assassinato de colega no Jo\u00e3o Paulo"},"content":{"rendered":"\n<div class=\"wp-block-image\"><figure class=\"aligncenter size-large\"><a href=\"https:\/\/www.blogsoestado.com\/danielmatos\/files\/2022\/02\/Screenshot_20220215-2352082.png\"><img decoding=\"async\" src=\"https:\/\/www.blogsoestado.com\/danielmatos\/files\/2022\/02\/Screenshot_20220215-2352082.png\" alt=\"\" class=\"wp-image-94347\"\/><\/a><figcaption>C\u00fapula da seguran\u00e7a p\u00fablica em reuni\u00e3o com l\u00edderes sindicais das categorias dos agentes de controle de endemias e agentes comunit\u00e1rios de sa\u00fade<\/figcaption><\/figure><\/div>\n\n\n\n<p>O secret\u00e1rio de Seguran\u00e7a P\u00fablica, Leonardo Diniz, se reuniu, na manh\u00e3 da \u00faltima segunda-feira (14), com representantes dos sindicados dos Agentes de Controle de Endemias e dos Agentes Comunit\u00e1rios de Sa\u00fade de S\u00e3o Lu\u00eds para dialogar sobre medidas de seguran\u00e7a para os profissionais que trabalham nas ruas da capital.<\/p>\n\n\n\n<p>O encontro contou com as presen\u00e7as do subsecret\u00e1rio da SSP, coronel Wallace, do comandante Geral da Pol\u00edcia Militar, coronel Pedro Ribeiro e do delegado-geral, Andr\u00e9 Gossain.<\/p>\n\n\n\n<p>O secret\u00e1rio ouviu as demandas da categoria referentes, principalmente, ao trabalho realizado pelos agentes nos bairros da capital, principalmente nos bairros de maior vulnerabilidade, e se prontificou a estabelecer um contato maior dos profissionais com as for\u00e7as de seguran\u00e7a do Estado.<\/p>\n\n\n\n<p>\u201c\u00c9 sempre importante termos um bom di\u00e1logo com esses profissionais, que s\u00e3o importantes para a sa\u00fade dos maranhenses. A SSP sempre estar\u00e1 aberta \u00e0s demandas e ao di\u00e1logo para que esses profissionais, na quest\u00e3o de seguran\u00e7a p\u00fablica, possam exercer suas atividades\u201d, afirmou.<\/p>\n\n\n\n<p><strong>Latroc\u00ednio<\/strong><\/p>\n\n\n\n<p>Durante a reuni\u00e3o, o delegado Andr\u00e9 Gossain falou ainda sobre o andamento das investiga\u00e7\u00f5es do latroc\u00ednio que vitimou o agente de endemias Deiranilson de Jesus Martins, de 30 anos, ocorrido no in\u00edcio deste m\u00eas, no bairro Jo\u00e3o Paulo.<\/p>\n\n\n\n<p>O delegado afirmou que o inqu\u00e9rito que investiga o crime est\u00e1 adiantado e que j\u00e1 h\u00e1 um pedido de pris\u00e3o decretado pela Justi\u00e7a contra o suposto matador e que dilig\u00eancias est\u00e3o sendo realizadas para localiz\u00e1-lo.<\/p>\n","protected":false},"excerpt":{"rendered":"<p>O secret\u00e1rio de Seguran\u00e7a P\u00fablica, Leonardo Diniz, se reuniu, na manh\u00e3 da \u00faltima segunda-feira (14), com representantes dos sindicados dos [&hellip;]<\/p>\n","protected":false},"author":0,"featured_media":0,"comment_status":"open","ping_status":"open","sticky":false,"template":"","format":"standard","meta":{"site-sidebar-layout":"default","site-content-layout":"","ast-site-content-layout":"default","site-content-style":"default","site-sidebar-style":"default","ast-global-header-display":"","ast-banner-title-visibility":"","ast-main-header-display":"","ast-hfb-above-header-display":"","ast-hfb-below-header-display":"","ast-hfb-mobile-header-display":"","site-post-title":"","ast-breadcrumbs-content":"","ast-featured-img":"","footer-sml-layout":"","ast-disable-related-posts":"","theme-transparent-header-meta":"","adv-header-id-meta":"","stick-header-meta":"","header-above-stick-meta":"","header-main-stick-meta":"","header-below-stick-meta":"","astra-migrate-meta-layouts":"default","ast-page-background-enabled":"default","ast-page-background-meta":{"desktop":{"background-color":"var(--ast-global-color-5)","background-image":"","background-repeat":"repeat","background-position":"center center","background-size":"auto","background-attachment":"scroll","background-type":"","background-media":"","overlay-type":"","overlay-color":"","overlay-opacity":"","overlay-gradient":""},"tablet":{"background-color":"","background-image":"","background-repeat":"repeat","background-position":"center center","background-size":"auto","background-attachment":"scroll","background-type":"","background-media":"","overlay-type":"","overlay-color":"","overlay-opacity":"","overlay-gradient":""},"mobile":{"background-color":"","background-image":"","background-repeat":"repeat","background-position":"center center","background-size":"auto","background-attachment":"scroll","background-type":"","background-media":"","overlay-type":"","overlay-color":"","overlay-opacity":"","overlay-gradient":""}},"ast-content-background-meta":{"desktop":{"background-color":"var(--ast-global-color-4)","background-image":"","background-repeat":"repeat","background-position":"center center","background-size":"auto","background-attachment":"scroll","background-type":"","background-media":"","overlay-type":"","overlay-color":"","overlay-opacity":"","overlay-gradient":""},"tablet":{"background-color":"var(--ast-global-color-4)","background-image":"","background-repeat":"repeat","background-position":"center center","background-size":"auto","background-attachment":"scroll","background-type":"","background-media":"","overlay-type":"","overlay-color":"","overlay-opacity":"","overlay-gradient":""},"mobile":{"background-color":"var(--ast-global-color-4)","background-image":"","background-repeat":"repeat","background-position":"center center","background-size":"auto","background-attachment":"scroll","background-type":"","background-media":"","overlay-type":"","overlay-color":"","overlay-opacity":"","overlay-gradient":""}},"footnotes":""},"categories":[1],"tags":[],"class_list":["post-94346","post","type-post","status-publish","format-standard","hentry","category-sem-categoria"],"yoast_head":"<!-- This site is optimized with the Yoast SEO plugin v26.6 - https:\/\/yoast.com\/wordpress\/plugins\/seo\/ -->\n<title>Agentes de sa\u00fade fazem apelo por seguran\u00e7a ap\u00f3s assassinato de colega no Jo\u00e3o Paulo - Daniel Matos<\/title>\n<meta name=\"robots\" content=\"index, follow, max-snippet:-1, max-image-preview:large, max-video-preview:-1\" \/>\n<link rel=\"canonical\" href=\"https:\/\/www.blogsoestado.com\/danielmatos\/agentes-de-saude-fazem-apelo-por-seguranca-apos-assassinato-de-colega-no-joao-paulo\/\" \/>\n<meta property=\"og:locale\" content=\"pt_BR\" \/>\n<meta property=\"og:type\" content=\"article\" \/>\n<meta property=\"og:title\" content=\"Agentes de sa\u00fade fazem apelo por seguran\u00e7a ap\u00f3s assassinato de colega no Jo\u00e3o Paulo - Daniel Matos\" \/>\n<meta property=\"og:description\" content=\"O secret\u00e1rio de Seguran\u00e7a P\u00fablica, Leonardo Diniz, se reuniu, na manh\u00e3 da \u00faltima segunda-feira (14), com representantes dos sindicados dos [&hellip;]\" \/>\n<meta property=\"og:url\" content=\"https:\/\/www.blogsoestado.com\/danielmatos\/agentes-de-saude-fazem-apelo-por-seguranca-apos-assassinato-de-colega-no-joao-paulo\/\" \/>\n<meta property=\"og:site_name\" content=\"Daniel Matos\" \/>\n<meta property=\"article:published_time\" content=\"2022-02-16T10:00:00+00:00\" \/>\n<meta property=\"og:image\" content=\"https:\/\/www.blogsoestado.com\/danielmatos\/files\/2022\/02\/Screenshot_20220215-2352082.png\" \/>\n<meta name=\"twitter:card\" content=\"summary_large_image\" \/>\n<meta name=\"twitter:label1\" content=\"Est. tempo de leitura\" \/>\n\t<meta name=\"twitter:data1\" content=\"2 minutos\" \/>\n<script type=\"application\/ld+json\" class=\"yoast-schema-graph\">{\"@context\":\"https:\/\/schema.org\",\"@graph\":[{\"@type\":\"WebPage\",\"@id\":\"https:\/\/www.blogsoestado.com\/danielmatos\/agentes-de-saude-fazem-apelo-por-seguranca-apos-assassinato-de-colega-no-joao-paulo\/\",\"url\":\"https:\/\/www.blogsoestado.com\/danielmatos\/agentes-de-saude-fazem-apelo-por-seguranca-apos-assassinato-de-colega-no-joao-paulo\/\",\"name\":\"Agentes de sa\u00fade fazem apelo por seguran\u00e7a ap\u00f3s assassinato de colega no Jo\u00e3o Paulo - Daniel Matos\",\"isPartOf\":{\"@id\":\"https:\/\/www.blogsoestado.com\/danielmatos\/#website\"},\"primaryImageOfPage\":{\"@id\":\"https:\/\/www.blogsoestado.com\/danielmatos\/agentes-de-saude-fazem-apelo-por-seguranca-apos-assassinato-de-colega-no-joao-paulo\/#primaryimage\"},\"image\":{\"@id\":\"https:\/\/www.blogsoestado.com\/danielmatos\/agentes-de-saude-fazem-apelo-por-seguranca-apos-assassinato-de-colega-no-joao-paulo\/#primaryimage\"},\"thumbnailUrl\":\"https:\/\/www.blogsoestado.com\/danielmatos\/files\/2022\/02\/Screenshot_20220215-2352082.png\",\"datePublished\":\"2022-02-16T10:00:00+00:00\",\"author\":{\"@id\":\"\"},\"breadcrumb\":{\"@id\":\"https:\/\/www.blogsoestado.com\/danielmatos\/agentes-de-saude-fazem-apelo-por-seguranca-apos-assassinato-de-colega-no-joao-paulo\/#breadcrumb\"},\"inLanguage\":\"pt-BR\",\"potentialAction\":[{\"@type\":\"ReadAction\",\"target\":[\"https:\/\/www.blogsoestado.com\/danielmatos\/agentes-de-saude-fazem-apelo-por-seguranca-apos-assassinato-de-colega-no-joao-paulo\/\"]}]},{\"@type\":\"ImageObject\",\"inLanguage\":\"pt-BR\",\"@id\":\"https:\/\/www.blogsoestado.com\/danielmatos\/agentes-de-saude-fazem-apelo-por-seguranca-apos-assassinato-de-colega-no-joao-paulo\/#primaryimage\",\"url\":\"https:\/\/www.blogsoestado.com\/danielmatos\/files\/2022\/02\/Screenshot_20220215-2352082.png\",\"contentUrl\":\"https:\/\/www.blogsoestado.com\/danielmatos\/files\/2022\/02\/Screenshot_20220215-2352082.png\"},{\"@type\":\"BreadcrumbList\",\"@id\":\"https:\/\/www.blogsoestado.com\/danielmatos\/agentes-de-saude-fazem-apelo-por-seguranca-apos-assassinato-de-colega-no-joao-paulo\/#breadcrumb\",\"itemListElement\":[{\"@type\":\"ListItem\",\"position\":1,\"name\":\"In\u00edcio\",\"item\":\"https:\/\/www.blogsoestado.com\/danielmatos\/\"},{\"@type\":\"ListItem\",\"position\":2,\"name\":\"Agentes de sa\u00fade fazem apelo por seguran\u00e7a ap\u00f3s assassinato de colega no Jo\u00e3o Paulo\"}]},{\"@type\":\"WebSite\",\"@id\":\"https:\/\/www.blogsoestado.com\/danielmatos\/#website\",\"url\":\"https:\/\/www.blogsoestado.com\/danielmatos\/\",\"name\":\"Daniel Matos\",\"description\":\"\",\"potentialAction\":[{\"@type\":\"SearchAction\",\"target\":{\"@type\":\"EntryPoint\",\"urlTemplate\":\"https:\/\/www.blogsoestado.com\/danielmatos\/?s={search_term_string}\"},\"query-input\":{\"@type\":\"PropertyValueSpecification\",\"valueRequired\":true,\"valueName\":\"search_term_string\"}}],\"inLanguage\":\"pt-BR\"}]}<\/script>\n<!-- \/ Yoast SEO plugin. -->","yoast_head_json":{"title":"Agentes de sa\u00fade fazem apelo por seguran\u00e7a ap\u00f3s assassinato de colega no Jo\u00e3o Paulo - Daniel Matos","robots":{"index":"index","follow":"follow","max-snippet":"max-snippet:-1","max-image-preview":"max-image-preview:large","max-video-preview":"max-video-preview:-1"},"canonical":"https:\/\/www.blogsoestado.com\/danielmatos\/agentes-de-saude-fazem-apelo-por-seguranca-apos-assassinato-de-colega-no-joao-paulo\/","og_locale":"pt_BR","og_type":"article","og_title":"Agentes de sa\u00fade fazem apelo por seguran\u00e7a ap\u00f3s assassinato de colega no Jo\u00e3o Paulo - Daniel Matos","og_description":"O secret\u00e1rio de Seguran\u00e7a P\u00fablica, Leonardo Diniz, se reuniu, na manh\u00e3 da \u00faltima segunda-feira (14), com representantes dos sindicados dos [&hellip;]","og_url":"https:\/\/www.blogsoestado.com\/danielmatos\/agentes-de-saude-fazem-apelo-por-seguranca-apos-assassinato-de-colega-no-joao-paulo\/","og_site_name":"Daniel Matos","article_published_time":"2022-02-16T10:00:00+00:00","og_image":[{"url":"https:\/\/www.blogsoestado.com\/danielmatos\/files\/2022\/02\/Screenshot_20220215-2352082.png","type":"","width":"","height":""}],"twitter_card":"summary_large_image","twitter_misc":{"Est. tempo de leitura":"2 minutos"},"schema":{"@context":"https:\/\/schema.org","@graph":[{"@type":"WebPage","@id":"https:\/\/www.blogsoestado.com\/danielmatos\/agentes-de-saude-fazem-apelo-por-seguranca-apos-assassinato-de-colega-no-joao-paulo\/","url":"https:\/\/www.blogsoestado.com\/danielmatos\/agentes-de-saude-fazem-apelo-por-seguranca-apos-assassinato-de-colega-no-joao-paulo\/","name":"Agentes de sa\u00fade fazem apelo por seguran\u00e7a ap\u00f3s assassinato de colega no Jo\u00e3o Paulo - Daniel Matos","isPartOf":{"@id":"https:\/\/www.blogsoestado.com\/danielmatos\/#website"},"primaryImageOfPage":{"@id":"https:\/\/www.blogsoestado.com\/danielmatos\/agentes-de-saude-fazem-apelo-por-seguranca-apos-assassinato-de-colega-no-joao-paulo\/#primaryimage"},"image":{"@id":"https:\/\/www.blogsoestado.com\/danielmatos\/agentes-de-saude-fazem-apelo-por-seguranca-apos-assassinato-de-colega-no-joao-paulo\/#primaryimage"},"thumbnailUrl":"https:\/\/www.blogsoestado.com\/danielmatos\/files\/2022\/02\/Screenshot_20220215-2352082.png","datePublished":"2022-02-16T10:00:00+00:00","author":{"@id":""},"breadcrumb":{"@id":"https:\/\/www.blogsoestado.com\/danielmatos\/agentes-de-saude-fazem-apelo-por-seguranca-apos-assassinato-de-colega-no-joao-paulo\/#breadcrumb"},"inLanguage":"pt-BR","potentialAction":[{"@type":"ReadAction","target":["https:\/\/www.blogsoestado.com\/danielmatos\/agentes-de-saude-fazem-apelo-por-seguranca-apos-assassinato-de-colega-no-joao-paulo\/"]}]},{"@type":"ImageObject","inLanguage":"pt-BR","@id":"https:\/\/www.blogsoestado.com\/danielmatos\/agentes-de-saude-fazem-apelo-por-seguranca-apos-assassinato-de-colega-no-joao-paulo\/#primaryimage","url":"https:\/\/www.blogsoestado.com\/danielmatos\/files\/2022\/02\/Screenshot_20220215-2352082.png","contentUrl":"https:\/\/www.blogsoestado.com\/danielmatos\/files\/2022\/02\/Screenshot_20220215-2352082.png"},{"@type":"BreadcrumbList","@id":"https:\/\/www.blogsoestado.com\/danielmatos\/agentes-de-saude-fazem-apelo-por-seguranca-apos-assassinato-de-colega-no-joao-paulo\/#breadcrumb","itemListElement":[{"@type":"ListItem","position":1,"name":"In\u00edcio","item":"https:\/\/www.blogsoestado.com\/danielmatos\/"},{"@type":"ListItem","position":2,"name":"Agentes de sa\u00fade fazem apelo por seguran\u00e7a ap\u00f3s assassinato de colega no Jo\u00e3o Paulo"}]},{"@type":"WebSite","@id":"https:\/\/www.blogsoestado.com\/danielmatos\/#website","url":"https:\/\/www.blogsoestado.com\/danielmatos\/","name":"Daniel Matos","description":"","potentialAction":[{"@type":"SearchAction","target":{"@type":"EntryPoint","urlTemplate":"https:\/\/www.blogsoestado.com\/danielmatos\/?s={search_term_string}"},"query-input":{"@type":"PropertyValueSpecification","valueRequired":true,"valueName":"search_term_string"}}],"inLanguage":"pt-BR"}]}},"jetpack_featured_media_url":"","_links":{"self":[{"href":"https:\/\/www.blogsoestado.com\/danielmatos\/wp-json\/wp\/v2\/posts\/94346","targetHints":{"allow":["GET"]}}],"collection":[{"href":"https:\/\/www.blogsoestado.com\/danielmatos\/wp-json\/wp\/v2\/posts"}],"about":[{"href":"https:\/\/www.blogsoestado.com\/danielmatos\/wp-json\/wp\/v2\/types\/post"}],"replies":[{"embeddable":true,"href":"https:\/\/www.blogsoestado.com\/danielmatos\/wp-json\/wp\/v2\/comments?post=94346"}],"version-history":[{"count":0,"href":"https:\/\/www.blogsoestado.com\/danielmatos\/wp-json\/wp\/v2\/posts\/94346\/revisions"}],"wp:attachment":[{"href":"https:\/\/www.blogsoestado.com\/danielmatos\/wp-json\/wp\/v2\/media?parent=94346"}],"wp:term":[{"taxonomy":"category","embeddable":true,"href":"https:\/\/www.blogsoestado.com\/danielmatos\/wp-json\/wp\/v2\/categories?post=94346"},{"taxonomy":"post_tag","embeddable":true,"href":"https:\/\/www.blogsoestado.com\/danielmatos\/wp-json\/wp\/v2\/tags?post=94346"}],"curies":[{"name":"wp","href":"https:\/\/api.w.org\/{rel}","templated":true}]}}