{"id":94349,"date":"2022-02-16T11:27:40","date_gmt":"2022-02-16T14:27:40","guid":{"rendered":"https:\/\/www.blogsoestado.com\/danielmatos\/?p=94349"},"modified":"2022-02-16T11:27:40","modified_gmt":"2022-02-16T14:27:40","slug":"sao-luis-novamente-sem-onibus-por-tempo-indeterminado","status":"publish","type":"post","link":"https:\/\/www.blogsoestado.com\/danielmatos\/sao-luis-novamente-sem-onibus-por-tempo-indeterminado\/","title":{"rendered":"S\u00e3o Lu\u00eds novamente sem \u00f4nibus, por tempo indeterminado"},"content":{"rendered":"\n<div class=\"wp-block-image\"><figure class=\"aligncenter size-large\"><a href=\"https:\/\/www.blogsoestado.com\/danielmatos\/files\/2022\/02\/Screenshot_20220216-1115552.png\"><img decoding=\"async\" src=\"https:\/\/www.blogsoestado.com\/danielmatos\/files\/2022\/02\/Screenshot_20220216-1115552.png\" alt=\"\" class=\"wp-image-94350\"\/><\/a><figcaption>Terminal de integra\u00e7\u00e3o totalmente vazio no primeiro dia da greve do transporte p\u00fablico de S\u00e3o Lu\u00eds<\/figcaption><\/figure><\/div>\n\n\n\n<p>S\u00e3o Lu\u00eds amanheceu sem \u00f4nibus nesta quarta-feira (16) devido a mais uma greve de trabalhadores rodovi\u00e1rios. \u00c9 a segunda paralisa\u00e7\u00e3o do transporte p\u00fablico em quatro meses- em.outubro de 2021, o sistema parou por longos 12 dias, causando graves transtornos \u00e0 popula\u00e7\u00e3o. De acordo com as lideran\u00e7as do movimento, a greve \u00e9 por tempo indeterminado.<\/p>\n\n\n\n<p>Sem coletivos circulando mais uma vez, em raz\u00e3o do impasse nas negocia\u00e7\u00f5es entre os sindicatos de motoristas e cobradores e das empresas de transporte, os usu\u00e1rios do servi\u00e7o voltaram a enfrentar dificuldade para se locomover. Logo cedo, as paradas ficaram lotadas de pessoas, que travaram disputas acirradas por outros tipos de condu\u00e7\u00e3o, como vans, motot\u00e1xis e carrinhos-lotacao. O transporte por aplicativo tamb\u00e9m foi bastante utilizado. Enquanto isso, os terminais de integra\u00e7\u00e3o permaneceram vazios, j\u00e1 que nenhum \u00f4nibus est\u00e1 cumprindo itiner\u00e1rio.<\/p>\n\n\n\n<p>Em resposta \u00e0 paralisa\u00e7\u00e3o, a Prefeitura de S\u00e3o Lu\u00eds, por meio da Secretaria Municipal de Tr\u00e2nsito e Transportes (SMTT), disse cumprir \u201do acordo firmado em novembro do ano passado com os sindicatos dos empres\u00e1rios e rodovi\u00e1rios\u201d e que deve totalizar um aux\u00edlio de R$ 20 milh\u00f5es dentro de cinco meses.<\/p>\n\n\n\n<p><strong>Abaixo, nota da SMTT:<\/strong><\/p>\n\n\n\n<p><em>A Secretaria Municipal de Tr\u00e2nsito e Transportes (SMTT) informa que o Munic\u00edpio de S\u00e3o Lu\u00eds vem cumprindo o acordo firmado em novembro do ano passado com os sindicatos dos empres\u00e1rios e rodovi\u00e1rios, no repasse do aux\u00edlio emergencial ao sistema de transporte p\u00fablico, no valor de R$ 4 milh\u00f5es mensais.<\/em><\/p>\n\n\n\n<p><em>A SMTT tamb\u00e9m informa que o aux\u00edlio emergencial foi prorrogado por mais dois meses (fevereiro e mar\u00e7o), totalizando R$ 20 milh\u00f5es ao setor em cinco meses. Desse modo, espera-se o entendimento entre trabalhadores e empres\u00e1rios para o fim da paralisa\u00e7\u00e3o.<\/em><\/p>\n","protected":false},"excerpt":{"rendered":"<p>S\u00e3o Lu\u00eds amanheceu sem \u00f4nibus nesta quarta-feira (16) devido a mais uma greve de trabalhadores rodovi\u00e1rios. \u00c9 a segunda paralisa\u00e7\u00e3o [&hellip;]<\/p>\n","protected":false},"author":0,"featured_media":0,"comment_status":"open","ping_status":"open","sticky":false,"template":"","format":"standard","meta":{"site-sidebar-layout":"default","site-content-layout":"","ast-site-content-layout":"default","site-content-style":"default","site-sidebar-style":"default","ast-global-header-display":"","ast-banner-title-visibility":"","ast-main-header-display":"","ast-hfb-above-header-display":"","ast-hfb-below-header-display":"","ast-hfb-mobile-header-display":"","site-post-title":"","ast-breadcrumbs-content":"","ast-featured-img":"","footer-sml-layout":"","ast-disable-related-posts":"","theme-transparent-header-meta":"","adv-header-id-meta":"","stick-header-meta":"","header-above-stick-meta":"","header-main-stick-meta":"","header-below-stick-meta":"","astra-migrate-meta-layouts":"default","ast-page-background-enabled":"default","ast-page-background-meta":{"desktop":{"background-color":"var(--ast-global-color-5)","background-image":"","background-repeat":"repeat","background-position":"center center","background-size":"auto","background-attachment":"scroll","background-type":"","background-media":"","overlay-type":"","overlay-color":"","overlay-opacity":"","overlay-gradient":""},"tablet":{"background-color":"","background-image":"","background-repeat":"repeat","background-position":"center center","background-size":"auto","background-attachment":"scroll","background-type":"","background-media":"","overlay-type":"","overlay-color":"","overlay-opacity":"","overlay-gradient":""},"mobile":{"background-color":"","background-image":"","background-repeat":"repeat","background-position":"center center","background-size":"auto","background-attachment":"scroll","background-type":"","background-media":"","overlay-type":"","overlay-color":"","overlay-opacity":"","overlay-gradient":""}},"ast-content-background-meta":{"desktop":{"background-color":"var(--ast-global-color-4)","background-image":"","background-repeat":"repeat","background-position":"center center","background-size":"auto","background-attachment":"scroll","background-type":"","background-media":"","overlay-type":"","overlay-color":"","overlay-opacity":"","overlay-gradient":""},"tablet":{"background-color":"var(--ast-global-color-4)","background-image":"","background-repeat":"repeat","background-position":"center center","background-size":"auto","background-attachment":"scroll","background-type":"","background-media":"","overlay-type":"","overlay-color":"","overlay-opacity":"","overlay-gradient":""},"mobile":{"background-color":"var(--ast-global-color-4)","background-image":"","background-repeat":"repeat","background-position":"center center","background-size":"auto","background-attachment":"scroll","background-type":"","background-media":"","overlay-type":"","overlay-color":"","overlay-opacity":"","overlay-gradient":""}},"footnotes":""},"categories":[1],"tags":[],"class_list":["post-94349","post","type-post","status-publish","format-standard","hentry","category-sem-categoria"],"yoast_head":"<!-- This site is optimized with the Yoast SEO plugin v26.6 - https:\/\/yoast.com\/wordpress\/plugins\/seo\/ -->\n<title>S\u00e3o Lu\u00eds novamente sem \u00f4nibus, por tempo indeterminado - Daniel Matos<\/title>\n<meta name=\"robots\" content=\"index, follow, max-snippet:-1, max-image-preview:large, max-video-preview:-1\" \/>\n<link rel=\"canonical\" href=\"https:\/\/www.blogsoestado.com\/danielmatos\/sao-luis-novamente-sem-onibus-por-tempo-indeterminado\/\" \/>\n<meta property=\"og:locale\" content=\"pt_BR\" \/>\n<meta property=\"og:type\" content=\"article\" \/>\n<meta property=\"og:title\" content=\"S\u00e3o Lu\u00eds novamente sem \u00f4nibus, por tempo indeterminado - Daniel Matos\" \/>\n<meta property=\"og:description\" content=\"S\u00e3o Lu\u00eds amanheceu sem \u00f4nibus nesta quarta-feira (16) devido a mais uma greve de trabalhadores rodovi\u00e1rios. \u00c9 a segunda paralisa\u00e7\u00e3o [&hellip;]\" \/>\n<meta property=\"og:url\" content=\"https:\/\/www.blogsoestado.com\/danielmatos\/sao-luis-novamente-sem-onibus-por-tempo-indeterminado\/\" \/>\n<meta property=\"og:site_name\" content=\"Daniel Matos\" \/>\n<meta property=\"article:published_time\" content=\"2022-02-16T14:27:40+00:00\" \/>\n<meta property=\"og:image\" content=\"https:\/\/www.blogsoestado.com\/danielmatos\/files\/2022\/02\/Screenshot_20220216-1115552.png\" \/>\n<meta name=\"twitter:card\" content=\"summary_large_image\" \/>\n<meta name=\"twitter:label1\" content=\"Est. tempo de leitura\" \/>\n\t<meta name=\"twitter:data1\" content=\"2 minutos\" \/>\n<script type=\"application\/ld+json\" class=\"yoast-schema-graph\">{\"@context\":\"https:\/\/schema.org\",\"@graph\":[{\"@type\":\"WebPage\",\"@id\":\"https:\/\/www.blogsoestado.com\/danielmatos\/sao-luis-novamente-sem-onibus-por-tempo-indeterminado\/\",\"url\":\"https:\/\/www.blogsoestado.com\/danielmatos\/sao-luis-novamente-sem-onibus-por-tempo-indeterminado\/\",\"name\":\"S\u00e3o Lu\u00eds novamente sem \u00f4nibus, por tempo indeterminado - Daniel Matos\",\"isPartOf\":{\"@id\":\"https:\/\/www.blogsoestado.com\/danielmatos\/#website\"},\"primaryImageOfPage\":{\"@id\":\"https:\/\/www.blogsoestado.com\/danielmatos\/sao-luis-novamente-sem-onibus-por-tempo-indeterminado\/#primaryimage\"},\"image\":{\"@id\":\"https:\/\/www.blogsoestado.com\/danielmatos\/sao-luis-novamente-sem-onibus-por-tempo-indeterminado\/#primaryimage\"},\"thumbnailUrl\":\"https:\/\/www.blogsoestado.com\/danielmatos\/files\/2022\/02\/Screenshot_20220216-1115552.png\",\"datePublished\":\"2022-02-16T14:27:40+00:00\",\"author\":{\"@id\":\"\"},\"breadcrumb\":{\"@id\":\"https:\/\/www.blogsoestado.com\/danielmatos\/sao-luis-novamente-sem-onibus-por-tempo-indeterminado\/#breadcrumb\"},\"inLanguage\":\"pt-BR\",\"potentialAction\":[{\"@type\":\"ReadAction\",\"target\":[\"https:\/\/www.blogsoestado.com\/danielmatos\/sao-luis-novamente-sem-onibus-por-tempo-indeterminado\/\"]}]},{\"@type\":\"ImageObject\",\"inLanguage\":\"pt-BR\",\"@id\":\"https:\/\/www.blogsoestado.com\/danielmatos\/sao-luis-novamente-sem-onibus-por-tempo-indeterminado\/#primaryimage\",\"url\":\"https:\/\/www.blogsoestado.com\/danielmatos\/files\/2022\/02\/Screenshot_20220216-1115552.png\",\"contentUrl\":\"https:\/\/www.blogsoestado.com\/danielmatos\/files\/2022\/02\/Screenshot_20220216-1115552.png\"},{\"@type\":\"BreadcrumbList\",\"@id\":\"https:\/\/www.blogsoestado.com\/danielmatos\/sao-luis-novamente-sem-onibus-por-tempo-indeterminado\/#breadcrumb\",\"itemListElement\":[{\"@type\":\"ListItem\",\"position\":1,\"name\":\"In\u00edcio\",\"item\":\"https:\/\/www.blogsoestado.com\/danielmatos\/\"},{\"@type\":\"ListItem\",\"position\":2,\"name\":\"S\u00e3o Lu\u00eds novamente sem \u00f4nibus, por tempo indeterminado\"}]},{\"@type\":\"WebSite\",\"@id\":\"https:\/\/www.blogsoestado.com\/danielmatos\/#website\",\"url\":\"https:\/\/www.blogsoestado.com\/danielmatos\/\",\"name\":\"Daniel Matos\",\"description\":\"\",\"potentialAction\":[{\"@type\":\"SearchAction\",\"target\":{\"@type\":\"EntryPoint\",\"urlTemplate\":\"https:\/\/www.blogsoestado.com\/danielmatos\/?s={search_term_string}\"},\"query-input\":{\"@type\":\"PropertyValueSpecification\",\"valueRequired\":true,\"valueName\":\"search_term_string\"}}],\"inLanguage\":\"pt-BR\"}]}<\/script>\n<!-- \/ Yoast SEO plugin. -->","yoast_head_json":{"title":"S\u00e3o Lu\u00eds novamente sem \u00f4nibus, por tempo indeterminado - Daniel Matos","robots":{"index":"index","follow":"follow","max-snippet":"max-snippet:-1","max-image-preview":"max-image-preview:large","max-video-preview":"max-video-preview:-1"},"canonical":"https:\/\/www.blogsoestado.com\/danielmatos\/sao-luis-novamente-sem-onibus-por-tempo-indeterminado\/","og_locale":"pt_BR","og_type":"article","og_title":"S\u00e3o Lu\u00eds novamente sem \u00f4nibus, por tempo indeterminado - Daniel Matos","og_description":"S\u00e3o Lu\u00eds amanheceu sem \u00f4nibus nesta quarta-feira (16) devido a mais uma greve de trabalhadores rodovi\u00e1rios. \u00c9 a segunda paralisa\u00e7\u00e3o [&hellip;]","og_url":"https:\/\/www.blogsoestado.com\/danielmatos\/sao-luis-novamente-sem-onibus-por-tempo-indeterminado\/","og_site_name":"Daniel Matos","article_published_time":"2022-02-16T14:27:40+00:00","og_image":[{"url":"https:\/\/www.blogsoestado.com\/danielmatos\/files\/2022\/02\/Screenshot_20220216-1115552.png","type":"","width":"","height":""}],"twitter_card":"summary_large_image","twitter_misc":{"Est. tempo de leitura":"2 minutos"},"schema":{"@context":"https:\/\/schema.org","@graph":[{"@type":"WebPage","@id":"https:\/\/www.blogsoestado.com\/danielmatos\/sao-luis-novamente-sem-onibus-por-tempo-indeterminado\/","url":"https:\/\/www.blogsoestado.com\/danielmatos\/sao-luis-novamente-sem-onibus-por-tempo-indeterminado\/","name":"S\u00e3o Lu\u00eds novamente sem \u00f4nibus, por tempo indeterminado - Daniel Matos","isPartOf":{"@id":"https:\/\/www.blogsoestado.com\/danielmatos\/#website"},"primaryImageOfPage":{"@id":"https:\/\/www.blogsoestado.com\/danielmatos\/sao-luis-novamente-sem-onibus-por-tempo-indeterminado\/#primaryimage"},"image":{"@id":"https:\/\/www.blogsoestado.com\/danielmatos\/sao-luis-novamente-sem-onibus-por-tempo-indeterminado\/#primaryimage"},"thumbnailUrl":"https:\/\/www.blogsoestado.com\/danielmatos\/files\/2022\/02\/Screenshot_20220216-1115552.png","datePublished":"2022-02-16T14:27:40+00:00","author":{"@id":""},"breadcrumb":{"@id":"https:\/\/www.blogsoestado.com\/danielmatos\/sao-luis-novamente-sem-onibus-por-tempo-indeterminado\/#breadcrumb"},"inLanguage":"pt-BR","potentialAction":[{"@type":"ReadAction","target":["https:\/\/www.blogsoestado.com\/danielmatos\/sao-luis-novamente-sem-onibus-por-tempo-indeterminado\/"]}]},{"@type":"ImageObject","inLanguage":"pt-BR","@id":"https:\/\/www.blogsoestado.com\/danielmatos\/sao-luis-novamente-sem-onibus-por-tempo-indeterminado\/#primaryimage","url":"https:\/\/www.blogsoestado.com\/danielmatos\/files\/2022\/02\/Screenshot_20220216-1115552.png","contentUrl":"https:\/\/www.blogsoestado.com\/danielmatos\/files\/2022\/02\/Screenshot_20220216-1115552.png"},{"@type":"BreadcrumbList","@id":"https:\/\/www.blogsoestado.com\/danielmatos\/sao-luis-novamente-sem-onibus-por-tempo-indeterminado\/#breadcrumb","itemListElement":[{"@type":"ListItem","position":1,"name":"In\u00edcio","item":"https:\/\/www.blogsoestado.com\/danielmatos\/"},{"@type":"ListItem","position":2,"name":"S\u00e3o Lu\u00eds novamente sem \u00f4nibus, por tempo indeterminado"}]},{"@type":"WebSite","@id":"https:\/\/www.blogsoestado.com\/danielmatos\/#website","url":"https:\/\/www.blogsoestado.com\/danielmatos\/","name":"Daniel Matos","description":"","potentialAction":[{"@type":"SearchAction","target":{"@type":"EntryPoint","urlTemplate":"https:\/\/www.blogsoestado.com\/danielmatos\/?s={search_term_string}"},"query-input":{"@type":"PropertyValueSpecification","valueRequired":true,"valueName":"search_term_string"}}],"inLanguage":"pt-BR"}]}},"jetpack_featured_media_url":"","_links":{"self":[{"href":"https:\/\/www.blogsoestado.com\/danielmatos\/wp-json\/wp\/v2\/posts\/94349","targetHints":{"allow":["GET"]}}],"collection":[{"href":"https:\/\/www.blogsoestado.com\/danielmatos\/wp-json\/wp\/v2\/posts"}],"about":[{"href":"https:\/\/www.blogsoestado.com\/danielmatos\/wp-json\/wp\/v2\/types\/post"}],"replies":[{"embeddable":true,"href":"https:\/\/www.blogsoestado.com\/danielmatos\/wp-json\/wp\/v2\/comments?post=94349"}],"version-history":[{"count":0,"href":"https:\/\/www.blogsoestado.com\/danielmatos\/wp-json\/wp\/v2\/posts\/94349\/revisions"}],"wp:attachment":[{"href":"https:\/\/www.blogsoestado.com\/danielmatos\/wp-json\/wp\/v2\/media?parent=94349"}],"wp:term":[{"taxonomy":"category","embeddable":true,"href":"https:\/\/www.blogsoestado.com\/danielmatos\/wp-json\/wp\/v2\/categories?post=94349"},{"taxonomy":"post_tag","embeddable":true,"href":"https:\/\/www.blogsoestado.com\/danielmatos\/wp-json\/wp\/v2\/tags?post=94349"}],"curies":[{"name":"wp","href":"https:\/\/api.w.org\/{rel}","templated":true}]}}