{"id":94366,"date":"2022-02-16T19:32:57","date_gmt":"2022-02-16T22:32:57","guid":{"rendered":"https:\/\/www.blogsoestado.com\/danielmatos\/?p=94366"},"modified":"2022-02-16T19:32:57","modified_gmt":"2022-02-16T22:32:57","slug":"vereadores-aprovam-convocacao-de-secretario-para-esclarecer-greve-de-rodoviarios","status":"publish","type":"post","link":"https:\/\/www.blogsoestado.com\/danielmatos\/vereadores-aprovam-convocacao-de-secretario-para-esclarecer-greve-de-rodoviarios\/","title":{"rendered":"Vereadores aprovam convoca\u00e7\u00e3o de secret\u00e1rio para esclarecer greve de rodovi\u00e1rios"},"content":{"rendered":"\n<p><em><strong><span class=\"has-inline-color has-vivid-red-color\">Diego Baluz, titular da Secretaria de Tr\u00e2nsito e Transportes (SMTT), deve apresentar planilha de custo da opera\u00e7\u00e3o e detalhar a fonte de recurso municipal do aux\u00edlio emergencial concedido ao transporte p\u00fablico<\/span><\/strong><\/em><\/p>\n\n\n\n<div class=\"wp-block-image\"><figure class=\"aligncenter size-large\"><a href=\"https:\/\/www.blogsoestado.com\/danielmatos\/files\/2022\/02\/Screenshot_20220216-1929382.png\"><img decoding=\"async\" src=\"https:\/\/www.blogsoestado.com\/danielmatos\/files\/2022\/02\/Screenshot_20220216-1929382.png\" alt=\"\" class=\"wp-image-94367\"\/><\/a><figcaption>Os terminais de integra\u00e7\u00e3o vazios s\u00e3o reflexos da greve dos rodovi\u00e1rios, iniciada nesta quarta-feira (<strong>Foto<\/strong>: Leonardo Mendon\u00e7a)<\/figcaption><\/figure><\/div>\n\n\n\n<p id=\"E67\">Durante sess\u00e3o plen\u00e1ria, realizada na manh\u00e3 desta quarta-feira (16), a C\u00e2mara Municipal de S\u00e3o Lu\u00eds (CMSL) aprovou um requerimento pedindo a convoca\u00e7\u00e3o do secret\u00e1rio municipal de Tr\u00e2nsito e Transportes, Diego Baluz, para prestar esclarecimentos aos parlamentares e \u00e0 sociedade sobre a real situa\u00e7\u00e3o da greve que acontece em toda a capital.<\/p>\n\n\n\n<p id=\"E77\">O encontro foi marcado para esta quinta-feira, 17, no plen\u00e1rio Sim\u00e3o Est\u00e1cio da Silveira ou de forma remota, conforme delibera\u00e7\u00e3o da Mesa Diretora da Casa. A audi\u00eancia est\u00e1 prevista \u00e0s 9h, no hor\u00e1rio regimental.<\/p>\n\n\n\n<p id=\"E85\">A proposi\u00e7\u00e3o \u00e9 de autoria do vereador Ant\u00f4nio Marcos, o Marquinhos (DEM). Por ser uma convoca\u00e7\u00e3o, caso o secret\u00e1rio n\u00e3o compare\u00e7a \u00e0 reuni\u00e3o, pode sofrer algumas san\u00e7\u00f5es.<\/p>\n\n\n\n<p id=\"E90\">\u201cA nossa querida cidade, por mais uma vez, no intervalo de seis meses, tem a paraliza\u00e7\u00e3o de 100% da opera\u00e7\u00e3o do sistema de transporte coletivo, pelo o Sindicato dos Rodovi\u00e1rios de S\u00e3o Lu\u00eds, situa\u00e7\u00e3o que vem gerando danos imensur\u00e1veis a vida social e econ\u00f4mica para cidade\u201d, declarou Marquinhos ao justificar a apresenta\u00e7\u00e3o da propositura.<\/p>\n\n\n\n<p id=\"E94\"><strong>Resposta contundente<\/strong><\/p>\n\n\n\n<p id=\"E96\">O requerimento aprovado exige a apresenta\u00e7\u00e3o da planilha de custo da opera\u00e7\u00e3o do transporte coletivo municipal, al\u00e9m de detalhes sobre a fonte de recurso destinado ao aux\u00edlio emergencial concedido ao transporte p\u00fablico de S\u00e3o Lu\u00eds e informa\u00e7\u00f5es sobre a tarifa da opera\u00e7\u00e3o do transporte coletivo municipal.<\/p>\n\n\n\n<p id=\"E98\">\u201cA gente entende que existe uma CPI tramitando nesta Casa sobre o transporte p\u00fablico, mas, de forma urgente, precisamos saber da Prefeitura de S\u00e3o Lu\u00eds, do governo municipal, quais provid\u00eancias est\u00e3o sendo tomadas para resolver esse problema que \u00e9 um gargalo. A C\u00e2mara de S\u00e3o Lu\u00eds, enquanto representante da popula\u00e7\u00e3o ludovicense, tem a responsabilidade de fazer essa interlocu\u00e7\u00e3o\u201d, completou Marquinhos.<\/p>\n\n\n\n<p id=\"E100\"><strong>Sistema sem transpar\u00eancia<\/strong><\/p>\n\n\n\n<p id=\"E102\">Durante a sess\u00e3o, a convoca\u00e7\u00e3o do titular da SMTT repercutiu entre os vereadores.<\/p>\n\n\n\n<p>Para o vereador Paulo Victor (PCdoB), 2\u00ba vice-presidente da Casa, a proposi\u00e7\u00e3o n\u00e3o pode ser encarada como um ato de politicagem ou persegui\u00e7\u00e3o. Segundo ele, os parlamentares s\u00f3 tomaram essa posi\u00e7\u00e3o, devido a falta de transpar\u00eancia no sistema de transporte.<\/p>\n\n\n\n<p id=\"E112\">\u201cDe fato, a gente precisa de informa\u00e7\u00f5es. Isso n\u00e3o \u00e9 um ato de politicagem ou persegui\u00e7\u00e3o, mas a sociedade precisa acompanhar o que est\u00e1 acontecendo, pois j\u00e1 \u00e9 a segunda greve deflagrada em curto espa\u00e7o de tempo, algo s\u00e9rio. Ent\u00e3o essa Casa convoca o secret\u00e1rio para que d\u00ea esclarecimentos e, principalmente, apresente as estrat\u00e9gias da prefeitura para agir nesse momento e garantir a retomada do transporte p\u00fablico em S\u00e3o Lu\u00eds\u201d, concluiu.<\/p>\n\n\n\n<p id=\"E116\"><strong>Pauta de reivindica\u00e7\u00e3o<\/strong><\/p>\n\n\n\n<p id=\"E118\">A greve foi anunciada nesta ter\u00e7a-feira (14), ap\u00f3s Assembleia Geral entre os rodovi\u00e1rios. A categoria, que pede um reajuste salarial de 15%, alega que n\u00e3o chegou a um acordo com o Sindicato das Empresas de Transportes de Passageiros (SET).<\/p>\n\n\n\n<p id=\"E120\">Al\u00e9m do reajuste nos sal\u00e1rios, os trabalhadores reivindicam ainda t\u00edquete-alimenta\u00e7\u00e3o no valor de R$ 800, inclus\u00e3o de um dependente no plano de sa\u00fade, regulariza\u00e7\u00e3o dos sal\u00e1rios atrasados e que sejam assegurados os empregos dos cobradores de \u00f4nibus.<\/p>\n","protected":false},"excerpt":{"rendered":"<p>Diego Baluz, titular da Secretaria de Tr\u00e2nsito e Transportes (SMTT), deve apresentar planilha de custo da opera\u00e7\u00e3o e detalhar a [&hellip;]<\/p>\n","protected":false},"author":0,"featured_media":0,"comment_status":"open","ping_status":"open","sticky":false,"template":"","format":"standard","meta":{"site-sidebar-layout":"default","site-content-layout":"","ast-site-content-layout":"default","site-content-style":"default","site-sidebar-style":"default","ast-global-header-display":"","ast-banner-title-visibility":"","ast-main-header-display":"","ast-hfb-above-header-display":"","ast-hfb-below-header-display":"","ast-hfb-mobile-header-display":"","site-post-title":"","ast-breadcrumbs-content":"","ast-featured-img":"","footer-sml-layout":"","ast-disable-related-posts":"","theme-transparent-header-meta":"","adv-header-id-meta":"","stick-header-meta":"","header-above-stick-meta":"","header-main-stick-meta":"","header-below-stick-meta":"","astra-migrate-meta-layouts":"default","ast-page-background-enabled":"default","ast-page-background-meta":{"desktop":{"background-color":"var(--ast-global-color-5)","background-image":"","background-repeat":"repeat","background-position":"center center","background-size":"auto","background-attachment":"scroll","background-type":"","background-media":"","overlay-type":"","overlay-color":"","overlay-opacity":"","overlay-gradient":""},"tablet":{"background-color":"","background-image":"","background-repeat":"repeat","background-position":"center center","background-size":"auto","background-attachment":"scroll","background-type":"","background-media":"","overlay-type":"","overlay-color":"","overlay-opacity":"","overlay-gradient":""},"mobile":{"background-color":"","background-image":"","background-repeat":"repeat","background-position":"center center","background-size":"auto","background-attachment":"scroll","background-type":"","background-media":"","overlay-type":"","overlay-color":"","overlay-opacity":"","overlay-gradient":""}},"ast-content-background-meta":{"desktop":{"background-color":"var(--ast-global-color-4)","background-image":"","background-repeat":"repeat","background-position":"center center","background-size":"auto","background-attachment":"scroll","background-type":"","background-media":"","overlay-type":"","overlay-color":"","overlay-opacity":"","overlay-gradient":""},"tablet":{"background-color":"var(--ast-global-color-4)","background-image":"","background-repeat":"repeat","background-position":"center center","background-size":"auto","background-attachment":"scroll","background-type":"","background-media":"","overlay-type":"","overlay-color":"","overlay-opacity":"","overlay-gradient":""},"mobile":{"background-color":"var(--ast-global-color-4)","background-image":"","background-repeat":"repeat","background-position":"center center","background-size":"auto","background-attachment":"scroll","background-type":"","background-media":"","overlay-type":"","overlay-color":"","overlay-opacity":"","overlay-gradient":""}},"footnotes":""},"categories":[1],"tags":[],"class_list":["post-94366","post","type-post","status-publish","format-standard","hentry","category-sem-categoria"],"yoast_head":"<!-- This site is optimized with the Yoast SEO plugin v26.6 - https:\/\/yoast.com\/wordpress\/plugins\/seo\/ -->\n<title>Vereadores aprovam convoca\u00e7\u00e3o de secret\u00e1rio para esclarecer greve de rodovi\u00e1rios - Daniel Matos<\/title>\n<meta name=\"robots\" content=\"index, follow, max-snippet:-1, max-image-preview:large, max-video-preview:-1\" \/>\n<link rel=\"canonical\" href=\"https:\/\/www.blogsoestado.com\/danielmatos\/vereadores-aprovam-convocacao-de-secretario-para-esclarecer-greve-de-rodoviarios\/\" \/>\n<meta property=\"og:locale\" content=\"pt_BR\" \/>\n<meta property=\"og:type\" content=\"article\" \/>\n<meta property=\"og:title\" content=\"Vereadores aprovam convoca\u00e7\u00e3o de secret\u00e1rio para esclarecer greve de rodovi\u00e1rios - Daniel Matos\" \/>\n<meta property=\"og:description\" content=\"Diego Baluz, titular da Secretaria de Tr\u00e2nsito e Transportes (SMTT), deve apresentar planilha de custo da opera\u00e7\u00e3o e detalhar a [&hellip;]\" \/>\n<meta property=\"og:url\" content=\"https:\/\/www.blogsoestado.com\/danielmatos\/vereadores-aprovam-convocacao-de-secretario-para-esclarecer-greve-de-rodoviarios\/\" \/>\n<meta property=\"og:site_name\" content=\"Daniel Matos\" \/>\n<meta property=\"article:published_time\" content=\"2022-02-16T22:32:57+00:00\" \/>\n<meta property=\"og:image\" content=\"https:\/\/www.blogsoestado.com\/danielmatos\/files\/2022\/02\/Screenshot_20220216-1929382.png\" \/>\n<meta name=\"twitter:card\" content=\"summary_large_image\" \/>\n<meta name=\"twitter:label1\" content=\"Est. tempo de leitura\" \/>\n\t<meta name=\"twitter:data1\" content=\"3 minutos\" \/>\n<script type=\"application\/ld+json\" class=\"yoast-schema-graph\">{\"@context\":\"https:\/\/schema.org\",\"@graph\":[{\"@type\":\"WebPage\",\"@id\":\"https:\/\/www.blogsoestado.com\/danielmatos\/vereadores-aprovam-convocacao-de-secretario-para-esclarecer-greve-de-rodoviarios\/\",\"url\":\"https:\/\/www.blogsoestado.com\/danielmatos\/vereadores-aprovam-convocacao-de-secretario-para-esclarecer-greve-de-rodoviarios\/\",\"name\":\"Vereadores aprovam convoca\u00e7\u00e3o de secret\u00e1rio para esclarecer greve de rodovi\u00e1rios - Daniel Matos\",\"isPartOf\":{\"@id\":\"https:\/\/www.blogsoestado.com\/danielmatos\/#website\"},\"primaryImageOfPage\":{\"@id\":\"https:\/\/www.blogsoestado.com\/danielmatos\/vereadores-aprovam-convocacao-de-secretario-para-esclarecer-greve-de-rodoviarios\/#primaryimage\"},\"image\":{\"@id\":\"https:\/\/www.blogsoestado.com\/danielmatos\/vereadores-aprovam-convocacao-de-secretario-para-esclarecer-greve-de-rodoviarios\/#primaryimage\"},\"thumbnailUrl\":\"https:\/\/www.blogsoestado.com\/danielmatos\/files\/2022\/02\/Screenshot_20220216-1929382.png\",\"datePublished\":\"2022-02-16T22:32:57+00:00\",\"author\":{\"@id\":\"\"},\"breadcrumb\":{\"@id\":\"https:\/\/www.blogsoestado.com\/danielmatos\/vereadores-aprovam-convocacao-de-secretario-para-esclarecer-greve-de-rodoviarios\/#breadcrumb\"},\"inLanguage\":\"pt-BR\",\"potentialAction\":[{\"@type\":\"ReadAction\",\"target\":[\"https:\/\/www.blogsoestado.com\/danielmatos\/vereadores-aprovam-convocacao-de-secretario-para-esclarecer-greve-de-rodoviarios\/\"]}]},{\"@type\":\"ImageObject\",\"inLanguage\":\"pt-BR\",\"@id\":\"https:\/\/www.blogsoestado.com\/danielmatos\/vereadores-aprovam-convocacao-de-secretario-para-esclarecer-greve-de-rodoviarios\/#primaryimage\",\"url\":\"https:\/\/www.blogsoestado.com\/danielmatos\/files\/2022\/02\/Screenshot_20220216-1929382.png\",\"contentUrl\":\"https:\/\/www.blogsoestado.com\/danielmatos\/files\/2022\/02\/Screenshot_20220216-1929382.png\"},{\"@type\":\"BreadcrumbList\",\"@id\":\"https:\/\/www.blogsoestado.com\/danielmatos\/vereadores-aprovam-convocacao-de-secretario-para-esclarecer-greve-de-rodoviarios\/#breadcrumb\",\"itemListElement\":[{\"@type\":\"ListItem\",\"position\":1,\"name\":\"In\u00edcio\",\"item\":\"https:\/\/www.blogsoestado.com\/danielmatos\/\"},{\"@type\":\"ListItem\",\"position\":2,\"name\":\"Vereadores aprovam convoca\u00e7\u00e3o de secret\u00e1rio para esclarecer greve de rodovi\u00e1rios\"}]},{\"@type\":\"WebSite\",\"@id\":\"https:\/\/www.blogsoestado.com\/danielmatos\/#website\",\"url\":\"https:\/\/www.blogsoestado.com\/danielmatos\/\",\"name\":\"Daniel Matos\",\"description\":\"\",\"potentialAction\":[{\"@type\":\"SearchAction\",\"target\":{\"@type\":\"EntryPoint\",\"urlTemplate\":\"https:\/\/www.blogsoestado.com\/danielmatos\/?s={search_term_string}\"},\"query-input\":{\"@type\":\"PropertyValueSpecification\",\"valueRequired\":true,\"valueName\":\"search_term_string\"}}],\"inLanguage\":\"pt-BR\"}]}<\/script>\n<!-- \/ Yoast SEO plugin. -->","yoast_head_json":{"title":"Vereadores aprovam convoca\u00e7\u00e3o de secret\u00e1rio para esclarecer greve de rodovi\u00e1rios - Daniel Matos","robots":{"index":"index","follow":"follow","max-snippet":"max-snippet:-1","max-image-preview":"max-image-preview:large","max-video-preview":"max-video-preview:-1"},"canonical":"https:\/\/www.blogsoestado.com\/danielmatos\/vereadores-aprovam-convocacao-de-secretario-para-esclarecer-greve-de-rodoviarios\/","og_locale":"pt_BR","og_type":"article","og_title":"Vereadores aprovam convoca\u00e7\u00e3o de secret\u00e1rio para esclarecer greve de rodovi\u00e1rios - Daniel Matos","og_description":"Diego Baluz, titular da Secretaria de Tr\u00e2nsito e Transportes (SMTT), deve apresentar planilha de custo da opera\u00e7\u00e3o e detalhar a [&hellip;]","og_url":"https:\/\/www.blogsoestado.com\/danielmatos\/vereadores-aprovam-convocacao-de-secretario-para-esclarecer-greve-de-rodoviarios\/","og_site_name":"Daniel Matos","article_published_time":"2022-02-16T22:32:57+00:00","og_image":[{"url":"https:\/\/www.blogsoestado.com\/danielmatos\/files\/2022\/02\/Screenshot_20220216-1929382.png","type":"","width":"","height":""}],"twitter_card":"summary_large_image","twitter_misc":{"Est. tempo de leitura":"3 minutos"},"schema":{"@context":"https:\/\/schema.org","@graph":[{"@type":"WebPage","@id":"https:\/\/www.blogsoestado.com\/danielmatos\/vereadores-aprovam-convocacao-de-secretario-para-esclarecer-greve-de-rodoviarios\/","url":"https:\/\/www.blogsoestado.com\/danielmatos\/vereadores-aprovam-convocacao-de-secretario-para-esclarecer-greve-de-rodoviarios\/","name":"Vereadores aprovam convoca\u00e7\u00e3o de secret\u00e1rio para esclarecer greve de rodovi\u00e1rios - Daniel Matos","isPartOf":{"@id":"https:\/\/www.blogsoestado.com\/danielmatos\/#website"},"primaryImageOfPage":{"@id":"https:\/\/www.blogsoestado.com\/danielmatos\/vereadores-aprovam-convocacao-de-secretario-para-esclarecer-greve-de-rodoviarios\/#primaryimage"},"image":{"@id":"https:\/\/www.blogsoestado.com\/danielmatos\/vereadores-aprovam-convocacao-de-secretario-para-esclarecer-greve-de-rodoviarios\/#primaryimage"},"thumbnailUrl":"https:\/\/www.blogsoestado.com\/danielmatos\/files\/2022\/02\/Screenshot_20220216-1929382.png","datePublished":"2022-02-16T22:32:57+00:00","author":{"@id":""},"breadcrumb":{"@id":"https:\/\/www.blogsoestado.com\/danielmatos\/vereadores-aprovam-convocacao-de-secretario-para-esclarecer-greve-de-rodoviarios\/#breadcrumb"},"inLanguage":"pt-BR","potentialAction":[{"@type":"ReadAction","target":["https:\/\/www.blogsoestado.com\/danielmatos\/vereadores-aprovam-convocacao-de-secretario-para-esclarecer-greve-de-rodoviarios\/"]}]},{"@type":"ImageObject","inLanguage":"pt-BR","@id":"https:\/\/www.blogsoestado.com\/danielmatos\/vereadores-aprovam-convocacao-de-secretario-para-esclarecer-greve-de-rodoviarios\/#primaryimage","url":"https:\/\/www.blogsoestado.com\/danielmatos\/files\/2022\/02\/Screenshot_20220216-1929382.png","contentUrl":"https:\/\/www.blogsoestado.com\/danielmatos\/files\/2022\/02\/Screenshot_20220216-1929382.png"},{"@type":"BreadcrumbList","@id":"https:\/\/www.blogsoestado.com\/danielmatos\/vereadores-aprovam-convocacao-de-secretario-para-esclarecer-greve-de-rodoviarios\/#breadcrumb","itemListElement":[{"@type":"ListItem","position":1,"name":"In\u00edcio","item":"https:\/\/www.blogsoestado.com\/danielmatos\/"},{"@type":"ListItem","position":2,"name":"Vereadores aprovam convoca\u00e7\u00e3o de secret\u00e1rio para esclarecer greve de rodovi\u00e1rios"}]},{"@type":"WebSite","@id":"https:\/\/www.blogsoestado.com\/danielmatos\/#website","url":"https:\/\/www.blogsoestado.com\/danielmatos\/","name":"Daniel Matos","description":"","potentialAction":[{"@type":"SearchAction","target":{"@type":"EntryPoint","urlTemplate":"https:\/\/www.blogsoestado.com\/danielmatos\/?s={search_term_string}"},"query-input":{"@type":"PropertyValueSpecification","valueRequired":true,"valueName":"search_term_string"}}],"inLanguage":"pt-BR"}]}},"jetpack_featured_media_url":"","_links":{"self":[{"href":"https:\/\/www.blogsoestado.com\/danielmatos\/wp-json\/wp\/v2\/posts\/94366","targetHints":{"allow":["GET"]}}],"collection":[{"href":"https:\/\/www.blogsoestado.com\/danielmatos\/wp-json\/wp\/v2\/posts"}],"about":[{"href":"https:\/\/www.blogsoestado.com\/danielmatos\/wp-json\/wp\/v2\/types\/post"}],"replies":[{"embeddable":true,"href":"https:\/\/www.blogsoestado.com\/danielmatos\/wp-json\/wp\/v2\/comments?post=94366"}],"version-history":[{"count":0,"href":"https:\/\/www.blogsoestado.com\/danielmatos\/wp-json\/wp\/v2\/posts\/94366\/revisions"}],"wp:attachment":[{"href":"https:\/\/www.blogsoestado.com\/danielmatos\/wp-json\/wp\/v2\/media?parent=94366"}],"wp:term":[{"taxonomy":"category","embeddable":true,"href":"https:\/\/www.blogsoestado.com\/danielmatos\/wp-json\/wp\/v2\/categories?post=94366"},{"taxonomy":"post_tag","embeddable":true,"href":"https:\/\/www.blogsoestado.com\/danielmatos\/wp-json\/wp\/v2\/tags?post=94366"}],"curies":[{"name":"wp","href":"https:\/\/api.w.org\/{rel}","templated":true}]}}