{"id":94369,"date":"2022-02-16T21:17:47","date_gmt":"2022-02-17T00:17:47","guid":{"rendered":"https:\/\/www.blogsoestado.com\/danielmatos\/?p=94369"},"modified":"2022-02-16T21:17:47","modified_gmt":"2022-02-17T00:17:47","slug":"a-pedido-do-set-justica-decreta-ilegalidade-da-greve-de-rodoviarios","status":"publish","type":"post","link":"https:\/\/www.blogsoestado.com\/danielmatos\/a-pedido-do-set-justica-decreta-ilegalidade-da-greve-de-rodoviarios\/","title":{"rendered":"A pedido do SET, Justi\u00e7a do Trabalho decreta ilegalidade da greve de rodovi\u00e1rios"},"content":{"rendered":"\n<div class=\"wp-block-image\"><figure class=\"alignright size-large\"><a href=\"https:\/\/www.blogsoestado.com\/danielmatos\/files\/2022\/02\/Screenshot_20220216-2110282.png\"><img decoding=\"async\" src=\"https:\/\/www.blogsoestado.com\/danielmatos\/files\/2022\/02\/Screenshot_20220216-2110282.png\" alt=\"\" class=\"wp-image-94370\"\/><\/a><\/figure><\/div>\n\n\n\n<p>Em decis\u00e3o liminar proferida ontem (15\/02), a desembargadora Solange Cristina Passos de Castro, do Tribunal Regional do Trabalho da 16\u00aa Regi\u00e3o (Maranh\u00e3o), determinou, ao Sindicato dos Trabalhadores em Transportes Rodovi\u00e1rios no Estado do Maranh\u00e3o (STTREMA), que garanta a presta\u00e7\u00e3o de servi\u00e7os essenciais da comunidade durante a greve de transportes coletivos, disponibilizando para este fim quantitativo de trabalhadores suficientes ao funcionamento de, m\u00ednimo de 80% &nbsp;da frota do transporte p\u00fablico de passageiro da grande S\u00e3o Lu\u00eds (capital, Raposa, Pa\u00e7o do Lumiar e S\u00e3o Jos\u00e9 de Ribamar), sob pena de multa di\u00e1ria de R$ 50 mil por dia de descumprimento. <\/p>\n\n\n\n<p>A desembargadora determinou tamb\u00e9m que o sindicato dos trabalhadores se abstenha de praticar quaisquer medidas de protesto alternativo, tais como \u201copera\u00e7\u00e3o catraca livre\u201d (opera\u00e7\u00e3o dos ve\u00edculos sem cobran\u00e7a de passagens), \u201copera\u00e7\u00e3o tartaruga\u201d (opera\u00e7\u00e3o propositalmente lenta para engarrafamentos hom\u00e9ricos), \u201copera\u00e7\u00e3o piquete\u201d (barricadas nas portas das garagens visando a n\u00e3o sa\u00edda dos ve\u00edculos) e outras, sob pena de incid\u00eancia da multa estabelecida.&nbsp;<\/p>\n\n\n\n<p>Por outro, a desembargadora Solange Castro determinou ainda que o sindicato dos rodovi\u00e1rios fosse cientificado que a rela\u00e7\u00e3o de frota estaria \u00e0 sua disposi\u00e7\u00e3o na portaria e chefia de tr\u00e1fego de cada empresa de transporte dos setores urbano e semiurbano, para fins de aferi\u00e7\u00e3o de que os ve\u00edculos operantes ser\u00e3o no n\u00famero percentual determinado pela desembargadora; e que o referido sindicato se abstenha de fazer manifesta\u00e7\u00e3o ou ato que implique em viola\u00e7\u00e3o aos direitos dos usu\u00e1rios dos servi\u00e7os de transportes coletivos.&nbsp;<\/p>\n\n\n\n<p><strong>A\u00e7\u00e3o<\/strong><\/p>\n\n\n\n<p>A liminar foi concedida na A\u00e7\u00e3o Cautelar com pedido de tutela provis\u00f3ria de urg\u00eancia proposta pelo Sindicato das Empresas de Transporte de Passageiros de S\u00e3o Lu\u00eds (SET) contra o STTREMA. O SET requereu a manuten\u00e7\u00e3o de percentual n\u00e3o inferior a 50% de toda a frota operante da grande S\u00e3o Lu\u00eds desde a 00:00 hora do dia 16\/02\/2022 em diante, bem como que fossem coibidas as medidas de protesto alternativo, intituladas \u201copera\u00e7\u00e3o catraca livre\u201d (opera\u00e7\u00e3o dos ve\u00edculos sem cobran\u00e7a de passagens), \u201copera\u00e7\u00e3o tartaruga\u201d (opera\u00e7\u00e3o propositalmente lenta para engarrafamentos hom\u00e9ricos), \u201copera\u00e7\u00e3o piquete\u201d (barricadas nas portas das garagens visando a n\u00e3o sa\u00edda dos ve\u00edculos) e outras. &nbsp;<\/p>\n\n\n\n<p>Requereu, ainda, que o sindicado dos trabalhadores ficasse ciente de que a rela\u00e7\u00e3o de frota ficaria \u00e0 sua disposi\u00e7\u00e3o na portaria e chefia de tr\u00e1fego de cada empresa de transporte dos setores urbano e semiurbano, para fins de aferi\u00e7\u00e3o de que os ve\u00edculos operantes ser\u00e3o no n\u00famero percentual determinado pela decis\u00e3o judicial. &nbsp;<\/p>\n\n\n\n<p>Tamb\u00e9m pediu que, em caso de descumprimento da determina\u00e7\u00e3o liminar requerida, fosse aplicada multa de R$ 10 mil por hora de paralisa\u00e7\u00e3o, entre outros pedidos. Informou que, atualmente, os sindicatos patronal e de trabalhadores discutem cl\u00e1usulas da Conven\u00e7\u00e3o Coletiva de Trabalho de 2022 e outras a\u00e7\u00f5es referentes ao tema, para fundamenta\u00e7\u00e3o da referida a\u00e7\u00e3o, bem como salientou as dificuldades enfrentadas pela popula\u00e7\u00e3o com a paralisa\u00e7\u00e3o do transporte coletivo.&nbsp;<\/p>\n\n\n\n<p>Segundo a desembargadora Solange, a Constitui\u00e7\u00e3o Federal, no artigo 9\u00b0, caput, assegura o direito de greve, cabendo aos trabalhadores deliberar sobre a oportunidade e os interesses que devam por meio dele defender. \u201cContudo, o mencionado direito n\u00e3o se reveste de car\u00e1ter absoluto, devendo ser observadas algumas condi\u00e7\u00f5es estabelecidas na Lei n\u00ba 7.783\/89, sob pena de ser, o direito, declarado abusivo\u201d. &nbsp;<\/p>\n\n\n\n<p>Ao conceder a tutela de urg\u00eancia, conforme os preceitos legais, ela disse que o Of\u00edcio Circular n\u00b0 063\/2022 expedido pelo STTREMA evidencia que os trabalhadores e empregados das Empresas de Transportes de Passageiros Urbano e Semiurbano de S\u00e3o Lu\u00eds decidiram deflagrar greve geral, com in\u00edcio a partir das 00:00 h do dia 16\/02\/2022. \u201cContudo, referido expediente n\u00e3o informa a garantia de manuten\u00e7\u00e3o de qualquer percentual de trabalhadores que permanecer\u00e3o em atividade por ocasi\u00e3o da mencionada paralisa\u00e7\u00e3o. Mister destacar que por se tratar de servi\u00e7o p\u00fablico de natureza essencial ao exerc\u00edcio do direito constitucional de ir e vir da coletividade, urge que o sindicato obreiro garanta quantitativo de trabalhadores suficiente ao funcionamento do m\u00ednimo legal da frota de ve\u00edculos\u201d.<\/p>\n\n\n\n<p><strong>Processo<\/strong><\/p>\n\n\n\n<p>Tutela Cautelar Antecedente 0016054-06.2022.5.16.0000<\/p>\n\n\n\n<p><strong>REQUERENTE:&nbsp;<\/strong>SINDICATO DAS EMPRESAS DE TRANSPORTE DE PASSAGEIROS DE SAO LUIS&nbsp;<\/p>\n\n\n\n<p><strong>REQUERIDO:<\/strong>&nbsp;SINDICATO DOS TRAB. EM TRANSPORTES RODOVIARIOS NO ESTADO<\/p>\n","protected":false},"excerpt":{"rendered":"<p>Em decis\u00e3o liminar proferida ontem (15\/02), a desembargadora Solange Cristina Passos de Castro, do Tribunal Regional do Trabalho da 16\u00aa [&hellip;]<\/p>\n","protected":false},"author":0,"featured_media":0,"comment_status":"open","ping_status":"open","sticky":false,"template":"","format":"standard","meta":{"site-sidebar-layout":"default","site-content-layout":"","ast-site-content-layout":"default","site-content-style":"default","site-sidebar-style":"default","ast-global-header-display":"","ast-banner-title-visibility":"","ast-main-header-display":"","ast-hfb-above-header-display":"","ast-hfb-below-header-display":"","ast-hfb-mobile-header-display":"","site-post-title":"","ast-breadcrumbs-content":"","ast-featured-img":"","footer-sml-layout":"","ast-disable-related-posts":"","theme-transparent-header-meta":"","adv-header-id-meta":"","stick-header-meta":"","header-above-stick-meta":"","header-main-stick-meta":"","header-below-stick-meta":"","astra-migrate-meta-layouts":"default","ast-page-background-enabled":"default","ast-page-background-meta":{"desktop":{"background-color":"var(--ast-global-color-5)","background-image":"","background-repeat":"repeat","background-position":"center center","background-size":"auto","background-attachment":"scroll","background-type":"","background-media":"","overlay-type":"","overlay-color":"","overlay-opacity":"","overlay-gradient":""},"tablet":{"background-color":"","background-image":"","background-repeat":"repeat","background-position":"center center","background-size":"auto","background-attachment":"scroll","background-type":"","background-media":"","overlay-type":"","overlay-color":"","overlay-opacity":"","overlay-gradient":""},"mobile":{"background-color":"","background-image":"","background-repeat":"repeat","background-position":"center center","background-size":"auto","background-attachment":"scroll","background-type":"","background-media":"","overlay-type":"","overlay-color":"","overlay-opacity":"","overlay-gradient":""}},"ast-content-background-meta":{"desktop":{"background-color":"var(--ast-global-color-4)","background-image":"","background-repeat":"repeat","background-position":"center center","background-size":"auto","background-attachment":"scroll","background-type":"","background-media":"","overlay-type":"","overlay-color":"","overlay-opacity":"","overlay-gradient":""},"tablet":{"background-color":"var(--ast-global-color-4)","background-image":"","background-repeat":"repeat","background-position":"center center","background-size":"auto","background-attachment":"scroll","background-type":"","background-media":"","overlay-type":"","overlay-color":"","overlay-opacity":"","overlay-gradient":""},"mobile":{"background-color":"var(--ast-global-color-4)","background-image":"","background-repeat":"repeat","background-position":"center center","background-size":"auto","background-attachment":"scroll","background-type":"","background-media":"","overlay-type":"","overlay-color":"","overlay-opacity":"","overlay-gradient":""}},"footnotes":""},"categories":[1],"tags":[],"class_list":["post-94369","post","type-post","status-publish","format-standard","hentry","category-sem-categoria"],"yoast_head":"<!-- This site is optimized with the Yoast SEO plugin v26.6 - https:\/\/yoast.com\/wordpress\/plugins\/seo\/ -->\n<title>A pedido do SET, Justi\u00e7a do Trabalho decreta ilegalidade da greve de rodovi\u00e1rios - Daniel Matos<\/title>\n<meta name=\"robots\" content=\"index, follow, max-snippet:-1, max-image-preview:large, max-video-preview:-1\" \/>\n<link rel=\"canonical\" href=\"https:\/\/www.blogsoestado.com\/danielmatos\/a-pedido-do-set-justica-decreta-ilegalidade-da-greve-de-rodoviarios\/\" \/>\n<meta property=\"og:locale\" content=\"pt_BR\" \/>\n<meta property=\"og:type\" content=\"article\" \/>\n<meta property=\"og:title\" content=\"A pedido do SET, Justi\u00e7a do Trabalho decreta ilegalidade da greve de rodovi\u00e1rios - Daniel Matos\" \/>\n<meta property=\"og:description\" content=\"Em decis\u00e3o liminar proferida ontem (15\/02), a desembargadora Solange Cristina Passos de Castro, do Tribunal Regional do Trabalho da 16\u00aa [&hellip;]\" \/>\n<meta property=\"og:url\" content=\"https:\/\/www.blogsoestado.com\/danielmatos\/a-pedido-do-set-justica-decreta-ilegalidade-da-greve-de-rodoviarios\/\" \/>\n<meta property=\"og:site_name\" content=\"Daniel Matos\" \/>\n<meta property=\"article:published_time\" content=\"2022-02-17T00:17:47+00:00\" \/>\n<meta property=\"og:image\" content=\"https:\/\/www.blogsoestado.com\/danielmatos\/files\/2022\/02\/Screenshot_20220216-2110282.png\" \/>\n<meta name=\"twitter:card\" content=\"summary_large_image\" \/>\n<meta name=\"twitter:label1\" content=\"Est. tempo de leitura\" \/>\n\t<meta name=\"twitter:data1\" content=\"4 minutos\" \/>\n<script type=\"application\/ld+json\" class=\"yoast-schema-graph\">{\"@context\":\"https:\/\/schema.org\",\"@graph\":[{\"@type\":\"WebPage\",\"@id\":\"https:\/\/www.blogsoestado.com\/danielmatos\/a-pedido-do-set-justica-decreta-ilegalidade-da-greve-de-rodoviarios\/\",\"url\":\"https:\/\/www.blogsoestado.com\/danielmatos\/a-pedido-do-set-justica-decreta-ilegalidade-da-greve-de-rodoviarios\/\",\"name\":\"A pedido do SET, Justi\u00e7a do Trabalho decreta ilegalidade da greve de rodovi\u00e1rios - Daniel Matos\",\"isPartOf\":{\"@id\":\"https:\/\/www.blogsoestado.com\/danielmatos\/#website\"},\"primaryImageOfPage\":{\"@id\":\"https:\/\/www.blogsoestado.com\/danielmatos\/a-pedido-do-set-justica-decreta-ilegalidade-da-greve-de-rodoviarios\/#primaryimage\"},\"image\":{\"@id\":\"https:\/\/www.blogsoestado.com\/danielmatos\/a-pedido-do-set-justica-decreta-ilegalidade-da-greve-de-rodoviarios\/#primaryimage\"},\"thumbnailUrl\":\"https:\/\/www.blogsoestado.com\/danielmatos\/files\/2022\/02\/Screenshot_20220216-2110282.png\",\"datePublished\":\"2022-02-17T00:17:47+00:00\",\"author\":{\"@id\":\"\"},\"breadcrumb\":{\"@id\":\"https:\/\/www.blogsoestado.com\/danielmatos\/a-pedido-do-set-justica-decreta-ilegalidade-da-greve-de-rodoviarios\/#breadcrumb\"},\"inLanguage\":\"pt-BR\",\"potentialAction\":[{\"@type\":\"ReadAction\",\"target\":[\"https:\/\/www.blogsoestado.com\/danielmatos\/a-pedido-do-set-justica-decreta-ilegalidade-da-greve-de-rodoviarios\/\"]}]},{\"@type\":\"ImageObject\",\"inLanguage\":\"pt-BR\",\"@id\":\"https:\/\/www.blogsoestado.com\/danielmatos\/a-pedido-do-set-justica-decreta-ilegalidade-da-greve-de-rodoviarios\/#primaryimage\",\"url\":\"https:\/\/www.blogsoestado.com\/danielmatos\/files\/2022\/02\/Screenshot_20220216-2110282.png\",\"contentUrl\":\"https:\/\/www.blogsoestado.com\/danielmatos\/files\/2022\/02\/Screenshot_20220216-2110282.png\"},{\"@type\":\"BreadcrumbList\",\"@id\":\"https:\/\/www.blogsoestado.com\/danielmatos\/a-pedido-do-set-justica-decreta-ilegalidade-da-greve-de-rodoviarios\/#breadcrumb\",\"itemListElement\":[{\"@type\":\"ListItem\",\"position\":1,\"name\":\"In\u00edcio\",\"item\":\"https:\/\/www.blogsoestado.com\/danielmatos\/\"},{\"@type\":\"ListItem\",\"position\":2,\"name\":\"A pedido do SET, Justi\u00e7a do Trabalho decreta ilegalidade da greve de rodovi\u00e1rios\"}]},{\"@type\":\"WebSite\",\"@id\":\"https:\/\/www.blogsoestado.com\/danielmatos\/#website\",\"url\":\"https:\/\/www.blogsoestado.com\/danielmatos\/\",\"name\":\"Daniel Matos\",\"description\":\"\",\"potentialAction\":[{\"@type\":\"SearchAction\",\"target\":{\"@type\":\"EntryPoint\",\"urlTemplate\":\"https:\/\/www.blogsoestado.com\/danielmatos\/?s={search_term_string}\"},\"query-input\":{\"@type\":\"PropertyValueSpecification\",\"valueRequired\":true,\"valueName\":\"search_term_string\"}}],\"inLanguage\":\"pt-BR\"}]}<\/script>\n<!-- \/ Yoast SEO plugin. -->","yoast_head_json":{"title":"A pedido do SET, Justi\u00e7a do Trabalho decreta ilegalidade da greve de rodovi\u00e1rios - Daniel Matos","robots":{"index":"index","follow":"follow","max-snippet":"max-snippet:-1","max-image-preview":"max-image-preview:large","max-video-preview":"max-video-preview:-1"},"canonical":"https:\/\/www.blogsoestado.com\/danielmatos\/a-pedido-do-set-justica-decreta-ilegalidade-da-greve-de-rodoviarios\/","og_locale":"pt_BR","og_type":"article","og_title":"A pedido do SET, Justi\u00e7a do Trabalho decreta ilegalidade da greve de rodovi\u00e1rios - Daniel Matos","og_description":"Em decis\u00e3o liminar proferida ontem (15\/02), a desembargadora Solange Cristina Passos de Castro, do Tribunal Regional do Trabalho da 16\u00aa [&hellip;]","og_url":"https:\/\/www.blogsoestado.com\/danielmatos\/a-pedido-do-set-justica-decreta-ilegalidade-da-greve-de-rodoviarios\/","og_site_name":"Daniel Matos","article_published_time":"2022-02-17T00:17:47+00:00","og_image":[{"url":"https:\/\/www.blogsoestado.com\/danielmatos\/files\/2022\/02\/Screenshot_20220216-2110282.png","type":"","width":"","height":""}],"twitter_card":"summary_large_image","twitter_misc":{"Est. tempo de leitura":"4 minutos"},"schema":{"@context":"https:\/\/schema.org","@graph":[{"@type":"WebPage","@id":"https:\/\/www.blogsoestado.com\/danielmatos\/a-pedido-do-set-justica-decreta-ilegalidade-da-greve-de-rodoviarios\/","url":"https:\/\/www.blogsoestado.com\/danielmatos\/a-pedido-do-set-justica-decreta-ilegalidade-da-greve-de-rodoviarios\/","name":"A pedido do SET, Justi\u00e7a do Trabalho decreta ilegalidade da greve de rodovi\u00e1rios - Daniel Matos","isPartOf":{"@id":"https:\/\/www.blogsoestado.com\/danielmatos\/#website"},"primaryImageOfPage":{"@id":"https:\/\/www.blogsoestado.com\/danielmatos\/a-pedido-do-set-justica-decreta-ilegalidade-da-greve-de-rodoviarios\/#primaryimage"},"image":{"@id":"https:\/\/www.blogsoestado.com\/danielmatos\/a-pedido-do-set-justica-decreta-ilegalidade-da-greve-de-rodoviarios\/#primaryimage"},"thumbnailUrl":"https:\/\/www.blogsoestado.com\/danielmatos\/files\/2022\/02\/Screenshot_20220216-2110282.png","datePublished":"2022-02-17T00:17:47+00:00","author":{"@id":""},"breadcrumb":{"@id":"https:\/\/www.blogsoestado.com\/danielmatos\/a-pedido-do-set-justica-decreta-ilegalidade-da-greve-de-rodoviarios\/#breadcrumb"},"inLanguage":"pt-BR","potentialAction":[{"@type":"ReadAction","target":["https:\/\/www.blogsoestado.com\/danielmatos\/a-pedido-do-set-justica-decreta-ilegalidade-da-greve-de-rodoviarios\/"]}]},{"@type":"ImageObject","inLanguage":"pt-BR","@id":"https:\/\/www.blogsoestado.com\/danielmatos\/a-pedido-do-set-justica-decreta-ilegalidade-da-greve-de-rodoviarios\/#primaryimage","url":"https:\/\/www.blogsoestado.com\/danielmatos\/files\/2022\/02\/Screenshot_20220216-2110282.png","contentUrl":"https:\/\/www.blogsoestado.com\/danielmatos\/files\/2022\/02\/Screenshot_20220216-2110282.png"},{"@type":"BreadcrumbList","@id":"https:\/\/www.blogsoestado.com\/danielmatos\/a-pedido-do-set-justica-decreta-ilegalidade-da-greve-de-rodoviarios\/#breadcrumb","itemListElement":[{"@type":"ListItem","position":1,"name":"In\u00edcio","item":"https:\/\/www.blogsoestado.com\/danielmatos\/"},{"@type":"ListItem","position":2,"name":"A pedido do SET, Justi\u00e7a do Trabalho decreta ilegalidade da greve de rodovi\u00e1rios"}]},{"@type":"WebSite","@id":"https:\/\/www.blogsoestado.com\/danielmatos\/#website","url":"https:\/\/www.blogsoestado.com\/danielmatos\/","name":"Daniel Matos","description":"","potentialAction":[{"@type":"SearchAction","target":{"@type":"EntryPoint","urlTemplate":"https:\/\/www.blogsoestado.com\/danielmatos\/?s={search_term_string}"},"query-input":{"@type":"PropertyValueSpecification","valueRequired":true,"valueName":"search_term_string"}}],"inLanguage":"pt-BR"}]}},"jetpack_featured_media_url":"","_links":{"self":[{"href":"https:\/\/www.blogsoestado.com\/danielmatos\/wp-json\/wp\/v2\/posts\/94369","targetHints":{"allow":["GET"]}}],"collection":[{"href":"https:\/\/www.blogsoestado.com\/danielmatos\/wp-json\/wp\/v2\/posts"}],"about":[{"href":"https:\/\/www.blogsoestado.com\/danielmatos\/wp-json\/wp\/v2\/types\/post"}],"replies":[{"embeddable":true,"href":"https:\/\/www.blogsoestado.com\/danielmatos\/wp-json\/wp\/v2\/comments?post=94369"}],"version-history":[{"count":0,"href":"https:\/\/www.blogsoestado.com\/danielmatos\/wp-json\/wp\/v2\/posts\/94369\/revisions"}],"wp:attachment":[{"href":"https:\/\/www.blogsoestado.com\/danielmatos\/wp-json\/wp\/v2\/media?parent=94369"}],"wp:term":[{"taxonomy":"category","embeddable":true,"href":"https:\/\/www.blogsoestado.com\/danielmatos\/wp-json\/wp\/v2\/categories?post=94369"},{"taxonomy":"post_tag","embeddable":true,"href":"https:\/\/www.blogsoestado.com\/danielmatos\/wp-json\/wp\/v2\/tags?post=94369"}],"curies":[{"name":"wp","href":"https:\/\/api.w.org\/{rel}","templated":true}]}}