{"id":94386,"date":"2022-02-17T06:00:00","date_gmt":"2022-02-17T09:00:00","guid":{"rendered":"https:\/\/www.blogsoestado.com\/danielmatos\/?p=94386"},"modified":"2022-02-17T06:00:00","modified_gmt":"2022-02-17T09:00:00","slug":"evento-celebra-o-alcance-de-1-milhao-de-familias-de-baixa-renda-cadastradas-na-tarifa-social-de-energia-eletrica","status":"publish","type":"post","link":"https:\/\/www.blogsoestado.com\/danielmatos\/evento-celebra-o-alcance-de-1-milhao-de-familias-de-baixa-renda-cadastradas-na-tarifa-social-de-energia-eletrica\/","title":{"rendered":"Evento celebra o alcance de 1 milh\u00e3o de fam\u00edlias de baixa renda cadastradas na Tarifa Social de Energia El\u00e9trica"},"content":{"rendered":"\n<div class=\"wp-block-image\"><figure class=\"aligncenter size-large\"><a href=\"https:\/\/www.blogsoestado.com\/danielmatos\/files\/2022\/02\/Screenshot_20220217-0038012.png\"><img decoding=\"async\" src=\"https:\/\/www.blogsoestado.com\/danielmatos\/files\/2022\/02\/Screenshot_20220217-0038012.png\" alt=\"\" class=\"wp-image-94387\"\/><\/a><figcaption>O presidente da Equatorial Maranh\u00e3o, S\u00e9rvio T\u00falio, e Francila Soares, gerente de Relacionamento com o Cliente da Equatorial Maranh\u00e3o, ser\u00e3o os anfitri\u00f5es junto com o governador Fl\u00e1vio Dino, nessa sexta-feira, no evento em Alc\u00e2ntara.<br>\u00a0<\/figcaption><\/figure><\/div>\n\n\n\n<p>Acontece nessa sexta-feira (18), \u00e0s 10h30, na Pra\u00e7a da Matriz do munic\u00edpio de Alc\u00e2ntara, o evento que celebra o alcance de\u00a0<strong>1 milh\u00e3o de fam\u00edlias cadastradas na Tarifa Social de Energia El\u00e9trica.\u00a0<\/strong>O momento marcar\u00e1 essa importante conquista para o estado do Maranh\u00e3o e vai contar com a presen\u00e7a do Governador do Estado, Fl\u00e1vio Dino, o Presidente da Equatorial Maranh\u00e3o, S\u00e9rvio T\u00falio e representantes das Secretarias Estaduais, Prefeituras, Minist\u00e9rio P\u00fablico do Maranh\u00e3o e FAMEM \u2013 Federa\u00e7\u00e3o dos Munic\u00edpios do Estado do Maranh\u00e3o, que contribu\u00edram com a\u00e7\u00f5es para que esse n\u00famero fosse alcan\u00e7ado, por meio de parcerias com a Equatorial Maranh\u00e3o.<\/p>\n\n\n\n<div class=\"wp-block-image\"><figure class=\"aligncenter size-large\"><a href=\"https:\/\/www.blogsoestado.com\/danielmatos\/files\/2022\/02\/Screenshot_20220217-0038252.png\"><img decoding=\"async\" src=\"https:\/\/www.blogsoestado.com\/danielmatos\/files\/2022\/02\/Screenshot_20220217-0038252.png\" alt=\"\" class=\"wp-image-94388\"\/><\/a><figcaption>O governador Fl\u00e1vio Dino e S\u00e9rvio T\u00falio, presidente da Equatorial Maranh\u00e3o, ser\u00e3o os anfitri\u00f5es, nessa sexta-feira, em Alc\u00e2ntara, no evento que vai celebrar o alcance de 1 milh\u00e3o de fam\u00edlias cadastradas na Tarifa Social de Energia El\u00e9trica<\/figcaption><\/figure><\/div>\n\n\n\n<p><strong>Alc\u00e2ntara<\/strong>\u00a0foi escolhida para sediar o evento por ser um dos munic\u00edpios com o maior n\u00famero de comunidades quilombolas do Maranh\u00e3o. Neste territ\u00f3rio vivem cerca de 3.350 fam\u00edlias quilombolas, sendo que 2.139 destas est\u00e3o cadastradas na Tarifa Social. Fam\u00edlias\u00a0quilombolas e ind\u00edgenas inscritas no Cadastro \u00danico e atendam aos requisitos t\u00eam descontos que podem chegar a 100% at\u00e9 o limite de consumo de 50 kWh\/m\u00eas (quilowatts-hora por m\u00eas). Ao todo, Alc\u00e2ntara possui quase 4 mil fam\u00edlias cadastradas, considerando que o munic\u00edpio possui mais de 55% da popula\u00e7\u00e3o com renda mensal de at\u00e9 meio sal\u00e1rio m\u00ednimo, os\u00a0benef\u00edcios do programa ultrapassam a conta de energia e promovem in\u00fameras outras melhorias socioecon\u00f4micas.<\/p>\n\n\n\n<p>Abaixo, o convite para.o evento:<\/p>\n\n\n\n<div class=\"wp-block-image\"><figure class=\"aligncenter size-large\"><a href=\"https:\/\/www.blogsoestado.com\/danielmatos\/files\/2022\/02\/Screenshot_20220217-0038452.png\"><img decoding=\"async\" src=\"https:\/\/www.blogsoestado.com\/danielmatos\/files\/2022\/02\/Screenshot_20220217-0038452-591x1024.png\" alt=\"\" class=\"wp-image-94389\"\/><\/a><\/figure><\/div>\n","protected":false},"excerpt":{"rendered":"<p>Acontece nessa sexta-feira (18), \u00e0s 10h30, na Pra\u00e7a da Matriz do munic\u00edpio de Alc\u00e2ntara, o evento que celebra o alcance [&hellip;]<\/p>\n","protected":false},"author":0,"featured_media":0,"comment_status":"open","ping_status":"open","sticky":false,"template":"","format":"standard","meta":{"site-sidebar-layout":"default","site-content-layout":"","ast-site-content-layout":"default","site-content-style":"default","site-sidebar-style":"default","ast-global-header-display":"","ast-banner-title-visibility":"","ast-main-header-display":"","ast-hfb-above-header-display":"","ast-hfb-below-header-display":"","ast-hfb-mobile-header-display":"","site-post-title":"","ast-breadcrumbs-content":"","ast-featured-img":"","footer-sml-layout":"","ast-disable-related-posts":"","theme-transparent-header-meta":"","adv-header-id-meta":"","stick-header-meta":"","header-above-stick-meta":"","header-main-stick-meta":"","header-below-stick-meta":"","astra-migrate-meta-layouts":"default","ast-page-background-enabled":"default","ast-page-background-meta":{"desktop":{"background-color":"var(--ast-global-color-5)","background-image":"","background-repeat":"repeat","background-position":"center center","background-size":"auto","background-attachment":"scroll","background-type":"","background-media":"","overlay-type":"","overlay-color":"","overlay-opacity":"","overlay-gradient":""},"tablet":{"background-color":"","background-image":"","background-repeat":"repeat","background-position":"center center","background-size":"auto","background-attachment":"scroll","background-type":"","background-media":"","overlay-type":"","overlay-color":"","overlay-opacity":"","overlay-gradient":""},"mobile":{"background-color":"","background-image":"","background-repeat":"repeat","background-position":"center center","background-size":"auto","background-attachment":"scroll","background-type":"","background-media":"","overlay-type":"","overlay-color":"","overlay-opacity":"","overlay-gradient":""}},"ast-content-background-meta":{"desktop":{"background-color":"var(--ast-global-color-4)","background-image":"","background-repeat":"repeat","background-position":"center center","background-size":"auto","background-attachment":"scroll","background-type":"","background-media":"","overlay-type":"","overlay-color":"","overlay-opacity":"","overlay-gradient":""},"tablet":{"background-color":"var(--ast-global-color-4)","background-image":"","background-repeat":"repeat","background-position":"center center","background-size":"auto","background-attachment":"scroll","background-type":"","background-media":"","overlay-type":"","overlay-color":"","overlay-opacity":"","overlay-gradient":""},"mobile":{"background-color":"var(--ast-global-color-4)","background-image":"","background-repeat":"repeat","background-position":"center center","background-size":"auto","background-attachment":"scroll","background-type":"","background-media":"","overlay-type":"","overlay-color":"","overlay-opacity":"","overlay-gradient":""}},"footnotes":""},"categories":[1],"tags":[],"class_list":["post-94386","post","type-post","status-publish","format-standard","hentry","category-sem-categoria"],"yoast_head":"<!-- This site is optimized with the Yoast SEO plugin v26.6 - https:\/\/yoast.com\/wordpress\/plugins\/seo\/ -->\n<title>Evento celebra o alcance de 1 milh\u00e3o de fam\u00edlias de baixa renda cadastradas na Tarifa Social de Energia El\u00e9trica - Daniel Matos<\/title>\n<meta name=\"robots\" content=\"index, follow, max-snippet:-1, max-image-preview:large, max-video-preview:-1\" \/>\n<link rel=\"canonical\" href=\"https:\/\/www.blogsoestado.com\/danielmatos\/evento-celebra-o-alcance-de-1-milhao-de-familias-de-baixa-renda-cadastradas-na-tarifa-social-de-energia-eletrica\/\" \/>\n<meta property=\"og:locale\" content=\"pt_BR\" \/>\n<meta property=\"og:type\" content=\"article\" \/>\n<meta property=\"og:title\" content=\"Evento celebra o alcance de 1 milh\u00e3o de fam\u00edlias de baixa renda cadastradas na Tarifa Social de Energia El\u00e9trica - Daniel Matos\" \/>\n<meta property=\"og:description\" content=\"Acontece nessa sexta-feira (18), \u00e0s 10h30, na Pra\u00e7a da Matriz do munic\u00edpio de Alc\u00e2ntara, o evento que celebra o alcance [&hellip;]\" \/>\n<meta property=\"og:url\" content=\"https:\/\/www.blogsoestado.com\/danielmatos\/evento-celebra-o-alcance-de-1-milhao-de-familias-de-baixa-renda-cadastradas-na-tarifa-social-de-energia-eletrica\/\" \/>\n<meta property=\"og:site_name\" content=\"Daniel Matos\" \/>\n<meta property=\"article:published_time\" content=\"2022-02-17T09:00:00+00:00\" \/>\n<meta property=\"og:image\" content=\"https:\/\/www.blogsoestado.com\/danielmatos\/files\/2022\/02\/Screenshot_20220217-0038012.png\" \/>\n<meta name=\"twitter:card\" content=\"summary_large_image\" \/>\n<meta name=\"twitter:label1\" content=\"Est. tempo de leitura\" \/>\n\t<meta name=\"twitter:data1\" content=\"2 minutos\" \/>\n<script type=\"application\/ld+json\" class=\"yoast-schema-graph\">{\"@context\":\"https:\/\/schema.org\",\"@graph\":[{\"@type\":\"WebPage\",\"@id\":\"https:\/\/www.blogsoestado.com\/danielmatos\/evento-celebra-o-alcance-de-1-milhao-de-familias-de-baixa-renda-cadastradas-na-tarifa-social-de-energia-eletrica\/\",\"url\":\"https:\/\/www.blogsoestado.com\/danielmatos\/evento-celebra-o-alcance-de-1-milhao-de-familias-de-baixa-renda-cadastradas-na-tarifa-social-de-energia-eletrica\/\",\"name\":\"Evento celebra o alcance de 1 milh\u00e3o de fam\u00edlias de baixa renda cadastradas na Tarifa Social de Energia El\u00e9trica - Daniel Matos\",\"isPartOf\":{\"@id\":\"https:\/\/www.blogsoestado.com\/danielmatos\/#website\"},\"primaryImageOfPage\":{\"@id\":\"https:\/\/www.blogsoestado.com\/danielmatos\/evento-celebra-o-alcance-de-1-milhao-de-familias-de-baixa-renda-cadastradas-na-tarifa-social-de-energia-eletrica\/#primaryimage\"},\"image\":{\"@id\":\"https:\/\/www.blogsoestado.com\/danielmatos\/evento-celebra-o-alcance-de-1-milhao-de-familias-de-baixa-renda-cadastradas-na-tarifa-social-de-energia-eletrica\/#primaryimage\"},\"thumbnailUrl\":\"https:\/\/www.blogsoestado.com\/danielmatos\/files\/2022\/02\/Screenshot_20220217-0038012.png\",\"datePublished\":\"2022-02-17T09:00:00+00:00\",\"author\":{\"@id\":\"\"},\"breadcrumb\":{\"@id\":\"https:\/\/www.blogsoestado.com\/danielmatos\/evento-celebra-o-alcance-de-1-milhao-de-familias-de-baixa-renda-cadastradas-na-tarifa-social-de-energia-eletrica\/#breadcrumb\"},\"inLanguage\":\"pt-BR\",\"potentialAction\":[{\"@type\":\"ReadAction\",\"target\":[\"https:\/\/www.blogsoestado.com\/danielmatos\/evento-celebra-o-alcance-de-1-milhao-de-familias-de-baixa-renda-cadastradas-na-tarifa-social-de-energia-eletrica\/\"]}]},{\"@type\":\"ImageObject\",\"inLanguage\":\"pt-BR\",\"@id\":\"https:\/\/www.blogsoestado.com\/danielmatos\/evento-celebra-o-alcance-de-1-milhao-de-familias-de-baixa-renda-cadastradas-na-tarifa-social-de-energia-eletrica\/#primaryimage\",\"url\":\"https:\/\/www.blogsoestado.com\/danielmatos\/files\/2022\/02\/Screenshot_20220217-0038012.png\",\"contentUrl\":\"https:\/\/www.blogsoestado.com\/danielmatos\/files\/2022\/02\/Screenshot_20220217-0038012.png\"},{\"@type\":\"BreadcrumbList\",\"@id\":\"https:\/\/www.blogsoestado.com\/danielmatos\/evento-celebra-o-alcance-de-1-milhao-de-familias-de-baixa-renda-cadastradas-na-tarifa-social-de-energia-eletrica\/#breadcrumb\",\"itemListElement\":[{\"@type\":\"ListItem\",\"position\":1,\"name\":\"In\u00edcio\",\"item\":\"https:\/\/www.blogsoestado.com\/danielmatos\/\"},{\"@type\":\"ListItem\",\"position\":2,\"name\":\"Evento celebra o alcance de 1 milh\u00e3o de fam\u00edlias de baixa renda cadastradas na Tarifa Social de Energia El\u00e9trica\"}]},{\"@type\":\"WebSite\",\"@id\":\"https:\/\/www.blogsoestado.com\/danielmatos\/#website\",\"url\":\"https:\/\/www.blogsoestado.com\/danielmatos\/\",\"name\":\"Daniel Matos\",\"description\":\"\",\"potentialAction\":[{\"@type\":\"SearchAction\",\"target\":{\"@type\":\"EntryPoint\",\"urlTemplate\":\"https:\/\/www.blogsoestado.com\/danielmatos\/?s={search_term_string}\"},\"query-input\":{\"@type\":\"PropertyValueSpecification\",\"valueRequired\":true,\"valueName\":\"search_term_string\"}}],\"inLanguage\":\"pt-BR\"}]}<\/script>\n<!-- \/ Yoast SEO plugin. -->","yoast_head_json":{"title":"Evento celebra o alcance de 1 milh\u00e3o de fam\u00edlias de baixa renda cadastradas na Tarifa Social de Energia El\u00e9trica - Daniel Matos","robots":{"index":"index","follow":"follow","max-snippet":"max-snippet:-1","max-image-preview":"max-image-preview:large","max-video-preview":"max-video-preview:-1"},"canonical":"https:\/\/www.blogsoestado.com\/danielmatos\/evento-celebra-o-alcance-de-1-milhao-de-familias-de-baixa-renda-cadastradas-na-tarifa-social-de-energia-eletrica\/","og_locale":"pt_BR","og_type":"article","og_title":"Evento celebra o alcance de 1 milh\u00e3o de fam\u00edlias de baixa renda cadastradas na Tarifa Social de Energia El\u00e9trica - Daniel Matos","og_description":"Acontece nessa sexta-feira (18), \u00e0s 10h30, na Pra\u00e7a da Matriz do munic\u00edpio de Alc\u00e2ntara, o evento que celebra o alcance [&hellip;]","og_url":"https:\/\/www.blogsoestado.com\/danielmatos\/evento-celebra-o-alcance-de-1-milhao-de-familias-de-baixa-renda-cadastradas-na-tarifa-social-de-energia-eletrica\/","og_site_name":"Daniel Matos","article_published_time":"2022-02-17T09:00:00+00:00","og_image":[{"url":"https:\/\/www.blogsoestado.com\/danielmatos\/files\/2022\/02\/Screenshot_20220217-0038012.png","type":"","width":"","height":""}],"twitter_card":"summary_large_image","twitter_misc":{"Est. tempo de leitura":"2 minutos"},"schema":{"@context":"https:\/\/schema.org","@graph":[{"@type":"WebPage","@id":"https:\/\/www.blogsoestado.com\/danielmatos\/evento-celebra-o-alcance-de-1-milhao-de-familias-de-baixa-renda-cadastradas-na-tarifa-social-de-energia-eletrica\/","url":"https:\/\/www.blogsoestado.com\/danielmatos\/evento-celebra-o-alcance-de-1-milhao-de-familias-de-baixa-renda-cadastradas-na-tarifa-social-de-energia-eletrica\/","name":"Evento celebra o alcance de 1 milh\u00e3o de fam\u00edlias de baixa renda cadastradas na Tarifa Social de Energia El\u00e9trica - Daniel Matos","isPartOf":{"@id":"https:\/\/www.blogsoestado.com\/danielmatos\/#website"},"primaryImageOfPage":{"@id":"https:\/\/www.blogsoestado.com\/danielmatos\/evento-celebra-o-alcance-de-1-milhao-de-familias-de-baixa-renda-cadastradas-na-tarifa-social-de-energia-eletrica\/#primaryimage"},"image":{"@id":"https:\/\/www.blogsoestado.com\/danielmatos\/evento-celebra-o-alcance-de-1-milhao-de-familias-de-baixa-renda-cadastradas-na-tarifa-social-de-energia-eletrica\/#primaryimage"},"thumbnailUrl":"https:\/\/www.blogsoestado.com\/danielmatos\/files\/2022\/02\/Screenshot_20220217-0038012.png","datePublished":"2022-02-17T09:00:00+00:00","author":{"@id":""},"breadcrumb":{"@id":"https:\/\/www.blogsoestado.com\/danielmatos\/evento-celebra-o-alcance-de-1-milhao-de-familias-de-baixa-renda-cadastradas-na-tarifa-social-de-energia-eletrica\/#breadcrumb"},"inLanguage":"pt-BR","potentialAction":[{"@type":"ReadAction","target":["https:\/\/www.blogsoestado.com\/danielmatos\/evento-celebra-o-alcance-de-1-milhao-de-familias-de-baixa-renda-cadastradas-na-tarifa-social-de-energia-eletrica\/"]}]},{"@type":"ImageObject","inLanguage":"pt-BR","@id":"https:\/\/www.blogsoestado.com\/danielmatos\/evento-celebra-o-alcance-de-1-milhao-de-familias-de-baixa-renda-cadastradas-na-tarifa-social-de-energia-eletrica\/#primaryimage","url":"https:\/\/www.blogsoestado.com\/danielmatos\/files\/2022\/02\/Screenshot_20220217-0038012.png","contentUrl":"https:\/\/www.blogsoestado.com\/danielmatos\/files\/2022\/02\/Screenshot_20220217-0038012.png"},{"@type":"BreadcrumbList","@id":"https:\/\/www.blogsoestado.com\/danielmatos\/evento-celebra-o-alcance-de-1-milhao-de-familias-de-baixa-renda-cadastradas-na-tarifa-social-de-energia-eletrica\/#breadcrumb","itemListElement":[{"@type":"ListItem","position":1,"name":"In\u00edcio","item":"https:\/\/www.blogsoestado.com\/danielmatos\/"},{"@type":"ListItem","position":2,"name":"Evento celebra o alcance de 1 milh\u00e3o de fam\u00edlias de baixa renda cadastradas na Tarifa Social de Energia El\u00e9trica"}]},{"@type":"WebSite","@id":"https:\/\/www.blogsoestado.com\/danielmatos\/#website","url":"https:\/\/www.blogsoestado.com\/danielmatos\/","name":"Daniel Matos","description":"","potentialAction":[{"@type":"SearchAction","target":{"@type":"EntryPoint","urlTemplate":"https:\/\/www.blogsoestado.com\/danielmatos\/?s={search_term_string}"},"query-input":{"@type":"PropertyValueSpecification","valueRequired":true,"valueName":"search_term_string"}}],"inLanguage":"pt-BR"}]}},"jetpack_featured_media_url":"","_links":{"self":[{"href":"https:\/\/www.blogsoestado.com\/danielmatos\/wp-json\/wp\/v2\/posts\/94386","targetHints":{"allow":["GET"]}}],"collection":[{"href":"https:\/\/www.blogsoestado.com\/danielmatos\/wp-json\/wp\/v2\/posts"}],"about":[{"href":"https:\/\/www.blogsoestado.com\/danielmatos\/wp-json\/wp\/v2\/types\/post"}],"replies":[{"embeddable":true,"href":"https:\/\/www.blogsoestado.com\/danielmatos\/wp-json\/wp\/v2\/comments?post=94386"}],"version-history":[{"count":0,"href":"https:\/\/www.blogsoestado.com\/danielmatos\/wp-json\/wp\/v2\/posts\/94386\/revisions"}],"wp:attachment":[{"href":"https:\/\/www.blogsoestado.com\/danielmatos\/wp-json\/wp\/v2\/media?parent=94386"}],"wp:term":[{"taxonomy":"category","embeddable":true,"href":"https:\/\/www.blogsoestado.com\/danielmatos\/wp-json\/wp\/v2\/categories?post=94386"},{"taxonomy":"post_tag","embeddable":true,"href":"https:\/\/www.blogsoestado.com\/danielmatos\/wp-json\/wp\/v2\/tags?post=94386"}],"curies":[{"name":"wp","href":"https:\/\/api.w.org\/{rel}","templated":true}]}}