{"id":94398,"date":"2022-02-17T19:27:04","date_gmt":"2022-02-17T22:27:04","guid":{"rendered":"https:\/\/www.blogsoestado.com\/danielmatos\/?p=94398"},"modified":"2022-02-17T19:27:04","modified_gmt":"2022-02-17T22:27:04","slug":"dr-gutemberg-apresenta-propostas-para-a-presidencia-da-camara-municipal-de-sao-luis","status":"publish","type":"post","link":"https:\/\/www.blogsoestado.com\/danielmatos\/dr-gutemberg-apresenta-propostas-para-a-presidencia-da-camara-municipal-de-sao-luis\/","title":{"rendered":"Dr. Gutemberg apresenta propostas para a presid\u00eancia da C\u00e2mara Municipal de S\u00e3o Lu\u00eds"},"content":{"rendered":"\n<div class=\"wp-block-image\"><figure class=\"aligncenter size-large\"><a href=\"https:\/\/www.blogsoestado.com\/danielmatos\/files\/2022\/02\/Screenshot_20220217-1924142.png\"><img decoding=\"async\" src=\"https:\/\/www.blogsoestado.com\/danielmatos\/files\/2022\/02\/Screenshot_20220217-1924142.png\" alt=\"\" class=\"wp-image-94399\"\/><\/a><figcaption>Mantendo um relacionamento fraterno com todos os vereadores, Dr. Gutemberg re\u00fane experi\u00eancia e conhecimento para apontar solu\u00e7\u00f5es para melhorar a atua\u00e7\u00e3o da C\u00e2mara<\/figcaption><\/figure><\/div>\n\n\n\n<p>O vice-presidente da C\u00e2mara Municipal de S\u00e3o Lu\u00eds, vereador Dr. Gutemberg Ara\u00fajo, apresentou as suas propostas para a presid\u00eancia da Casa Parlamentar, durante uma entrevista \u00e0 R\u00e1dio Nova FM, no programa \u2018T\u00e1 na Pauta\u2019. A elei\u00e7\u00e3o da C\u00e2mara acontece no m\u00eas de abril.<\/p>\n\n\n\n<p>Mantendo um relacionamento fraterno com todos os vereadores, Dr. Gutemberg re\u00fane experi\u00eancia e conhecimento para apontar solu\u00e7\u00f5es para melhorar a atua\u00e7\u00e3o da C\u00e2mara.<\/p>\n\n\n\n<p>O parlamentar j\u00e1 exerceu diversas fun\u00e7\u00f5es importantes no Legislativo Municipal: foi presidente da Comiss\u00e3o de Sa\u00fade da C\u00e2mara; diretor da Comiss\u00e3o de Or\u00e7amento por quatro anos; e \u00e9 o atual vice-presidente da casa parlamentar.<\/p>\n\n\n\n<p>Dr. Gutemberg que \u00e9 m\u00e9dico, professor da Universidade Federal do Maranh\u00e3o, gestor experiente e vereador pelo quinto mandato iniciou a entrevista lembrando como o seu nome foi indicado para concorrer \u00e0 presid\u00eancia.<\/p>\n\n\n\n<p>\u201cTenho um relacionamento fraterno com todos os vereadores. E ao longo desses cinco mandatos, conhe\u00e7o muito bem as necessidades dessa casa. Com muita honra, recebi a indica\u00e7\u00e3o de um grupo de colegas para disputar a presid\u00eancia. Aceitei esse desafio com muito respeito e seriedade. Coloco todo o meu conhecimento \u00e0 disposi\u00e7\u00e3o dos 31 vereadores da C\u00e2mara e do povo de S\u00e3o Lu\u00eds.\u201d, disse Dr. Gutemberg.<\/p>\n\n\n\n<p>Como prioridade no seu Plano de Gest\u00e3o, Dr. Gutemberg focou o apoio integral \u00e0 atividade pol\u00edtico parlamentar. Em suas propostas, ele tamb\u00e9m destaca a\u00e7\u00f5es para valorizar os servidores da C\u00e2mara e a aproxima\u00e7\u00e3o da casa com a popula\u00e7\u00e3o.<\/p>\n\n\n\n<p>O parlamentar enfatizou ainda que pretende manter os avan\u00e7os j\u00e1 conquistados pelo ex-presidente da casa, vereador Astro de Ogum, e o atual presidente, vereador Osmar Filho.<\/p>\n\n\n\n<p>\u201cReconhe\u00e7o todos os avan\u00e7os que j\u00e1 tivemos nesta casa. Agora, a ideia \u00e9 apoiar integralmente as a\u00e7\u00f5es dos parlamentares com condi\u00e7\u00f5es plena para o exerc\u00edcio de suas fun\u00e7\u00f5es, dando oportunidades para todos. Al\u00e9m disso, vamos valorizar ainda mais os nossos servidores, que s\u00e3o a luz desta casa, e levar a C\u00e2mara para mais perto da nossa popula\u00e7\u00e3o\u201d, afirma Dr. Gutemberg.<\/p>\n\n\n\n<p>Com um plano de gest\u00e3o eficiente para modernizar a C\u00e2mara, o vereador enumerou algumas de suas propostas. Dr. Gutemberg prop\u00f5e:<\/p>\n\n\n\n<ul class=\"wp-block-list\"><li>Apoio integral \u00e0 atividade pol\u00edtico parlamentar<\/li><li>Manter um relacionamento republicano com Executivo, Judici\u00e1rio, Minist\u00e9rio P\u00fablico e Entidades da Sociedade Civil, respeitando a independ\u00eancia da casa.<\/li><li>Consultoria Legislativa permanente.<\/li><li>Gest\u00e3o participativa.<\/li><li>Potencializa\u00e7\u00e3o da Comunica\u00e7\u00e3o<\/li><li>Campanha de Car\u00e1ter Educativo permanente.<\/li><li>Planejamento estrat\u00e9gico da CMSL (Instrumento de Gest\u00e3o com a participa\u00e7\u00e3o de todos os vereadores e t\u00e9cnicos)<\/li><li>Programa de \u201cCOMPLIANCE \u201c da CMSL (Pol\u00edtica de integridade e de conformidade)<\/li><li>Cria\u00e7\u00e3o da Escola do Legislativo<\/li><li>Instala\u00e7\u00e3o de Ouvidoria<\/li><li>Valoriza\u00e7\u00e3o dos servidores da C\u00e2mara Municipal<\/li><li>Restaura\u00e7\u00e3o do Departamento de Sa\u00fade<\/li><li>Firmar parcerias com as Universidades\/Faculdades<\/li><li>Criar a biblioteca da CMSL<\/li><li>Criar o Coral da CMSL<\/li><\/ul>\n\n\n\n<p>Durante a entrevista, o parlamentar destacou, por v\u00e1rias vezes, que pretende fazer uma gest\u00e3o compartilhada com os 31 vereadores.<\/p>\n\n\n\n<p>\u201cNo Evangelho de Jesus Cristo n\u00e3o tem lugar para eu, tem lugar para n\u00f3s. Somos plurais. E n\u00f3s vamos edificar a casa do povo, a C\u00e2mara, com uma gest\u00e3o compartilhada com todos. Digo aos meus amigos parlamentares que voc\u00eas t\u00eam o meu respeito e compromisso de trabalho. Vamos lutar para que a C\u00e2mara de S\u00e3o Lu\u00eds seja reconhecida nacionalmente. Vamos conduzir essa Casa com independ\u00eancia, for\u00e7a e coragem em benef\u00edcio da nossa popula\u00e7\u00e3o. A nossa candidatura \u00e9 feita por v\u00e1rias m\u00e3os. E tenho certeza que sair\u00e1 vitoriosa\u201d, finalizou Dr. Gutemberg.<\/p>\n","protected":false},"excerpt":{"rendered":"<p>O vice-presidente da C\u00e2mara Municipal de S\u00e3o Lu\u00eds, vereador Dr. Gutemberg Ara\u00fajo, apresentou as suas propostas para a presid\u00eancia da [&hellip;]<\/p>\n","protected":false},"author":0,"featured_media":0,"comment_status":"open","ping_status":"open","sticky":false,"template":"","format":"standard","meta":{"site-sidebar-layout":"default","site-content-layout":"","ast-site-content-layout":"default","site-content-style":"default","site-sidebar-style":"default","ast-global-header-display":"","ast-banner-title-visibility":"","ast-main-header-display":"","ast-hfb-above-header-display":"","ast-hfb-below-header-display":"","ast-hfb-mobile-header-display":"","site-post-title":"","ast-breadcrumbs-content":"","ast-featured-img":"","footer-sml-layout":"","ast-disable-related-posts":"","theme-transparent-header-meta":"","adv-header-id-meta":"","stick-header-meta":"","header-above-stick-meta":"","header-main-stick-meta":"","header-below-stick-meta":"","astra-migrate-meta-layouts":"default","ast-page-background-enabled":"default","ast-page-background-meta":{"desktop":{"background-color":"var(--ast-global-color-5)","background-image":"","background-repeat":"repeat","background-position":"center center","background-size":"auto","background-attachment":"scroll","background-type":"","background-media":"","overlay-type":"","overlay-color":"","overlay-opacity":"","overlay-gradient":""},"tablet":{"background-color":"","background-image":"","background-repeat":"repeat","background-position":"center center","background-size":"auto","background-attachment":"scroll","background-type":"","background-media":"","overlay-type":"","overlay-color":"","overlay-opacity":"","overlay-gradient":""},"mobile":{"background-color":"","background-image":"","background-repeat":"repeat","background-position":"center center","background-size":"auto","background-attachment":"scroll","background-type":"","background-media":"","overlay-type":"","overlay-color":"","overlay-opacity":"","overlay-gradient":""}},"ast-content-background-meta":{"desktop":{"background-color":"var(--ast-global-color-4)","background-image":"","background-repeat":"repeat","background-position":"center center","background-size":"auto","background-attachment":"scroll","background-type":"","background-media":"","overlay-type":"","overlay-color":"","overlay-opacity":"","overlay-gradient":""},"tablet":{"background-color":"var(--ast-global-color-4)","background-image":"","background-repeat":"repeat","background-position":"center center","background-size":"auto","background-attachment":"scroll","background-type":"","background-media":"","overlay-type":"","overlay-color":"","overlay-opacity":"","overlay-gradient":""},"mobile":{"background-color":"var(--ast-global-color-4)","background-image":"","background-repeat":"repeat","background-position":"center center","background-size":"auto","background-attachment":"scroll","background-type":"","background-media":"","overlay-type":"","overlay-color":"","overlay-opacity":"","overlay-gradient":""}},"footnotes":""},"categories":[1],"tags":[],"class_list":["post-94398","post","type-post","status-publish","format-standard","hentry","category-sem-categoria"],"yoast_head":"<!-- This site is optimized with the Yoast SEO plugin v26.6 - https:\/\/yoast.com\/wordpress\/plugins\/seo\/ -->\n<title>Dr. Gutemberg apresenta propostas para a presid\u00eancia da C\u00e2mara Municipal de S\u00e3o Lu\u00eds - Daniel Matos<\/title>\n<meta name=\"robots\" content=\"index, follow, max-snippet:-1, max-image-preview:large, max-video-preview:-1\" \/>\n<link rel=\"canonical\" href=\"https:\/\/www.blogsoestado.com\/danielmatos\/dr-gutemberg-apresenta-propostas-para-a-presidencia-da-camara-municipal-de-sao-luis\/\" \/>\n<meta property=\"og:locale\" content=\"pt_BR\" \/>\n<meta property=\"og:type\" content=\"article\" \/>\n<meta property=\"og:title\" content=\"Dr. Gutemberg apresenta propostas para a presid\u00eancia da C\u00e2mara Municipal de S\u00e3o Lu\u00eds - Daniel Matos\" \/>\n<meta property=\"og:description\" content=\"O vice-presidente da C\u00e2mara Municipal de S\u00e3o Lu\u00eds, vereador Dr. Gutemberg Ara\u00fajo, apresentou as suas propostas para a presid\u00eancia da [&hellip;]\" \/>\n<meta property=\"og:url\" content=\"https:\/\/www.blogsoestado.com\/danielmatos\/dr-gutemberg-apresenta-propostas-para-a-presidencia-da-camara-municipal-de-sao-luis\/\" \/>\n<meta property=\"og:site_name\" content=\"Daniel Matos\" \/>\n<meta property=\"article:published_time\" content=\"2022-02-17T22:27:04+00:00\" \/>\n<meta property=\"og:image\" content=\"https:\/\/www.blogsoestado.com\/danielmatos\/files\/2022\/02\/Screenshot_20220217-1924142.png\" \/>\n<meta name=\"twitter:card\" content=\"summary_large_image\" \/>\n<meta name=\"twitter:label1\" content=\"Est. tempo de leitura\" \/>\n\t<meta name=\"twitter:data1\" content=\"3 minutos\" \/>\n<script type=\"application\/ld+json\" class=\"yoast-schema-graph\">{\"@context\":\"https:\/\/schema.org\",\"@graph\":[{\"@type\":\"WebPage\",\"@id\":\"https:\/\/www.blogsoestado.com\/danielmatos\/dr-gutemberg-apresenta-propostas-para-a-presidencia-da-camara-municipal-de-sao-luis\/\",\"url\":\"https:\/\/www.blogsoestado.com\/danielmatos\/dr-gutemberg-apresenta-propostas-para-a-presidencia-da-camara-municipal-de-sao-luis\/\",\"name\":\"Dr. Gutemberg apresenta propostas para a presid\u00eancia da C\u00e2mara Municipal de S\u00e3o Lu\u00eds - Daniel Matos\",\"isPartOf\":{\"@id\":\"https:\/\/www.blogsoestado.com\/danielmatos\/#website\"},\"primaryImageOfPage\":{\"@id\":\"https:\/\/www.blogsoestado.com\/danielmatos\/dr-gutemberg-apresenta-propostas-para-a-presidencia-da-camara-municipal-de-sao-luis\/#primaryimage\"},\"image\":{\"@id\":\"https:\/\/www.blogsoestado.com\/danielmatos\/dr-gutemberg-apresenta-propostas-para-a-presidencia-da-camara-municipal-de-sao-luis\/#primaryimage\"},\"thumbnailUrl\":\"https:\/\/www.blogsoestado.com\/danielmatos\/files\/2022\/02\/Screenshot_20220217-1924142.png\",\"datePublished\":\"2022-02-17T22:27:04+00:00\",\"author\":{\"@id\":\"\"},\"breadcrumb\":{\"@id\":\"https:\/\/www.blogsoestado.com\/danielmatos\/dr-gutemberg-apresenta-propostas-para-a-presidencia-da-camara-municipal-de-sao-luis\/#breadcrumb\"},\"inLanguage\":\"pt-BR\",\"potentialAction\":[{\"@type\":\"ReadAction\",\"target\":[\"https:\/\/www.blogsoestado.com\/danielmatos\/dr-gutemberg-apresenta-propostas-para-a-presidencia-da-camara-municipal-de-sao-luis\/\"]}]},{\"@type\":\"ImageObject\",\"inLanguage\":\"pt-BR\",\"@id\":\"https:\/\/www.blogsoestado.com\/danielmatos\/dr-gutemberg-apresenta-propostas-para-a-presidencia-da-camara-municipal-de-sao-luis\/#primaryimage\",\"url\":\"https:\/\/www.blogsoestado.com\/danielmatos\/files\/2022\/02\/Screenshot_20220217-1924142.png\",\"contentUrl\":\"https:\/\/www.blogsoestado.com\/danielmatos\/files\/2022\/02\/Screenshot_20220217-1924142.png\"},{\"@type\":\"BreadcrumbList\",\"@id\":\"https:\/\/www.blogsoestado.com\/danielmatos\/dr-gutemberg-apresenta-propostas-para-a-presidencia-da-camara-municipal-de-sao-luis\/#breadcrumb\",\"itemListElement\":[{\"@type\":\"ListItem\",\"position\":1,\"name\":\"In\u00edcio\",\"item\":\"https:\/\/www.blogsoestado.com\/danielmatos\/\"},{\"@type\":\"ListItem\",\"position\":2,\"name\":\"Dr. Gutemberg apresenta propostas para a presid\u00eancia da C\u00e2mara Municipal de S\u00e3o Lu\u00eds\"}]},{\"@type\":\"WebSite\",\"@id\":\"https:\/\/www.blogsoestado.com\/danielmatos\/#website\",\"url\":\"https:\/\/www.blogsoestado.com\/danielmatos\/\",\"name\":\"Daniel Matos\",\"description\":\"\",\"potentialAction\":[{\"@type\":\"SearchAction\",\"target\":{\"@type\":\"EntryPoint\",\"urlTemplate\":\"https:\/\/www.blogsoestado.com\/danielmatos\/?s={search_term_string}\"},\"query-input\":{\"@type\":\"PropertyValueSpecification\",\"valueRequired\":true,\"valueName\":\"search_term_string\"}}],\"inLanguage\":\"pt-BR\"}]}<\/script>\n<!-- \/ Yoast SEO plugin. -->","yoast_head_json":{"title":"Dr. Gutemberg apresenta propostas para a presid\u00eancia da C\u00e2mara Municipal de S\u00e3o Lu\u00eds - Daniel Matos","robots":{"index":"index","follow":"follow","max-snippet":"max-snippet:-1","max-image-preview":"max-image-preview:large","max-video-preview":"max-video-preview:-1"},"canonical":"https:\/\/www.blogsoestado.com\/danielmatos\/dr-gutemberg-apresenta-propostas-para-a-presidencia-da-camara-municipal-de-sao-luis\/","og_locale":"pt_BR","og_type":"article","og_title":"Dr. Gutemberg apresenta propostas para a presid\u00eancia da C\u00e2mara Municipal de S\u00e3o Lu\u00eds - Daniel Matos","og_description":"O vice-presidente da C\u00e2mara Municipal de S\u00e3o Lu\u00eds, vereador Dr. Gutemberg Ara\u00fajo, apresentou as suas propostas para a presid\u00eancia da [&hellip;]","og_url":"https:\/\/www.blogsoestado.com\/danielmatos\/dr-gutemberg-apresenta-propostas-para-a-presidencia-da-camara-municipal-de-sao-luis\/","og_site_name":"Daniel Matos","article_published_time":"2022-02-17T22:27:04+00:00","og_image":[{"url":"https:\/\/www.blogsoestado.com\/danielmatos\/files\/2022\/02\/Screenshot_20220217-1924142.png","type":"","width":"","height":""}],"twitter_card":"summary_large_image","twitter_misc":{"Est. tempo de leitura":"3 minutos"},"schema":{"@context":"https:\/\/schema.org","@graph":[{"@type":"WebPage","@id":"https:\/\/www.blogsoestado.com\/danielmatos\/dr-gutemberg-apresenta-propostas-para-a-presidencia-da-camara-municipal-de-sao-luis\/","url":"https:\/\/www.blogsoestado.com\/danielmatos\/dr-gutemberg-apresenta-propostas-para-a-presidencia-da-camara-municipal-de-sao-luis\/","name":"Dr. Gutemberg apresenta propostas para a presid\u00eancia da C\u00e2mara Municipal de S\u00e3o Lu\u00eds - Daniel Matos","isPartOf":{"@id":"https:\/\/www.blogsoestado.com\/danielmatos\/#website"},"primaryImageOfPage":{"@id":"https:\/\/www.blogsoestado.com\/danielmatos\/dr-gutemberg-apresenta-propostas-para-a-presidencia-da-camara-municipal-de-sao-luis\/#primaryimage"},"image":{"@id":"https:\/\/www.blogsoestado.com\/danielmatos\/dr-gutemberg-apresenta-propostas-para-a-presidencia-da-camara-municipal-de-sao-luis\/#primaryimage"},"thumbnailUrl":"https:\/\/www.blogsoestado.com\/danielmatos\/files\/2022\/02\/Screenshot_20220217-1924142.png","datePublished":"2022-02-17T22:27:04+00:00","author":{"@id":""},"breadcrumb":{"@id":"https:\/\/www.blogsoestado.com\/danielmatos\/dr-gutemberg-apresenta-propostas-para-a-presidencia-da-camara-municipal-de-sao-luis\/#breadcrumb"},"inLanguage":"pt-BR","potentialAction":[{"@type":"ReadAction","target":["https:\/\/www.blogsoestado.com\/danielmatos\/dr-gutemberg-apresenta-propostas-para-a-presidencia-da-camara-municipal-de-sao-luis\/"]}]},{"@type":"ImageObject","inLanguage":"pt-BR","@id":"https:\/\/www.blogsoestado.com\/danielmatos\/dr-gutemberg-apresenta-propostas-para-a-presidencia-da-camara-municipal-de-sao-luis\/#primaryimage","url":"https:\/\/www.blogsoestado.com\/danielmatos\/files\/2022\/02\/Screenshot_20220217-1924142.png","contentUrl":"https:\/\/www.blogsoestado.com\/danielmatos\/files\/2022\/02\/Screenshot_20220217-1924142.png"},{"@type":"BreadcrumbList","@id":"https:\/\/www.blogsoestado.com\/danielmatos\/dr-gutemberg-apresenta-propostas-para-a-presidencia-da-camara-municipal-de-sao-luis\/#breadcrumb","itemListElement":[{"@type":"ListItem","position":1,"name":"In\u00edcio","item":"https:\/\/www.blogsoestado.com\/danielmatos\/"},{"@type":"ListItem","position":2,"name":"Dr. Gutemberg apresenta propostas para a presid\u00eancia da C\u00e2mara Municipal de S\u00e3o Lu\u00eds"}]},{"@type":"WebSite","@id":"https:\/\/www.blogsoestado.com\/danielmatos\/#website","url":"https:\/\/www.blogsoestado.com\/danielmatos\/","name":"Daniel Matos","description":"","potentialAction":[{"@type":"SearchAction","target":{"@type":"EntryPoint","urlTemplate":"https:\/\/www.blogsoestado.com\/danielmatos\/?s={search_term_string}"},"query-input":{"@type":"PropertyValueSpecification","valueRequired":true,"valueName":"search_term_string"}}],"inLanguage":"pt-BR"}]}},"jetpack_featured_media_url":"","_links":{"self":[{"href":"https:\/\/www.blogsoestado.com\/danielmatos\/wp-json\/wp\/v2\/posts\/94398","targetHints":{"allow":["GET"]}}],"collection":[{"href":"https:\/\/www.blogsoestado.com\/danielmatos\/wp-json\/wp\/v2\/posts"}],"about":[{"href":"https:\/\/www.blogsoestado.com\/danielmatos\/wp-json\/wp\/v2\/types\/post"}],"replies":[{"embeddable":true,"href":"https:\/\/www.blogsoestado.com\/danielmatos\/wp-json\/wp\/v2\/comments?post=94398"}],"version-history":[{"count":0,"href":"https:\/\/www.blogsoestado.com\/danielmatos\/wp-json\/wp\/v2\/posts\/94398\/revisions"}],"wp:attachment":[{"href":"https:\/\/www.blogsoestado.com\/danielmatos\/wp-json\/wp\/v2\/media?parent=94398"}],"wp:term":[{"taxonomy":"category","embeddable":true,"href":"https:\/\/www.blogsoestado.com\/danielmatos\/wp-json\/wp\/v2\/categories?post=94398"},{"taxonomy":"post_tag","embeddable":true,"href":"https:\/\/www.blogsoestado.com\/danielmatos\/wp-json\/wp\/v2\/tags?post=94398"}],"curies":[{"name":"wp","href":"https:\/\/api.w.org\/{rel}","templated":true}]}}