{"id":94410,"date":"2022-02-17T23:25:42","date_gmt":"2022-02-18T02:25:42","guid":{"rendered":"https:\/\/www.blogsoestado.com\/danielmatos\/?p=94410"},"modified":"2022-02-17T23:25:42","modified_gmt":"2022-02-18T02:25:42","slug":"pf-deflagra-operacao-de-combate-ao-trabalho-no-maranhao","status":"publish","type":"post","link":"https:\/\/www.blogsoestado.com\/danielmatos\/pf-deflagra-operacao-de-combate-ao-trabalho-no-maranhao\/","title":{"rendered":"PF deflagra opera\u00e7\u00e3o de combate ao trabalho escravo no Maranh\u00e3o"},"content":{"rendered":"\n<p><strong><span class=\"has-inline-color has-vivid-red-color\">V\u00edtimas oriundas do Cear\u00e1 foram ludibriados com falsa promessa de trabalho, configurando tr\u00e1fico de pessoas<\/span><\/strong><\/p>\n\n\n\n<div class=\"wp-block-image\"><figure class=\"aligncenter size-large\"><a href=\"https:\/\/www.blogsoestado.com\/danielmatos\/files\/2022\/02\/c190c6c0-e024-4863-b630-6073c7d612c5.jpeg\"><img decoding=\"async\" src=\"https:\/\/www.blogsoestado.com\/danielmatos\/files\/2022\/02\/c190c6c0-e024-4863-b630-6073c7d612c5.jpeg\" alt=\"\" class=\"wp-image-94411\"\/><\/a><figcaption>Pol\u00edcia Federal investiga submiss\u00e3o de 31 pessoas oriundas do Cear\u00e1 \u00e0 condi\u00e7\u00e3o an\u00e1loga ao trabalho escravo no Maranh\u00e3o<\/figcaption><\/figure><\/div>\n\n\n\n<p>A Pol\u00edcia Federal deflagrou, nesta quinta-feira (17), a Opera\u00e7\u00e3o Prunifera*, visando combater o tr\u00e1fico de pessoas e a redu\u00e7\u00e3o \u00e0 condi\u00e7\u00e3o an\u00e1loga a de escravo, com o cumprimento, no munic\u00edpio de Uruoca\/CE, de tr\u00eas mandados de busca e apreens\u00e3o, expedidos pela Justi\u00e7a Federal do Maranh\u00e3o.<\/p>\n\n\n\n<p>Trata-se da investiga\u00e7\u00e3o de trabalho escravo em que 31 v\u00edtimas, sendo duas menores de idade, oriundas do estado do Cear\u00e1, foram aliciadas, mediante fraude, com a promessa de trabalho, alojamento e alimenta\u00e7\u00e3o pagos pelo empregador e levadas ao estado do Maranh\u00e3o. Ao concordarem com a proposta, receberam certa quantia de dinheiro para deixar com suas fam\u00edlias e entregaram suas carteiras de trabalho (apenas aquelas que possu\u00edam), as quais seriam devolvidas quando retornassem ao Cear\u00e1.<\/p>\n\n\n\n<p>Ao chegarem ao destino, descobriram que foram enganadas, pois o alojamento parecia um local abandonado, extremamente sujo, sem energia el\u00e9trica, nem \u00e1gua encanada ou banheiro que funcionasse, de modo que as v\u00edtimas tomavam banho em um criat\u00f3rio de peixe, com \u00e1gua barrenta e malcheirosa. Al\u00e9m disso, dormiam em redes na varanda ao relento, enquanto um dos suspeitos repousava dentro da casa, sozinho.<\/p>\n\n\n\n<p>Quanto \u00e0s condi\u00e7\u00f5es de trabalho, caminhavam cerca de 3 km at\u00e9 o local de extra\u00e7\u00e3o da folha de carna\u00faba, sem banheiro, \u00e1gua proveniente de um buraco (sem qualquer filtragem), redu\u00e7\u00e3o da quantidade fornecida de alimentos quando a meta n\u00e3o era batida e jornada de trabalho de mais de 12 horas.<\/p>\n\n\n\n<p>Ressalte-se que parte das v\u00edtimas foi resgatada no ano passado pela Pol\u00edcia Civil do munic\u00edpio de Vargem Grande\/MA, oportunidade em que um suspeito foi preso em flagrante.<\/p>\n\n\n\n<p>Os investigados poder\u00e3o responder por crimes de reduzir algu\u00e9m a condi\u00e7\u00e3o an\u00e1loga \u00e0 escravid\u00e3o (art. 149; do CPB) e de tr\u00e1fico de pessoas (art. 149-A, II; do CPB), dentre outros, podendo a pena ultrapassar 16 anos.<\/p>\n\n\n\n<p>*Prunifera vem do nome cient\u00edfico da carna\u00faba &#8211; copernicia prun\u00edfera<\/p>\n","protected":false},"excerpt":{"rendered":"<p>V\u00edtimas oriundas do Cear\u00e1 foram ludibriados com falsa promessa de trabalho, configurando tr\u00e1fico de pessoas A Pol\u00edcia Federal deflagrou, nesta [&hellip;]<\/p>\n","protected":false},"author":0,"featured_media":0,"comment_status":"open","ping_status":"open","sticky":false,"template":"","format":"standard","meta":{"site-sidebar-layout":"default","site-content-layout":"","ast-site-content-layout":"default","site-content-style":"default","site-sidebar-style":"default","ast-global-header-display":"","ast-banner-title-visibility":"","ast-main-header-display":"","ast-hfb-above-header-display":"","ast-hfb-below-header-display":"","ast-hfb-mobile-header-display":"","site-post-title":"","ast-breadcrumbs-content":"","ast-featured-img":"","footer-sml-layout":"","ast-disable-related-posts":"","theme-transparent-header-meta":"","adv-header-id-meta":"","stick-header-meta":"","header-above-stick-meta":"","header-main-stick-meta":"","header-below-stick-meta":"","astra-migrate-meta-layouts":"default","ast-page-background-enabled":"default","ast-page-background-meta":{"desktop":{"background-color":"var(--ast-global-color-5)","background-image":"","background-repeat":"repeat","background-position":"center center","background-size":"auto","background-attachment":"scroll","background-type":"","background-media":"","overlay-type":"","overlay-color":"","overlay-opacity":"","overlay-gradient":""},"tablet":{"background-color":"","background-image":"","background-repeat":"repeat","background-position":"center center","background-size":"auto","background-attachment":"scroll","background-type":"","background-media":"","overlay-type":"","overlay-color":"","overlay-opacity":"","overlay-gradient":""},"mobile":{"background-color":"","background-image":"","background-repeat":"repeat","background-position":"center center","background-size":"auto","background-attachment":"scroll","background-type":"","background-media":"","overlay-type":"","overlay-color":"","overlay-opacity":"","overlay-gradient":""}},"ast-content-background-meta":{"desktop":{"background-color":"var(--ast-global-color-4)","background-image":"","background-repeat":"repeat","background-position":"center center","background-size":"auto","background-attachment":"scroll","background-type":"","background-media":"","overlay-type":"","overlay-color":"","overlay-opacity":"","overlay-gradient":""},"tablet":{"background-color":"var(--ast-global-color-4)","background-image":"","background-repeat":"repeat","background-position":"center center","background-size":"auto","background-attachment":"scroll","background-type":"","background-media":"","overlay-type":"","overlay-color":"","overlay-opacity":"","overlay-gradient":""},"mobile":{"background-color":"var(--ast-global-color-4)","background-image":"","background-repeat":"repeat","background-position":"center center","background-size":"auto","background-attachment":"scroll","background-type":"","background-media":"","overlay-type":"","overlay-color":"","overlay-opacity":"","overlay-gradient":""}},"footnotes":""},"categories":[1],"tags":[],"class_list":["post-94410","post","type-post","status-publish","format-standard","hentry","category-sem-categoria"],"yoast_head":"<!-- This site is optimized with the Yoast SEO plugin v26.6 - https:\/\/yoast.com\/wordpress\/plugins\/seo\/ -->\n<title>PF deflagra opera\u00e7\u00e3o de combate ao trabalho escravo no Maranh\u00e3o - Daniel Matos<\/title>\n<meta name=\"robots\" content=\"index, follow, max-snippet:-1, max-image-preview:large, max-video-preview:-1\" \/>\n<link rel=\"canonical\" href=\"https:\/\/www.blogsoestado.com\/danielmatos\/pf-deflagra-operacao-de-combate-ao-trabalho-no-maranhao\/\" \/>\n<meta property=\"og:locale\" content=\"pt_BR\" \/>\n<meta property=\"og:type\" content=\"article\" \/>\n<meta property=\"og:title\" content=\"PF deflagra opera\u00e7\u00e3o de combate ao trabalho escravo no Maranh\u00e3o - Daniel Matos\" \/>\n<meta property=\"og:description\" content=\"V\u00edtimas oriundas do Cear\u00e1 foram ludibriados com falsa promessa de trabalho, configurando tr\u00e1fico de pessoas A Pol\u00edcia Federal deflagrou, nesta [&hellip;]\" \/>\n<meta property=\"og:url\" content=\"https:\/\/www.blogsoestado.com\/danielmatos\/pf-deflagra-operacao-de-combate-ao-trabalho-no-maranhao\/\" \/>\n<meta property=\"og:site_name\" content=\"Daniel Matos\" \/>\n<meta property=\"article:published_time\" content=\"2022-02-18T02:25:42+00:00\" \/>\n<meta property=\"og:image\" content=\"https:\/\/www.blogsoestado.com\/danielmatos\/files\/2022\/02\/c190c6c0-e024-4863-b630-6073c7d612c5.jpeg\" \/>\n<meta name=\"twitter:card\" content=\"summary_large_image\" \/>\n<meta name=\"twitter:label1\" content=\"Est. tempo de leitura\" \/>\n\t<meta name=\"twitter:data1\" content=\"2 minutos\" \/>\n<script type=\"application\/ld+json\" class=\"yoast-schema-graph\">{\"@context\":\"https:\/\/schema.org\",\"@graph\":[{\"@type\":\"WebPage\",\"@id\":\"https:\/\/www.blogsoestado.com\/danielmatos\/pf-deflagra-operacao-de-combate-ao-trabalho-no-maranhao\/\",\"url\":\"https:\/\/www.blogsoestado.com\/danielmatos\/pf-deflagra-operacao-de-combate-ao-trabalho-no-maranhao\/\",\"name\":\"PF deflagra opera\u00e7\u00e3o de combate ao trabalho escravo no Maranh\u00e3o - Daniel Matos\",\"isPartOf\":{\"@id\":\"https:\/\/www.blogsoestado.com\/danielmatos\/#website\"},\"primaryImageOfPage\":{\"@id\":\"https:\/\/www.blogsoestado.com\/danielmatos\/pf-deflagra-operacao-de-combate-ao-trabalho-no-maranhao\/#primaryimage\"},\"image\":{\"@id\":\"https:\/\/www.blogsoestado.com\/danielmatos\/pf-deflagra-operacao-de-combate-ao-trabalho-no-maranhao\/#primaryimage\"},\"thumbnailUrl\":\"https:\/\/www.blogsoestado.com\/danielmatos\/files\/2022\/02\/c190c6c0-e024-4863-b630-6073c7d612c5.jpeg\",\"datePublished\":\"2022-02-18T02:25:42+00:00\",\"author\":{\"@id\":\"\"},\"breadcrumb\":{\"@id\":\"https:\/\/www.blogsoestado.com\/danielmatos\/pf-deflagra-operacao-de-combate-ao-trabalho-no-maranhao\/#breadcrumb\"},\"inLanguage\":\"pt-BR\",\"potentialAction\":[{\"@type\":\"ReadAction\",\"target\":[\"https:\/\/www.blogsoestado.com\/danielmatos\/pf-deflagra-operacao-de-combate-ao-trabalho-no-maranhao\/\"]}]},{\"@type\":\"ImageObject\",\"inLanguage\":\"pt-BR\",\"@id\":\"https:\/\/www.blogsoestado.com\/danielmatos\/pf-deflagra-operacao-de-combate-ao-trabalho-no-maranhao\/#primaryimage\",\"url\":\"https:\/\/www.blogsoestado.com\/danielmatos\/files\/2022\/02\/c190c6c0-e024-4863-b630-6073c7d612c5.jpeg\",\"contentUrl\":\"https:\/\/www.blogsoestado.com\/danielmatos\/files\/2022\/02\/c190c6c0-e024-4863-b630-6073c7d612c5.jpeg\"},{\"@type\":\"BreadcrumbList\",\"@id\":\"https:\/\/www.blogsoestado.com\/danielmatos\/pf-deflagra-operacao-de-combate-ao-trabalho-no-maranhao\/#breadcrumb\",\"itemListElement\":[{\"@type\":\"ListItem\",\"position\":1,\"name\":\"In\u00edcio\",\"item\":\"https:\/\/www.blogsoestado.com\/danielmatos\/\"},{\"@type\":\"ListItem\",\"position\":2,\"name\":\"PF deflagra opera\u00e7\u00e3o de combate ao trabalho escravo no Maranh\u00e3o\"}]},{\"@type\":\"WebSite\",\"@id\":\"https:\/\/www.blogsoestado.com\/danielmatos\/#website\",\"url\":\"https:\/\/www.blogsoestado.com\/danielmatos\/\",\"name\":\"Daniel Matos\",\"description\":\"\",\"potentialAction\":[{\"@type\":\"SearchAction\",\"target\":{\"@type\":\"EntryPoint\",\"urlTemplate\":\"https:\/\/www.blogsoestado.com\/danielmatos\/?s={search_term_string}\"},\"query-input\":{\"@type\":\"PropertyValueSpecification\",\"valueRequired\":true,\"valueName\":\"search_term_string\"}}],\"inLanguage\":\"pt-BR\"}]}<\/script>\n<!-- \/ Yoast SEO plugin. -->","yoast_head_json":{"title":"PF deflagra opera\u00e7\u00e3o de combate ao trabalho escravo no Maranh\u00e3o - Daniel Matos","robots":{"index":"index","follow":"follow","max-snippet":"max-snippet:-1","max-image-preview":"max-image-preview:large","max-video-preview":"max-video-preview:-1"},"canonical":"https:\/\/www.blogsoestado.com\/danielmatos\/pf-deflagra-operacao-de-combate-ao-trabalho-no-maranhao\/","og_locale":"pt_BR","og_type":"article","og_title":"PF deflagra opera\u00e7\u00e3o de combate ao trabalho escravo no Maranh\u00e3o - Daniel Matos","og_description":"V\u00edtimas oriundas do Cear\u00e1 foram ludibriados com falsa promessa de trabalho, configurando tr\u00e1fico de pessoas A Pol\u00edcia Federal deflagrou, nesta [&hellip;]","og_url":"https:\/\/www.blogsoestado.com\/danielmatos\/pf-deflagra-operacao-de-combate-ao-trabalho-no-maranhao\/","og_site_name":"Daniel Matos","article_published_time":"2022-02-18T02:25:42+00:00","og_image":[{"url":"https:\/\/www.blogsoestado.com\/danielmatos\/files\/2022\/02\/c190c6c0-e024-4863-b630-6073c7d612c5.jpeg","type":"","width":"","height":""}],"twitter_card":"summary_large_image","twitter_misc":{"Est. tempo de leitura":"2 minutos"},"schema":{"@context":"https:\/\/schema.org","@graph":[{"@type":"WebPage","@id":"https:\/\/www.blogsoestado.com\/danielmatos\/pf-deflagra-operacao-de-combate-ao-trabalho-no-maranhao\/","url":"https:\/\/www.blogsoestado.com\/danielmatos\/pf-deflagra-operacao-de-combate-ao-trabalho-no-maranhao\/","name":"PF deflagra opera\u00e7\u00e3o de combate ao trabalho escravo no Maranh\u00e3o - Daniel Matos","isPartOf":{"@id":"https:\/\/www.blogsoestado.com\/danielmatos\/#website"},"primaryImageOfPage":{"@id":"https:\/\/www.blogsoestado.com\/danielmatos\/pf-deflagra-operacao-de-combate-ao-trabalho-no-maranhao\/#primaryimage"},"image":{"@id":"https:\/\/www.blogsoestado.com\/danielmatos\/pf-deflagra-operacao-de-combate-ao-trabalho-no-maranhao\/#primaryimage"},"thumbnailUrl":"https:\/\/www.blogsoestado.com\/danielmatos\/files\/2022\/02\/c190c6c0-e024-4863-b630-6073c7d612c5.jpeg","datePublished":"2022-02-18T02:25:42+00:00","author":{"@id":""},"breadcrumb":{"@id":"https:\/\/www.blogsoestado.com\/danielmatos\/pf-deflagra-operacao-de-combate-ao-trabalho-no-maranhao\/#breadcrumb"},"inLanguage":"pt-BR","potentialAction":[{"@type":"ReadAction","target":["https:\/\/www.blogsoestado.com\/danielmatos\/pf-deflagra-operacao-de-combate-ao-trabalho-no-maranhao\/"]}]},{"@type":"ImageObject","inLanguage":"pt-BR","@id":"https:\/\/www.blogsoestado.com\/danielmatos\/pf-deflagra-operacao-de-combate-ao-trabalho-no-maranhao\/#primaryimage","url":"https:\/\/www.blogsoestado.com\/danielmatos\/files\/2022\/02\/c190c6c0-e024-4863-b630-6073c7d612c5.jpeg","contentUrl":"https:\/\/www.blogsoestado.com\/danielmatos\/files\/2022\/02\/c190c6c0-e024-4863-b630-6073c7d612c5.jpeg"},{"@type":"BreadcrumbList","@id":"https:\/\/www.blogsoestado.com\/danielmatos\/pf-deflagra-operacao-de-combate-ao-trabalho-no-maranhao\/#breadcrumb","itemListElement":[{"@type":"ListItem","position":1,"name":"In\u00edcio","item":"https:\/\/www.blogsoestado.com\/danielmatos\/"},{"@type":"ListItem","position":2,"name":"PF deflagra opera\u00e7\u00e3o de combate ao trabalho escravo no Maranh\u00e3o"}]},{"@type":"WebSite","@id":"https:\/\/www.blogsoestado.com\/danielmatos\/#website","url":"https:\/\/www.blogsoestado.com\/danielmatos\/","name":"Daniel Matos","description":"","potentialAction":[{"@type":"SearchAction","target":{"@type":"EntryPoint","urlTemplate":"https:\/\/www.blogsoestado.com\/danielmatos\/?s={search_term_string}"},"query-input":{"@type":"PropertyValueSpecification","valueRequired":true,"valueName":"search_term_string"}}],"inLanguage":"pt-BR"}]}},"jetpack_featured_media_url":"","_links":{"self":[{"href":"https:\/\/www.blogsoestado.com\/danielmatos\/wp-json\/wp\/v2\/posts\/94410","targetHints":{"allow":["GET"]}}],"collection":[{"href":"https:\/\/www.blogsoestado.com\/danielmatos\/wp-json\/wp\/v2\/posts"}],"about":[{"href":"https:\/\/www.blogsoestado.com\/danielmatos\/wp-json\/wp\/v2\/types\/post"}],"replies":[{"embeddable":true,"href":"https:\/\/www.blogsoestado.com\/danielmatos\/wp-json\/wp\/v2\/comments?post=94410"}],"version-history":[{"count":0,"href":"https:\/\/www.blogsoestado.com\/danielmatos\/wp-json\/wp\/v2\/posts\/94410\/revisions"}],"wp:attachment":[{"href":"https:\/\/www.blogsoestado.com\/danielmatos\/wp-json\/wp\/v2\/media?parent=94410"}],"wp:term":[{"taxonomy":"category","embeddable":true,"href":"https:\/\/www.blogsoestado.com\/danielmatos\/wp-json\/wp\/v2\/categories?post=94410"},{"taxonomy":"post_tag","embeddable":true,"href":"https:\/\/www.blogsoestado.com\/danielmatos\/wp-json\/wp\/v2\/tags?post=94410"}],"curies":[{"name":"wp","href":"https:\/\/api.w.org\/{rel}","templated":true}]}}