{"id":94413,"date":"2022-02-18T06:30:00","date_gmt":"2022-02-18T09:30:00","guid":{"rendered":"https:\/\/www.blogsoestado.com\/danielmatos\/?p=94413"},"modified":"2022-02-18T06:30:00","modified_gmt":"2022-02-18T09:30:00","slug":"camara-municipal-da-10-dias-para-smtt-apresentar-planilha-de-custos-do-transporte","status":"publish","type":"post","link":"https:\/\/www.blogsoestado.com\/danielmatos\/camara-municipal-da-10-dias-para-smtt-apresentar-planilha-de-custos-do-transporte\/","title":{"rendered":"C\u00e2mara Municipal d\u00e1 10 dias para SMTT apresentar planilha de custos do transporte"},"content":{"rendered":"\n<p><strong><span class=\"has-inline-color has-vivid-red-color\">No segundo dia da greve do transporte p\u00fablico, vereadores questionaram Diego Baluz, titular da pasta<\/span><\/strong><\/p>\n\n\n\n<div class=\"wp-block-image\"><figure class=\"aligncenter size-large\"><a href=\"https:\/\/www.blogsoestado.com\/danielmatos\/files\/2022\/02\/Screenshot_20220218-0051352.png\"><img decoding=\"async\" src=\"https:\/\/www.blogsoestado.com\/danielmatos\/files\/2022\/02\/Screenshot_20220218-0051352.png\" alt=\"\" class=\"wp-image-94414\"\/><\/a><figcaption>Diego Baluz abordou quest\u00f5es sobre o transporte p\u00fablico da capital, mas pediu mais prazo para apresentar planilha de custos do sistema<\/figcaption><\/figure><\/div>\n\n\n\n<p id=\"E151\">A Secretaria Municipal de Tr\u00e2nsito e Transportes (SMTT) ter\u00e1 o prazo de 10 dias para prestar informa\u00e7\u00f5es acerca da Pasta \u00e0 C\u00e2mara de S\u00e3o Lu\u00eds. Este foi o principal encaminhamento dado ao final da sess\u00e3o extraordin\u00e1ria que teve a presen\u00e7a do secret\u00e1rio Diego Baluz, ap\u00f3s convoca\u00e7\u00e3o requerida pelo vereador Marquinhos (DEM).<\/p>\n\n\n\n<p id=\"E153\">No requerimento, o parlamentar democrata solicitou que o secret\u00e1rio municipal de Tr\u00e2nsito e Transporte se fizesse presente no Legislativo Municipal em 24 horas para tratar da seguinte pauta: apresenta\u00e7\u00e3o da planilha de custos da opera\u00e7\u00e3o do transporte coletivo municipal; apresenta\u00e7\u00e3o e detalhamento da fonte de recurso municipal do aux\u00edlio emergencial concedido ao transporte p\u00fablico de S\u00e3o Lu\u00eds; e tarifa da opera\u00e7\u00e3o do transporte p\u00fablico municipal.<\/p>\n\n\n\n<p id=\"E155\">\u201cEstamos vivendo um momento em que temos que ter maturidade e grandeza para sabermos dialogar e buscarmos instrumentos e mecanismos para se resolver o problema. Queremos buscar junto ao Executivo municipal, que \u00e9 o ente competente, formas para resolver o problema do transporte em S\u00e3o Lu\u00eds. Na C\u00e2mara, temos 31 vereadores que s\u00e3o cobrados dia e noite sobre os problemas que afetam a popula\u00e7\u00e3o. Hoje, 700 mil usu\u00e1rios do transporte p\u00fablico de S\u00e3o Lu\u00eds est\u00e3o ref\u00e9ns de um sistema parado e esse sistema \u00e9 de responsabilidade da prefeitura. E vossa senhoria tem a responsabilidade de nos prestar esclarecimentos\u201d, disse Marquinhos, na tribuna da Casa.<\/p>\n\n\n\n<p><strong>D\u00e9ficit<\/strong><\/p>\n\n\n\n<p id=\"E158\">Sobre o sistema de transporte da capital, o vereador tamb\u00e9m comentou que o Sindicato das Empresas de Transportes de Passageiros de S\u00e3o Lu\u00eds (SET) alega estar falido, ter um preju\u00edzo de R$ 150 milh\u00f5es e n\u00e3o tem como manter o sistema com a arrecada\u00e7\u00e3o obtida.<\/p>\n\n\n\n<p id=\"E160\">Durante o discurso, Marquinhos ainda teceu coment\u00e1rios sobre a greve dos trabalhadores do sistema de transporte de S\u00e3o Lu\u00eds. \u201cOs rodovi\u00e1rios trabalham dia e noite, t\u00eam os direitos garantidos por lei e t\u00eam que cobrar a valoriza\u00e7\u00e3o deles, o reajuste de sal\u00e1rio deles como qualquer categoria e trabalhador desse pa\u00eds. Agora, quem \u00e9 que est\u00e1 pagando o pre\u00e7o? \u00c9 a popula\u00e7\u00e3o de S\u00e3o Lu\u00eds que est\u00e1 pagando um pre\u00e7o alt\u00edssimo, porque quem precisa desse servi\u00e7o, infelizmente, est\u00e1 sendo ref\u00e9m. Toda vez que se discute esse problema, o sistema para. Isso causa um problema muito grande para a popula\u00e7\u00e3o. Ent\u00e3o, queremos saber o que a Prefeitura de S\u00e3o Lu\u00eds pode fazer, o que cabe a ela fazer para solucionar este problema\u201d, complementou.<\/p>\n\n\n\n<div class=\"wp-block-image\"><figure class=\"aligncenter size-large\"><a href=\"https:\/\/www.blogsoestado.com\/danielmatos\/files\/2022\/02\/Screenshot_20220218-0052022.png\"><img decoding=\"async\" src=\"https:\/\/www.blogsoestado.com\/danielmatos\/files\/2022\/02\/Screenshot_20220218-0052022.png\" alt=\"\" class=\"wp-image-94415\"\/><\/a><figcaption>Plen\u00e1rio e galeria da C\u00e2mara Municipal de S\u00e3o Lu\u00eds ficaram cheios durante a audi\u00eancia com o secret\u00e1rio da SMTT<\/figcaption><\/figure><\/div>\n\n\n\n<p id=\"E162\">Segundo Marquinhos, o pre\u00e7o da passagem em S\u00e3o Lu\u00eds por quil\u00f4metro rodado \u00e9 uma das mais altas do Nordeste. Ele ainda teceu coment\u00e1rios acerca da situa\u00e7\u00e3o de \u00f4nibus em opera\u00e7\u00e3o no sistema de transporte da capital. \u201cOs \u00f4nibus s\u00e3o uns dos piores do pa\u00eds. S\u00e3o velhos, sujos e est\u00e3o caindo aos peda\u00e7os\u201d, assinalou.<\/p>\n\n\n\n<p id=\"E164\">\u201cO prefeito est\u00e1 subsidiando o sistema de transporte da capital desde o ano passado e agora est\u00e1 liberando R$ 20 milh\u00f5es. O que \u00e9 que vai nos dizer se esse repasse \u00e9 legal e justo? A planilha de custos. S\u00f3 poderemos saber se as empresas est\u00e3o tendo preju\u00edzo com a planilha de custos. Outro ponto: de qual fonte est\u00e1 saindo esse dinheiro para subsidiar o sistema? Precisamos dar transpar\u00eancia a esse subs\u00eddio. E o sistema tamb\u00e9m tem que dar a contrapartida dele. N\u00e3o \u00e9 justo a Prefeitura dar R$ 20 milh\u00f5es aos empres\u00e1rios e o sistema de transporte continuar do jeito que est\u00e1: sucateado e envelhecido\u201d, assinalou Marquinhos na tribuna.<\/p>\n\n\n\n<p id=\"E167\">Ao fim do discurso do parlamentar democrata, o presidente da Casa e tamb\u00e9m da sess\u00e3o extraordin\u00e1ria, Osmar Filho (PDT), passou a palavra ao secret\u00e1rio municipal de Tr\u00e2nsito e Transportes, Diego Baluz. Durante o momento de fala, o gestor municipal solicitou tempo maior para apresenta\u00e7\u00e3o da planilha de custos solicitada pela C\u00e2mara de S\u00e3o Lu\u00eds.<\/p>\n\n\n\n<p id=\"E169\">\u201cJamais vou me opor a esclarecer todos os fatos, mas especificadamente sobre a planilha de custos, conforme est\u00e1 na Lei n\u00ba 3430, ela \u00e9 uma planilha extremamente t\u00e9cnica e complexa. Exige o levantamento de in\u00fameros dados: insumos b\u00e1sicos, \u00f3leo diesel, quantidade ve\u00edculos, lubrificantes, composi\u00e7\u00e3o de custos. Fui notificado por esta Casa ontem, aproximadamente \u00e0s 16h. Tomei conhecimento do requerimento \u00e0s 17h e, imediatamente, tratei de encaminhar \u00e0 presid\u00eancia desta Casa um pleito para que se adiasse esta sess\u00e3o para que se tivesse tempo suficiente para levantar todos os dados que comp\u00f5em essa planilha de custos. \u00c9 um tempo muito ex\u00edguo de ontem \u00e0s 17h at\u00e9 10h de hoje para que se fa\u00e7a um levantamento de toda a planilha de custos de forma segura para apresentar a voc\u00eas. No entanto, estou \u00e0 disposi\u00e7\u00e3o. Preciso somente de um tempo maior para apresentar toda a planilha de custos, com os m\u00ednimos detalhes, com a complexidade que ela exige e com toda a equipe t\u00e9cnica. S\u00e3o aproximadamente 50 itens e subitens na composi\u00e7\u00e3o desta planilha de custos\u201d, refor\u00e7ou Diego Baluz.<\/p>\n\n\n\n<p><strong>Burburinho<\/strong><\/p>\n\n\n\n<p id=\"E172\">O pedido causou burburinho tanto no plen\u00e1rio da Casa, quanto na galeria, mas ap\u00f3s a manifesta\u00e7\u00e3o de parlamentares pelos microfones, a sess\u00e3o seguiu com questionamentos ao secret\u00e1rio da SMTT. Ao final da reuni\u00e3o, ficou acordado que a Secretaria Municipal de Tr\u00e2nsito e Transportes ter\u00e1 10 dias para apresentar n\u00e3o somente a planilha de custos, mas tamb\u00e9m outras documenta\u00e7\u00f5es solicitadas por parlamentares, e ainda manifesta\u00e7\u00e3o acerca da cria\u00e7\u00e3o de um Grupo de Trabalho que discutir\u00e1 o transporte da capital.<\/p>\n\n\n\n<div class=\"wp-block-image\"><figure class=\"aligncenter size-large\"><a href=\"https:\/\/www.blogsoestado.com\/danielmatos\/files\/2022\/02\/Screenshot_20220218-0057372.png\"><img decoding=\"async\" src=\"https:\/\/www.blogsoestado.com\/danielmatos\/files\/2022\/02\/Screenshot_20220218-0057372.png\" alt=\"\" class=\"wp-image-94416\"\/><\/a><figcaption>O presidente da C\u00e2mara Municipal, Osmar Filho, afirmou que o Legislativo dar\u00e1 sua contribui\u00e7\u00e3o para que S\u00e3o Lu\u00eds tenha um transporte p\u00fablico eficiente e cada vez melhor<\/figcaption><\/figure><\/div>\n\n\n\n<p id=\"E174\">Na sess\u00e3o, tamb\u00e9m houve sugest\u00f5es de v\u00e1rios parlamentares para a melhoria do transporte p\u00fablico de S\u00e3o Lu\u00eds, dentre elas: cria\u00e7\u00e3o de uma ag\u00eancia reguladora de transporte p\u00fablico municipal; regulamenta\u00e7\u00e3o do transporte alternativo e decreta\u00e7\u00e3o de calamidade p\u00fablica com o objetivo de realizar abertura do sistema de transporte para que os ve\u00edculos que integram o transporte alternativo possam realizar os percursos de linhas de \u00f4nibus.<\/p>\n\n\n\n<p id=\"E176\">Outra proposta partiu do vereador Umbelino Junior (PRTB). O parlamentar requereu assinatura e publica\u00e7\u00e3o do PL de autoria dele que trata da proibi\u00e7\u00e3o de ac\u00famulo de fun\u00e7\u00f5es, em virtude de os prazos terem sido expirados. \u201cNenhum cobrador ser\u00e1 demitido gra\u00e7as a Deus, em primeiro lugar, a esta Casa e \u00e0 autoria do nosso Projeto de Lei, que pro\u00edbe o ac\u00famulo de fun\u00e7\u00f5es. Voc\u00eas j\u00e1 sair\u00e3o daqui com a certeza, hoje, de que n\u00e3o haver\u00e1 demiss\u00e3o de cobradores em S\u00e3o Lu\u00eds. O presidente j\u00e1 sinalizou que mandar\u00e1 publicar e, portanto, a Lei j\u00e1 come\u00e7ar\u00e1 a vigorar em S\u00e3o Lu\u00eds\u201d, concluiu Umbelino Junior.<\/p>\n\n\n\n<p id=\"E178\">Ao final da sess\u00e3o, o presidente da Casa avaliou o momento. \u201cA reuni\u00e3o tratou de um tema relevante e foi muito produtiva. A quest\u00e3o do tr\u00e2nsito e transporte sempre vai ter aten\u00e7\u00e3o da Casa. Afinal, envolve mais de 700 mil pessoas que dependem diariamente do transporte p\u00fablico da cidade para se locomover. Alguns questionamentos foram feitos e o secret\u00e1rio teve o prazo de 10 dias para nos apresentar respostas. O que a C\u00e2mara quer, na condi\u00e7\u00e3o de representante da popula\u00e7\u00e3o, \u00e9 dar a sua contribui\u00e7\u00e3o para termos um transporte p\u00fablico eficiente e cada vez melhor. Sobre a greve, que anualmente e n\u00e3o \u00e9 de hoje, a Casa busca, de fato, uma solu\u00e7\u00e3o e encaminhamentos para que seja equacionada\u201d, disse Osmar Filho.<\/p>\n\n\n\n<p id=\"E180\">Al\u00e9m dos parlamentares j\u00e1 citados, participaram da reuni\u00e3o os vereadores Paulo Victor (PCdoB), os co-vereadores do Coletivo N\u00f3s (Jhonatan Soares, Raimunda Oliveira, Fl\u00e1via Almeida e Eunice Che), Oct\u00e1vio Soeiro (Podemos), \u00c1lvaro Pires (PMN) e Rosana da Sa\u00fade (Republicanos),<\/p>\n\n\n\n<p>Tamb\u00e9m estavam presentes os vereadores Gutemberg Ara\u00fajo (PSC), Aldir Junior (PL), Marcial Lima (Podemos), Raimundo Penha (PD), Francisco Chaguinhas (Podemos), Concita Pinto (PC do B), Ribeiro Neto (PMN), Marlon Bot\u00e3o (PSB), Thyago Freitas (DC), Zeca Medeiros (Patriotas), Domingos Paz (Podemos), Andrey Monteiro (Republicanos), Astro de Ogum (PC do B) e Chico Carvalho (PSL).<\/p>\n","protected":false},"excerpt":{"rendered":"<p>No segundo dia da greve do transporte p\u00fablico, vereadores questionaram Diego Baluz, titular da pasta A Secretaria Municipal de Tr\u00e2nsito [&hellip;]<\/p>\n","protected":false},"author":0,"featured_media":0,"comment_status":"open","ping_status":"open","sticky":false,"template":"","format":"standard","meta":{"site-sidebar-layout":"default","site-content-layout":"","ast-site-content-layout":"default","site-content-style":"default","site-sidebar-style":"default","ast-global-header-display":"","ast-banner-title-visibility":"","ast-main-header-display":"","ast-hfb-above-header-display":"","ast-hfb-below-header-display":"","ast-hfb-mobile-header-display":"","site-post-title":"","ast-breadcrumbs-content":"","ast-featured-img":"","footer-sml-layout":"","ast-disable-related-posts":"","theme-transparent-header-meta":"","adv-header-id-meta":"","stick-header-meta":"","header-above-stick-meta":"","header-main-stick-meta":"","header-below-stick-meta":"","astra-migrate-meta-layouts":"default","ast-page-background-enabled":"default","ast-page-background-meta":{"desktop":{"background-color":"var(--ast-global-color-5)","background-image":"","background-repeat":"repeat","background-position":"center center","background-size":"auto","background-attachment":"scroll","background-type":"","background-media":"","overlay-type":"","overlay-color":"","overlay-opacity":"","overlay-gradient":""},"tablet":{"background-color":"","background-image":"","background-repeat":"repeat","background-position":"center center","background-size":"auto","background-attachment":"scroll","background-type":"","background-media":"","overlay-type":"","overlay-color":"","overlay-opacity":"","overlay-gradient":""},"mobile":{"background-color":"","background-image":"","background-repeat":"repeat","background-position":"center center","background-size":"auto","background-attachment":"scroll","background-type":"","background-media":"","overlay-type":"","overlay-color":"","overlay-opacity":"","overlay-gradient":""}},"ast-content-background-meta":{"desktop":{"background-color":"var(--ast-global-color-4)","background-image":"","background-repeat":"repeat","background-position":"center center","background-size":"auto","background-attachment":"scroll","background-type":"","background-media":"","overlay-type":"","overlay-color":"","overlay-opacity":"","overlay-gradient":""},"tablet":{"background-color":"var(--ast-global-color-4)","background-image":"","background-repeat":"repeat","background-position":"center center","background-size":"auto","background-attachment":"scroll","background-type":"","background-media":"","overlay-type":"","overlay-color":"","overlay-opacity":"","overlay-gradient":""},"mobile":{"background-color":"var(--ast-global-color-4)","background-image":"","background-repeat":"repeat","background-position":"center center","background-size":"auto","background-attachment":"scroll","background-type":"","background-media":"","overlay-type":"","overlay-color":"","overlay-opacity":"","overlay-gradient":""}},"footnotes":""},"categories":[1],"tags":[],"class_list":["post-94413","post","type-post","status-publish","format-standard","hentry","category-sem-categoria"],"yoast_head":"<!-- This site is optimized with the Yoast SEO plugin v26.6 - https:\/\/yoast.com\/wordpress\/plugins\/seo\/ -->\n<title>C\u00e2mara Municipal d\u00e1 10 dias para SMTT apresentar planilha de custos do transporte - Daniel Matos<\/title>\n<meta name=\"robots\" content=\"index, follow, max-snippet:-1, max-image-preview:large, max-video-preview:-1\" \/>\n<link rel=\"canonical\" href=\"https:\/\/www.blogsoestado.com\/danielmatos\/camara-municipal-da-10-dias-para-smtt-apresentar-planilha-de-custos-do-transporte\/\" \/>\n<meta property=\"og:locale\" content=\"pt_BR\" \/>\n<meta property=\"og:type\" content=\"article\" \/>\n<meta property=\"og:title\" content=\"C\u00e2mara Municipal d\u00e1 10 dias para SMTT apresentar planilha de custos do transporte - Daniel Matos\" \/>\n<meta property=\"og:description\" content=\"No segundo dia da greve do transporte p\u00fablico, vereadores questionaram Diego Baluz, titular da pasta A Secretaria Municipal de Tr\u00e2nsito [&hellip;]\" \/>\n<meta property=\"og:url\" content=\"https:\/\/www.blogsoestado.com\/danielmatos\/camara-municipal-da-10-dias-para-smtt-apresentar-planilha-de-custos-do-transporte\/\" \/>\n<meta property=\"og:site_name\" content=\"Daniel Matos\" \/>\n<meta property=\"article:published_time\" content=\"2022-02-18T09:30:00+00:00\" \/>\n<meta property=\"og:image\" content=\"https:\/\/www.blogsoestado.com\/danielmatos\/files\/2022\/02\/Screenshot_20220218-0051352.png\" \/>\n<meta name=\"twitter:card\" content=\"summary_large_image\" \/>\n<meta name=\"twitter:label1\" content=\"Est. tempo de leitura\" \/>\n\t<meta name=\"twitter:data1\" content=\"7 minutos\" \/>\n<script type=\"application\/ld+json\" class=\"yoast-schema-graph\">{\"@context\":\"https:\/\/schema.org\",\"@graph\":[{\"@type\":\"WebPage\",\"@id\":\"https:\/\/www.blogsoestado.com\/danielmatos\/camara-municipal-da-10-dias-para-smtt-apresentar-planilha-de-custos-do-transporte\/\",\"url\":\"https:\/\/www.blogsoestado.com\/danielmatos\/camara-municipal-da-10-dias-para-smtt-apresentar-planilha-de-custos-do-transporte\/\",\"name\":\"C\u00e2mara Municipal d\u00e1 10 dias para SMTT apresentar planilha de custos do transporte - Daniel Matos\",\"isPartOf\":{\"@id\":\"https:\/\/www.blogsoestado.com\/danielmatos\/#website\"},\"primaryImageOfPage\":{\"@id\":\"https:\/\/www.blogsoestado.com\/danielmatos\/camara-municipal-da-10-dias-para-smtt-apresentar-planilha-de-custos-do-transporte\/#primaryimage\"},\"image\":{\"@id\":\"https:\/\/www.blogsoestado.com\/danielmatos\/camara-municipal-da-10-dias-para-smtt-apresentar-planilha-de-custos-do-transporte\/#primaryimage\"},\"thumbnailUrl\":\"https:\/\/www.blogsoestado.com\/danielmatos\/files\/2022\/02\/Screenshot_20220218-0051352.png\",\"datePublished\":\"2022-02-18T09:30:00+00:00\",\"author\":{\"@id\":\"\"},\"breadcrumb\":{\"@id\":\"https:\/\/www.blogsoestado.com\/danielmatos\/camara-municipal-da-10-dias-para-smtt-apresentar-planilha-de-custos-do-transporte\/#breadcrumb\"},\"inLanguage\":\"pt-BR\",\"potentialAction\":[{\"@type\":\"ReadAction\",\"target\":[\"https:\/\/www.blogsoestado.com\/danielmatos\/camara-municipal-da-10-dias-para-smtt-apresentar-planilha-de-custos-do-transporte\/\"]}]},{\"@type\":\"ImageObject\",\"inLanguage\":\"pt-BR\",\"@id\":\"https:\/\/www.blogsoestado.com\/danielmatos\/camara-municipal-da-10-dias-para-smtt-apresentar-planilha-de-custos-do-transporte\/#primaryimage\",\"url\":\"https:\/\/www.blogsoestado.com\/danielmatos\/files\/2022\/02\/Screenshot_20220218-0051352.png\",\"contentUrl\":\"https:\/\/www.blogsoestado.com\/danielmatos\/files\/2022\/02\/Screenshot_20220218-0051352.png\"},{\"@type\":\"BreadcrumbList\",\"@id\":\"https:\/\/www.blogsoestado.com\/danielmatos\/camara-municipal-da-10-dias-para-smtt-apresentar-planilha-de-custos-do-transporte\/#breadcrumb\",\"itemListElement\":[{\"@type\":\"ListItem\",\"position\":1,\"name\":\"In\u00edcio\",\"item\":\"https:\/\/www.blogsoestado.com\/danielmatos\/\"},{\"@type\":\"ListItem\",\"position\":2,\"name\":\"C\u00e2mara Municipal d\u00e1 10 dias para SMTT apresentar planilha de custos do transporte\"}]},{\"@type\":\"WebSite\",\"@id\":\"https:\/\/www.blogsoestado.com\/danielmatos\/#website\",\"url\":\"https:\/\/www.blogsoestado.com\/danielmatos\/\",\"name\":\"Daniel Matos\",\"description\":\"\",\"potentialAction\":[{\"@type\":\"SearchAction\",\"target\":{\"@type\":\"EntryPoint\",\"urlTemplate\":\"https:\/\/www.blogsoestado.com\/danielmatos\/?s={search_term_string}\"},\"query-input\":{\"@type\":\"PropertyValueSpecification\",\"valueRequired\":true,\"valueName\":\"search_term_string\"}}],\"inLanguage\":\"pt-BR\"}]}<\/script>\n<!-- \/ Yoast SEO plugin. -->","yoast_head_json":{"title":"C\u00e2mara Municipal d\u00e1 10 dias para SMTT apresentar planilha de custos do transporte - Daniel Matos","robots":{"index":"index","follow":"follow","max-snippet":"max-snippet:-1","max-image-preview":"max-image-preview:large","max-video-preview":"max-video-preview:-1"},"canonical":"https:\/\/www.blogsoestado.com\/danielmatos\/camara-municipal-da-10-dias-para-smtt-apresentar-planilha-de-custos-do-transporte\/","og_locale":"pt_BR","og_type":"article","og_title":"C\u00e2mara Municipal d\u00e1 10 dias para SMTT apresentar planilha de custos do transporte - Daniel Matos","og_description":"No segundo dia da greve do transporte p\u00fablico, vereadores questionaram Diego Baluz, titular da pasta A Secretaria Municipal de Tr\u00e2nsito [&hellip;]","og_url":"https:\/\/www.blogsoestado.com\/danielmatos\/camara-municipal-da-10-dias-para-smtt-apresentar-planilha-de-custos-do-transporte\/","og_site_name":"Daniel Matos","article_published_time":"2022-02-18T09:30:00+00:00","og_image":[{"url":"https:\/\/www.blogsoestado.com\/danielmatos\/files\/2022\/02\/Screenshot_20220218-0051352.png","type":"","width":"","height":""}],"twitter_card":"summary_large_image","twitter_misc":{"Est. tempo de leitura":"7 minutos"},"schema":{"@context":"https:\/\/schema.org","@graph":[{"@type":"WebPage","@id":"https:\/\/www.blogsoestado.com\/danielmatos\/camara-municipal-da-10-dias-para-smtt-apresentar-planilha-de-custos-do-transporte\/","url":"https:\/\/www.blogsoestado.com\/danielmatos\/camara-municipal-da-10-dias-para-smtt-apresentar-planilha-de-custos-do-transporte\/","name":"C\u00e2mara Municipal d\u00e1 10 dias para SMTT apresentar planilha de custos do transporte - Daniel Matos","isPartOf":{"@id":"https:\/\/www.blogsoestado.com\/danielmatos\/#website"},"primaryImageOfPage":{"@id":"https:\/\/www.blogsoestado.com\/danielmatos\/camara-municipal-da-10-dias-para-smtt-apresentar-planilha-de-custos-do-transporte\/#primaryimage"},"image":{"@id":"https:\/\/www.blogsoestado.com\/danielmatos\/camara-municipal-da-10-dias-para-smtt-apresentar-planilha-de-custos-do-transporte\/#primaryimage"},"thumbnailUrl":"https:\/\/www.blogsoestado.com\/danielmatos\/files\/2022\/02\/Screenshot_20220218-0051352.png","datePublished":"2022-02-18T09:30:00+00:00","author":{"@id":""},"breadcrumb":{"@id":"https:\/\/www.blogsoestado.com\/danielmatos\/camara-municipal-da-10-dias-para-smtt-apresentar-planilha-de-custos-do-transporte\/#breadcrumb"},"inLanguage":"pt-BR","potentialAction":[{"@type":"ReadAction","target":["https:\/\/www.blogsoestado.com\/danielmatos\/camara-municipal-da-10-dias-para-smtt-apresentar-planilha-de-custos-do-transporte\/"]}]},{"@type":"ImageObject","inLanguage":"pt-BR","@id":"https:\/\/www.blogsoestado.com\/danielmatos\/camara-municipal-da-10-dias-para-smtt-apresentar-planilha-de-custos-do-transporte\/#primaryimage","url":"https:\/\/www.blogsoestado.com\/danielmatos\/files\/2022\/02\/Screenshot_20220218-0051352.png","contentUrl":"https:\/\/www.blogsoestado.com\/danielmatos\/files\/2022\/02\/Screenshot_20220218-0051352.png"},{"@type":"BreadcrumbList","@id":"https:\/\/www.blogsoestado.com\/danielmatos\/camara-municipal-da-10-dias-para-smtt-apresentar-planilha-de-custos-do-transporte\/#breadcrumb","itemListElement":[{"@type":"ListItem","position":1,"name":"In\u00edcio","item":"https:\/\/www.blogsoestado.com\/danielmatos\/"},{"@type":"ListItem","position":2,"name":"C\u00e2mara Municipal d\u00e1 10 dias para SMTT apresentar planilha de custos do transporte"}]},{"@type":"WebSite","@id":"https:\/\/www.blogsoestado.com\/danielmatos\/#website","url":"https:\/\/www.blogsoestado.com\/danielmatos\/","name":"Daniel Matos","description":"","potentialAction":[{"@type":"SearchAction","target":{"@type":"EntryPoint","urlTemplate":"https:\/\/www.blogsoestado.com\/danielmatos\/?s={search_term_string}"},"query-input":{"@type":"PropertyValueSpecification","valueRequired":true,"valueName":"search_term_string"}}],"inLanguage":"pt-BR"}]}},"jetpack_featured_media_url":"","_links":{"self":[{"href":"https:\/\/www.blogsoestado.com\/danielmatos\/wp-json\/wp\/v2\/posts\/94413","targetHints":{"allow":["GET"]}}],"collection":[{"href":"https:\/\/www.blogsoestado.com\/danielmatos\/wp-json\/wp\/v2\/posts"}],"about":[{"href":"https:\/\/www.blogsoestado.com\/danielmatos\/wp-json\/wp\/v2\/types\/post"}],"replies":[{"embeddable":true,"href":"https:\/\/www.blogsoestado.com\/danielmatos\/wp-json\/wp\/v2\/comments?post=94413"}],"version-history":[{"count":0,"href":"https:\/\/www.blogsoestado.com\/danielmatos\/wp-json\/wp\/v2\/posts\/94413\/revisions"}],"wp:attachment":[{"href":"https:\/\/www.blogsoestado.com\/danielmatos\/wp-json\/wp\/v2\/media?parent=94413"}],"wp:term":[{"taxonomy":"category","embeddable":true,"href":"https:\/\/www.blogsoestado.com\/danielmatos\/wp-json\/wp\/v2\/categories?post=94413"},{"taxonomy":"post_tag","embeddable":true,"href":"https:\/\/www.blogsoestado.com\/danielmatos\/wp-json\/wp\/v2\/tags?post=94413"}],"curies":[{"name":"wp","href":"https:\/\/api.w.org\/{rel}","templated":true}]}}