{"id":94424,"date":"2022-02-18T13:35:27","date_gmt":"2022-02-18T16:35:27","guid":{"rendered":"https:\/\/www.blogsoestado.com\/danielmatos\/?p=94424"},"modified":"2022-02-18T13:35:27","modified_gmt":"2022-02-18T16:35:27","slug":"baile-da-alvorada-anima-a-manha-de-domingo-magro-no-centro-historico","status":"publish","type":"post","link":"https:\/\/www.blogsoestado.com\/danielmatos\/baile-da-alvorada-anima-a-manha-de-domingo-magro-no-centro-historico\/","title":{"rendered":"Baile da Alvorada anima a manh\u00e3 de domingo magro no Centro Hist\u00f3rico"},"content":{"rendered":"\n<div class=\"wp-block-image\"><figure class=\"aligncenter size-large\"><a href=\"https:\/\/www.blogsoestado.com\/danielmatos\/files\/2022\/02\/Screenshot_20220218-1329062.png\"><img decoding=\"async\" src=\"https:\/\/www.blogsoestado.com\/danielmatos\/files\/2022\/02\/Screenshot_20220218-1329062.png\" alt=\"\" class=\"wp-image-94425\"\/><\/a><\/figure><\/div>\n\n\n\n<p>Um Baile pra chamar de seu\u2026Tomar aquele caf\u00e9 da manh\u00e3 num quintal de um casar\u00e3o do Centro Hist\u00f3rico ouvindo vinis com marchinhas, choro, samba e muitos cl\u00e1ssicos da M\u00fasica Brasileira\u2026Assim vai come\u00e7ar o Baile da Alvorada neste domingo magro de Carnaval, dia 20 de fevereiro, \u00e0s 7h da manh\u00e3, no Reviver Hostel.<\/p>\n\n\n\n<p>O Baile da Alvorada surgiu a partir da ideia original Alvorada \u2013 Paisagens e Mem\u00f3rias Sonoras, um programa que acontece no amanhecer de todos os domingos, pelas redes sociais. Foi criado pela jornalista Vanessa Serra que em maio de 2020, durante o lockdown, teve o intuito de reunir pessoas com gostos afins, atrav\u00e9s da mem\u00f3ria musical afetiva de cada um; saudando a tradi\u00e7\u00e3o dos folguedos populares e a \u00e9poca de ouro da produ\u00e7\u00e3o fonogr\u00e1fica brasileira, discotecando em set 100% vinil.<\/p>\n\n\n\n<p>O Baile da Alvorada vem celebrar esse encontro entre amigos, o fortalecimento e a uni\u00e3o das fam\u00edlias em torno da M\u00fasica. \u00c9 um evento de pequeno porte, direcionado a esse p\u00fablico, reunindo as gera\u00e7\u00f5es. O DJ Jorge Choairy tamb\u00e9m vai compor essa matin\u00ea com sua presen\u00e7a indefect\u00edvel que se soma ao repert\u00f3rio de tem\u00e1ticas variadas, do vinil ao digital. Intercalando a discotecagem, para garantir a maior curti\u00e7\u00e3o e o efeito surpresa, vai ter tamb\u00e9m uma charanga fazendo aquele som, ao vivo, e puxar o cord\u00e3o dos foli\u00f5es.<\/p>\n\n\n\n<p>A inspira\u00e7\u00e3o dos antigos carnavais vai receber uma leitura contempor\u00e2nea, a mem\u00f3ria afetiva estar\u00e1 em tempo presente, mas de uma forma bem original, haja vista, a singularidade da iniciativa, o feeling e a versatilidade dos DJs que dar\u00e3o o tom desse movimento. Eles est\u00e3o acostumados a escolher a trilha sonora perfeita para qualquer ocasi\u00e3o. A cada duas horas, a discotecagem vai receber uma tem\u00e1tica diferente, seguindo o baile tem a Turma do Funil, Banho Cheiroso, O Samba \u00e9 Bom (com destaque \u00e0s m\u00fasicas maranhenses) e Aurora\u2026<\/p>\n\n\n\n<p>Vanessa e Choairy s\u00e3o jornalistas, e enveredaram atrav\u00e9s de suas pesquisas musicais ao universo da discotecagem, pontuando suas personalidades no mercado local. J\u00e1 consagrado, Jorge Choairy tem mais tempo de estrada, marcou toda uma gera\u00e7\u00e3o e Vanessa vem protagonizando a cena como entusiasta na cultura do vinil h\u00e1 05 anos.<br>Eles j\u00e1 realizaram juntos uma edi\u00e7\u00e3o da Alvorada, no ano passado, em Atins \u2013 Maranh\u00e3o.<\/p>\n\n\n\n<p>Nessa edi\u00e7\u00e3o do Baile haver\u00e1 muita coisa boa para ouvir e dan\u00e7ar. Durante o caf\u00e9 da manh\u00e3, cl\u00e1ssicos de Altamiro Carrilho, Noel Rosa, Pixinguinha, Cartola, Carmem Miranda, Nelson Cavaquinho, Tom Jobim, Chico Buarque, Ivone Lara, Jamel\u00e3o, Ant\u00f4nio Vieira, Crist\u00f3v\u00e3o Al\u00f4 Brasil\u2026 Ritmos de gafieira, samba-exalta\u00e7\u00e3o, choros, marchinhas, tudo no vinil, depois segue no digital com o som tropicalista, ax\u00e9 baiano, m\u00fasicas regionais, pagode, samba-enredo, frevo, maracatu, afox\u00e9, lambadas, salsas, carimb\u00f3, cacuri\u00e1, finalizando com vers\u00f5es musicais na pegada eletr\u00f4nica at\u00e9 \u00e0s 18h.<\/p>\n\n\n\n<p>\u00c9 pra reunir os amigos para aproveitar o Baile no domingo, cedo, com aquele som quente e diferente embalando um bate-papo at\u00e9 pular no sal\u00e3o, com muito confete e serpentina. \u201cAs expectativas s\u00e3o as melhores poss\u00edveis, \u00e9 importante garantir ao p\u00fablico uma seguran\u00e7a e conforto. Temos um investimento e exig\u00eancias de protocolo a cumprir, tudo ser\u00e1 feito com muito carinho, para a alegria e divers\u00e3o de todos\u201d, observa Vanessa.<\/p>\n\n\n\n<p>\u201cEu sempre me emociono na Alvorada, \u00e9 um encontro fiel entre as pessoas; a iniciativa \u00e9 plural e o domingo \u00e9 todo nosso!\u201d, diz Jorge Choairy.<\/p>\n\n\n\n<p>A programa\u00e7\u00e3o inclui ainda o lan\u00e7amento do estandarte da Alvorada, produzido pela grife Grita Cux\u00e1. O local vai oferecer todo o servi\u00e7o de bar e restaurante, com petiscos variados e durante o almo\u00e7o haver\u00e1 buffet de feijoada e mocot\u00f3, com valores promocionais.<\/p>\n\n\n\n<p>O Baile da Alvorada \u2013 Vai com Jeito! Ser\u00e1 a \u00fanica matin\u00ea da Ilha! Neste domingo, 20, come\u00e7a 7h da manh\u00e3 at\u00e9 as 18h. Protocolo de sa\u00fade exigido. Ingressos limitados, \u00e0 venda no <a href=\"https:\/\/www.revivereventos.com.br\/\">www.reviverhostel.com.br<\/a>, individual R$ 30, R$ 50 (com caf\u00e9 da manh\u00e3).<\/p>\n\n\n\n<p><strong>SERVI\u00c7O:<\/strong><\/p>\n\n\n\n<p>Baile da Alvorada \u2013 Vai com jeito!<br>Domingo magro de Carnaval, 20 de fevereiro. 07h \u00e0s 18h.<br>Charanga e DJs Vanessa Serra &amp; Jorge Choairy.<br>Sonoriza\u00e7\u00e3o: Capella Sound System<br>Local: Reviver Hostel \u2013 Centro Hist\u00f3rico.<br>Ingressos \u00e0 venda no www.reviverhostel.com.br. (Individual R$ 30, R$ 50 com caf\u00e9 da manh\u00e3).<\/p>\n","protected":false},"excerpt":{"rendered":"<p>Um Baile pra chamar de seu\u2026Tomar aquele caf\u00e9 da manh\u00e3 num quintal de um casar\u00e3o do Centro Hist\u00f3rico ouvindo vinis [&hellip;]<\/p>\n","protected":false},"author":0,"featured_media":0,"comment_status":"open","ping_status":"open","sticky":false,"template":"","format":"standard","meta":{"site-sidebar-layout":"default","site-content-layout":"","ast-site-content-layout":"default","site-content-style":"default","site-sidebar-style":"default","ast-global-header-display":"","ast-banner-title-visibility":"","ast-main-header-display":"","ast-hfb-above-header-display":"","ast-hfb-below-header-display":"","ast-hfb-mobile-header-display":"","site-post-title":"","ast-breadcrumbs-content":"","ast-featured-img":"","footer-sml-layout":"","ast-disable-related-posts":"","theme-transparent-header-meta":"","adv-header-id-meta":"","stick-header-meta":"","header-above-stick-meta":"","header-main-stick-meta":"","header-below-stick-meta":"","astra-migrate-meta-layouts":"default","ast-page-background-enabled":"default","ast-page-background-meta":{"desktop":{"background-color":"var(--ast-global-color-5)","background-image":"","background-repeat":"repeat","background-position":"center center","background-size":"auto","background-attachment":"scroll","background-type":"","background-media":"","overlay-type":"","overlay-color":"","overlay-opacity":"","overlay-gradient":""},"tablet":{"background-color":"","background-image":"","background-repeat":"repeat","background-position":"center center","background-size":"auto","background-attachment":"scroll","background-type":"","background-media":"","overlay-type":"","overlay-color":"","overlay-opacity":"","overlay-gradient":""},"mobile":{"background-color":"","background-image":"","background-repeat":"repeat","background-position":"center center","background-size":"auto","background-attachment":"scroll","background-type":"","background-media":"","overlay-type":"","overlay-color":"","overlay-opacity":"","overlay-gradient":""}},"ast-content-background-meta":{"desktop":{"background-color":"var(--ast-global-color-4)","background-image":"","background-repeat":"repeat","background-position":"center center","background-size":"auto","background-attachment":"scroll","background-type":"","background-media":"","overlay-type":"","overlay-color":"","overlay-opacity":"","overlay-gradient":""},"tablet":{"background-color":"var(--ast-global-color-4)","background-image":"","background-repeat":"repeat","background-position":"center center","background-size":"auto","background-attachment":"scroll","background-type":"","background-media":"","overlay-type":"","overlay-color":"","overlay-opacity":"","overlay-gradient":""},"mobile":{"background-color":"var(--ast-global-color-4)","background-image":"","background-repeat":"repeat","background-position":"center center","background-size":"auto","background-attachment":"scroll","background-type":"","background-media":"","overlay-type":"","overlay-color":"","overlay-opacity":"","overlay-gradient":""}},"footnotes":""},"categories":[1],"tags":[],"class_list":["post-94424","post","type-post","status-publish","format-standard","hentry","category-sem-categoria"],"yoast_head":"<!-- This site is optimized with the Yoast SEO plugin v26.6 - https:\/\/yoast.com\/wordpress\/plugins\/seo\/ -->\n<title>Baile da Alvorada anima a manh\u00e3 de domingo magro no Centro Hist\u00f3rico - Daniel Matos<\/title>\n<meta name=\"robots\" content=\"index, follow, max-snippet:-1, max-image-preview:large, max-video-preview:-1\" \/>\n<link rel=\"canonical\" href=\"https:\/\/www.blogsoestado.com\/danielmatos\/baile-da-alvorada-anima-a-manha-de-domingo-magro-no-centro-historico\/\" \/>\n<meta property=\"og:locale\" content=\"pt_BR\" \/>\n<meta property=\"og:type\" content=\"article\" \/>\n<meta property=\"og:title\" content=\"Baile da Alvorada anima a manh\u00e3 de domingo magro no Centro Hist\u00f3rico - Daniel Matos\" \/>\n<meta property=\"og:description\" content=\"Um Baile pra chamar de seu\u2026Tomar aquele caf\u00e9 da manh\u00e3 num quintal de um casar\u00e3o do Centro Hist\u00f3rico ouvindo vinis [&hellip;]\" \/>\n<meta property=\"og:url\" content=\"https:\/\/www.blogsoestado.com\/danielmatos\/baile-da-alvorada-anima-a-manha-de-domingo-magro-no-centro-historico\/\" \/>\n<meta property=\"og:site_name\" content=\"Daniel Matos\" \/>\n<meta property=\"article:published_time\" content=\"2022-02-18T16:35:27+00:00\" \/>\n<meta property=\"og:image\" content=\"https:\/\/www.blogsoestado.com\/danielmatos\/files\/2022\/02\/Screenshot_20220218-1329062.png\" \/>\n<meta name=\"twitter:card\" content=\"summary_large_image\" \/>\n<meta name=\"twitter:label1\" content=\"Est. tempo de leitura\" \/>\n\t<meta name=\"twitter:data1\" content=\"4 minutos\" \/>\n<script type=\"application\/ld+json\" class=\"yoast-schema-graph\">{\"@context\":\"https:\/\/schema.org\",\"@graph\":[{\"@type\":\"WebPage\",\"@id\":\"https:\/\/www.blogsoestado.com\/danielmatos\/baile-da-alvorada-anima-a-manha-de-domingo-magro-no-centro-historico\/\",\"url\":\"https:\/\/www.blogsoestado.com\/danielmatos\/baile-da-alvorada-anima-a-manha-de-domingo-magro-no-centro-historico\/\",\"name\":\"Baile da Alvorada anima a manh\u00e3 de domingo magro no Centro Hist\u00f3rico - Daniel Matos\",\"isPartOf\":{\"@id\":\"https:\/\/www.blogsoestado.com\/danielmatos\/#website\"},\"primaryImageOfPage\":{\"@id\":\"https:\/\/www.blogsoestado.com\/danielmatos\/baile-da-alvorada-anima-a-manha-de-domingo-magro-no-centro-historico\/#primaryimage\"},\"image\":{\"@id\":\"https:\/\/www.blogsoestado.com\/danielmatos\/baile-da-alvorada-anima-a-manha-de-domingo-magro-no-centro-historico\/#primaryimage\"},\"thumbnailUrl\":\"https:\/\/www.blogsoestado.com\/danielmatos\/files\/2022\/02\/Screenshot_20220218-1329062.png\",\"datePublished\":\"2022-02-18T16:35:27+00:00\",\"author\":{\"@id\":\"\"},\"breadcrumb\":{\"@id\":\"https:\/\/www.blogsoestado.com\/danielmatos\/baile-da-alvorada-anima-a-manha-de-domingo-magro-no-centro-historico\/#breadcrumb\"},\"inLanguage\":\"pt-BR\",\"potentialAction\":[{\"@type\":\"ReadAction\",\"target\":[\"https:\/\/www.blogsoestado.com\/danielmatos\/baile-da-alvorada-anima-a-manha-de-domingo-magro-no-centro-historico\/\"]}]},{\"@type\":\"ImageObject\",\"inLanguage\":\"pt-BR\",\"@id\":\"https:\/\/www.blogsoestado.com\/danielmatos\/baile-da-alvorada-anima-a-manha-de-domingo-magro-no-centro-historico\/#primaryimage\",\"url\":\"https:\/\/www.blogsoestado.com\/danielmatos\/files\/2022\/02\/Screenshot_20220218-1329062.png\",\"contentUrl\":\"https:\/\/www.blogsoestado.com\/danielmatos\/files\/2022\/02\/Screenshot_20220218-1329062.png\"},{\"@type\":\"BreadcrumbList\",\"@id\":\"https:\/\/www.blogsoestado.com\/danielmatos\/baile-da-alvorada-anima-a-manha-de-domingo-magro-no-centro-historico\/#breadcrumb\",\"itemListElement\":[{\"@type\":\"ListItem\",\"position\":1,\"name\":\"In\u00edcio\",\"item\":\"https:\/\/www.blogsoestado.com\/danielmatos\/\"},{\"@type\":\"ListItem\",\"position\":2,\"name\":\"Baile da Alvorada anima a manh\u00e3 de domingo magro no Centro Hist\u00f3rico\"}]},{\"@type\":\"WebSite\",\"@id\":\"https:\/\/www.blogsoestado.com\/danielmatos\/#website\",\"url\":\"https:\/\/www.blogsoestado.com\/danielmatos\/\",\"name\":\"Daniel Matos\",\"description\":\"\",\"potentialAction\":[{\"@type\":\"SearchAction\",\"target\":{\"@type\":\"EntryPoint\",\"urlTemplate\":\"https:\/\/www.blogsoestado.com\/danielmatos\/?s={search_term_string}\"},\"query-input\":{\"@type\":\"PropertyValueSpecification\",\"valueRequired\":true,\"valueName\":\"search_term_string\"}}],\"inLanguage\":\"pt-BR\"}]}<\/script>\n<!-- \/ Yoast SEO plugin. -->","yoast_head_json":{"title":"Baile da Alvorada anima a manh\u00e3 de domingo magro no Centro Hist\u00f3rico - Daniel Matos","robots":{"index":"index","follow":"follow","max-snippet":"max-snippet:-1","max-image-preview":"max-image-preview:large","max-video-preview":"max-video-preview:-1"},"canonical":"https:\/\/www.blogsoestado.com\/danielmatos\/baile-da-alvorada-anima-a-manha-de-domingo-magro-no-centro-historico\/","og_locale":"pt_BR","og_type":"article","og_title":"Baile da Alvorada anima a manh\u00e3 de domingo magro no Centro Hist\u00f3rico - Daniel Matos","og_description":"Um Baile pra chamar de seu\u2026Tomar aquele caf\u00e9 da manh\u00e3 num quintal de um casar\u00e3o do Centro Hist\u00f3rico ouvindo vinis [&hellip;]","og_url":"https:\/\/www.blogsoestado.com\/danielmatos\/baile-da-alvorada-anima-a-manha-de-domingo-magro-no-centro-historico\/","og_site_name":"Daniel Matos","article_published_time":"2022-02-18T16:35:27+00:00","og_image":[{"url":"https:\/\/www.blogsoestado.com\/danielmatos\/files\/2022\/02\/Screenshot_20220218-1329062.png","type":"","width":"","height":""}],"twitter_card":"summary_large_image","twitter_misc":{"Est. tempo de leitura":"4 minutos"},"schema":{"@context":"https:\/\/schema.org","@graph":[{"@type":"WebPage","@id":"https:\/\/www.blogsoestado.com\/danielmatos\/baile-da-alvorada-anima-a-manha-de-domingo-magro-no-centro-historico\/","url":"https:\/\/www.blogsoestado.com\/danielmatos\/baile-da-alvorada-anima-a-manha-de-domingo-magro-no-centro-historico\/","name":"Baile da Alvorada anima a manh\u00e3 de domingo magro no Centro Hist\u00f3rico - Daniel Matos","isPartOf":{"@id":"https:\/\/www.blogsoestado.com\/danielmatos\/#website"},"primaryImageOfPage":{"@id":"https:\/\/www.blogsoestado.com\/danielmatos\/baile-da-alvorada-anima-a-manha-de-domingo-magro-no-centro-historico\/#primaryimage"},"image":{"@id":"https:\/\/www.blogsoestado.com\/danielmatos\/baile-da-alvorada-anima-a-manha-de-domingo-magro-no-centro-historico\/#primaryimage"},"thumbnailUrl":"https:\/\/www.blogsoestado.com\/danielmatos\/files\/2022\/02\/Screenshot_20220218-1329062.png","datePublished":"2022-02-18T16:35:27+00:00","author":{"@id":""},"breadcrumb":{"@id":"https:\/\/www.blogsoestado.com\/danielmatos\/baile-da-alvorada-anima-a-manha-de-domingo-magro-no-centro-historico\/#breadcrumb"},"inLanguage":"pt-BR","potentialAction":[{"@type":"ReadAction","target":["https:\/\/www.blogsoestado.com\/danielmatos\/baile-da-alvorada-anima-a-manha-de-domingo-magro-no-centro-historico\/"]}]},{"@type":"ImageObject","inLanguage":"pt-BR","@id":"https:\/\/www.blogsoestado.com\/danielmatos\/baile-da-alvorada-anima-a-manha-de-domingo-magro-no-centro-historico\/#primaryimage","url":"https:\/\/www.blogsoestado.com\/danielmatos\/files\/2022\/02\/Screenshot_20220218-1329062.png","contentUrl":"https:\/\/www.blogsoestado.com\/danielmatos\/files\/2022\/02\/Screenshot_20220218-1329062.png"},{"@type":"BreadcrumbList","@id":"https:\/\/www.blogsoestado.com\/danielmatos\/baile-da-alvorada-anima-a-manha-de-domingo-magro-no-centro-historico\/#breadcrumb","itemListElement":[{"@type":"ListItem","position":1,"name":"In\u00edcio","item":"https:\/\/www.blogsoestado.com\/danielmatos\/"},{"@type":"ListItem","position":2,"name":"Baile da Alvorada anima a manh\u00e3 de domingo magro no Centro Hist\u00f3rico"}]},{"@type":"WebSite","@id":"https:\/\/www.blogsoestado.com\/danielmatos\/#website","url":"https:\/\/www.blogsoestado.com\/danielmatos\/","name":"Daniel Matos","description":"","potentialAction":[{"@type":"SearchAction","target":{"@type":"EntryPoint","urlTemplate":"https:\/\/www.blogsoestado.com\/danielmatos\/?s={search_term_string}"},"query-input":{"@type":"PropertyValueSpecification","valueRequired":true,"valueName":"search_term_string"}}],"inLanguage":"pt-BR"}]}},"jetpack_featured_media_url":"","_links":{"self":[{"href":"https:\/\/www.blogsoestado.com\/danielmatos\/wp-json\/wp\/v2\/posts\/94424","targetHints":{"allow":["GET"]}}],"collection":[{"href":"https:\/\/www.blogsoestado.com\/danielmatos\/wp-json\/wp\/v2\/posts"}],"about":[{"href":"https:\/\/www.blogsoestado.com\/danielmatos\/wp-json\/wp\/v2\/types\/post"}],"replies":[{"embeddable":true,"href":"https:\/\/www.blogsoestado.com\/danielmatos\/wp-json\/wp\/v2\/comments?post=94424"}],"version-history":[{"count":0,"href":"https:\/\/www.blogsoestado.com\/danielmatos\/wp-json\/wp\/v2\/posts\/94424\/revisions"}],"wp:attachment":[{"href":"https:\/\/www.blogsoestado.com\/danielmatos\/wp-json\/wp\/v2\/media?parent=94424"}],"wp:term":[{"taxonomy":"category","embeddable":true,"href":"https:\/\/www.blogsoestado.com\/danielmatos\/wp-json\/wp\/v2\/categories?post=94424"},{"taxonomy":"post_tag","embeddable":true,"href":"https:\/\/www.blogsoestado.com\/danielmatos\/wp-json\/wp\/v2\/tags?post=94424"}],"curies":[{"name":"wp","href":"https:\/\/api.w.org\/{rel}","templated":true}]}}