{"id":94427,"date":"2022-02-18T14:24:12","date_gmt":"2022-02-18T17:24:12","guid":{"rendered":"https:\/\/www.blogsoestado.com\/danielmatos\/?p=94427"},"modified":"2022-02-18T14:24:12","modified_gmt":"2022-02-18T17:24:12","slug":"juiz-nega-reajuste-da-tarifa-de-onibus-mas-determina-pericia-no-contrato-da-licitacao-do-transporte","status":"publish","type":"post","link":"https:\/\/www.blogsoestado.com\/danielmatos\/juiz-nega-reajuste-da-tarifa-de-onibus-mas-determina-pericia-no-contrato-da-licitacao-do-transporte\/","title":{"rendered":"Juiz nega reajuste da  tarifa de \u00f4nibus, mas determina per\u00edcia no contrato da licita\u00e7\u00e3o do transporte"},"content":{"rendered":"\n<div class=\"wp-block-image\"><figure class=\"aligncenter size-large\"><a href=\"https:\/\/www.blogsoestado.com\/danielmatos\/files\/2022\/02\/Screenshot_20220218-1420202.png\"><img decoding=\"async\" src=\"https:\/\/www.blogsoestado.com\/danielmatos\/files\/2022\/02\/Screenshot_20220218-1420202.png\" alt=\"\" class=\"wp-image-94428\"\/><\/a><figcaption>O juiz vai indicar nome para realizar a per\u00edcia.cont\u00e1bil do contrato de presta\u00e7\u00e3o do servi\u00e7o de transporte p\u00fablico na capital<\/figcaption><\/figure><\/div>\n\n\n\n<p>O juiz titular da Vara de Interesses Difusos e Coletivos, Douglas de Melo Martins, indeferiu pedidos do Sindicado das Empresas de\u00a0Transporte de Passageiros de S\u00e3o Lu\u00eds\u00a0(SET) em rela\u00e7\u00e3o ao\u00a0contrato de\u00a0presta\u00e7\u00e3o do servi\u00e7o de transporte coletivo. Por outro lado, o magistrado acolheu solicita\u00e7\u00e3o feita tanto pela entidade patronal,. quanto pela prefeitura para que seja realizada a per\u00edcia cont\u00e1bil do contrato referente \u00e0 licita\u00e7\u00e3o do servi\u00e7o, em vigor desde 2017.<\/p>\n\n\n\n<p>O autor da a\u00e7\u00e3o pediu que o Munic\u00edpio\u00a0apresentasse os documentos que comprovem o valor do combust\u00edvel e do custo de m\u00e3o de obra. Tamb\u00e9m requereu\u00a0que fosse\u00a0determinado \u00e0 Prefeitura implementar, imediatamente, o reajuste da tarifa do transporte.<\/p>\n\n\n\n<p>\u201cN\u00e3o cabe, neste momento, interven\u00e7\u00e3o do Poder Judici\u00e1rio nas op\u00e7\u00f5es pol\u00edticas que cabem ao prefeito municipal. Dentre as op\u00e7\u00f5es, a escolhida at\u00e9 agora tem sido de subsidiar com recursos p\u00fablicos. Se essa op\u00e7\u00e3o \u00e9 correta ou n\u00e3o, n\u00e3o cabe ao Poder Judici\u00e1rio interferir\u201d, afirmou o magistrado, na decis\u00e3o.<\/p>\n\n\n\n<p>O SET pediu, com urg\u00eancia, que o munic\u00edpio de S\u00e3o Lu\u00eds apresente os documentos que comprovem o valor do combust\u00edvel (notas fiscais do \u00f3leo diesel) e do custo de m\u00e3o de obra (incluindo os custos com plano de sa\u00fade e demais encargos previstos na Conven\u00e7\u00e3o Coletiva de Trabalho). A entidade sindical tamb\u00e9m requereu que fosse determinado \u00e0 Prefeitura implementar, imediatamente, o reajuste da tarifa de contrato que, segundo a entidade, \u00e9 omissa desde o ano 2019 em rela\u00e7\u00e3o ao cumprimento da previs\u00e3o contratual.<\/p>\n\n\n\n<p>Na decis\u00e3o, o juiz destacou que \u201cneste momento de negocia\u00e7\u00f5es entre o Munic\u00edpio, empres\u00e1rios e empregados sobre as melhores op\u00e7\u00f5es para garantir o equil\u00edbrio econ\u00f4mico e financeiro dos contratos deve ser op\u00e7\u00e3o da Administra\u00e7\u00e3o P\u00fablica. Se o prefeito o faz pela via de subs\u00eddio, medidas administrativas que reduzam custos ou eleva\u00e7\u00e3o de passagens, \u00e9 algo que cabe ao gestor municipal decidir\u201d.<\/p>\n\n\n\n<p>Douglas de Melo Martins disse que a interfer\u00eancia do Judici\u00e1rio somente \u00e9 aceit\u00e1vel quando o gestor n\u00e3o promove a pol\u00edtica p\u00fablica, n\u00e3o quando o juiz discorda da op\u00e7\u00e3o feita pelo gestor. Afirmou, ainda, que o juiz n\u00e3o possui a legitimidade para tais escolhas.<\/p>\n\n\n\n<p><strong>Per\u00edcia<\/strong><\/p>\n\n\n\n<p>O Munic\u00edpio e o SET pediram que fosse realizada per\u00edcia cont\u00e1bil no contrato de concess\u00e3o de\u00a0presta\u00e7\u00e3o do servi\u00e7o de transporte coletivo de S\u00e3o Lu\u00eds. O juiz vai nomear perito para realiza\u00e7\u00e3o da per\u00edcia.<\/p>\n","protected":false},"excerpt":{"rendered":"<p>O juiz titular da Vara de Interesses Difusos e Coletivos, Douglas de Melo Martins, indeferiu pedidos do Sindicado das Empresas [&hellip;]<\/p>\n","protected":false},"author":0,"featured_media":0,"comment_status":"open","ping_status":"open","sticky":false,"template":"","format":"standard","meta":{"site-sidebar-layout":"default","site-content-layout":"","ast-site-content-layout":"default","site-content-style":"default","site-sidebar-style":"default","ast-global-header-display":"","ast-banner-title-visibility":"","ast-main-header-display":"","ast-hfb-above-header-display":"","ast-hfb-below-header-display":"","ast-hfb-mobile-header-display":"","site-post-title":"","ast-breadcrumbs-content":"","ast-featured-img":"","footer-sml-layout":"","ast-disable-related-posts":"","theme-transparent-header-meta":"","adv-header-id-meta":"","stick-header-meta":"","header-above-stick-meta":"","header-main-stick-meta":"","header-below-stick-meta":"","astra-migrate-meta-layouts":"default","ast-page-background-enabled":"default","ast-page-background-meta":{"desktop":{"background-color":"var(--ast-global-color-5)","background-image":"","background-repeat":"repeat","background-position":"center center","background-size":"auto","background-attachment":"scroll","background-type":"","background-media":"","overlay-type":"","overlay-color":"","overlay-opacity":"","overlay-gradient":""},"tablet":{"background-color":"","background-image":"","background-repeat":"repeat","background-position":"center center","background-size":"auto","background-attachment":"scroll","background-type":"","background-media":"","overlay-type":"","overlay-color":"","overlay-opacity":"","overlay-gradient":""},"mobile":{"background-color":"","background-image":"","background-repeat":"repeat","background-position":"center center","background-size":"auto","background-attachment":"scroll","background-type":"","background-media":"","overlay-type":"","overlay-color":"","overlay-opacity":"","overlay-gradient":""}},"ast-content-background-meta":{"desktop":{"background-color":"var(--ast-global-color-4)","background-image":"","background-repeat":"repeat","background-position":"center center","background-size":"auto","background-attachment":"scroll","background-type":"","background-media":"","overlay-type":"","overlay-color":"","overlay-opacity":"","overlay-gradient":""},"tablet":{"background-color":"var(--ast-global-color-4)","background-image":"","background-repeat":"repeat","background-position":"center center","background-size":"auto","background-attachment":"scroll","background-type":"","background-media":"","overlay-type":"","overlay-color":"","overlay-opacity":"","overlay-gradient":""},"mobile":{"background-color":"var(--ast-global-color-4)","background-image":"","background-repeat":"repeat","background-position":"center center","background-size":"auto","background-attachment":"scroll","background-type":"","background-media":"","overlay-type":"","overlay-color":"","overlay-opacity":"","overlay-gradient":""}},"footnotes":""},"categories":[1],"tags":[],"class_list":["post-94427","post","type-post","status-publish","format-standard","hentry","category-sem-categoria"],"yoast_head":"<!-- This site is optimized with the Yoast SEO plugin v26.6 - https:\/\/yoast.com\/wordpress\/plugins\/seo\/ -->\n<title>Juiz nega reajuste da tarifa de \u00f4nibus, mas determina per\u00edcia no contrato da licita\u00e7\u00e3o do transporte - Daniel Matos<\/title>\n<meta name=\"robots\" content=\"index, follow, max-snippet:-1, max-image-preview:large, max-video-preview:-1\" \/>\n<link rel=\"canonical\" href=\"https:\/\/www.blogsoestado.com\/danielmatos\/juiz-nega-reajuste-da-tarifa-de-onibus-mas-determina-pericia-no-contrato-da-licitacao-do-transporte\/\" \/>\n<meta property=\"og:locale\" content=\"pt_BR\" \/>\n<meta property=\"og:type\" content=\"article\" \/>\n<meta property=\"og:title\" content=\"Juiz nega reajuste da tarifa de \u00f4nibus, mas determina per\u00edcia no contrato da licita\u00e7\u00e3o do transporte - Daniel Matos\" \/>\n<meta property=\"og:description\" content=\"O juiz titular da Vara de Interesses Difusos e Coletivos, Douglas de Melo Martins, indeferiu pedidos do Sindicado das Empresas [&hellip;]\" \/>\n<meta property=\"og:url\" content=\"https:\/\/www.blogsoestado.com\/danielmatos\/juiz-nega-reajuste-da-tarifa-de-onibus-mas-determina-pericia-no-contrato-da-licitacao-do-transporte\/\" \/>\n<meta property=\"og:site_name\" content=\"Daniel Matos\" \/>\n<meta property=\"article:published_time\" content=\"2022-02-18T17:24:12+00:00\" \/>\n<meta property=\"og:image\" content=\"https:\/\/www.blogsoestado.com\/danielmatos\/files\/2022\/02\/Screenshot_20220218-1420202.png\" \/>\n<meta name=\"twitter:card\" content=\"summary_large_image\" \/>\n<meta name=\"twitter:label1\" content=\"Est. tempo de leitura\" \/>\n\t<meta name=\"twitter:data1\" content=\"2 minutos\" \/>\n<script type=\"application\/ld+json\" class=\"yoast-schema-graph\">{\"@context\":\"https:\/\/schema.org\",\"@graph\":[{\"@type\":\"WebPage\",\"@id\":\"https:\/\/www.blogsoestado.com\/danielmatos\/juiz-nega-reajuste-da-tarifa-de-onibus-mas-determina-pericia-no-contrato-da-licitacao-do-transporte\/\",\"url\":\"https:\/\/www.blogsoestado.com\/danielmatos\/juiz-nega-reajuste-da-tarifa-de-onibus-mas-determina-pericia-no-contrato-da-licitacao-do-transporte\/\",\"name\":\"Juiz nega reajuste da tarifa de \u00f4nibus, mas determina per\u00edcia no contrato da licita\u00e7\u00e3o do transporte - Daniel Matos\",\"isPartOf\":{\"@id\":\"https:\/\/www.blogsoestado.com\/danielmatos\/#website\"},\"primaryImageOfPage\":{\"@id\":\"https:\/\/www.blogsoestado.com\/danielmatos\/juiz-nega-reajuste-da-tarifa-de-onibus-mas-determina-pericia-no-contrato-da-licitacao-do-transporte\/#primaryimage\"},\"image\":{\"@id\":\"https:\/\/www.blogsoestado.com\/danielmatos\/juiz-nega-reajuste-da-tarifa-de-onibus-mas-determina-pericia-no-contrato-da-licitacao-do-transporte\/#primaryimage\"},\"thumbnailUrl\":\"https:\/\/www.blogsoestado.com\/danielmatos\/files\/2022\/02\/Screenshot_20220218-1420202.png\",\"datePublished\":\"2022-02-18T17:24:12+00:00\",\"author\":{\"@id\":\"\"},\"breadcrumb\":{\"@id\":\"https:\/\/www.blogsoestado.com\/danielmatos\/juiz-nega-reajuste-da-tarifa-de-onibus-mas-determina-pericia-no-contrato-da-licitacao-do-transporte\/#breadcrumb\"},\"inLanguage\":\"pt-BR\",\"potentialAction\":[{\"@type\":\"ReadAction\",\"target\":[\"https:\/\/www.blogsoestado.com\/danielmatos\/juiz-nega-reajuste-da-tarifa-de-onibus-mas-determina-pericia-no-contrato-da-licitacao-do-transporte\/\"]}]},{\"@type\":\"ImageObject\",\"inLanguage\":\"pt-BR\",\"@id\":\"https:\/\/www.blogsoestado.com\/danielmatos\/juiz-nega-reajuste-da-tarifa-de-onibus-mas-determina-pericia-no-contrato-da-licitacao-do-transporte\/#primaryimage\",\"url\":\"https:\/\/www.blogsoestado.com\/danielmatos\/files\/2022\/02\/Screenshot_20220218-1420202.png\",\"contentUrl\":\"https:\/\/www.blogsoestado.com\/danielmatos\/files\/2022\/02\/Screenshot_20220218-1420202.png\"},{\"@type\":\"BreadcrumbList\",\"@id\":\"https:\/\/www.blogsoestado.com\/danielmatos\/juiz-nega-reajuste-da-tarifa-de-onibus-mas-determina-pericia-no-contrato-da-licitacao-do-transporte\/#breadcrumb\",\"itemListElement\":[{\"@type\":\"ListItem\",\"position\":1,\"name\":\"In\u00edcio\",\"item\":\"https:\/\/www.blogsoestado.com\/danielmatos\/\"},{\"@type\":\"ListItem\",\"position\":2,\"name\":\"Juiz nega reajuste da tarifa de \u00f4nibus, mas determina per\u00edcia no contrato da licita\u00e7\u00e3o do transporte\"}]},{\"@type\":\"WebSite\",\"@id\":\"https:\/\/www.blogsoestado.com\/danielmatos\/#website\",\"url\":\"https:\/\/www.blogsoestado.com\/danielmatos\/\",\"name\":\"Daniel Matos\",\"description\":\"\",\"potentialAction\":[{\"@type\":\"SearchAction\",\"target\":{\"@type\":\"EntryPoint\",\"urlTemplate\":\"https:\/\/www.blogsoestado.com\/danielmatos\/?s={search_term_string}\"},\"query-input\":{\"@type\":\"PropertyValueSpecification\",\"valueRequired\":true,\"valueName\":\"search_term_string\"}}],\"inLanguage\":\"pt-BR\"}]}<\/script>\n<!-- \/ Yoast SEO plugin. -->","yoast_head_json":{"title":"Juiz nega reajuste da tarifa de \u00f4nibus, mas determina per\u00edcia no contrato da licita\u00e7\u00e3o do transporte - Daniel Matos","robots":{"index":"index","follow":"follow","max-snippet":"max-snippet:-1","max-image-preview":"max-image-preview:large","max-video-preview":"max-video-preview:-1"},"canonical":"https:\/\/www.blogsoestado.com\/danielmatos\/juiz-nega-reajuste-da-tarifa-de-onibus-mas-determina-pericia-no-contrato-da-licitacao-do-transporte\/","og_locale":"pt_BR","og_type":"article","og_title":"Juiz nega reajuste da tarifa de \u00f4nibus, mas determina per\u00edcia no contrato da licita\u00e7\u00e3o do transporte - Daniel Matos","og_description":"O juiz titular da Vara de Interesses Difusos e Coletivos, Douglas de Melo Martins, indeferiu pedidos do Sindicado das Empresas [&hellip;]","og_url":"https:\/\/www.blogsoestado.com\/danielmatos\/juiz-nega-reajuste-da-tarifa-de-onibus-mas-determina-pericia-no-contrato-da-licitacao-do-transporte\/","og_site_name":"Daniel Matos","article_published_time":"2022-02-18T17:24:12+00:00","og_image":[{"url":"https:\/\/www.blogsoestado.com\/danielmatos\/files\/2022\/02\/Screenshot_20220218-1420202.png","type":"","width":"","height":""}],"twitter_card":"summary_large_image","twitter_misc":{"Est. tempo de leitura":"2 minutos"},"schema":{"@context":"https:\/\/schema.org","@graph":[{"@type":"WebPage","@id":"https:\/\/www.blogsoestado.com\/danielmatos\/juiz-nega-reajuste-da-tarifa-de-onibus-mas-determina-pericia-no-contrato-da-licitacao-do-transporte\/","url":"https:\/\/www.blogsoestado.com\/danielmatos\/juiz-nega-reajuste-da-tarifa-de-onibus-mas-determina-pericia-no-contrato-da-licitacao-do-transporte\/","name":"Juiz nega reajuste da tarifa de \u00f4nibus, mas determina per\u00edcia no contrato da licita\u00e7\u00e3o do transporte - Daniel Matos","isPartOf":{"@id":"https:\/\/www.blogsoestado.com\/danielmatos\/#website"},"primaryImageOfPage":{"@id":"https:\/\/www.blogsoestado.com\/danielmatos\/juiz-nega-reajuste-da-tarifa-de-onibus-mas-determina-pericia-no-contrato-da-licitacao-do-transporte\/#primaryimage"},"image":{"@id":"https:\/\/www.blogsoestado.com\/danielmatos\/juiz-nega-reajuste-da-tarifa-de-onibus-mas-determina-pericia-no-contrato-da-licitacao-do-transporte\/#primaryimage"},"thumbnailUrl":"https:\/\/www.blogsoestado.com\/danielmatos\/files\/2022\/02\/Screenshot_20220218-1420202.png","datePublished":"2022-02-18T17:24:12+00:00","author":{"@id":""},"breadcrumb":{"@id":"https:\/\/www.blogsoestado.com\/danielmatos\/juiz-nega-reajuste-da-tarifa-de-onibus-mas-determina-pericia-no-contrato-da-licitacao-do-transporte\/#breadcrumb"},"inLanguage":"pt-BR","potentialAction":[{"@type":"ReadAction","target":["https:\/\/www.blogsoestado.com\/danielmatos\/juiz-nega-reajuste-da-tarifa-de-onibus-mas-determina-pericia-no-contrato-da-licitacao-do-transporte\/"]}]},{"@type":"ImageObject","inLanguage":"pt-BR","@id":"https:\/\/www.blogsoestado.com\/danielmatos\/juiz-nega-reajuste-da-tarifa-de-onibus-mas-determina-pericia-no-contrato-da-licitacao-do-transporte\/#primaryimage","url":"https:\/\/www.blogsoestado.com\/danielmatos\/files\/2022\/02\/Screenshot_20220218-1420202.png","contentUrl":"https:\/\/www.blogsoestado.com\/danielmatos\/files\/2022\/02\/Screenshot_20220218-1420202.png"},{"@type":"BreadcrumbList","@id":"https:\/\/www.blogsoestado.com\/danielmatos\/juiz-nega-reajuste-da-tarifa-de-onibus-mas-determina-pericia-no-contrato-da-licitacao-do-transporte\/#breadcrumb","itemListElement":[{"@type":"ListItem","position":1,"name":"In\u00edcio","item":"https:\/\/www.blogsoestado.com\/danielmatos\/"},{"@type":"ListItem","position":2,"name":"Juiz nega reajuste da tarifa de \u00f4nibus, mas determina per\u00edcia no contrato da licita\u00e7\u00e3o do transporte"}]},{"@type":"WebSite","@id":"https:\/\/www.blogsoestado.com\/danielmatos\/#website","url":"https:\/\/www.blogsoestado.com\/danielmatos\/","name":"Daniel Matos","description":"","potentialAction":[{"@type":"SearchAction","target":{"@type":"EntryPoint","urlTemplate":"https:\/\/www.blogsoestado.com\/danielmatos\/?s={search_term_string}"},"query-input":{"@type":"PropertyValueSpecification","valueRequired":true,"valueName":"search_term_string"}}],"inLanguage":"pt-BR"}]}},"jetpack_featured_media_url":"","_links":{"self":[{"href":"https:\/\/www.blogsoestado.com\/danielmatos\/wp-json\/wp\/v2\/posts\/94427","targetHints":{"allow":["GET"]}}],"collection":[{"href":"https:\/\/www.blogsoestado.com\/danielmatos\/wp-json\/wp\/v2\/posts"}],"about":[{"href":"https:\/\/www.blogsoestado.com\/danielmatos\/wp-json\/wp\/v2\/types\/post"}],"replies":[{"embeddable":true,"href":"https:\/\/www.blogsoestado.com\/danielmatos\/wp-json\/wp\/v2\/comments?post=94427"}],"version-history":[{"count":0,"href":"https:\/\/www.blogsoestado.com\/danielmatos\/wp-json\/wp\/v2\/posts\/94427\/revisions"}],"wp:attachment":[{"href":"https:\/\/www.blogsoestado.com\/danielmatos\/wp-json\/wp\/v2\/media?parent=94427"}],"wp:term":[{"taxonomy":"category","embeddable":true,"href":"https:\/\/www.blogsoestado.com\/danielmatos\/wp-json\/wp\/v2\/categories?post=94427"},{"taxonomy":"post_tag","embeddable":true,"href":"https:\/\/www.blogsoestado.com\/danielmatos\/wp-json\/wp\/v2\/tags?post=94427"}],"curies":[{"name":"wp","href":"https:\/\/api.w.org\/{rel}","templated":true}]}}