{"id":94468,"date":"2022-02-20T07:00:00","date_gmt":"2022-02-20T10:00:00","guid":{"rendered":"https:\/\/www.blogsoestado.com\/danielmatos\/?p=94468"},"modified":"2022-02-20T07:00:00","modified_gmt":"2022-02-20T10:00:00","slug":"por-uma-agencia-reguladora-municipal","status":"publish","type":"post","link":"https:\/\/www.blogsoestado.com\/danielmatos\/por-uma-agencia-reguladora-municipal\/","title":{"rendered":"Por uma ag\u00eancia reguladora municipal"},"content":{"rendered":"\n<p><strong>Francisco Perez Soares<\/strong>*<\/p>\n\n\n\n<div class=\"wp-block-image\"><figure class=\"aligncenter size-large\"><a href=\"https:\/\/www.blogsoestado.com\/danielmatos\/files\/2022\/02\/Screenshot_20220219-2332492.png\"><img decoding=\"async\" src=\"https:\/\/www.blogsoestado.com\/danielmatos\/files\/2022\/02\/Screenshot_20220219-2332492.png\" alt=\"\" class=\"wp-image-94469\"\/><\/a><figcaption>Gest\u00e3o do sistema de transporte p\u00fablico n\u00e3o deve estar influenciada pela pol\u00edtica, segundo especialista<\/figcaption><\/figure><\/div>\n\n\n\n<p>Enquanto a Prefeitura de S\u00e3o Lu\u00eds continuar tratando a quest\u00e3o do sistema de transporte rodovi\u00e1rio urbano remunerado de passageiros de uma forma pol\u00edtica, absolutamente pol\u00edtica, essa situa\u00e7\u00e3o de greves e paralisa\u00e7\u00f5es vai se eternizar. J\u00e1 n\u00e3o h\u00e1 mais espa\u00e7o na administra\u00e7\u00e3o p\u00fablica para assim se tratar quest\u00f5es que envolvam tarifa de servi\u00e7os p\u00fablicos. J\u00e1 n\u00e3o \u00e9 aceit\u00e1vel que caiba ao senhor prefeito dizer se vai haver ou n\u00e3o aumento, se ele vai permitir ou n\u00e3o o aumento tarifario. \u00c9 preciso tratar a quest\u00e3o tecnicamente e ter capacidade administrativa para entender que a cada ciclo de tempo \u00e9 necess\u00e1rio que se fa\u00e7a uma revis\u00e3o tarif\u00e1ria para promover o reequil\u00edbrio econ\u00f4mico e financeiro do contrato de concess\u00e3o. Que a cada ano \u00e9 necess\u00e1rio fazer o reajuste tarif\u00e1rio para proteger o contrato da varia\u00e7\u00e3o inflacion\u00e1ria.<\/p>\n\n\n\n<p>Se o prefeito insistir em tratar essa quest\u00e3o pelo prisma do senso comum e do empirismo, acabar\u00e1 perdendo toda a popularidade que adquiriu no \u00faltimo ano pelas suas corretas a\u00e7\u00f5es tomadas na \u00e1rea de sa\u00fade, por exemplo. A solu\u00e7\u00e3o para o problema do transporte est\u00e1 se afunilando e s\u00f3 vai ser resolvida quando o prefeito criar na sua administra\u00e7\u00e3o indireta uma ag\u00eancia reguladora dos servi\u00e7os p\u00fablicos municipais e deixar que o seu presidente, tenha um mandato est\u00e1vel ao ser sabatinado na C\u00e2mara de Vereadores e que possa gerir o sistema municipal de transporte de forma aut\u00f4noma e comprometida com um contrato de gest\u00e3o pr\u00e9-definido com a prefeitura municipal, \u00f3rg\u00e3o detentor do monop\u00f3lio do servi\u00e7o. A partir da\u00ed, caber\u00e1 \u00e0 ag\u00eancia reguladora a tomada das medidas t\u00e9cnicas cab\u00edveis para organizar a imediata boa presta\u00e7\u00e3o do servi\u00e7os mediante uma tarifa justa.<\/p>\n\n\n\n<p>Diante do caos administrativo, resta pouco a fazer: ou o prefeito chama a Justi\u00e7a para resolver a lide, o que \u00e9, no m\u00ednimo, excluir da equa\u00e7\u00e3o as decis\u00f5es t\u00e9cnicas e assim prejudicar a parte mais fraca, que sempre \u00e9 a parte dos empregados e usu\u00e1rios , ou penalizar o contribuinte, promovendo subs\u00eddios, tirando do er\u00e1rio recursos que poderiam ser aplicadas em outras \u00e1reas. <\/p>\n\n\n\n<p>Diga-se de passagem que, \u00e0s vezes, o contribuinte nem sequer tem dinheiro para pagar a passagem do \u00f4nibus. Tenho certeza que antes de tirar recurso do er\u00e1rio, o prefeito deveria avaliar outras variadas possibilidades, que os t\u00e9cnicos regulat\u00f3rios conhecem e sabem como fazer, para diminuir o impacto tarif\u00e1rio do servi\u00e7o de transporte de passageiros.<\/p>\n\n\n\n<p>Resta, por fim, dizer que o papel do gestor regulador n\u00e3o \u00e9 prejudicar e nem ajudar uma das partes envolvidas no problema, mas simplesmente mediar a resolu\u00e7\u00e3o do conflito de forma a garantir uma presta\u00e7\u00e3o do servi\u00e7o eficiente e adequada, mediante um justo pre\u00e7o. Isso n\u00e3o \u00e9 tarefa para pol\u00edtica, \u00e9 tarefa para t\u00e9cnicos competentes e compromissados com o equil\u00edbrio econ\u00f4mico e financeiro do sistema de transporte p\u00fablico de passageiros. <\/p>\n\n\n\n<p>A decis\u00e3o pol\u00edtica de n\u00e3o aumentar tarifa deve ser sempre acompanhada , ou melhor, antecedida de medidas t\u00e9cnicas inteligentes que possam garantir modicidade tarif\u00e1ria e investimentos prudentes necess\u00e1rios, al\u00e9m do reconhecimento de que n\u00e3o existe m\u00e1gica prefeitural, nem press\u00e3o popular e nem caneta sentencial capaz de manter um sistema de transporte funcionando sem aplica\u00e7\u00e3o de tarifas justas, que cubram os custos de manuten\u00e7\u00e3o, os custos operacionais, os custos de renova\u00e7\u00e3o da frota e, obviamente, o lucro dos empres\u00e1rios, que n\u00e3o trabalham de gra\u00e7a. <\/p>\n\n\n\n<p>Todos precisam lucrar honestamente com seu trabalho da mesma forma que os trabalhadores do sistema.<\/p>\n\n\n\n<p>*<strong>Engenheiro, ex-diretor da Ag\u00eancia Reguladora de Servi\u00e7os P\u00fablicos do Maranh\u00e3o &#8211; ARSEP MA , ex-secretario adjunto de Transporte do Maranh\u00e3o e ex conselheiro nacional de Tr\u00e2nsito (CONTRAN). Atualmente, subsecret\u00e1rio das Cidades no Governo do Distrito Federal<\/strong><\/p>\n","protected":false},"excerpt":{"rendered":"<p>Francisco Perez Soares* Enquanto a Prefeitura de S\u00e3o Lu\u00eds continuar tratando a quest\u00e3o do sistema de transporte rodovi\u00e1rio urbano remunerado [&hellip;]<\/p>\n","protected":false},"author":0,"featured_media":0,"comment_status":"open","ping_status":"open","sticky":false,"template":"","format":"standard","meta":{"site-sidebar-layout":"default","site-content-layout":"","ast-site-content-layout":"default","site-content-style":"default","site-sidebar-style":"default","ast-global-header-display":"","ast-banner-title-visibility":"","ast-main-header-display":"","ast-hfb-above-header-display":"","ast-hfb-below-header-display":"","ast-hfb-mobile-header-display":"","site-post-title":"","ast-breadcrumbs-content":"","ast-featured-img":"","footer-sml-layout":"","ast-disable-related-posts":"","theme-transparent-header-meta":"","adv-header-id-meta":"","stick-header-meta":"","header-above-stick-meta":"","header-main-stick-meta":"","header-below-stick-meta":"","astra-migrate-meta-layouts":"default","ast-page-background-enabled":"default","ast-page-background-meta":{"desktop":{"background-color":"var(--ast-global-color-5)","background-image":"","background-repeat":"repeat","background-position":"center center","background-size":"auto","background-attachment":"scroll","background-type":"","background-media":"","overlay-type":"","overlay-color":"","overlay-opacity":"","overlay-gradient":""},"tablet":{"background-color":"","background-image":"","background-repeat":"repeat","background-position":"center center","background-size":"auto","background-attachment":"scroll","background-type":"","background-media":"","overlay-type":"","overlay-color":"","overlay-opacity":"","overlay-gradient":""},"mobile":{"background-color":"","background-image":"","background-repeat":"repeat","background-position":"center center","background-size":"auto","background-attachment":"scroll","background-type":"","background-media":"","overlay-type":"","overlay-color":"","overlay-opacity":"","overlay-gradient":""}},"ast-content-background-meta":{"desktop":{"background-color":"var(--ast-global-color-4)","background-image":"","background-repeat":"repeat","background-position":"center center","background-size":"auto","background-attachment":"scroll","background-type":"","background-media":"","overlay-type":"","overlay-color":"","overlay-opacity":"","overlay-gradient":""},"tablet":{"background-color":"var(--ast-global-color-4)","background-image":"","background-repeat":"repeat","background-position":"center center","background-size":"auto","background-attachment":"scroll","background-type":"","background-media":"","overlay-type":"","overlay-color":"","overlay-opacity":"","overlay-gradient":""},"mobile":{"background-color":"var(--ast-global-color-4)","background-image":"","background-repeat":"repeat","background-position":"center center","background-size":"auto","background-attachment":"scroll","background-type":"","background-media":"","overlay-type":"","overlay-color":"","overlay-opacity":"","overlay-gradient":""}},"footnotes":""},"categories":[1],"tags":[],"class_list":["post-94468","post","type-post","status-publish","format-standard","hentry","category-sem-categoria"],"yoast_head":"<!-- This site is optimized with the Yoast SEO plugin v26.6 - https:\/\/yoast.com\/wordpress\/plugins\/seo\/ -->\n<title>Por uma ag\u00eancia reguladora municipal - Daniel Matos<\/title>\n<meta name=\"robots\" content=\"index, follow, max-snippet:-1, max-image-preview:large, max-video-preview:-1\" \/>\n<link rel=\"canonical\" href=\"https:\/\/www.blogsoestado.com\/danielmatos\/por-uma-agencia-reguladora-municipal\/\" \/>\n<meta property=\"og:locale\" content=\"pt_BR\" \/>\n<meta property=\"og:type\" content=\"article\" \/>\n<meta property=\"og:title\" content=\"Por uma ag\u00eancia reguladora municipal - Daniel Matos\" \/>\n<meta property=\"og:description\" content=\"Francisco Perez Soares* Enquanto a Prefeitura de S\u00e3o Lu\u00eds continuar tratando a quest\u00e3o do sistema de transporte rodovi\u00e1rio urbano remunerado [&hellip;]\" \/>\n<meta property=\"og:url\" content=\"https:\/\/www.blogsoestado.com\/danielmatos\/por-uma-agencia-reguladora-municipal\/\" \/>\n<meta property=\"og:site_name\" content=\"Daniel Matos\" \/>\n<meta property=\"article:published_time\" content=\"2022-02-20T10:00:00+00:00\" \/>\n<meta property=\"og:image\" content=\"https:\/\/www.blogsoestado.com\/danielmatos\/files\/2022\/02\/Screenshot_20220219-2332492.png\" \/>\n<meta name=\"twitter:card\" content=\"summary_large_image\" \/>\n<meta name=\"twitter:label1\" content=\"Est. tempo de leitura\" \/>\n\t<meta name=\"twitter:data1\" content=\"3 minutos\" \/>\n<script type=\"application\/ld+json\" class=\"yoast-schema-graph\">{\"@context\":\"https:\/\/schema.org\",\"@graph\":[{\"@type\":\"WebPage\",\"@id\":\"https:\/\/www.blogsoestado.com\/danielmatos\/por-uma-agencia-reguladora-municipal\/\",\"url\":\"https:\/\/www.blogsoestado.com\/danielmatos\/por-uma-agencia-reguladora-municipal\/\",\"name\":\"Por uma ag\u00eancia reguladora municipal - Daniel Matos\",\"isPartOf\":{\"@id\":\"https:\/\/www.blogsoestado.com\/danielmatos\/#website\"},\"primaryImageOfPage\":{\"@id\":\"https:\/\/www.blogsoestado.com\/danielmatos\/por-uma-agencia-reguladora-municipal\/#primaryimage\"},\"image\":{\"@id\":\"https:\/\/www.blogsoestado.com\/danielmatos\/por-uma-agencia-reguladora-municipal\/#primaryimage\"},\"thumbnailUrl\":\"https:\/\/www.blogsoestado.com\/danielmatos\/files\/2022\/02\/Screenshot_20220219-2332492.png\",\"datePublished\":\"2022-02-20T10:00:00+00:00\",\"author\":{\"@id\":\"\"},\"breadcrumb\":{\"@id\":\"https:\/\/www.blogsoestado.com\/danielmatos\/por-uma-agencia-reguladora-municipal\/#breadcrumb\"},\"inLanguage\":\"pt-BR\",\"potentialAction\":[{\"@type\":\"ReadAction\",\"target\":[\"https:\/\/www.blogsoestado.com\/danielmatos\/por-uma-agencia-reguladora-municipal\/\"]}]},{\"@type\":\"ImageObject\",\"inLanguage\":\"pt-BR\",\"@id\":\"https:\/\/www.blogsoestado.com\/danielmatos\/por-uma-agencia-reguladora-municipal\/#primaryimage\",\"url\":\"https:\/\/www.blogsoestado.com\/danielmatos\/files\/2022\/02\/Screenshot_20220219-2332492.png\",\"contentUrl\":\"https:\/\/www.blogsoestado.com\/danielmatos\/files\/2022\/02\/Screenshot_20220219-2332492.png\"},{\"@type\":\"BreadcrumbList\",\"@id\":\"https:\/\/www.blogsoestado.com\/danielmatos\/por-uma-agencia-reguladora-municipal\/#breadcrumb\",\"itemListElement\":[{\"@type\":\"ListItem\",\"position\":1,\"name\":\"In\u00edcio\",\"item\":\"https:\/\/www.blogsoestado.com\/danielmatos\/\"},{\"@type\":\"ListItem\",\"position\":2,\"name\":\"Por uma ag\u00eancia reguladora municipal\"}]},{\"@type\":\"WebSite\",\"@id\":\"https:\/\/www.blogsoestado.com\/danielmatos\/#website\",\"url\":\"https:\/\/www.blogsoestado.com\/danielmatos\/\",\"name\":\"Daniel Matos\",\"description\":\"\",\"potentialAction\":[{\"@type\":\"SearchAction\",\"target\":{\"@type\":\"EntryPoint\",\"urlTemplate\":\"https:\/\/www.blogsoestado.com\/danielmatos\/?s={search_term_string}\"},\"query-input\":{\"@type\":\"PropertyValueSpecification\",\"valueRequired\":true,\"valueName\":\"search_term_string\"}}],\"inLanguage\":\"pt-BR\"}]}<\/script>\n<!-- \/ Yoast SEO plugin. -->","yoast_head_json":{"title":"Por uma ag\u00eancia reguladora municipal - Daniel Matos","robots":{"index":"index","follow":"follow","max-snippet":"max-snippet:-1","max-image-preview":"max-image-preview:large","max-video-preview":"max-video-preview:-1"},"canonical":"https:\/\/www.blogsoestado.com\/danielmatos\/por-uma-agencia-reguladora-municipal\/","og_locale":"pt_BR","og_type":"article","og_title":"Por uma ag\u00eancia reguladora municipal - Daniel Matos","og_description":"Francisco Perez Soares* Enquanto a Prefeitura de S\u00e3o Lu\u00eds continuar tratando a quest\u00e3o do sistema de transporte rodovi\u00e1rio urbano remunerado [&hellip;]","og_url":"https:\/\/www.blogsoestado.com\/danielmatos\/por-uma-agencia-reguladora-municipal\/","og_site_name":"Daniel Matos","article_published_time":"2022-02-20T10:00:00+00:00","og_image":[{"url":"https:\/\/www.blogsoestado.com\/danielmatos\/files\/2022\/02\/Screenshot_20220219-2332492.png","type":"","width":"","height":""}],"twitter_card":"summary_large_image","twitter_misc":{"Est. tempo de leitura":"3 minutos"},"schema":{"@context":"https:\/\/schema.org","@graph":[{"@type":"WebPage","@id":"https:\/\/www.blogsoestado.com\/danielmatos\/por-uma-agencia-reguladora-municipal\/","url":"https:\/\/www.blogsoestado.com\/danielmatos\/por-uma-agencia-reguladora-municipal\/","name":"Por uma ag\u00eancia reguladora municipal - Daniel Matos","isPartOf":{"@id":"https:\/\/www.blogsoestado.com\/danielmatos\/#website"},"primaryImageOfPage":{"@id":"https:\/\/www.blogsoestado.com\/danielmatos\/por-uma-agencia-reguladora-municipal\/#primaryimage"},"image":{"@id":"https:\/\/www.blogsoestado.com\/danielmatos\/por-uma-agencia-reguladora-municipal\/#primaryimage"},"thumbnailUrl":"https:\/\/www.blogsoestado.com\/danielmatos\/files\/2022\/02\/Screenshot_20220219-2332492.png","datePublished":"2022-02-20T10:00:00+00:00","author":{"@id":""},"breadcrumb":{"@id":"https:\/\/www.blogsoestado.com\/danielmatos\/por-uma-agencia-reguladora-municipal\/#breadcrumb"},"inLanguage":"pt-BR","potentialAction":[{"@type":"ReadAction","target":["https:\/\/www.blogsoestado.com\/danielmatos\/por-uma-agencia-reguladora-municipal\/"]}]},{"@type":"ImageObject","inLanguage":"pt-BR","@id":"https:\/\/www.blogsoestado.com\/danielmatos\/por-uma-agencia-reguladora-municipal\/#primaryimage","url":"https:\/\/www.blogsoestado.com\/danielmatos\/files\/2022\/02\/Screenshot_20220219-2332492.png","contentUrl":"https:\/\/www.blogsoestado.com\/danielmatos\/files\/2022\/02\/Screenshot_20220219-2332492.png"},{"@type":"BreadcrumbList","@id":"https:\/\/www.blogsoestado.com\/danielmatos\/por-uma-agencia-reguladora-municipal\/#breadcrumb","itemListElement":[{"@type":"ListItem","position":1,"name":"In\u00edcio","item":"https:\/\/www.blogsoestado.com\/danielmatos\/"},{"@type":"ListItem","position":2,"name":"Por uma ag\u00eancia reguladora municipal"}]},{"@type":"WebSite","@id":"https:\/\/www.blogsoestado.com\/danielmatos\/#website","url":"https:\/\/www.blogsoestado.com\/danielmatos\/","name":"Daniel Matos","description":"","potentialAction":[{"@type":"SearchAction","target":{"@type":"EntryPoint","urlTemplate":"https:\/\/www.blogsoestado.com\/danielmatos\/?s={search_term_string}"},"query-input":{"@type":"PropertyValueSpecification","valueRequired":true,"valueName":"search_term_string"}}],"inLanguage":"pt-BR"}]}},"jetpack_featured_media_url":"","_links":{"self":[{"href":"https:\/\/www.blogsoestado.com\/danielmatos\/wp-json\/wp\/v2\/posts\/94468","targetHints":{"allow":["GET"]}}],"collection":[{"href":"https:\/\/www.blogsoestado.com\/danielmatos\/wp-json\/wp\/v2\/posts"}],"about":[{"href":"https:\/\/www.blogsoestado.com\/danielmatos\/wp-json\/wp\/v2\/types\/post"}],"replies":[{"embeddable":true,"href":"https:\/\/www.blogsoestado.com\/danielmatos\/wp-json\/wp\/v2\/comments?post=94468"}],"version-history":[{"count":0,"href":"https:\/\/www.blogsoestado.com\/danielmatos\/wp-json\/wp\/v2\/posts\/94468\/revisions"}],"wp:attachment":[{"href":"https:\/\/www.blogsoestado.com\/danielmatos\/wp-json\/wp\/v2\/media?parent=94468"}],"wp:term":[{"taxonomy":"category","embeddable":true,"href":"https:\/\/www.blogsoestado.com\/danielmatos\/wp-json\/wp\/v2\/categories?post=94468"},{"taxonomy":"post_tag","embeddable":true,"href":"https:\/\/www.blogsoestado.com\/danielmatos\/wp-json\/wp\/v2\/tags?post=94468"}],"curies":[{"name":"wp","href":"https:\/\/api.w.org\/{rel}","templated":true}]}}