{"id":94475,"date":"2022-02-20T12:17:02","date_gmt":"2022-02-20T15:17:02","guid":{"rendered":"https:\/\/www.blogsoestado.com\/danielmatos\/?p=94475"},"modified":"2022-02-20T12:17:02","modified_gmt":"2022-02-20T15:17:02","slug":"prefeita-josa-silva-e-seu-pacote-da-maldades-para-os-professores-de-sao-joao-do-soter","status":"publish","type":"post","link":"https:\/\/www.blogsoestado.com\/danielmatos\/prefeita-josa-silva-e-seu-pacote-da-maldades-para-os-professores-de-sao-joao-do-soter\/","title":{"rendered":"Prefeita Josa Silva e seu pacote da maldades para os professores de S\u00e3o Jo\u00e3o do S\u00f3ter"},"content":{"rendered":"\n<div class=\"wp-block-image\"><figure class=\"aligncenter size-large\"><a href=\"https:\/\/www.blogsoestado.com\/danielmatos\/files\/2022\/02\/Screenshot_20220220-1158112.png\"><img decoding=\"async\" src=\"https:\/\/www.blogsoestado.com\/danielmatos\/files\/2022\/02\/Screenshot_20220220-1158112.png\" alt=\"\" class=\"wp-image-94476\"\/><\/a><figcaption>Josa Silva \u00e9 acusada de massacrar professores de S\u00e3o Jo\u00e3o do S\u00f3ter<\/figcaption><\/figure><\/div>\n\n\n\n<p>A prefeita de S\u00e3o Jo\u00e3o do S\u00f3ter, Josa Silva, ultimamente, vem sendo destaque\u00a0 a n\u00edvel de estado por ser uma prefeita inimiga dos professores.<\/p>\n\n\n\n<p>Com seu \u201cpacote de maldade\u201d,\u00a0 a prefeita Josa Silva\u00a0n\u00e3o reajustou o sal\u00e1rio dos professores e at\u00e9 o momento n\u00e3o pagou o abono do FUNDEB, que \u00e9 um direito dos mestres da educa\u00e7\u00e3o. Assista ao v\u00eddeo abaixo:<\/p>\n\n\n\n<figure class=\"wp-block-embed is-type-video is-provider-youtube wp-block-embed-youtube wp-embed-aspect-16-9 wp-has-aspect-ratio\"><div class=\"wp-block-embed__wrapper\">\n<iframe title=\"Prefeita Josa Silva massacra professores de S\u00e3o Jo\u00e3o do S\u00f3ter\" width=\"500\" height=\"281\" src=\"https:\/\/www.youtube.com\/embed\/COsai2Nglxk?feature=oembed\" frameborder=\"0\" allow=\"accelerometer; autoplay; clipboard-write; encrypted-media; gyroscope; picture-in-picture; web-share\" referrerpolicy=\"strict-origin-when-cross-origin\" allowfullscreen><\/iframe>\n<\/div><\/figure>\n\n\n\n<p>Na \u00faltima quinta-feira (18), os professores\u00a0 estiveram na c\u00e2mara municipal onde receberam o apoio de cinco vereadores\u00a0 para lutarem contra a maldade da senhora prefeita,\u00a0 a professora Josa Silva.<\/p>\n\n\n\n<div class=\"wp-block-image\"><figure class=\"aligncenter size-large\"><a href=\"https:\/\/www.blogsoestado.com\/danielmatos\/files\/2022\/02\/Screenshot_20220220-1205372.png\"><img decoding=\"async\" src=\"https:\/\/www.blogsoestado.com\/danielmatos\/files\/2022\/02\/Screenshot_20220220-1205372.png\" alt=\"\" class=\"wp-image-94477\"\/><\/a><figcaption>Professores de S\u00e3o Jo\u00e3o do S\u00f3ter seguem mobilizados, na luta por seus direitos<\/figcaption><\/figure><\/div>\n\n\n\n<p>Sabendo do movimento dos professores na c\u00e2mara municipal, a prefeita de imediato\u00a0 convocou uma reuni\u00e3o na zona rural\u00a0 na qual mandou\u00a0 pessoas\u00a0 para tentar barrar\u00a0 o movimento dos professores no intuito de blindar seu\u00a0 desgoverno e desqualificar os professores.<\/p>\n\n\n\n<div class=\"wp-block-image\"><figure class=\"aligncenter size-large\"><a href=\"https:\/\/www.blogsoestado.com\/danielmatos\/files\/2022\/02\/Screenshot_20220220-1205592.png\"><img decoding=\"async\" src=\"https:\/\/www.blogsoestado.com\/danielmatos\/files\/2022\/02\/Screenshot_20220220-1205592-655x1024.png\" alt=\"\" class=\"wp-image-94478\"\/><\/a><figcaption>Of\u00edcio protocolado na C\u00e2mara Municipal de S\u00e3o Jo\u00e3o do S\u00f3ter cobrando provid\u00eancias<\/figcaption><\/figure><\/div>\n\n\n\n<p>Enquanto a prefeita se nega em\u00a0 pagar o que \u00e9 um direito adquirido por lei aos professores,\u00a0 a prefeitura de S\u00e3o Jo\u00e3o do S\u00f3ter paga um absurdo em propaganda enganosa\u00a0 para tentar\u00a0 abafar o calote que foi aplicado na categoria da educa\u00e7\u00e3o municipal.<\/p>\n\n\n\n<div class=\"wp-block-image\"><figure class=\"aligncenter size-large\"><a href=\"https:\/\/www.blogsoestado.com\/danielmatos\/files\/2022\/02\/Screenshot_20220220-1206412.png\"><img decoding=\"async\" src=\"https:\/\/www.blogsoestado.com\/danielmatos\/files\/2022\/02\/Screenshot_20220220-1206412.png\" alt=\"\" class=\"wp-image-94479\"\/><\/a><figcaption>Educadores exigem informa\u00e7\u00e3o sobre o destino dado ao dinheiro da educa\u00e7\u00e3o do Munic\u00edpio<\/figcaption><\/figure><\/div>\n\n\n\n<p>A prefeita Josa Silva j\u00e1 \u00e9 conhecida na cidade devido as manifesta\u00e7\u00f5es dos professores como \u201cprefeita mentirosa\u201d,\u00a0 a pergunta que todos fazem para a senhora prefeita Josa Silva e sua vice Lacerda \u00e9, CAD\u00ca O DINHEIRO DA EDUCA\u00c7\u00c3O?<\/p>\n\n\n\n<p>Enquanto isso, os professores continuam na luta pelos seus direitos.<\/p>\n\n\n\n<div class=\"wp-block-image\"><figure class=\"aligncenter size-large\"><a href=\"https:\/\/www.blogsoestado.com\/danielmatos\/files\/2022\/02\/Screenshot_20220220-1207182.png\"><img decoding=\"async\" src=\"https:\/\/www.blogsoestado.com\/danielmatos\/files\/2022\/02\/Screenshot_20220220-1207182.png\" alt=\"\" class=\"wp-image-94480\"\/><\/a><figcaption>Professores realizaram ato na C\u00e2mara Municipal de S\u00e3o Jo\u00e3o do S\u00f3ter<\/figcaption><\/figure><\/div>\n\n\n\n<p>Diante todo esse cen\u00e1rio rid\u00edculo da prefeita Josa Silva,\u00a0 o atual presidente da c\u00e2mara municipal de S\u00e3o Jo\u00e3o do S\u00f3ter bate palmas para a\u00a0 prefeita Josa Silva. Uma vergonha e falta de respeito pelos poderes\u00a0 da quela pequena cidade do interior do Maranh\u00e3o.<\/p>\n\n\n\n<p>Assista:<\/p>\n\n\n\n<figure class=\"wp-block-embed is-type-video is-provider-youtube wp-block-embed-youtube wp-embed-aspect-16-9 wp-has-aspect-ratio\"><div class=\"wp-block-embed__wrapper\">\n<iframe title=\"Prefeita Josa Silva massacra professores de S\u00e3o Jo\u00e3o do S\u00f3ter 2\" width=\"500\" height=\"281\" src=\"https:\/\/www.youtube.com\/embed\/qMXVKZZe-Rg?feature=oembed\" frameborder=\"0\" allow=\"accelerometer; autoplay; clipboard-write; encrypted-media; gyroscope; picture-in-picture; web-share\" referrerpolicy=\"strict-origin-when-cross-origin\" allowfullscreen><\/iframe>\n<\/div><\/figure>\n","protected":false},"excerpt":{"rendered":"<p>A prefeita de S\u00e3o Jo\u00e3o do S\u00f3ter, Josa Silva, ultimamente, vem sendo destaque\u00a0 a n\u00edvel de estado por ser uma [&hellip;]<\/p>\n","protected":false},"author":0,"featured_media":0,"comment_status":"open","ping_status":"open","sticky":false,"template":"","format":"standard","meta":{"site-sidebar-layout":"default","site-content-layout":"","ast-site-content-layout":"default","site-content-style":"default","site-sidebar-style":"default","ast-global-header-display":"","ast-banner-title-visibility":"","ast-main-header-display":"","ast-hfb-above-header-display":"","ast-hfb-below-header-display":"","ast-hfb-mobile-header-display":"","site-post-title":"","ast-breadcrumbs-content":"","ast-featured-img":"","footer-sml-layout":"","ast-disable-related-posts":"","theme-transparent-header-meta":"","adv-header-id-meta":"","stick-header-meta":"","header-above-stick-meta":"","header-main-stick-meta":"","header-below-stick-meta":"","astra-migrate-meta-layouts":"default","ast-page-background-enabled":"default","ast-page-background-meta":{"desktop":{"background-color":"var(--ast-global-color-5)","background-image":"","background-repeat":"repeat","background-position":"center center","background-size":"auto","background-attachment":"scroll","background-type":"","background-media":"","overlay-type":"","overlay-color":"","overlay-opacity":"","overlay-gradient":""},"tablet":{"background-color":"","background-image":"","background-repeat":"repeat","background-position":"center center","background-size":"auto","background-attachment":"scroll","background-type":"","background-media":"","overlay-type":"","overlay-color":"","overlay-opacity":"","overlay-gradient":""},"mobile":{"background-color":"","background-image":"","background-repeat":"repeat","background-position":"center center","background-size":"auto","background-attachment":"scroll","background-type":"","background-media":"","overlay-type":"","overlay-color":"","overlay-opacity":"","overlay-gradient":""}},"ast-content-background-meta":{"desktop":{"background-color":"var(--ast-global-color-4)","background-image":"","background-repeat":"repeat","background-position":"center center","background-size":"auto","background-attachment":"scroll","background-type":"","background-media":"","overlay-type":"","overlay-color":"","overlay-opacity":"","overlay-gradient":""},"tablet":{"background-color":"var(--ast-global-color-4)","background-image":"","background-repeat":"repeat","background-position":"center center","background-size":"auto","background-attachment":"scroll","background-type":"","background-media":"","overlay-type":"","overlay-color":"","overlay-opacity":"","overlay-gradient":""},"mobile":{"background-color":"var(--ast-global-color-4)","background-image":"","background-repeat":"repeat","background-position":"center center","background-size":"auto","background-attachment":"scroll","background-type":"","background-media":"","overlay-type":"","overlay-color":"","overlay-opacity":"","overlay-gradient":""}},"footnotes":""},"categories":[1],"tags":[],"class_list":["post-94475","post","type-post","status-publish","format-standard","hentry","category-sem-categoria"],"yoast_head":"<!-- This site is optimized with the Yoast SEO plugin v26.6 - https:\/\/yoast.com\/wordpress\/plugins\/seo\/ -->\n<title>Prefeita Josa Silva e seu pacote da maldades para os professores de S\u00e3o Jo\u00e3o do S\u00f3ter - Daniel Matos<\/title>\n<meta name=\"robots\" content=\"index, follow, max-snippet:-1, max-image-preview:large, max-video-preview:-1\" \/>\n<link rel=\"canonical\" href=\"https:\/\/www.blogsoestado.com\/danielmatos\/prefeita-josa-silva-e-seu-pacote-da-maldades-para-os-professores-de-sao-joao-do-soter\/\" \/>\n<meta property=\"og:locale\" content=\"pt_BR\" \/>\n<meta property=\"og:type\" content=\"article\" \/>\n<meta property=\"og:title\" content=\"Prefeita Josa Silva e seu pacote da maldades para os professores de S\u00e3o Jo\u00e3o do S\u00f3ter - Daniel Matos\" \/>\n<meta property=\"og:description\" content=\"A prefeita de S\u00e3o Jo\u00e3o do S\u00f3ter, Josa Silva, ultimamente, vem sendo destaque\u00a0 a n\u00edvel de estado por ser uma [&hellip;]\" \/>\n<meta property=\"og:url\" content=\"https:\/\/www.blogsoestado.com\/danielmatos\/prefeita-josa-silva-e-seu-pacote-da-maldades-para-os-professores-de-sao-joao-do-soter\/\" \/>\n<meta property=\"og:site_name\" content=\"Daniel Matos\" \/>\n<meta property=\"article:published_time\" content=\"2022-02-20T15:17:02+00:00\" \/>\n<meta property=\"og:image\" content=\"https:\/\/www.blogsoestado.com\/danielmatos\/files\/2022\/02\/Screenshot_20220220-1158112.png\" \/>\n<meta name=\"twitter:card\" content=\"summary_large_image\" \/>\n<meta name=\"twitter:label1\" content=\"Est. tempo de leitura\" \/>\n\t<meta name=\"twitter:data1\" content=\"3 minutos\" \/>\n<script type=\"application\/ld+json\" class=\"yoast-schema-graph\">{\"@context\":\"https:\/\/schema.org\",\"@graph\":[{\"@type\":\"WebPage\",\"@id\":\"https:\/\/www.blogsoestado.com\/danielmatos\/prefeita-josa-silva-e-seu-pacote-da-maldades-para-os-professores-de-sao-joao-do-soter\/\",\"url\":\"https:\/\/www.blogsoestado.com\/danielmatos\/prefeita-josa-silva-e-seu-pacote-da-maldades-para-os-professores-de-sao-joao-do-soter\/\",\"name\":\"Prefeita Josa Silva e seu pacote da maldades para os professores de S\u00e3o Jo\u00e3o do S\u00f3ter - Daniel Matos\",\"isPartOf\":{\"@id\":\"https:\/\/www.blogsoestado.com\/danielmatos\/#website\"},\"primaryImageOfPage\":{\"@id\":\"https:\/\/www.blogsoestado.com\/danielmatos\/prefeita-josa-silva-e-seu-pacote-da-maldades-para-os-professores-de-sao-joao-do-soter\/#primaryimage\"},\"image\":{\"@id\":\"https:\/\/www.blogsoestado.com\/danielmatos\/prefeita-josa-silva-e-seu-pacote-da-maldades-para-os-professores-de-sao-joao-do-soter\/#primaryimage\"},\"thumbnailUrl\":\"https:\/\/www.blogsoestado.com\/danielmatos\/files\/2022\/02\/Screenshot_20220220-1158112.png\",\"datePublished\":\"2022-02-20T15:17:02+00:00\",\"author\":{\"@id\":\"\"},\"breadcrumb\":{\"@id\":\"https:\/\/www.blogsoestado.com\/danielmatos\/prefeita-josa-silva-e-seu-pacote-da-maldades-para-os-professores-de-sao-joao-do-soter\/#breadcrumb\"},\"inLanguage\":\"pt-BR\",\"potentialAction\":[{\"@type\":\"ReadAction\",\"target\":[\"https:\/\/www.blogsoestado.com\/danielmatos\/prefeita-josa-silva-e-seu-pacote-da-maldades-para-os-professores-de-sao-joao-do-soter\/\"]}]},{\"@type\":\"ImageObject\",\"inLanguage\":\"pt-BR\",\"@id\":\"https:\/\/www.blogsoestado.com\/danielmatos\/prefeita-josa-silva-e-seu-pacote-da-maldades-para-os-professores-de-sao-joao-do-soter\/#primaryimage\",\"url\":\"https:\/\/www.blogsoestado.com\/danielmatos\/files\/2022\/02\/Screenshot_20220220-1158112.png\",\"contentUrl\":\"https:\/\/www.blogsoestado.com\/danielmatos\/files\/2022\/02\/Screenshot_20220220-1158112.png\"},{\"@type\":\"BreadcrumbList\",\"@id\":\"https:\/\/www.blogsoestado.com\/danielmatos\/prefeita-josa-silva-e-seu-pacote-da-maldades-para-os-professores-de-sao-joao-do-soter\/#breadcrumb\",\"itemListElement\":[{\"@type\":\"ListItem\",\"position\":1,\"name\":\"In\u00edcio\",\"item\":\"https:\/\/www.blogsoestado.com\/danielmatos\/\"},{\"@type\":\"ListItem\",\"position\":2,\"name\":\"Prefeita Josa Silva e seu pacote da maldades para os professores de S\u00e3o Jo\u00e3o do S\u00f3ter\"}]},{\"@type\":\"WebSite\",\"@id\":\"https:\/\/www.blogsoestado.com\/danielmatos\/#website\",\"url\":\"https:\/\/www.blogsoestado.com\/danielmatos\/\",\"name\":\"Daniel Matos\",\"description\":\"\",\"potentialAction\":[{\"@type\":\"SearchAction\",\"target\":{\"@type\":\"EntryPoint\",\"urlTemplate\":\"https:\/\/www.blogsoestado.com\/danielmatos\/?s={search_term_string}\"},\"query-input\":{\"@type\":\"PropertyValueSpecification\",\"valueRequired\":true,\"valueName\":\"search_term_string\"}}],\"inLanguage\":\"pt-BR\"}]}<\/script>\n<!-- \/ Yoast SEO plugin. -->","yoast_head_json":{"title":"Prefeita Josa Silva e seu pacote da maldades para os professores de S\u00e3o Jo\u00e3o do S\u00f3ter - Daniel Matos","robots":{"index":"index","follow":"follow","max-snippet":"max-snippet:-1","max-image-preview":"max-image-preview:large","max-video-preview":"max-video-preview:-1"},"canonical":"https:\/\/www.blogsoestado.com\/danielmatos\/prefeita-josa-silva-e-seu-pacote-da-maldades-para-os-professores-de-sao-joao-do-soter\/","og_locale":"pt_BR","og_type":"article","og_title":"Prefeita Josa Silva e seu pacote da maldades para os professores de S\u00e3o Jo\u00e3o do S\u00f3ter - Daniel Matos","og_description":"A prefeita de S\u00e3o Jo\u00e3o do S\u00f3ter, Josa Silva, ultimamente, vem sendo destaque\u00a0 a n\u00edvel de estado por ser uma [&hellip;]","og_url":"https:\/\/www.blogsoestado.com\/danielmatos\/prefeita-josa-silva-e-seu-pacote-da-maldades-para-os-professores-de-sao-joao-do-soter\/","og_site_name":"Daniel Matos","article_published_time":"2022-02-20T15:17:02+00:00","og_image":[{"url":"https:\/\/www.blogsoestado.com\/danielmatos\/files\/2022\/02\/Screenshot_20220220-1158112.png","type":"","width":"","height":""}],"twitter_card":"summary_large_image","twitter_misc":{"Est. tempo de leitura":"3 minutos"},"schema":{"@context":"https:\/\/schema.org","@graph":[{"@type":"WebPage","@id":"https:\/\/www.blogsoestado.com\/danielmatos\/prefeita-josa-silva-e-seu-pacote-da-maldades-para-os-professores-de-sao-joao-do-soter\/","url":"https:\/\/www.blogsoestado.com\/danielmatos\/prefeita-josa-silva-e-seu-pacote-da-maldades-para-os-professores-de-sao-joao-do-soter\/","name":"Prefeita Josa Silva e seu pacote da maldades para os professores de S\u00e3o Jo\u00e3o do S\u00f3ter - Daniel Matos","isPartOf":{"@id":"https:\/\/www.blogsoestado.com\/danielmatos\/#website"},"primaryImageOfPage":{"@id":"https:\/\/www.blogsoestado.com\/danielmatos\/prefeita-josa-silva-e-seu-pacote-da-maldades-para-os-professores-de-sao-joao-do-soter\/#primaryimage"},"image":{"@id":"https:\/\/www.blogsoestado.com\/danielmatos\/prefeita-josa-silva-e-seu-pacote-da-maldades-para-os-professores-de-sao-joao-do-soter\/#primaryimage"},"thumbnailUrl":"https:\/\/www.blogsoestado.com\/danielmatos\/files\/2022\/02\/Screenshot_20220220-1158112.png","datePublished":"2022-02-20T15:17:02+00:00","author":{"@id":""},"breadcrumb":{"@id":"https:\/\/www.blogsoestado.com\/danielmatos\/prefeita-josa-silva-e-seu-pacote-da-maldades-para-os-professores-de-sao-joao-do-soter\/#breadcrumb"},"inLanguage":"pt-BR","potentialAction":[{"@type":"ReadAction","target":["https:\/\/www.blogsoestado.com\/danielmatos\/prefeita-josa-silva-e-seu-pacote-da-maldades-para-os-professores-de-sao-joao-do-soter\/"]}]},{"@type":"ImageObject","inLanguage":"pt-BR","@id":"https:\/\/www.blogsoestado.com\/danielmatos\/prefeita-josa-silva-e-seu-pacote-da-maldades-para-os-professores-de-sao-joao-do-soter\/#primaryimage","url":"https:\/\/www.blogsoestado.com\/danielmatos\/files\/2022\/02\/Screenshot_20220220-1158112.png","contentUrl":"https:\/\/www.blogsoestado.com\/danielmatos\/files\/2022\/02\/Screenshot_20220220-1158112.png"},{"@type":"BreadcrumbList","@id":"https:\/\/www.blogsoestado.com\/danielmatos\/prefeita-josa-silva-e-seu-pacote-da-maldades-para-os-professores-de-sao-joao-do-soter\/#breadcrumb","itemListElement":[{"@type":"ListItem","position":1,"name":"In\u00edcio","item":"https:\/\/www.blogsoestado.com\/danielmatos\/"},{"@type":"ListItem","position":2,"name":"Prefeita Josa Silva e seu pacote da maldades para os professores de S\u00e3o Jo\u00e3o do S\u00f3ter"}]},{"@type":"WebSite","@id":"https:\/\/www.blogsoestado.com\/danielmatos\/#website","url":"https:\/\/www.blogsoestado.com\/danielmatos\/","name":"Daniel Matos","description":"","potentialAction":[{"@type":"SearchAction","target":{"@type":"EntryPoint","urlTemplate":"https:\/\/www.blogsoestado.com\/danielmatos\/?s={search_term_string}"},"query-input":{"@type":"PropertyValueSpecification","valueRequired":true,"valueName":"search_term_string"}}],"inLanguage":"pt-BR"}]}},"jetpack_featured_media_url":"","_links":{"self":[{"href":"https:\/\/www.blogsoestado.com\/danielmatos\/wp-json\/wp\/v2\/posts\/94475","targetHints":{"allow":["GET"]}}],"collection":[{"href":"https:\/\/www.blogsoestado.com\/danielmatos\/wp-json\/wp\/v2\/posts"}],"about":[{"href":"https:\/\/www.blogsoestado.com\/danielmatos\/wp-json\/wp\/v2\/types\/post"}],"replies":[{"embeddable":true,"href":"https:\/\/www.blogsoestado.com\/danielmatos\/wp-json\/wp\/v2\/comments?post=94475"}],"version-history":[{"count":0,"href":"https:\/\/www.blogsoestado.com\/danielmatos\/wp-json\/wp\/v2\/posts\/94475\/revisions"}],"wp:attachment":[{"href":"https:\/\/www.blogsoestado.com\/danielmatos\/wp-json\/wp\/v2\/media?parent=94475"}],"wp:term":[{"taxonomy":"category","embeddable":true,"href":"https:\/\/www.blogsoestado.com\/danielmatos\/wp-json\/wp\/v2\/categories?post=94475"},{"taxonomy":"post_tag","embeddable":true,"href":"https:\/\/www.blogsoestado.com\/danielmatos\/wp-json\/wp\/v2\/tags?post=94475"}],"curies":[{"name":"wp","href":"https:\/\/api.w.org\/{rel}","templated":true}]}}