{"id":94482,"date":"2022-02-20T22:21:11","date_gmt":"2022-02-21T01:21:11","guid":{"rendered":"https:\/\/www.blogsoestado.com\/danielmatos\/?p=94482"},"modified":"2022-02-20T22:21:11","modified_gmt":"2022-02-21T01:21:11","slug":"em-bequimao-deputado-wellington-debate-reajuste-de-3324-rateio-do-fundeb-e-reintegracao-de-concursados","status":"publish","type":"post","link":"https:\/\/www.blogsoestado.com\/danielmatos\/em-bequimao-deputado-wellington-debate-reajuste-de-3324-rateio-do-fundeb-e-reintegracao-de-concursados\/","title":{"rendered":"Em Bequim\u00e3o, deputado Wellington debate reajuste de 33,24%, rateio do FUNDEB e reintegra\u00e7\u00e3o de concursados"},"content":{"rendered":"\n<div class=\"wp-block-image\"><figure class=\"aligncenter size-large\"><a href=\"https:\/\/www.blogsoestado.com\/danielmatos\/files\/2022\/02\/Screenshot_20220220-2215102.png\"><img decoding=\"async\" src=\"https:\/\/www.blogsoestado.com\/danielmatos\/files\/2022\/02\/Screenshot_20220220-2215102.png\" alt=\"\" class=\"wp-image-94483\"\/><\/a><figcaption>O deputado Wellington tamb\u00e9m se colocou \u00e0 disposi\u00e7\u00e3o dos aprovados no concurso de 2007 que foram removidos de seus cargos atrav\u00e9s de portarias arbitr\u00e1rias<\/figcaption><\/figure><\/div>\n\n\n\n<p>O deputado estadual Wellington do Curso esteve, no \u00faltimo dia 17, no munic\u00edpio do Bequim\u00e3o, onde se reuniu com os professores da rede municipal de educa\u00e7\u00e3o em defesa do rateio do FUNDEB e concursados de 2007 que lutam pela reintegra\u00e7\u00e3o em seus cargos. Na oportunidade, o parlamentar oficiou a prefeitura de Bequim\u00e3o solicitando o cumprimento da Lei do Piso com a concess\u00e3o de reajuste de 33,24%, bem como a c\u00f3pia da folha de pagamento dos professores do ano de 2021 a fim de avaliar o pagamento do rateio do FUNDEB.<\/p>\n\n\n\n<p>Durante a reuni\u00e3o, o parlamentar tamb\u00e9m se colocou \u00e0 disposi\u00e7\u00e3o dos aprovados no concurso de 2007 que foram removidos de seus cargos por meio de portarias arbitr\u00e1rias e reafirmou seu compromisso em defesa dos professores de Bequim\u00e3o.<\/p>\n\n\n\n<p>\u201cNa manh\u00e3 do dia 17, estivemos reunidos com os professores do munic\u00edpio de Bequim\u00e3o que lutam pelo rateio dos recursos do FUNDEB para os profissionais da educa\u00e7\u00e3o e concess\u00e3o de reajuste de 33,24%, de acordo com a lei do piso. Tamb\u00e9m nos reunimos com os concursados de 2007 que foram retirados de seus cargos de forma arbitr\u00e1ria atrav\u00e9s de portarias publicadas pela prefeitura e que lutam na justi\u00e7a pela reintegra\u00e7\u00e3o em seus cargos. Em defesa dessas pessoas, protocolamos of\u00edcio em que solicitamos ao prefeito de Bequim\u00e3o, a c\u00f3pia da folha de pagamento do ano de 2021 para que possamos avaliar o pagamento do rateio do FUNDEB, bem como cumprimento do Lei Nacional do Piso e concess\u00e3o do reajuste de 33,24%. Como deputado estadual, sigo em defesa dos educadores maranhenses e dos concursareis. Continuaremos fiscalizando e cobrando um posicionamento dos gestores municipais para saber o destino dos recursos do FUNDEB, se houve sobras e os motivos pelos quais n\u00e3o houve o rateio, bem como o reajuste de 33,24%, afinal, estamos falando de direitos garantidos por lei. Professores e concursados de Bequim\u00e3o, contem com o meu apoio!\u201d, disse o professor e deputado Wellington.<\/p>\n","protected":false},"excerpt":{"rendered":"<p>O deputado estadual Wellington do Curso esteve, no \u00faltimo dia 17, no munic\u00edpio do Bequim\u00e3o, onde se reuniu com os [&hellip;]<\/p>\n","protected":false},"author":0,"featured_media":0,"comment_status":"open","ping_status":"open","sticky":false,"template":"","format":"standard","meta":{"site-sidebar-layout":"default","site-content-layout":"","ast-site-content-layout":"default","site-content-style":"default","site-sidebar-style":"default","ast-global-header-display":"","ast-banner-title-visibility":"","ast-main-header-display":"","ast-hfb-above-header-display":"","ast-hfb-below-header-display":"","ast-hfb-mobile-header-display":"","site-post-title":"","ast-breadcrumbs-content":"","ast-featured-img":"","footer-sml-layout":"","ast-disable-related-posts":"","theme-transparent-header-meta":"","adv-header-id-meta":"","stick-header-meta":"","header-above-stick-meta":"","header-main-stick-meta":"","header-below-stick-meta":"","astra-migrate-meta-layouts":"default","ast-page-background-enabled":"default","ast-page-background-meta":{"desktop":{"background-color":"var(--ast-global-color-5)","background-image":"","background-repeat":"repeat","background-position":"center center","background-size":"auto","background-attachment":"scroll","background-type":"","background-media":"","overlay-type":"","overlay-color":"","overlay-opacity":"","overlay-gradient":""},"tablet":{"background-color":"","background-image":"","background-repeat":"repeat","background-position":"center center","background-size":"auto","background-attachment":"scroll","background-type":"","background-media":"","overlay-type":"","overlay-color":"","overlay-opacity":"","overlay-gradient":""},"mobile":{"background-color":"","background-image":"","background-repeat":"repeat","background-position":"center center","background-size":"auto","background-attachment":"scroll","background-type":"","background-media":"","overlay-type":"","overlay-color":"","overlay-opacity":"","overlay-gradient":""}},"ast-content-background-meta":{"desktop":{"background-color":"var(--ast-global-color-4)","background-image":"","background-repeat":"repeat","background-position":"center center","background-size":"auto","background-attachment":"scroll","background-type":"","background-media":"","overlay-type":"","overlay-color":"","overlay-opacity":"","overlay-gradient":""},"tablet":{"background-color":"var(--ast-global-color-4)","background-image":"","background-repeat":"repeat","background-position":"center center","background-size":"auto","background-attachment":"scroll","background-type":"","background-media":"","overlay-type":"","overlay-color":"","overlay-opacity":"","overlay-gradient":""},"mobile":{"background-color":"var(--ast-global-color-4)","background-image":"","background-repeat":"repeat","background-position":"center center","background-size":"auto","background-attachment":"scroll","background-type":"","background-media":"","overlay-type":"","overlay-color":"","overlay-opacity":"","overlay-gradient":""}},"footnotes":""},"categories":[1],"tags":[],"class_list":["post-94482","post","type-post","status-publish","format-standard","hentry","category-sem-categoria"],"yoast_head":"<!-- This site is optimized with the Yoast SEO plugin v26.6 - https:\/\/yoast.com\/wordpress\/plugins\/seo\/ -->\n<title>Em Bequim\u00e3o, deputado Wellington debate reajuste de 33,24%, rateio do FUNDEB e reintegra\u00e7\u00e3o de concursados - Daniel Matos<\/title>\n<meta name=\"robots\" content=\"index, follow, max-snippet:-1, max-image-preview:large, max-video-preview:-1\" \/>\n<link rel=\"canonical\" href=\"https:\/\/www.blogsoestado.com\/danielmatos\/em-bequimao-deputado-wellington-debate-reajuste-de-3324-rateio-do-fundeb-e-reintegracao-de-concursados\/\" \/>\n<meta property=\"og:locale\" content=\"pt_BR\" \/>\n<meta property=\"og:type\" content=\"article\" \/>\n<meta property=\"og:title\" content=\"Em Bequim\u00e3o, deputado Wellington debate reajuste de 33,24%, rateio do FUNDEB e reintegra\u00e7\u00e3o de concursados - Daniel Matos\" \/>\n<meta property=\"og:description\" content=\"O deputado estadual Wellington do Curso esteve, no \u00faltimo dia 17, no munic\u00edpio do Bequim\u00e3o, onde se reuniu com os [&hellip;]\" \/>\n<meta property=\"og:url\" content=\"https:\/\/www.blogsoestado.com\/danielmatos\/em-bequimao-deputado-wellington-debate-reajuste-de-3324-rateio-do-fundeb-e-reintegracao-de-concursados\/\" \/>\n<meta property=\"og:site_name\" content=\"Daniel Matos\" \/>\n<meta property=\"article:published_time\" content=\"2022-02-21T01:21:11+00:00\" \/>\n<meta property=\"og:image\" content=\"https:\/\/www.blogsoestado.com\/danielmatos\/files\/2022\/02\/Screenshot_20220220-2215102.png\" \/>\n<meta name=\"twitter:card\" content=\"summary_large_image\" \/>\n<meta name=\"twitter:label1\" content=\"Est. tempo de leitura\" \/>\n\t<meta name=\"twitter:data1\" content=\"2 minutos\" \/>\n<script type=\"application\/ld+json\" class=\"yoast-schema-graph\">{\"@context\":\"https:\/\/schema.org\",\"@graph\":[{\"@type\":\"WebPage\",\"@id\":\"https:\/\/www.blogsoestado.com\/danielmatos\/em-bequimao-deputado-wellington-debate-reajuste-de-3324-rateio-do-fundeb-e-reintegracao-de-concursados\/\",\"url\":\"https:\/\/www.blogsoestado.com\/danielmatos\/em-bequimao-deputado-wellington-debate-reajuste-de-3324-rateio-do-fundeb-e-reintegracao-de-concursados\/\",\"name\":\"Em Bequim\u00e3o, deputado Wellington debate reajuste de 33,24%, rateio do FUNDEB e reintegra\u00e7\u00e3o de concursados - Daniel Matos\",\"isPartOf\":{\"@id\":\"https:\/\/www.blogsoestado.com\/danielmatos\/#website\"},\"primaryImageOfPage\":{\"@id\":\"https:\/\/www.blogsoestado.com\/danielmatos\/em-bequimao-deputado-wellington-debate-reajuste-de-3324-rateio-do-fundeb-e-reintegracao-de-concursados\/#primaryimage\"},\"image\":{\"@id\":\"https:\/\/www.blogsoestado.com\/danielmatos\/em-bequimao-deputado-wellington-debate-reajuste-de-3324-rateio-do-fundeb-e-reintegracao-de-concursados\/#primaryimage\"},\"thumbnailUrl\":\"https:\/\/www.blogsoestado.com\/danielmatos\/files\/2022\/02\/Screenshot_20220220-2215102.png\",\"datePublished\":\"2022-02-21T01:21:11+00:00\",\"author\":{\"@id\":\"\"},\"breadcrumb\":{\"@id\":\"https:\/\/www.blogsoestado.com\/danielmatos\/em-bequimao-deputado-wellington-debate-reajuste-de-3324-rateio-do-fundeb-e-reintegracao-de-concursados\/#breadcrumb\"},\"inLanguage\":\"pt-BR\",\"potentialAction\":[{\"@type\":\"ReadAction\",\"target\":[\"https:\/\/www.blogsoestado.com\/danielmatos\/em-bequimao-deputado-wellington-debate-reajuste-de-3324-rateio-do-fundeb-e-reintegracao-de-concursados\/\"]}]},{\"@type\":\"ImageObject\",\"inLanguage\":\"pt-BR\",\"@id\":\"https:\/\/www.blogsoestado.com\/danielmatos\/em-bequimao-deputado-wellington-debate-reajuste-de-3324-rateio-do-fundeb-e-reintegracao-de-concursados\/#primaryimage\",\"url\":\"https:\/\/www.blogsoestado.com\/danielmatos\/files\/2022\/02\/Screenshot_20220220-2215102.png\",\"contentUrl\":\"https:\/\/www.blogsoestado.com\/danielmatos\/files\/2022\/02\/Screenshot_20220220-2215102.png\"},{\"@type\":\"BreadcrumbList\",\"@id\":\"https:\/\/www.blogsoestado.com\/danielmatos\/em-bequimao-deputado-wellington-debate-reajuste-de-3324-rateio-do-fundeb-e-reintegracao-de-concursados\/#breadcrumb\",\"itemListElement\":[{\"@type\":\"ListItem\",\"position\":1,\"name\":\"In\u00edcio\",\"item\":\"https:\/\/www.blogsoestado.com\/danielmatos\/\"},{\"@type\":\"ListItem\",\"position\":2,\"name\":\"Em Bequim\u00e3o, deputado Wellington debate reajuste de 33,24%, rateio do FUNDEB e reintegra\u00e7\u00e3o de concursados\"}]},{\"@type\":\"WebSite\",\"@id\":\"https:\/\/www.blogsoestado.com\/danielmatos\/#website\",\"url\":\"https:\/\/www.blogsoestado.com\/danielmatos\/\",\"name\":\"Daniel Matos\",\"description\":\"\",\"potentialAction\":[{\"@type\":\"SearchAction\",\"target\":{\"@type\":\"EntryPoint\",\"urlTemplate\":\"https:\/\/www.blogsoestado.com\/danielmatos\/?s={search_term_string}\"},\"query-input\":{\"@type\":\"PropertyValueSpecification\",\"valueRequired\":true,\"valueName\":\"search_term_string\"}}],\"inLanguage\":\"pt-BR\"}]}<\/script>\n<!-- \/ Yoast SEO plugin. -->","yoast_head_json":{"title":"Em Bequim\u00e3o, deputado Wellington debate reajuste de 33,24%, rateio do FUNDEB e reintegra\u00e7\u00e3o de concursados - Daniel Matos","robots":{"index":"index","follow":"follow","max-snippet":"max-snippet:-1","max-image-preview":"max-image-preview:large","max-video-preview":"max-video-preview:-1"},"canonical":"https:\/\/www.blogsoestado.com\/danielmatos\/em-bequimao-deputado-wellington-debate-reajuste-de-3324-rateio-do-fundeb-e-reintegracao-de-concursados\/","og_locale":"pt_BR","og_type":"article","og_title":"Em Bequim\u00e3o, deputado Wellington debate reajuste de 33,24%, rateio do FUNDEB e reintegra\u00e7\u00e3o de concursados - Daniel Matos","og_description":"O deputado estadual Wellington do Curso esteve, no \u00faltimo dia 17, no munic\u00edpio do Bequim\u00e3o, onde se reuniu com os [&hellip;]","og_url":"https:\/\/www.blogsoestado.com\/danielmatos\/em-bequimao-deputado-wellington-debate-reajuste-de-3324-rateio-do-fundeb-e-reintegracao-de-concursados\/","og_site_name":"Daniel Matos","article_published_time":"2022-02-21T01:21:11+00:00","og_image":[{"url":"https:\/\/www.blogsoestado.com\/danielmatos\/files\/2022\/02\/Screenshot_20220220-2215102.png","type":"","width":"","height":""}],"twitter_card":"summary_large_image","twitter_misc":{"Est. tempo de leitura":"2 minutos"},"schema":{"@context":"https:\/\/schema.org","@graph":[{"@type":"WebPage","@id":"https:\/\/www.blogsoestado.com\/danielmatos\/em-bequimao-deputado-wellington-debate-reajuste-de-3324-rateio-do-fundeb-e-reintegracao-de-concursados\/","url":"https:\/\/www.blogsoestado.com\/danielmatos\/em-bequimao-deputado-wellington-debate-reajuste-de-3324-rateio-do-fundeb-e-reintegracao-de-concursados\/","name":"Em Bequim\u00e3o, deputado Wellington debate reajuste de 33,24%, rateio do FUNDEB e reintegra\u00e7\u00e3o de concursados - Daniel Matos","isPartOf":{"@id":"https:\/\/www.blogsoestado.com\/danielmatos\/#website"},"primaryImageOfPage":{"@id":"https:\/\/www.blogsoestado.com\/danielmatos\/em-bequimao-deputado-wellington-debate-reajuste-de-3324-rateio-do-fundeb-e-reintegracao-de-concursados\/#primaryimage"},"image":{"@id":"https:\/\/www.blogsoestado.com\/danielmatos\/em-bequimao-deputado-wellington-debate-reajuste-de-3324-rateio-do-fundeb-e-reintegracao-de-concursados\/#primaryimage"},"thumbnailUrl":"https:\/\/www.blogsoestado.com\/danielmatos\/files\/2022\/02\/Screenshot_20220220-2215102.png","datePublished":"2022-02-21T01:21:11+00:00","author":{"@id":""},"breadcrumb":{"@id":"https:\/\/www.blogsoestado.com\/danielmatos\/em-bequimao-deputado-wellington-debate-reajuste-de-3324-rateio-do-fundeb-e-reintegracao-de-concursados\/#breadcrumb"},"inLanguage":"pt-BR","potentialAction":[{"@type":"ReadAction","target":["https:\/\/www.blogsoestado.com\/danielmatos\/em-bequimao-deputado-wellington-debate-reajuste-de-3324-rateio-do-fundeb-e-reintegracao-de-concursados\/"]}]},{"@type":"ImageObject","inLanguage":"pt-BR","@id":"https:\/\/www.blogsoestado.com\/danielmatos\/em-bequimao-deputado-wellington-debate-reajuste-de-3324-rateio-do-fundeb-e-reintegracao-de-concursados\/#primaryimage","url":"https:\/\/www.blogsoestado.com\/danielmatos\/files\/2022\/02\/Screenshot_20220220-2215102.png","contentUrl":"https:\/\/www.blogsoestado.com\/danielmatos\/files\/2022\/02\/Screenshot_20220220-2215102.png"},{"@type":"BreadcrumbList","@id":"https:\/\/www.blogsoestado.com\/danielmatos\/em-bequimao-deputado-wellington-debate-reajuste-de-3324-rateio-do-fundeb-e-reintegracao-de-concursados\/#breadcrumb","itemListElement":[{"@type":"ListItem","position":1,"name":"In\u00edcio","item":"https:\/\/www.blogsoestado.com\/danielmatos\/"},{"@type":"ListItem","position":2,"name":"Em Bequim\u00e3o, deputado Wellington debate reajuste de 33,24%, rateio do FUNDEB e reintegra\u00e7\u00e3o de concursados"}]},{"@type":"WebSite","@id":"https:\/\/www.blogsoestado.com\/danielmatos\/#website","url":"https:\/\/www.blogsoestado.com\/danielmatos\/","name":"Daniel Matos","description":"","potentialAction":[{"@type":"SearchAction","target":{"@type":"EntryPoint","urlTemplate":"https:\/\/www.blogsoestado.com\/danielmatos\/?s={search_term_string}"},"query-input":{"@type":"PropertyValueSpecification","valueRequired":true,"valueName":"search_term_string"}}],"inLanguage":"pt-BR"}]}},"jetpack_featured_media_url":"","_links":{"self":[{"href":"https:\/\/www.blogsoestado.com\/danielmatos\/wp-json\/wp\/v2\/posts\/94482","targetHints":{"allow":["GET"]}}],"collection":[{"href":"https:\/\/www.blogsoestado.com\/danielmatos\/wp-json\/wp\/v2\/posts"}],"about":[{"href":"https:\/\/www.blogsoestado.com\/danielmatos\/wp-json\/wp\/v2\/types\/post"}],"replies":[{"embeddable":true,"href":"https:\/\/www.blogsoestado.com\/danielmatos\/wp-json\/wp\/v2\/comments?post=94482"}],"version-history":[{"count":0,"href":"https:\/\/www.blogsoestado.com\/danielmatos\/wp-json\/wp\/v2\/posts\/94482\/revisions"}],"wp:attachment":[{"href":"https:\/\/www.blogsoestado.com\/danielmatos\/wp-json\/wp\/v2\/media?parent=94482"}],"wp:term":[{"taxonomy":"category","embeddable":true,"href":"https:\/\/www.blogsoestado.com\/danielmatos\/wp-json\/wp\/v2\/categories?post=94482"},{"taxonomy":"post_tag","embeddable":true,"href":"https:\/\/www.blogsoestado.com\/danielmatos\/wp-json\/wp\/v2\/tags?post=94482"}],"curies":[{"name":"wp","href":"https:\/\/api.w.org\/{rel}","templated":true}]}}