{"id":94492,"date":"2022-02-21T19:05:10","date_gmt":"2022-02-21T22:05:10","guid":{"rendered":"https:\/\/www.blogsoestado.com\/danielmatos\/?p=94492"},"modified":"2022-02-21T19:05:10","modified_gmt":"2022-02-21T22:05:10","slug":"dr-gutemberg-recebe-rodoviarios-durante-sessao-na-camara","status":"publish","type":"post","link":"https:\/\/www.blogsoestado.com\/danielmatos\/dr-gutemberg-recebe-rodoviarios-durante-sessao-na-camara\/","title":{"rendered":"Dr. Gutemberg recebe rodovi\u00e1rios durante sess\u00e3o na C\u00e2mara"},"content":{"rendered":"\n<div class=\"wp-block-image\"><figure class=\"aligncenter size-large\"><a href=\"https:\/\/www.blogsoestado.com\/danielmatos\/files\/2022\/02\/Screenshot_20220221-1853402.png\"><img decoding=\"async\" src=\"https:\/\/www.blogsoestado.com\/danielmatos\/files\/2022\/02\/Screenshot_20220221-1853402.png\" alt=\"\" class=\"wp-image-94493\"\/><\/a><figcaption>Representantes de motoristas e cobradores de \u00f4nibus fora recebidos no plen\u00e1rio da C\u00e2mara Municipal<\/figcaption><\/figure><\/div>\n\n\n\n<p>O vice-presidente da C\u00e2mara Municipal de S\u00e3o Lu\u00eds,&nbsp; vereador Dr. Gutemberg,&nbsp; recebeu representantes do Sindicato dos Rodovi\u00e1rios,&nbsp; nesta segunda-feira (21), no plen\u00e1rio da Casa Parlamentar.<\/p>\n\n\n\n<p>Os rodovi\u00e1rios&nbsp; j\u00e1 estavam reunidos em frente ao Shopping da Crian\u00e7a, realizando uma manifesta\u00e7\u00e3o com o apoio do Sindicato dos Professores. Depois, o grupo se dirigiu \u00e0 C\u00e2mara de S\u00e3o Lu\u00eds.<\/p>\n\n\n\n<p>Naquela ocasi\u00e3o, o vice-presidente da Casa, vereador Dr. Gutemberg, estava presidindo a sess\u00e3o, quando chegou a solicita\u00e7\u00e3o para o atendimento dos rodovi\u00e1rios.<\/p>\n\n\n\n<div class=\"wp-block-image\"><figure class=\"aligncenter size-large\"><a href=\"https:\/\/www.blogsoestado.com\/danielmatos\/files\/2022\/02\/Screenshot_20220221-1854192.png\"><img decoding=\"async\" src=\"https:\/\/www.blogsoestado.com\/danielmatos\/files\/2022\/02\/Screenshot_20220221-1854192.png\" alt=\"\" class=\"wp-image-94494\"\/><\/a><figcaption>Sess\u00e3o legislativa foi paralisada para dar espa\u00e7o aos di\u00e1logo com os rodovi\u00e1rios<\/figcaption><\/figure><\/div>\n\n\n\n<p>Imediatamente,&nbsp; Dr. Gutemberg suspendeu a sess\u00e3o para atender os rodovi\u00e1rios, demonstrando total apoiou \u00e0 causa dos trabalhadores.<\/p>\n\n\n\n<p>O parlamentar esclareceu aos rodovi\u00e1rios<br>que j\u00e1 tinha sido promulgada a Lei 6.801\/2020, de autoria do vereador Umbelino Jr., que pro\u00edbe motoristas de acumular a fun\u00e7\u00e3o de cobrador.<\/p>\n\n\n\n<div class=\"wp-block-image\"><figure class=\"aligncenter size-large\"><a href=\"https:\/\/www.blogsoestado.com\/danielmatos\/files\/2022\/02\/Screenshot_20220221-1854482.png\"><img decoding=\"async\" src=\"https:\/\/www.blogsoestado.com\/danielmatos\/files\/2022\/02\/Screenshot_20220221-1854482.png\" alt=\"\" class=\"wp-image-94495\"\/><\/a><figcaption>Dr. Gutemberg explicou aos rodovi\u00e1rios que a C\u00e2mara Municipal de S\u00e3o Lu\u00eds j\u00e1 promulgou a Lei que pro\u00edbe motoristas de acumular a fun\u00e7\u00e3o de cobrador<\/figcaption><\/figure><\/div>\n\n\n\n<p>&#8220;Paralisamos a sess\u00e3o da casa para receber os rodovi\u00e1rios. Demonstramos total apoio a causa. E expliquei para eles, que a C\u00e2mara Municipal de S\u00e3o Lu\u00eds j\u00e1 promulgou a Lei que pro\u00edbe motoristas de acumular a fun\u00e7\u00e3o de cobrador. Vamos pedir o cumprimento dessa Lei. Essa Casa \u00e9 a Casa do Povo e sempre estar\u00e1 de portas abertas para o di\u00e1logo com os rodovi\u00e1rios e toda a nossa popula\u00e7\u00e3o. &#8220;, disse Dr. Gutemberg.<\/p>\n\n\n\n<p>Assista:<\/p>\n\n\n\n<figure class=\"wp-block-embed is-type-video is-provider-youtube wp-block-embed-youtube wp-embed-aspect-16-9 wp-has-aspect-ratio\"><div class=\"wp-block-embed__wrapper\">\n<iframe title=\"Vereador Dr. Gutemberg recebe representantes do Sindicato dos Rodovi\u00e1rios na C\u00e2mara Municipal\" width=\"500\" height=\"281\" src=\"https:\/\/www.youtube.com\/embed\/uQ1xP5WGfEY?feature=oembed\" frameborder=\"0\" allow=\"accelerometer; autoplay; clipboard-write; encrypted-media; gyroscope; picture-in-picture; web-share\" referrerpolicy=\"strict-origin-when-cross-origin\" allowfullscreen><\/iframe>\n<\/div><\/figure>\n","protected":false},"excerpt":{"rendered":"<p>O vice-presidente da C\u00e2mara Municipal de S\u00e3o Lu\u00eds,&nbsp; vereador Dr. Gutemberg,&nbsp; recebeu representantes do Sindicato dos Rodovi\u00e1rios,&nbsp; nesta segunda-feira (21), [&hellip;]<\/p>\n","protected":false},"author":0,"featured_media":0,"comment_status":"open","ping_status":"open","sticky":false,"template":"","format":"standard","meta":{"site-sidebar-layout":"default","site-content-layout":"","ast-site-content-layout":"default","site-content-style":"default","site-sidebar-style":"default","ast-global-header-display":"","ast-banner-title-visibility":"","ast-main-header-display":"","ast-hfb-above-header-display":"","ast-hfb-below-header-display":"","ast-hfb-mobile-header-display":"","site-post-title":"","ast-breadcrumbs-content":"","ast-featured-img":"","footer-sml-layout":"","ast-disable-related-posts":"","theme-transparent-header-meta":"","adv-header-id-meta":"","stick-header-meta":"","header-above-stick-meta":"","header-main-stick-meta":"","header-below-stick-meta":"","astra-migrate-meta-layouts":"default","ast-page-background-enabled":"default","ast-page-background-meta":{"desktop":{"background-color":"var(--ast-global-color-5)","background-image":"","background-repeat":"repeat","background-position":"center center","background-size":"auto","background-attachment":"scroll","background-type":"","background-media":"","overlay-type":"","overlay-color":"","overlay-opacity":"","overlay-gradient":""},"tablet":{"background-color":"","background-image":"","background-repeat":"repeat","background-position":"center center","background-size":"auto","background-attachment":"scroll","background-type":"","background-media":"","overlay-type":"","overlay-color":"","overlay-opacity":"","overlay-gradient":""},"mobile":{"background-color":"","background-image":"","background-repeat":"repeat","background-position":"center center","background-size":"auto","background-attachment":"scroll","background-type":"","background-media":"","overlay-type":"","overlay-color":"","overlay-opacity":"","overlay-gradient":""}},"ast-content-background-meta":{"desktop":{"background-color":"var(--ast-global-color-4)","background-image":"","background-repeat":"repeat","background-position":"center center","background-size":"auto","background-attachment":"scroll","background-type":"","background-media":"","overlay-type":"","overlay-color":"","overlay-opacity":"","overlay-gradient":""},"tablet":{"background-color":"var(--ast-global-color-4)","background-image":"","background-repeat":"repeat","background-position":"center center","background-size":"auto","background-attachment":"scroll","background-type":"","background-media":"","overlay-type":"","overlay-color":"","overlay-opacity":"","overlay-gradient":""},"mobile":{"background-color":"var(--ast-global-color-4)","background-image":"","background-repeat":"repeat","background-position":"center center","background-size":"auto","background-attachment":"scroll","background-type":"","background-media":"","overlay-type":"","overlay-color":"","overlay-opacity":"","overlay-gradient":""}},"footnotes":""},"categories":[1],"tags":[],"class_list":["post-94492","post","type-post","status-publish","format-standard","hentry","category-sem-categoria"],"yoast_head":"<!-- This site is optimized with the Yoast SEO plugin v26.6 - https:\/\/yoast.com\/wordpress\/plugins\/seo\/ -->\n<title>Dr. Gutemberg recebe rodovi\u00e1rios durante sess\u00e3o na C\u00e2mara - Daniel Matos<\/title>\n<meta name=\"robots\" content=\"index, follow, max-snippet:-1, max-image-preview:large, max-video-preview:-1\" \/>\n<link rel=\"canonical\" href=\"https:\/\/www.blogsoestado.com\/danielmatos\/dr-gutemberg-recebe-rodoviarios-durante-sessao-na-camara\/\" \/>\n<meta property=\"og:locale\" content=\"pt_BR\" \/>\n<meta property=\"og:type\" content=\"article\" \/>\n<meta property=\"og:title\" content=\"Dr. Gutemberg recebe rodovi\u00e1rios durante sess\u00e3o na C\u00e2mara - Daniel Matos\" \/>\n<meta property=\"og:description\" content=\"O vice-presidente da C\u00e2mara Municipal de S\u00e3o Lu\u00eds,&nbsp; vereador Dr. Gutemberg,&nbsp; recebeu representantes do Sindicato dos Rodovi\u00e1rios,&nbsp; nesta segunda-feira (21), [&hellip;]\" \/>\n<meta property=\"og:url\" content=\"https:\/\/www.blogsoestado.com\/danielmatos\/dr-gutemberg-recebe-rodoviarios-durante-sessao-na-camara\/\" \/>\n<meta property=\"og:site_name\" content=\"Daniel Matos\" \/>\n<meta property=\"article:published_time\" content=\"2022-02-21T22:05:10+00:00\" \/>\n<meta property=\"og:image\" content=\"https:\/\/www.blogsoestado.com\/danielmatos\/files\/2022\/02\/Screenshot_20220221-1853402.png\" \/>\n<meta name=\"twitter:card\" content=\"summary_large_image\" \/>\n<meta name=\"twitter:label1\" content=\"Est. tempo de leitura\" \/>\n\t<meta name=\"twitter:data1\" content=\"2 minutos\" \/>\n<script type=\"application\/ld+json\" class=\"yoast-schema-graph\">{\"@context\":\"https:\/\/schema.org\",\"@graph\":[{\"@type\":\"WebPage\",\"@id\":\"https:\/\/www.blogsoestado.com\/danielmatos\/dr-gutemberg-recebe-rodoviarios-durante-sessao-na-camara\/\",\"url\":\"https:\/\/www.blogsoestado.com\/danielmatos\/dr-gutemberg-recebe-rodoviarios-durante-sessao-na-camara\/\",\"name\":\"Dr. Gutemberg recebe rodovi\u00e1rios durante sess\u00e3o na C\u00e2mara - Daniel Matos\",\"isPartOf\":{\"@id\":\"https:\/\/www.blogsoestado.com\/danielmatos\/#website\"},\"primaryImageOfPage\":{\"@id\":\"https:\/\/www.blogsoestado.com\/danielmatos\/dr-gutemberg-recebe-rodoviarios-durante-sessao-na-camara\/#primaryimage\"},\"image\":{\"@id\":\"https:\/\/www.blogsoestado.com\/danielmatos\/dr-gutemberg-recebe-rodoviarios-durante-sessao-na-camara\/#primaryimage\"},\"thumbnailUrl\":\"https:\/\/www.blogsoestado.com\/danielmatos\/files\/2022\/02\/Screenshot_20220221-1853402.png\",\"datePublished\":\"2022-02-21T22:05:10+00:00\",\"author\":{\"@id\":\"\"},\"breadcrumb\":{\"@id\":\"https:\/\/www.blogsoestado.com\/danielmatos\/dr-gutemberg-recebe-rodoviarios-durante-sessao-na-camara\/#breadcrumb\"},\"inLanguage\":\"pt-BR\",\"potentialAction\":[{\"@type\":\"ReadAction\",\"target\":[\"https:\/\/www.blogsoestado.com\/danielmatos\/dr-gutemberg-recebe-rodoviarios-durante-sessao-na-camara\/\"]}]},{\"@type\":\"ImageObject\",\"inLanguage\":\"pt-BR\",\"@id\":\"https:\/\/www.blogsoestado.com\/danielmatos\/dr-gutemberg-recebe-rodoviarios-durante-sessao-na-camara\/#primaryimage\",\"url\":\"https:\/\/www.blogsoestado.com\/danielmatos\/files\/2022\/02\/Screenshot_20220221-1853402.png\",\"contentUrl\":\"https:\/\/www.blogsoestado.com\/danielmatos\/files\/2022\/02\/Screenshot_20220221-1853402.png\"},{\"@type\":\"BreadcrumbList\",\"@id\":\"https:\/\/www.blogsoestado.com\/danielmatos\/dr-gutemberg-recebe-rodoviarios-durante-sessao-na-camara\/#breadcrumb\",\"itemListElement\":[{\"@type\":\"ListItem\",\"position\":1,\"name\":\"In\u00edcio\",\"item\":\"https:\/\/www.blogsoestado.com\/danielmatos\/\"},{\"@type\":\"ListItem\",\"position\":2,\"name\":\"Dr. Gutemberg recebe rodovi\u00e1rios durante sess\u00e3o na C\u00e2mara\"}]},{\"@type\":\"WebSite\",\"@id\":\"https:\/\/www.blogsoestado.com\/danielmatos\/#website\",\"url\":\"https:\/\/www.blogsoestado.com\/danielmatos\/\",\"name\":\"Daniel Matos\",\"description\":\"\",\"potentialAction\":[{\"@type\":\"SearchAction\",\"target\":{\"@type\":\"EntryPoint\",\"urlTemplate\":\"https:\/\/www.blogsoestado.com\/danielmatos\/?s={search_term_string}\"},\"query-input\":{\"@type\":\"PropertyValueSpecification\",\"valueRequired\":true,\"valueName\":\"search_term_string\"}}],\"inLanguage\":\"pt-BR\"}]}<\/script>\n<!-- \/ Yoast SEO plugin. -->","yoast_head_json":{"title":"Dr. Gutemberg recebe rodovi\u00e1rios durante sess\u00e3o na C\u00e2mara - Daniel Matos","robots":{"index":"index","follow":"follow","max-snippet":"max-snippet:-1","max-image-preview":"max-image-preview:large","max-video-preview":"max-video-preview:-1"},"canonical":"https:\/\/www.blogsoestado.com\/danielmatos\/dr-gutemberg-recebe-rodoviarios-durante-sessao-na-camara\/","og_locale":"pt_BR","og_type":"article","og_title":"Dr. Gutemberg recebe rodovi\u00e1rios durante sess\u00e3o na C\u00e2mara - Daniel Matos","og_description":"O vice-presidente da C\u00e2mara Municipal de S\u00e3o Lu\u00eds,&nbsp; vereador Dr. Gutemberg,&nbsp; recebeu representantes do Sindicato dos Rodovi\u00e1rios,&nbsp; nesta segunda-feira (21), [&hellip;]","og_url":"https:\/\/www.blogsoestado.com\/danielmatos\/dr-gutemberg-recebe-rodoviarios-durante-sessao-na-camara\/","og_site_name":"Daniel Matos","article_published_time":"2022-02-21T22:05:10+00:00","og_image":[{"url":"https:\/\/www.blogsoestado.com\/danielmatos\/files\/2022\/02\/Screenshot_20220221-1853402.png","type":"","width":"","height":""}],"twitter_card":"summary_large_image","twitter_misc":{"Est. tempo de leitura":"2 minutos"},"schema":{"@context":"https:\/\/schema.org","@graph":[{"@type":"WebPage","@id":"https:\/\/www.blogsoestado.com\/danielmatos\/dr-gutemberg-recebe-rodoviarios-durante-sessao-na-camara\/","url":"https:\/\/www.blogsoestado.com\/danielmatos\/dr-gutemberg-recebe-rodoviarios-durante-sessao-na-camara\/","name":"Dr. Gutemberg recebe rodovi\u00e1rios durante sess\u00e3o na C\u00e2mara - Daniel Matos","isPartOf":{"@id":"https:\/\/www.blogsoestado.com\/danielmatos\/#website"},"primaryImageOfPage":{"@id":"https:\/\/www.blogsoestado.com\/danielmatos\/dr-gutemberg-recebe-rodoviarios-durante-sessao-na-camara\/#primaryimage"},"image":{"@id":"https:\/\/www.blogsoestado.com\/danielmatos\/dr-gutemberg-recebe-rodoviarios-durante-sessao-na-camara\/#primaryimage"},"thumbnailUrl":"https:\/\/www.blogsoestado.com\/danielmatos\/files\/2022\/02\/Screenshot_20220221-1853402.png","datePublished":"2022-02-21T22:05:10+00:00","author":{"@id":""},"breadcrumb":{"@id":"https:\/\/www.blogsoestado.com\/danielmatos\/dr-gutemberg-recebe-rodoviarios-durante-sessao-na-camara\/#breadcrumb"},"inLanguage":"pt-BR","potentialAction":[{"@type":"ReadAction","target":["https:\/\/www.blogsoestado.com\/danielmatos\/dr-gutemberg-recebe-rodoviarios-durante-sessao-na-camara\/"]}]},{"@type":"ImageObject","inLanguage":"pt-BR","@id":"https:\/\/www.blogsoestado.com\/danielmatos\/dr-gutemberg-recebe-rodoviarios-durante-sessao-na-camara\/#primaryimage","url":"https:\/\/www.blogsoestado.com\/danielmatos\/files\/2022\/02\/Screenshot_20220221-1853402.png","contentUrl":"https:\/\/www.blogsoestado.com\/danielmatos\/files\/2022\/02\/Screenshot_20220221-1853402.png"},{"@type":"BreadcrumbList","@id":"https:\/\/www.blogsoestado.com\/danielmatos\/dr-gutemberg-recebe-rodoviarios-durante-sessao-na-camara\/#breadcrumb","itemListElement":[{"@type":"ListItem","position":1,"name":"In\u00edcio","item":"https:\/\/www.blogsoestado.com\/danielmatos\/"},{"@type":"ListItem","position":2,"name":"Dr. Gutemberg recebe rodovi\u00e1rios durante sess\u00e3o na C\u00e2mara"}]},{"@type":"WebSite","@id":"https:\/\/www.blogsoestado.com\/danielmatos\/#website","url":"https:\/\/www.blogsoestado.com\/danielmatos\/","name":"Daniel Matos","description":"","potentialAction":[{"@type":"SearchAction","target":{"@type":"EntryPoint","urlTemplate":"https:\/\/www.blogsoestado.com\/danielmatos\/?s={search_term_string}"},"query-input":{"@type":"PropertyValueSpecification","valueRequired":true,"valueName":"search_term_string"}}],"inLanguage":"pt-BR"}]}},"jetpack_featured_media_url":"","_links":{"self":[{"href":"https:\/\/www.blogsoestado.com\/danielmatos\/wp-json\/wp\/v2\/posts\/94492","targetHints":{"allow":["GET"]}}],"collection":[{"href":"https:\/\/www.blogsoestado.com\/danielmatos\/wp-json\/wp\/v2\/posts"}],"about":[{"href":"https:\/\/www.blogsoestado.com\/danielmatos\/wp-json\/wp\/v2\/types\/post"}],"replies":[{"embeddable":true,"href":"https:\/\/www.blogsoestado.com\/danielmatos\/wp-json\/wp\/v2\/comments?post=94492"}],"version-history":[{"count":0,"href":"https:\/\/www.blogsoestado.com\/danielmatos\/wp-json\/wp\/v2\/posts\/94492\/revisions"}],"wp:attachment":[{"href":"https:\/\/www.blogsoestado.com\/danielmatos\/wp-json\/wp\/v2\/media?parent=94492"}],"wp:term":[{"taxonomy":"category","embeddable":true,"href":"https:\/\/www.blogsoestado.com\/danielmatos\/wp-json\/wp\/v2\/categories?post=94492"},{"taxonomy":"post_tag","embeddable":true,"href":"https:\/\/www.blogsoestado.com\/danielmatos\/wp-json\/wp\/v2\/tags?post=94492"}],"curies":[{"name":"wp","href":"https:\/\/api.w.org\/{rel}","templated":true}]}}