{"id":94497,"date":"2022-02-21T21:00:00","date_gmt":"2022-02-22T00:00:00","guid":{"rendered":"https:\/\/www.blogsoestado.com\/danielmatos\/?p=94497"},"modified":"2022-02-21T21:00:00","modified_gmt":"2022-02-22T00:00:00","slug":"vli-comemora-o-dia-internacional-das-mulheres-com-um-ambiente-de-equidade-genero","status":"publish","type":"post","link":"https:\/\/www.blogsoestado.com\/danielmatos\/vli-comemora-o-dia-internacional-das-mulheres-com-um-ambiente-de-equidade-genero\/","title":{"rendered":"VLI comemora o Dia Internacional das Mulheres com um ambiente de equidade g\u00eanero"},"content":{"rendered":"\n<p><em><strong><span class=\"has-inline-color has-vivid-red-color\">A companhia estimula a equidade de g\u00eanero em suas atividades, ampliando o espa\u00e7o feminino e inclus\u00e3o em cargos de lideran\u00e7a na empresa<\/span><\/strong><\/em><\/p>\n\n\n\n<div class=\"wp-block-image\"><figure class=\"aligncenter size-large\"><a href=\"https:\/\/www.blogsoestado.com\/danielmatos\/files\/2022\/02\/Screenshot_20220221-1954372.png\"><img decoding=\"async\" src=\"https:\/\/www.blogsoestado.com\/danielmatos\/files\/2022\/02\/Screenshot_20220221-1954372-454x1024.png\" alt=\"\" class=\"wp-image-94498\"\/><\/a><figcaption><em>\u00c1 operadora multimodal, Isabela Santos, conduz opera\u00e7\u00f5es na empresa VLI<\/em><\/figcaption><\/figure><\/div>\n\n\n\n<p>A VLI \u2013 companhia de solu\u00e7\u00e3o log\u00edsticas que opera terminais, ferrovias e portos \u2013 reconhece esta luta e estimula a equidade de g\u00eanero em suas atividades, ampliando o espa\u00e7o feminino e promovendo a diversidade e a inclus\u00e3o em cargos de lideran\u00e7a na empresa \u2013 o que se encaixa perfeitamente com o objetivo do Dia Internacional da Mulher, data que marca a luta pela igualdade de direitos em todos os ambientes sociais.<\/p>\n\n\n\n<p>A igualdade de g\u00eaneros \u00e9 um princ\u00edpio cultural da VLI, que vem sendo reafirmado no dia a dia da companhia desde o in\u00edcio das suas atividades, em 2010, e que \u00e9 demostrado em todos os graus hier\u00e1rquicos da companhia, desde os programas de porta de entrada, como est\u00e1gio e trainee. A operadora multimodal II, Isabela Santos, que \u00e9 uma pessoa com defici\u00eancia (PCD), \u00e9 um exemplo disso. Com quase seis anos na empresa, ela trocou de \u00e1rea e agora ocupa um cargo de opera\u00e7\u00e3o. Na decis\u00e3o de aceitar o desafio, Isabela levou em considera\u00e7\u00e3o o ambiente de equidade e respeito promovido pela companhia.<\/p>\n\n\n\n<p>Exercendo agora a fun\u00e7\u00e3o de operadora multimodal II, Isabela inspeciona descargas de vag\u00f5es e monitora indicadores para projetos de melhoria cont\u00ednua na log\u00edstica. &#8220;Foi desafiador aprender atividades novas e sair da minha zona de conforto. Com as oportunidades ofertadas e o respeito que a VLI promove, sinto orgulho em dizer que em menos de seis meses fui promovida por minha capacidade. Isso mostra que dentro da empresa existem possibilidades de atua\u00e7\u00e3o das mulheres em \u00e1reas operacionais e de lideran\u00e7as&#8221;, frisa.<\/p>\n\n\n\n<div class=\"wp-block-image\"><figure class=\"aligncenter size-large\"><a href=\"https:\/\/www.blogsoestado.com\/danielmatos\/files\/2022\/02\/Screenshot_20220221-1956292.png\"><img decoding=\"async\" src=\"https:\/\/www.blogsoestado.com\/danielmatos\/files\/2022\/02\/Screenshot_20220221-1956292-655x1024.png\" alt=\"\" class=\"wp-image-94499\"\/><\/a><figcaption>P\u00e2mela Rabelo, operadora multimodal, representa milhares de mulheres que est\u00e3o em atividades operacionais<\/figcaption><\/figure><\/div>\n\n\n\n<p>Assim como Isabela, Pamela Rabelo tamb\u00e9m viu um ambiente de oportunidades se abrir quando entrou na VLI, em 2019, como estagi\u00e1ria. Foi efetivada em 2021, promovida para operadora Multimodal II, e viu seu trabalho ser valorizado. &#8220;\u00c9 muito gratificante sermos desafiadas e termos um contexto profissional favor\u00e1vel para exercermos nossa profiss\u00e3o&#8221;, destaca. Para ela, a VLI mostra, diariamente, que lugar de mulher \u00e9 na lideran\u00e7a e na opera\u00e7\u00e3o.<\/p>\n\n\n\n<p><strong>Sobre a VLI<\/strong><\/p>\n\n\n\n<p>A VLI tem o compromisso de apoiar a transforma\u00e7\u00e3o da log\u00edstica no pa\u00eds, por meio da integra\u00e7\u00e3o de servi\u00e7os em portos, ferrovias e terminais. A empresa engloba as ferrovias Norte Sul (FNS) e Centro-Atl\u00e2ntica (FCA), al\u00e9m de terminais intermodais, que unem o carregamento e o descarregamento de produtos ao transporte ferrovi\u00e1rio, e terminais portu\u00e1rios situados em eixos estrat\u00e9gicos da costa brasileira, tais como em Santos (SP), S\u00e3o Lu\u00eds (MA) e Vit\u00f3ria (ES). Eleita em 2020 e 2021 a empresa mais inovadora do pa\u00eds na categoria &#8220;Log\u00edstica e Transportes&#8221; pelo Pr\u00eamio Valor Inova\u00e7\u00e3o, a VLI transporta as riquezas do Brasil por rotas que passam pelas regi\u00f5es Norte, Nordeste, Sudeste e Centro-Oeste.<\/p>\n","protected":false},"excerpt":{"rendered":"<p>A companhia estimula a equidade de g\u00eanero em suas atividades, ampliando o espa\u00e7o feminino e inclus\u00e3o em cargos de lideran\u00e7a [&hellip;]<\/p>\n","protected":false},"author":0,"featured_media":0,"comment_status":"open","ping_status":"open","sticky":false,"template":"","format":"standard","meta":{"site-sidebar-layout":"default","site-content-layout":"","ast-site-content-layout":"default","site-content-style":"default","site-sidebar-style":"default","ast-global-header-display":"","ast-banner-title-visibility":"","ast-main-header-display":"","ast-hfb-above-header-display":"","ast-hfb-below-header-display":"","ast-hfb-mobile-header-display":"","site-post-title":"","ast-breadcrumbs-content":"","ast-featured-img":"","footer-sml-layout":"","ast-disable-related-posts":"","theme-transparent-header-meta":"","adv-header-id-meta":"","stick-header-meta":"","header-above-stick-meta":"","header-main-stick-meta":"","header-below-stick-meta":"","astra-migrate-meta-layouts":"default","ast-page-background-enabled":"default","ast-page-background-meta":{"desktop":{"background-color":"var(--ast-global-color-5)","background-image":"","background-repeat":"repeat","background-position":"center center","background-size":"auto","background-attachment":"scroll","background-type":"","background-media":"","overlay-type":"","overlay-color":"","overlay-opacity":"","overlay-gradient":""},"tablet":{"background-color":"","background-image":"","background-repeat":"repeat","background-position":"center center","background-size":"auto","background-attachment":"scroll","background-type":"","background-media":"","overlay-type":"","overlay-color":"","overlay-opacity":"","overlay-gradient":""},"mobile":{"background-color":"","background-image":"","background-repeat":"repeat","background-position":"center center","background-size":"auto","background-attachment":"scroll","background-type":"","background-media":"","overlay-type":"","overlay-color":"","overlay-opacity":"","overlay-gradient":""}},"ast-content-background-meta":{"desktop":{"background-color":"var(--ast-global-color-4)","background-image":"","background-repeat":"repeat","background-position":"center center","background-size":"auto","background-attachment":"scroll","background-type":"","background-media":"","overlay-type":"","overlay-color":"","overlay-opacity":"","overlay-gradient":""},"tablet":{"background-color":"var(--ast-global-color-4)","background-image":"","background-repeat":"repeat","background-position":"center center","background-size":"auto","background-attachment":"scroll","background-type":"","background-media":"","overlay-type":"","overlay-color":"","overlay-opacity":"","overlay-gradient":""},"mobile":{"background-color":"var(--ast-global-color-4)","background-image":"","background-repeat":"repeat","background-position":"center center","background-size":"auto","background-attachment":"scroll","background-type":"","background-media":"","overlay-type":"","overlay-color":"","overlay-opacity":"","overlay-gradient":""}},"footnotes":""},"categories":[1],"tags":[],"class_list":["post-94497","post","type-post","status-publish","format-standard","hentry","category-sem-categoria"],"yoast_head":"<!-- This site is optimized with the Yoast SEO plugin v26.6 - https:\/\/yoast.com\/wordpress\/plugins\/seo\/ -->\n<title>VLI comemora o Dia Internacional das Mulheres com um ambiente de equidade g\u00eanero - Daniel Matos<\/title>\n<meta name=\"robots\" content=\"index, follow, max-snippet:-1, max-image-preview:large, max-video-preview:-1\" \/>\n<link rel=\"canonical\" href=\"https:\/\/www.blogsoestado.com\/danielmatos\/vli-comemora-o-dia-internacional-das-mulheres-com-um-ambiente-de-equidade-genero\/\" \/>\n<meta property=\"og:locale\" content=\"pt_BR\" \/>\n<meta property=\"og:type\" content=\"article\" \/>\n<meta property=\"og:title\" content=\"VLI comemora o Dia Internacional das Mulheres com um ambiente de equidade g\u00eanero - Daniel Matos\" \/>\n<meta property=\"og:description\" content=\"A companhia estimula a equidade de g\u00eanero em suas atividades, ampliando o espa\u00e7o feminino e inclus\u00e3o em cargos de lideran\u00e7a [&hellip;]\" \/>\n<meta property=\"og:url\" content=\"https:\/\/www.blogsoestado.com\/danielmatos\/vli-comemora-o-dia-internacional-das-mulheres-com-um-ambiente-de-equidade-genero\/\" \/>\n<meta property=\"og:site_name\" content=\"Daniel Matos\" \/>\n<meta property=\"article:published_time\" content=\"2022-02-22T00:00:00+00:00\" \/>\n<meta property=\"og:image\" content=\"https:\/\/www.blogsoestado.com\/danielmatos\/files\/2022\/02\/Screenshot_20220221-1954372-454x1024.png\" \/>\n<meta name=\"twitter:card\" content=\"summary_large_image\" \/>\n<meta name=\"twitter:label1\" content=\"Est. tempo de leitura\" \/>\n\t<meta name=\"twitter:data1\" content=\"3 minutos\" \/>\n<script type=\"application\/ld+json\" class=\"yoast-schema-graph\">{\"@context\":\"https:\/\/schema.org\",\"@graph\":[{\"@type\":\"WebPage\",\"@id\":\"https:\/\/www.blogsoestado.com\/danielmatos\/vli-comemora-o-dia-internacional-das-mulheres-com-um-ambiente-de-equidade-genero\/\",\"url\":\"https:\/\/www.blogsoestado.com\/danielmatos\/vli-comemora-o-dia-internacional-das-mulheres-com-um-ambiente-de-equidade-genero\/\",\"name\":\"VLI comemora o Dia Internacional das Mulheres com um ambiente de equidade g\u00eanero - Daniel Matos\",\"isPartOf\":{\"@id\":\"https:\/\/www.blogsoestado.com\/danielmatos\/#website\"},\"primaryImageOfPage\":{\"@id\":\"https:\/\/www.blogsoestado.com\/danielmatos\/vli-comemora-o-dia-internacional-das-mulheres-com-um-ambiente-de-equidade-genero\/#primaryimage\"},\"image\":{\"@id\":\"https:\/\/www.blogsoestado.com\/danielmatos\/vli-comemora-o-dia-internacional-das-mulheres-com-um-ambiente-de-equidade-genero\/#primaryimage\"},\"thumbnailUrl\":\"https:\/\/www.blogsoestado.com\/danielmatos\/files\/2022\/02\/Screenshot_20220221-1954372-454x1024.png\",\"datePublished\":\"2022-02-22T00:00:00+00:00\",\"author\":{\"@id\":\"\"},\"breadcrumb\":{\"@id\":\"https:\/\/www.blogsoestado.com\/danielmatos\/vli-comemora-o-dia-internacional-das-mulheres-com-um-ambiente-de-equidade-genero\/#breadcrumb\"},\"inLanguage\":\"pt-BR\",\"potentialAction\":[{\"@type\":\"ReadAction\",\"target\":[\"https:\/\/www.blogsoestado.com\/danielmatos\/vli-comemora-o-dia-internacional-das-mulheres-com-um-ambiente-de-equidade-genero\/\"]}]},{\"@type\":\"ImageObject\",\"inLanguage\":\"pt-BR\",\"@id\":\"https:\/\/www.blogsoestado.com\/danielmatos\/vli-comemora-o-dia-internacional-das-mulheres-com-um-ambiente-de-equidade-genero\/#primaryimage\",\"url\":\"https:\/\/www.blogsoestado.com\/danielmatos\/files\/2022\/02\/Screenshot_20220221-1954372-454x1024.png\",\"contentUrl\":\"https:\/\/www.blogsoestado.com\/danielmatos\/files\/2022\/02\/Screenshot_20220221-1954372-454x1024.png\"},{\"@type\":\"BreadcrumbList\",\"@id\":\"https:\/\/www.blogsoestado.com\/danielmatos\/vli-comemora-o-dia-internacional-das-mulheres-com-um-ambiente-de-equidade-genero\/#breadcrumb\",\"itemListElement\":[{\"@type\":\"ListItem\",\"position\":1,\"name\":\"In\u00edcio\",\"item\":\"https:\/\/www.blogsoestado.com\/danielmatos\/\"},{\"@type\":\"ListItem\",\"position\":2,\"name\":\"VLI comemora o Dia Internacional das Mulheres com um ambiente de equidade g\u00eanero\"}]},{\"@type\":\"WebSite\",\"@id\":\"https:\/\/www.blogsoestado.com\/danielmatos\/#website\",\"url\":\"https:\/\/www.blogsoestado.com\/danielmatos\/\",\"name\":\"Daniel Matos\",\"description\":\"\",\"potentialAction\":[{\"@type\":\"SearchAction\",\"target\":{\"@type\":\"EntryPoint\",\"urlTemplate\":\"https:\/\/www.blogsoestado.com\/danielmatos\/?s={search_term_string}\"},\"query-input\":{\"@type\":\"PropertyValueSpecification\",\"valueRequired\":true,\"valueName\":\"search_term_string\"}}],\"inLanguage\":\"pt-BR\"}]}<\/script>\n<!-- \/ Yoast SEO plugin. -->","yoast_head_json":{"title":"VLI comemora o Dia Internacional das Mulheres com um ambiente de equidade g\u00eanero - Daniel Matos","robots":{"index":"index","follow":"follow","max-snippet":"max-snippet:-1","max-image-preview":"max-image-preview:large","max-video-preview":"max-video-preview:-1"},"canonical":"https:\/\/www.blogsoestado.com\/danielmatos\/vli-comemora-o-dia-internacional-das-mulheres-com-um-ambiente-de-equidade-genero\/","og_locale":"pt_BR","og_type":"article","og_title":"VLI comemora o Dia Internacional das Mulheres com um ambiente de equidade g\u00eanero - Daniel Matos","og_description":"A companhia estimula a equidade de g\u00eanero em suas atividades, ampliando o espa\u00e7o feminino e inclus\u00e3o em cargos de lideran\u00e7a [&hellip;]","og_url":"https:\/\/www.blogsoestado.com\/danielmatos\/vli-comemora-o-dia-internacional-das-mulheres-com-um-ambiente-de-equidade-genero\/","og_site_name":"Daniel Matos","article_published_time":"2022-02-22T00:00:00+00:00","og_image":[{"url":"https:\/\/www.blogsoestado.com\/danielmatos\/files\/2022\/02\/Screenshot_20220221-1954372-454x1024.png","type":"","width":"","height":""}],"twitter_card":"summary_large_image","twitter_misc":{"Est. tempo de leitura":"3 minutos"},"schema":{"@context":"https:\/\/schema.org","@graph":[{"@type":"WebPage","@id":"https:\/\/www.blogsoestado.com\/danielmatos\/vli-comemora-o-dia-internacional-das-mulheres-com-um-ambiente-de-equidade-genero\/","url":"https:\/\/www.blogsoestado.com\/danielmatos\/vli-comemora-o-dia-internacional-das-mulheres-com-um-ambiente-de-equidade-genero\/","name":"VLI comemora o Dia Internacional das Mulheres com um ambiente de equidade g\u00eanero - Daniel Matos","isPartOf":{"@id":"https:\/\/www.blogsoestado.com\/danielmatos\/#website"},"primaryImageOfPage":{"@id":"https:\/\/www.blogsoestado.com\/danielmatos\/vli-comemora-o-dia-internacional-das-mulheres-com-um-ambiente-de-equidade-genero\/#primaryimage"},"image":{"@id":"https:\/\/www.blogsoestado.com\/danielmatos\/vli-comemora-o-dia-internacional-das-mulheres-com-um-ambiente-de-equidade-genero\/#primaryimage"},"thumbnailUrl":"https:\/\/www.blogsoestado.com\/danielmatos\/files\/2022\/02\/Screenshot_20220221-1954372-454x1024.png","datePublished":"2022-02-22T00:00:00+00:00","author":{"@id":""},"breadcrumb":{"@id":"https:\/\/www.blogsoestado.com\/danielmatos\/vli-comemora-o-dia-internacional-das-mulheres-com-um-ambiente-de-equidade-genero\/#breadcrumb"},"inLanguage":"pt-BR","potentialAction":[{"@type":"ReadAction","target":["https:\/\/www.blogsoestado.com\/danielmatos\/vli-comemora-o-dia-internacional-das-mulheres-com-um-ambiente-de-equidade-genero\/"]}]},{"@type":"ImageObject","inLanguage":"pt-BR","@id":"https:\/\/www.blogsoestado.com\/danielmatos\/vli-comemora-o-dia-internacional-das-mulheres-com-um-ambiente-de-equidade-genero\/#primaryimage","url":"https:\/\/www.blogsoestado.com\/danielmatos\/files\/2022\/02\/Screenshot_20220221-1954372-454x1024.png","contentUrl":"https:\/\/www.blogsoestado.com\/danielmatos\/files\/2022\/02\/Screenshot_20220221-1954372-454x1024.png"},{"@type":"BreadcrumbList","@id":"https:\/\/www.blogsoestado.com\/danielmatos\/vli-comemora-o-dia-internacional-das-mulheres-com-um-ambiente-de-equidade-genero\/#breadcrumb","itemListElement":[{"@type":"ListItem","position":1,"name":"In\u00edcio","item":"https:\/\/www.blogsoestado.com\/danielmatos\/"},{"@type":"ListItem","position":2,"name":"VLI comemora o Dia Internacional das Mulheres com um ambiente de equidade g\u00eanero"}]},{"@type":"WebSite","@id":"https:\/\/www.blogsoestado.com\/danielmatos\/#website","url":"https:\/\/www.blogsoestado.com\/danielmatos\/","name":"Daniel Matos","description":"","potentialAction":[{"@type":"SearchAction","target":{"@type":"EntryPoint","urlTemplate":"https:\/\/www.blogsoestado.com\/danielmatos\/?s={search_term_string}"},"query-input":{"@type":"PropertyValueSpecification","valueRequired":true,"valueName":"search_term_string"}}],"inLanguage":"pt-BR"}]}},"jetpack_featured_media_url":"","_links":{"self":[{"href":"https:\/\/www.blogsoestado.com\/danielmatos\/wp-json\/wp\/v2\/posts\/94497","targetHints":{"allow":["GET"]}}],"collection":[{"href":"https:\/\/www.blogsoestado.com\/danielmatos\/wp-json\/wp\/v2\/posts"}],"about":[{"href":"https:\/\/www.blogsoestado.com\/danielmatos\/wp-json\/wp\/v2\/types\/post"}],"replies":[{"embeddable":true,"href":"https:\/\/www.blogsoestado.com\/danielmatos\/wp-json\/wp\/v2\/comments?post=94497"}],"version-history":[{"count":0,"href":"https:\/\/www.blogsoestado.com\/danielmatos\/wp-json\/wp\/v2\/posts\/94497\/revisions"}],"wp:attachment":[{"href":"https:\/\/www.blogsoestado.com\/danielmatos\/wp-json\/wp\/v2\/media?parent=94497"}],"wp:term":[{"taxonomy":"category","embeddable":true,"href":"https:\/\/www.blogsoestado.com\/danielmatos\/wp-json\/wp\/v2\/categories?post=94497"},{"taxonomy":"post_tag","embeddable":true,"href":"https:\/\/www.blogsoestado.com\/danielmatos\/wp-json\/wp\/v2\/tags?post=94497"}],"curies":[{"name":"wp","href":"https:\/\/api.w.org\/{rel}","templated":true}]}}