{"id":94676,"date":"2022-02-27T14:42:14","date_gmt":"2022-02-27T17:42:14","guid":{"rendered":"https:\/\/www.blogsoestado.com\/danielmatos\/?p=94676"},"modified":"2022-02-27T14:42:14","modified_gmt":"2022-02-27T17:42:14","slug":"stj-decreta-ilegalidade-de-prisao-de-rodoviarios","status":"publish","type":"post","link":"https:\/\/www.blogsoestado.com\/danielmatos\/stj-decreta-ilegalidade-de-prisao-de-rodoviarios\/","title":{"rendered":"STJ decreta ilegalidade de pris\u00e3o de rodoviarios"},"content":{"rendered":"\n<div class=\"wp-block-image\"><figure class=\"aligncenter size-large\"><a href=\"https:\/\/www.blogsoestado.com\/danielmatos\/files\/2022\/02\/Screenshot_20220227-1439242.png\"><img decoding=\"async\" src=\"https:\/\/www.blogsoestado.com\/danielmatos\/files\/2022\/02\/Screenshot_20220227-1439242.png\" alt=\"\" class=\"wp-image-94681\"\/><\/a><figcaption>Decis\u00e3o de desembargadora do TRT-MA teve ampla repercuss\u00e3o negativa<\/figcaption><\/figure><\/div>\n\n\n\n<p>O Superior Tribunal de Justi\u00e7a (STJ) decretou a ilegalidade ordem da pris\u00e3o preventiva de 15 trabalhadores rodovi\u00e1rios ligados ao sindicato da categoria, em resposta a uma a\u00e7\u00e3o ajuizada pela entidade. A ministra-relatora, Laurita Vaz, registrou que a desembargadora Solange Cristina Castelo Branco, do Tribunal Regional do Trabalho da 16\u00aa Regi\u00e3o (TRT-MA), n\u00e3o tem compet\u00eancia para julgar gest\u00f5es relacionadas \u00e0 \u00e1rea criminal.<\/p>\n\n\n\n<p>Solange Cristina ordenou a pris\u00e3o dos rodovi\u00e1rios por desobedi\u00eancia a uma decis\u00e3o por ela proferida que determinou a circula\u00e7\u00e3o de 80% da frota de \u00f4nibus durante a greve de motoristas e cobradores do transporte p\u00fablico, que se estendeu por quatro dias consecutivos, entre 15 e 18 deste m\u00eas. <\/p>\n\n\n\n<p>A desembargadora do trabalho apontou os seguintes crimes cometidos para mandar prender os autores: desobedi\u00eancia, atentado contra a seguran\u00e7a de meio de transporte e contra a seguran\u00e7a de servi\u00e7o de utilidade p\u00fablica.<\/p>\n\n\n\n<p>Ao analisar a a\u00e7\u00e3o ajuizada pelo Sindicato dos Trabalhadores em Transporte Rodovi\u00e1rio do Estado do Maranh\u00e3o (STTREMA), a ministra Laurita Vaz assinalou que a desembargadora do TRT- MA.<\/p>\n\n\n\n<p><em>&#8220;\u00c9 firme a jurisprud\u00eancia do Superior Tribunal de Justi\u00e7a em que o magistrado, no exerc\u00edcio de jurisdi\u00e7\u00e3o c\u00edvel, \u00e9 absolutamente incompetente para decreta\u00e7\u00e3o de pris\u00e3o fundada em descumprimento de ordem judicial.&#8221;<\/em>, assinalou a ministra-relatora Laurita Vaz em seu despacho.<\/p>\n\n\n\n<p>Segue a decis\u00e3o na \u00edntegra:<\/p>\n\n\n\n<div class=\"wp-block-image\"><figure class=\"aligncenter size-large\"><a href=\"https:\/\/www.blogsoestado.com\/danielmatos\/files\/2022\/02\/Screenshot_20220227-1355402.png\"><img decoding=\"async\" src=\"https:\/\/www.blogsoestado.com\/danielmatos\/files\/2022\/02\/Screenshot_20220227-1355402.png\" alt=\"\" class=\"wp-image-94677\"\/><\/a><\/figure><\/div>\n\n\n\n<div class=\"wp-block-image\"><figure class=\"aligncenter size-large\"><a href=\"https:\/\/www.blogsoestado.com\/danielmatos\/files\/2022\/02\/Screenshot_20220227-1356132.png\"><img decoding=\"async\" src=\"https:\/\/www.blogsoestado.com\/danielmatos\/files\/2022\/02\/Screenshot_20220227-1356132.png\" alt=\"\" class=\"wp-image-94678\"\/><\/a><\/figure><\/div>\n\n\n\n<div class=\"wp-block-image\"><figure class=\"aligncenter size-large\"><a href=\"https:\/\/www.blogsoestado.com\/danielmatos\/files\/2022\/02\/Screenshot_20220227-1356352.png\"><img decoding=\"async\" src=\"https:\/\/www.blogsoestado.com\/danielmatos\/files\/2022\/02\/Screenshot_20220227-1356352.png\" alt=\"\" class=\"wp-image-94679\"\/><\/a><\/figure><\/div>\n\n\n\n<div class=\"wp-block-image\"><figure class=\"aligncenter size-large\"><a href=\"https:\/\/www.blogsoestado.com\/danielmatos\/files\/2022\/02\/Screenshot_20220227-1357042.png\"><img decoding=\"async\" src=\"https:\/\/www.blogsoestado.com\/danielmatos\/files\/2022\/02\/Screenshot_20220227-1357042.png\" alt=\"\" class=\"wp-image-94680\"\/><\/a><\/figure><\/div>\n","protected":false},"excerpt":{"rendered":"<p>O Superior Tribunal de Justi\u00e7a (STJ) decretou a ilegalidade ordem da pris\u00e3o preventiva de 15 trabalhadores rodovi\u00e1rios ligados ao sindicato [&hellip;]<\/p>\n","protected":false},"author":0,"featured_media":0,"comment_status":"open","ping_status":"open","sticky":false,"template":"","format":"standard","meta":{"site-sidebar-layout":"default","site-content-layout":"","ast-site-content-layout":"default","site-content-style":"default","site-sidebar-style":"default","ast-global-header-display":"","ast-banner-title-visibility":"","ast-main-header-display":"","ast-hfb-above-header-display":"","ast-hfb-below-header-display":"","ast-hfb-mobile-header-display":"","site-post-title":"","ast-breadcrumbs-content":"","ast-featured-img":"","footer-sml-layout":"","ast-disable-related-posts":"","theme-transparent-header-meta":"","adv-header-id-meta":"","stick-header-meta":"","header-above-stick-meta":"","header-main-stick-meta":"","header-below-stick-meta":"","astra-migrate-meta-layouts":"default","ast-page-background-enabled":"default","ast-page-background-meta":{"desktop":{"background-color":"var(--ast-global-color-5)","background-image":"","background-repeat":"repeat","background-position":"center center","background-size":"auto","background-attachment":"scroll","background-type":"","background-media":"","overlay-type":"","overlay-color":"","overlay-opacity":"","overlay-gradient":""},"tablet":{"background-color":"","background-image":"","background-repeat":"repeat","background-position":"center center","background-size":"auto","background-attachment":"scroll","background-type":"","background-media":"","overlay-type":"","overlay-color":"","overlay-opacity":"","overlay-gradient":""},"mobile":{"background-color":"","background-image":"","background-repeat":"repeat","background-position":"center center","background-size":"auto","background-attachment":"scroll","background-type":"","background-media":"","overlay-type":"","overlay-color":"","overlay-opacity":"","overlay-gradient":""}},"ast-content-background-meta":{"desktop":{"background-color":"var(--ast-global-color-4)","background-image":"","background-repeat":"repeat","background-position":"center center","background-size":"auto","background-attachment":"scroll","background-type":"","background-media":"","overlay-type":"","overlay-color":"","overlay-opacity":"","overlay-gradient":""},"tablet":{"background-color":"var(--ast-global-color-4)","background-image":"","background-repeat":"repeat","background-position":"center center","background-size":"auto","background-attachment":"scroll","background-type":"","background-media":"","overlay-type":"","overlay-color":"","overlay-opacity":"","overlay-gradient":""},"mobile":{"background-color":"var(--ast-global-color-4)","background-image":"","background-repeat":"repeat","background-position":"center center","background-size":"auto","background-attachment":"scroll","background-type":"","background-media":"","overlay-type":"","overlay-color":"","overlay-opacity":"","overlay-gradient":""}},"footnotes":""},"categories":[1],"tags":[],"class_list":["post-94676","post","type-post","status-publish","format-standard","hentry","category-sem-categoria"],"yoast_head":"<!-- This site is optimized with the Yoast SEO plugin v26.6 - https:\/\/yoast.com\/wordpress\/plugins\/seo\/ -->\n<title>STJ decreta ilegalidade de pris\u00e3o de rodoviarios - Daniel Matos<\/title>\n<meta name=\"robots\" content=\"index, follow, max-snippet:-1, max-image-preview:large, max-video-preview:-1\" \/>\n<link rel=\"canonical\" href=\"https:\/\/www.blogsoestado.com\/danielmatos\/stj-decreta-ilegalidade-de-prisao-de-rodoviarios\/\" \/>\n<meta property=\"og:locale\" content=\"pt_BR\" \/>\n<meta property=\"og:type\" content=\"article\" \/>\n<meta property=\"og:title\" content=\"STJ decreta ilegalidade de pris\u00e3o de rodoviarios - Daniel Matos\" \/>\n<meta property=\"og:description\" content=\"O Superior Tribunal de Justi\u00e7a (STJ) decretou a ilegalidade ordem da pris\u00e3o preventiva de 15 trabalhadores rodovi\u00e1rios ligados ao sindicato [&hellip;]\" \/>\n<meta property=\"og:url\" content=\"https:\/\/www.blogsoestado.com\/danielmatos\/stj-decreta-ilegalidade-de-prisao-de-rodoviarios\/\" \/>\n<meta property=\"og:site_name\" content=\"Daniel Matos\" \/>\n<meta property=\"article:published_time\" content=\"2022-02-27T17:42:14+00:00\" \/>\n<meta property=\"og:image\" content=\"https:\/\/www.blogsoestado.com\/danielmatos\/files\/2022\/02\/Screenshot_20220227-1439242.png\" \/>\n<meta name=\"twitter:card\" content=\"summary_large_image\" \/>\n<meta name=\"twitter:label1\" content=\"Est. tempo de leitura\" \/>\n\t<meta name=\"twitter:data1\" content=\"2 minutos\" \/>\n<script type=\"application\/ld+json\" class=\"yoast-schema-graph\">{\"@context\":\"https:\/\/schema.org\",\"@graph\":[{\"@type\":\"WebPage\",\"@id\":\"https:\/\/www.blogsoestado.com\/danielmatos\/stj-decreta-ilegalidade-de-prisao-de-rodoviarios\/\",\"url\":\"https:\/\/www.blogsoestado.com\/danielmatos\/stj-decreta-ilegalidade-de-prisao-de-rodoviarios\/\",\"name\":\"STJ decreta ilegalidade de pris\u00e3o de rodoviarios - Daniel Matos\",\"isPartOf\":{\"@id\":\"https:\/\/www.blogsoestado.com\/danielmatos\/#website\"},\"primaryImageOfPage\":{\"@id\":\"https:\/\/www.blogsoestado.com\/danielmatos\/stj-decreta-ilegalidade-de-prisao-de-rodoviarios\/#primaryimage\"},\"image\":{\"@id\":\"https:\/\/www.blogsoestado.com\/danielmatos\/stj-decreta-ilegalidade-de-prisao-de-rodoviarios\/#primaryimage\"},\"thumbnailUrl\":\"https:\/\/www.blogsoestado.com\/danielmatos\/files\/2022\/02\/Screenshot_20220227-1439242.png\",\"datePublished\":\"2022-02-27T17:42:14+00:00\",\"author\":{\"@id\":\"\"},\"breadcrumb\":{\"@id\":\"https:\/\/www.blogsoestado.com\/danielmatos\/stj-decreta-ilegalidade-de-prisao-de-rodoviarios\/#breadcrumb\"},\"inLanguage\":\"pt-BR\",\"potentialAction\":[{\"@type\":\"ReadAction\",\"target\":[\"https:\/\/www.blogsoestado.com\/danielmatos\/stj-decreta-ilegalidade-de-prisao-de-rodoviarios\/\"]}]},{\"@type\":\"ImageObject\",\"inLanguage\":\"pt-BR\",\"@id\":\"https:\/\/www.blogsoestado.com\/danielmatos\/stj-decreta-ilegalidade-de-prisao-de-rodoviarios\/#primaryimage\",\"url\":\"https:\/\/www.blogsoestado.com\/danielmatos\/files\/2022\/02\/Screenshot_20220227-1439242.png\",\"contentUrl\":\"https:\/\/www.blogsoestado.com\/danielmatos\/files\/2022\/02\/Screenshot_20220227-1439242.png\"},{\"@type\":\"BreadcrumbList\",\"@id\":\"https:\/\/www.blogsoestado.com\/danielmatos\/stj-decreta-ilegalidade-de-prisao-de-rodoviarios\/#breadcrumb\",\"itemListElement\":[{\"@type\":\"ListItem\",\"position\":1,\"name\":\"In\u00edcio\",\"item\":\"https:\/\/www.blogsoestado.com\/danielmatos\/\"},{\"@type\":\"ListItem\",\"position\":2,\"name\":\"STJ decreta ilegalidade de pris\u00e3o de rodoviarios\"}]},{\"@type\":\"WebSite\",\"@id\":\"https:\/\/www.blogsoestado.com\/danielmatos\/#website\",\"url\":\"https:\/\/www.blogsoestado.com\/danielmatos\/\",\"name\":\"Daniel Matos\",\"description\":\"\",\"potentialAction\":[{\"@type\":\"SearchAction\",\"target\":{\"@type\":\"EntryPoint\",\"urlTemplate\":\"https:\/\/www.blogsoestado.com\/danielmatos\/?s={search_term_string}\"},\"query-input\":{\"@type\":\"PropertyValueSpecification\",\"valueRequired\":true,\"valueName\":\"search_term_string\"}}],\"inLanguage\":\"pt-BR\"}]}<\/script>\n<!-- \/ Yoast SEO plugin. -->","yoast_head_json":{"title":"STJ decreta ilegalidade de pris\u00e3o de rodoviarios - Daniel Matos","robots":{"index":"index","follow":"follow","max-snippet":"max-snippet:-1","max-image-preview":"max-image-preview:large","max-video-preview":"max-video-preview:-1"},"canonical":"https:\/\/www.blogsoestado.com\/danielmatos\/stj-decreta-ilegalidade-de-prisao-de-rodoviarios\/","og_locale":"pt_BR","og_type":"article","og_title":"STJ decreta ilegalidade de pris\u00e3o de rodoviarios - Daniel Matos","og_description":"O Superior Tribunal de Justi\u00e7a (STJ) decretou a ilegalidade ordem da pris\u00e3o preventiva de 15 trabalhadores rodovi\u00e1rios ligados ao sindicato [&hellip;]","og_url":"https:\/\/www.blogsoestado.com\/danielmatos\/stj-decreta-ilegalidade-de-prisao-de-rodoviarios\/","og_site_name":"Daniel Matos","article_published_time":"2022-02-27T17:42:14+00:00","og_image":[{"url":"https:\/\/www.blogsoestado.com\/danielmatos\/files\/2022\/02\/Screenshot_20220227-1439242.png","type":"","width":"","height":""}],"twitter_card":"summary_large_image","twitter_misc":{"Est. tempo de leitura":"2 minutos"},"schema":{"@context":"https:\/\/schema.org","@graph":[{"@type":"WebPage","@id":"https:\/\/www.blogsoestado.com\/danielmatos\/stj-decreta-ilegalidade-de-prisao-de-rodoviarios\/","url":"https:\/\/www.blogsoestado.com\/danielmatos\/stj-decreta-ilegalidade-de-prisao-de-rodoviarios\/","name":"STJ decreta ilegalidade de pris\u00e3o de rodoviarios - Daniel Matos","isPartOf":{"@id":"https:\/\/www.blogsoestado.com\/danielmatos\/#website"},"primaryImageOfPage":{"@id":"https:\/\/www.blogsoestado.com\/danielmatos\/stj-decreta-ilegalidade-de-prisao-de-rodoviarios\/#primaryimage"},"image":{"@id":"https:\/\/www.blogsoestado.com\/danielmatos\/stj-decreta-ilegalidade-de-prisao-de-rodoviarios\/#primaryimage"},"thumbnailUrl":"https:\/\/www.blogsoestado.com\/danielmatos\/files\/2022\/02\/Screenshot_20220227-1439242.png","datePublished":"2022-02-27T17:42:14+00:00","author":{"@id":""},"breadcrumb":{"@id":"https:\/\/www.blogsoestado.com\/danielmatos\/stj-decreta-ilegalidade-de-prisao-de-rodoviarios\/#breadcrumb"},"inLanguage":"pt-BR","potentialAction":[{"@type":"ReadAction","target":["https:\/\/www.blogsoestado.com\/danielmatos\/stj-decreta-ilegalidade-de-prisao-de-rodoviarios\/"]}]},{"@type":"ImageObject","inLanguage":"pt-BR","@id":"https:\/\/www.blogsoestado.com\/danielmatos\/stj-decreta-ilegalidade-de-prisao-de-rodoviarios\/#primaryimage","url":"https:\/\/www.blogsoestado.com\/danielmatos\/files\/2022\/02\/Screenshot_20220227-1439242.png","contentUrl":"https:\/\/www.blogsoestado.com\/danielmatos\/files\/2022\/02\/Screenshot_20220227-1439242.png"},{"@type":"BreadcrumbList","@id":"https:\/\/www.blogsoestado.com\/danielmatos\/stj-decreta-ilegalidade-de-prisao-de-rodoviarios\/#breadcrumb","itemListElement":[{"@type":"ListItem","position":1,"name":"In\u00edcio","item":"https:\/\/www.blogsoestado.com\/danielmatos\/"},{"@type":"ListItem","position":2,"name":"STJ decreta ilegalidade de pris\u00e3o de rodoviarios"}]},{"@type":"WebSite","@id":"https:\/\/www.blogsoestado.com\/danielmatos\/#website","url":"https:\/\/www.blogsoestado.com\/danielmatos\/","name":"Daniel Matos","description":"","potentialAction":[{"@type":"SearchAction","target":{"@type":"EntryPoint","urlTemplate":"https:\/\/www.blogsoestado.com\/danielmatos\/?s={search_term_string}"},"query-input":{"@type":"PropertyValueSpecification","valueRequired":true,"valueName":"search_term_string"}}],"inLanguage":"pt-BR"}]}},"jetpack_featured_media_url":"","_links":{"self":[{"href":"https:\/\/www.blogsoestado.com\/danielmatos\/wp-json\/wp\/v2\/posts\/94676","targetHints":{"allow":["GET"]}}],"collection":[{"href":"https:\/\/www.blogsoestado.com\/danielmatos\/wp-json\/wp\/v2\/posts"}],"about":[{"href":"https:\/\/www.blogsoestado.com\/danielmatos\/wp-json\/wp\/v2\/types\/post"}],"replies":[{"embeddable":true,"href":"https:\/\/www.blogsoestado.com\/danielmatos\/wp-json\/wp\/v2\/comments?post=94676"}],"version-history":[{"count":0,"href":"https:\/\/www.blogsoestado.com\/danielmatos\/wp-json\/wp\/v2\/posts\/94676\/revisions"}],"wp:attachment":[{"href":"https:\/\/www.blogsoestado.com\/danielmatos\/wp-json\/wp\/v2\/media?parent=94676"}],"wp:term":[{"taxonomy":"category","embeddable":true,"href":"https:\/\/www.blogsoestado.com\/danielmatos\/wp-json\/wp\/v2\/categories?post=94676"},{"taxonomy":"post_tag","embeddable":true,"href":"https:\/\/www.blogsoestado.com\/danielmatos\/wp-json\/wp\/v2\/tags?post=94676"}],"curies":[{"name":"wp","href":"https:\/\/api.w.org\/{rel}","templated":true}]}}