{"id":94688,"date":"2022-02-27T18:25:00","date_gmt":"2022-02-27T21:25:00","guid":{"rendered":"https:\/\/www.blogsoestado.com\/danielmatos\/?p=94688"},"modified":"2022-02-27T18:25:00","modified_gmt":"2022-02-27T21:25:00","slug":"quantos-terao-que-morrer-questiona-deputado-wellington-ao-cobrar-de-flavio-dino-acoes-de-combate-apos-sequestro-e-assassinato-de-empresario-em-bacabal","status":"publish","type":"post","link":"https:\/\/www.blogsoestado.com\/danielmatos\/quantos-terao-que-morrer-questiona-deputado-wellington-ao-cobrar-de-flavio-dino-acoes-de-combate-apos-sequestro-e-assassinato-de-empresario-em-bacabal\/","title":{"rendered":"\u201cQuantos ter\u00e3o que morrer?\u201d, questiona deputado Wellington ao cobrar de Fl\u00e1vio Dino a\u00e7\u00f5es de combate ap\u00f3s sequestro e assassinato de empres\u00e1rio em Bacabal"},"content":{"rendered":"\n<div class=\"wp-block-image\"><figure class=\"aligncenter size-large\"><a href=\"https:\/\/www.blogsoestado.com\/danielmatos\/files\/2022\/02\/Screenshot_20220227-1817042.png\"><img decoding=\"async\" src=\"https:\/\/www.blogsoestado.com\/danielmatos\/files\/2022\/02\/Screenshot_20220227-1817042.png\" alt=\"\" class=\"wp-image-94689\"\/><\/a><figcaption>Wellington se solidarizou com os familiares e amigos do idoso e refor\u00e7ou a solicita\u00e7\u00e3o para que Fl\u00e1vio Dino nomeie mais policiais militares e civis para combater a criminalidade.<\/figcaption><\/figure><\/div>\n\n\n\n<p>O deputado estadual Wellington do Curso utilizou as redes sociais, neste domingo (27), para cobrar do governador Fl\u00e1vio Dino a\u00e7\u00f5es, em car\u00e1ter de urg\u00eancia, para combater a criminalidade no Maranh\u00e3o. O parlamentar citou o sequestro e assassinato do pecuarista Luiz Amorim Fernandes, que ocorreu em Bacabal.<\/p>\n\n\n\n<p>Sobre o caso, o deputado Wellington se solidarizou com os familiares e amigos do idoso e refor\u00e7ou a solicita\u00e7\u00e3o para que Fl\u00e1vio Dino nomeie mais policiais militares e civis para combater a criminalidade.<\/p>\n\n\n\n<p>\u201c\u00c9 com tristeza que recebemos a not\u00edcia do sequestro e assassinato do empres\u00e1rio e pecuarista Luiz Amorim. Um idoso foi sequestrado e assassinado. Solidarizo-me com os familiares e amigos. Que Deus possa confortar seus cora\u00e7\u00f5es nesse momento de dor. Infelizmente, a bandidagem est\u00e1 ditando as regras no Maranh\u00e3o. O governador, paralisado, nada faz. O Maranh\u00e3o n\u00e3o \u00e9 terra de pistoleiros e nem de jagun\u00e7os. \u00c9 urgente a nomea\u00e7\u00e3o de mais policiais militares e civis. Quantos ter\u00e3o que morrer para que o Governo pare de brincar com a vida das pessoas?\u201d, repudiou o deputado Wellington do Curso.<\/p>\n","protected":false},"excerpt":{"rendered":"<p>O deputado estadual Wellington do Curso utilizou as redes sociais, neste domingo (27), para cobrar do governador Fl\u00e1vio Dino a\u00e7\u00f5es, [&hellip;]<\/p>\n","protected":false},"author":0,"featured_media":0,"comment_status":"open","ping_status":"open","sticky":false,"template":"","format":"standard","meta":{"site-sidebar-layout":"default","site-content-layout":"","ast-site-content-layout":"default","site-content-style":"default","site-sidebar-style":"default","ast-global-header-display":"","ast-banner-title-visibility":"","ast-main-header-display":"","ast-hfb-above-header-display":"","ast-hfb-below-header-display":"","ast-hfb-mobile-header-display":"","site-post-title":"","ast-breadcrumbs-content":"","ast-featured-img":"","footer-sml-layout":"","ast-disable-related-posts":"","theme-transparent-header-meta":"","adv-header-id-meta":"","stick-header-meta":"","header-above-stick-meta":"","header-main-stick-meta":"","header-below-stick-meta":"","astra-migrate-meta-layouts":"default","ast-page-background-enabled":"default","ast-page-background-meta":{"desktop":{"background-color":"var(--ast-global-color-5)","background-image":"","background-repeat":"repeat","background-position":"center center","background-size":"auto","background-attachment":"scroll","background-type":"","background-media":"","overlay-type":"","overlay-color":"","overlay-opacity":"","overlay-gradient":""},"tablet":{"background-color":"","background-image":"","background-repeat":"repeat","background-position":"center center","background-size":"auto","background-attachment":"scroll","background-type":"","background-media":"","overlay-type":"","overlay-color":"","overlay-opacity":"","overlay-gradient":""},"mobile":{"background-color":"","background-image":"","background-repeat":"repeat","background-position":"center center","background-size":"auto","background-attachment":"scroll","background-type":"","background-media":"","overlay-type":"","overlay-color":"","overlay-opacity":"","overlay-gradient":""}},"ast-content-background-meta":{"desktop":{"background-color":"var(--ast-global-color-4)","background-image":"","background-repeat":"repeat","background-position":"center center","background-size":"auto","background-attachment":"scroll","background-type":"","background-media":"","overlay-type":"","overlay-color":"","overlay-opacity":"","overlay-gradient":""},"tablet":{"background-color":"var(--ast-global-color-4)","background-image":"","background-repeat":"repeat","background-position":"center center","background-size":"auto","background-attachment":"scroll","background-type":"","background-media":"","overlay-type":"","overlay-color":"","overlay-opacity":"","overlay-gradient":""},"mobile":{"background-color":"var(--ast-global-color-4)","background-image":"","background-repeat":"repeat","background-position":"center center","background-size":"auto","background-attachment":"scroll","background-type":"","background-media":"","overlay-type":"","overlay-color":"","overlay-opacity":"","overlay-gradient":""}},"footnotes":""},"categories":[1],"tags":[],"class_list":["post-94688","post","type-post","status-publish","format-standard","hentry","category-sem-categoria"],"yoast_head":"<!-- This site is optimized with the Yoast SEO plugin v26.6 - https:\/\/yoast.com\/wordpress\/plugins\/seo\/ -->\n<title>\u201cQuantos ter\u00e3o que morrer?\u201d, questiona deputado Wellington ao cobrar de Fl\u00e1vio Dino a\u00e7\u00f5es de combate ap\u00f3s sequestro e assassinato de empres\u00e1rio em Bacabal - Daniel Matos<\/title>\n<meta name=\"robots\" content=\"index, follow, max-snippet:-1, max-image-preview:large, max-video-preview:-1\" \/>\n<link rel=\"canonical\" href=\"https:\/\/www.blogsoestado.com\/danielmatos\/quantos-terao-que-morrer-questiona-deputado-wellington-ao-cobrar-de-flavio-dino-acoes-de-combate-apos-sequestro-e-assassinato-de-empresario-em-bacabal\/\" \/>\n<meta property=\"og:locale\" content=\"pt_BR\" \/>\n<meta property=\"og:type\" content=\"article\" \/>\n<meta property=\"og:title\" content=\"\u201cQuantos ter\u00e3o que morrer?\u201d, questiona deputado Wellington ao cobrar de Fl\u00e1vio Dino a\u00e7\u00f5es de combate ap\u00f3s sequestro e assassinato de empres\u00e1rio em Bacabal - Daniel Matos\" \/>\n<meta property=\"og:description\" content=\"O deputado estadual Wellington do Curso utilizou as redes sociais, neste domingo (27), para cobrar do governador Fl\u00e1vio Dino a\u00e7\u00f5es, [&hellip;]\" \/>\n<meta property=\"og:url\" content=\"https:\/\/www.blogsoestado.com\/danielmatos\/quantos-terao-que-morrer-questiona-deputado-wellington-ao-cobrar-de-flavio-dino-acoes-de-combate-apos-sequestro-e-assassinato-de-empresario-em-bacabal\/\" \/>\n<meta property=\"og:site_name\" content=\"Daniel Matos\" \/>\n<meta property=\"article:published_time\" content=\"2022-02-27T21:25:00+00:00\" \/>\n<meta property=\"og:image\" content=\"https:\/\/www.blogsoestado.com\/danielmatos\/files\/2022\/02\/Screenshot_20220227-1817042.png\" \/>\n<meta name=\"twitter:card\" content=\"summary_large_image\" \/>\n<meta name=\"twitter:label1\" content=\"Est. tempo de leitura\" \/>\n\t<meta name=\"twitter:data1\" content=\"2 minutos\" \/>\n<script type=\"application\/ld+json\" class=\"yoast-schema-graph\">{\"@context\":\"https:\/\/schema.org\",\"@graph\":[{\"@type\":\"WebPage\",\"@id\":\"https:\/\/www.blogsoestado.com\/danielmatos\/quantos-terao-que-morrer-questiona-deputado-wellington-ao-cobrar-de-flavio-dino-acoes-de-combate-apos-sequestro-e-assassinato-de-empresario-em-bacabal\/\",\"url\":\"https:\/\/www.blogsoestado.com\/danielmatos\/quantos-terao-que-morrer-questiona-deputado-wellington-ao-cobrar-de-flavio-dino-acoes-de-combate-apos-sequestro-e-assassinato-de-empresario-em-bacabal\/\",\"name\":\"\u201cQuantos ter\u00e3o que morrer?\u201d, questiona deputado Wellington ao cobrar de Fl\u00e1vio Dino a\u00e7\u00f5es de combate ap\u00f3s sequestro e assassinato de empres\u00e1rio em Bacabal - Daniel Matos\",\"isPartOf\":{\"@id\":\"https:\/\/www.blogsoestado.com\/danielmatos\/#website\"},\"primaryImageOfPage\":{\"@id\":\"https:\/\/www.blogsoestado.com\/danielmatos\/quantos-terao-que-morrer-questiona-deputado-wellington-ao-cobrar-de-flavio-dino-acoes-de-combate-apos-sequestro-e-assassinato-de-empresario-em-bacabal\/#primaryimage\"},\"image\":{\"@id\":\"https:\/\/www.blogsoestado.com\/danielmatos\/quantos-terao-que-morrer-questiona-deputado-wellington-ao-cobrar-de-flavio-dino-acoes-de-combate-apos-sequestro-e-assassinato-de-empresario-em-bacabal\/#primaryimage\"},\"thumbnailUrl\":\"https:\/\/www.blogsoestado.com\/danielmatos\/files\/2022\/02\/Screenshot_20220227-1817042.png\",\"datePublished\":\"2022-02-27T21:25:00+00:00\",\"author\":{\"@id\":\"\"},\"breadcrumb\":{\"@id\":\"https:\/\/www.blogsoestado.com\/danielmatos\/quantos-terao-que-morrer-questiona-deputado-wellington-ao-cobrar-de-flavio-dino-acoes-de-combate-apos-sequestro-e-assassinato-de-empresario-em-bacabal\/#breadcrumb\"},\"inLanguage\":\"pt-BR\",\"potentialAction\":[{\"@type\":\"ReadAction\",\"target\":[\"https:\/\/www.blogsoestado.com\/danielmatos\/quantos-terao-que-morrer-questiona-deputado-wellington-ao-cobrar-de-flavio-dino-acoes-de-combate-apos-sequestro-e-assassinato-de-empresario-em-bacabal\/\"]}]},{\"@type\":\"ImageObject\",\"inLanguage\":\"pt-BR\",\"@id\":\"https:\/\/www.blogsoestado.com\/danielmatos\/quantos-terao-que-morrer-questiona-deputado-wellington-ao-cobrar-de-flavio-dino-acoes-de-combate-apos-sequestro-e-assassinato-de-empresario-em-bacabal\/#primaryimage\",\"url\":\"https:\/\/www.blogsoestado.com\/danielmatos\/files\/2022\/02\/Screenshot_20220227-1817042.png\",\"contentUrl\":\"https:\/\/www.blogsoestado.com\/danielmatos\/files\/2022\/02\/Screenshot_20220227-1817042.png\"},{\"@type\":\"BreadcrumbList\",\"@id\":\"https:\/\/www.blogsoestado.com\/danielmatos\/quantos-terao-que-morrer-questiona-deputado-wellington-ao-cobrar-de-flavio-dino-acoes-de-combate-apos-sequestro-e-assassinato-de-empresario-em-bacabal\/#breadcrumb\",\"itemListElement\":[{\"@type\":\"ListItem\",\"position\":1,\"name\":\"In\u00edcio\",\"item\":\"https:\/\/www.blogsoestado.com\/danielmatos\/\"},{\"@type\":\"ListItem\",\"position\":2,\"name\":\"\u201cQuantos ter\u00e3o que morrer?\u201d, questiona deputado Wellington ao cobrar de Fl\u00e1vio Dino a\u00e7\u00f5es de combate ap\u00f3s sequestro e assassinato de empres\u00e1rio em Bacabal\"}]},{\"@type\":\"WebSite\",\"@id\":\"https:\/\/www.blogsoestado.com\/danielmatos\/#website\",\"url\":\"https:\/\/www.blogsoestado.com\/danielmatos\/\",\"name\":\"Daniel Matos\",\"description\":\"\",\"potentialAction\":[{\"@type\":\"SearchAction\",\"target\":{\"@type\":\"EntryPoint\",\"urlTemplate\":\"https:\/\/www.blogsoestado.com\/danielmatos\/?s={search_term_string}\"},\"query-input\":{\"@type\":\"PropertyValueSpecification\",\"valueRequired\":true,\"valueName\":\"search_term_string\"}}],\"inLanguage\":\"pt-BR\"}]}<\/script>\n<!-- \/ Yoast SEO plugin. -->","yoast_head_json":{"title":"\u201cQuantos ter\u00e3o que morrer?\u201d, questiona deputado Wellington ao cobrar de Fl\u00e1vio Dino a\u00e7\u00f5es de combate ap\u00f3s sequestro e assassinato de empres\u00e1rio em Bacabal - Daniel Matos","robots":{"index":"index","follow":"follow","max-snippet":"max-snippet:-1","max-image-preview":"max-image-preview:large","max-video-preview":"max-video-preview:-1"},"canonical":"https:\/\/www.blogsoestado.com\/danielmatos\/quantos-terao-que-morrer-questiona-deputado-wellington-ao-cobrar-de-flavio-dino-acoes-de-combate-apos-sequestro-e-assassinato-de-empresario-em-bacabal\/","og_locale":"pt_BR","og_type":"article","og_title":"\u201cQuantos ter\u00e3o que morrer?\u201d, questiona deputado Wellington ao cobrar de Fl\u00e1vio Dino a\u00e7\u00f5es de combate ap\u00f3s sequestro e assassinato de empres\u00e1rio em Bacabal - Daniel Matos","og_description":"O deputado estadual Wellington do Curso utilizou as redes sociais, neste domingo (27), para cobrar do governador Fl\u00e1vio Dino a\u00e7\u00f5es, [&hellip;]","og_url":"https:\/\/www.blogsoestado.com\/danielmatos\/quantos-terao-que-morrer-questiona-deputado-wellington-ao-cobrar-de-flavio-dino-acoes-de-combate-apos-sequestro-e-assassinato-de-empresario-em-bacabal\/","og_site_name":"Daniel Matos","article_published_time":"2022-02-27T21:25:00+00:00","og_image":[{"url":"https:\/\/www.blogsoestado.com\/danielmatos\/files\/2022\/02\/Screenshot_20220227-1817042.png","type":"","width":"","height":""}],"twitter_card":"summary_large_image","twitter_misc":{"Est. tempo de leitura":"2 minutos"},"schema":{"@context":"https:\/\/schema.org","@graph":[{"@type":"WebPage","@id":"https:\/\/www.blogsoestado.com\/danielmatos\/quantos-terao-que-morrer-questiona-deputado-wellington-ao-cobrar-de-flavio-dino-acoes-de-combate-apos-sequestro-e-assassinato-de-empresario-em-bacabal\/","url":"https:\/\/www.blogsoestado.com\/danielmatos\/quantos-terao-que-morrer-questiona-deputado-wellington-ao-cobrar-de-flavio-dino-acoes-de-combate-apos-sequestro-e-assassinato-de-empresario-em-bacabal\/","name":"\u201cQuantos ter\u00e3o que morrer?\u201d, questiona deputado Wellington ao cobrar de Fl\u00e1vio Dino a\u00e7\u00f5es de combate ap\u00f3s sequestro e assassinato de empres\u00e1rio em Bacabal - Daniel Matos","isPartOf":{"@id":"https:\/\/www.blogsoestado.com\/danielmatos\/#website"},"primaryImageOfPage":{"@id":"https:\/\/www.blogsoestado.com\/danielmatos\/quantos-terao-que-morrer-questiona-deputado-wellington-ao-cobrar-de-flavio-dino-acoes-de-combate-apos-sequestro-e-assassinato-de-empresario-em-bacabal\/#primaryimage"},"image":{"@id":"https:\/\/www.blogsoestado.com\/danielmatos\/quantos-terao-que-morrer-questiona-deputado-wellington-ao-cobrar-de-flavio-dino-acoes-de-combate-apos-sequestro-e-assassinato-de-empresario-em-bacabal\/#primaryimage"},"thumbnailUrl":"https:\/\/www.blogsoestado.com\/danielmatos\/files\/2022\/02\/Screenshot_20220227-1817042.png","datePublished":"2022-02-27T21:25:00+00:00","author":{"@id":""},"breadcrumb":{"@id":"https:\/\/www.blogsoestado.com\/danielmatos\/quantos-terao-que-morrer-questiona-deputado-wellington-ao-cobrar-de-flavio-dino-acoes-de-combate-apos-sequestro-e-assassinato-de-empresario-em-bacabal\/#breadcrumb"},"inLanguage":"pt-BR","potentialAction":[{"@type":"ReadAction","target":["https:\/\/www.blogsoestado.com\/danielmatos\/quantos-terao-que-morrer-questiona-deputado-wellington-ao-cobrar-de-flavio-dino-acoes-de-combate-apos-sequestro-e-assassinato-de-empresario-em-bacabal\/"]}]},{"@type":"ImageObject","inLanguage":"pt-BR","@id":"https:\/\/www.blogsoestado.com\/danielmatos\/quantos-terao-que-morrer-questiona-deputado-wellington-ao-cobrar-de-flavio-dino-acoes-de-combate-apos-sequestro-e-assassinato-de-empresario-em-bacabal\/#primaryimage","url":"https:\/\/www.blogsoestado.com\/danielmatos\/files\/2022\/02\/Screenshot_20220227-1817042.png","contentUrl":"https:\/\/www.blogsoestado.com\/danielmatos\/files\/2022\/02\/Screenshot_20220227-1817042.png"},{"@type":"BreadcrumbList","@id":"https:\/\/www.blogsoestado.com\/danielmatos\/quantos-terao-que-morrer-questiona-deputado-wellington-ao-cobrar-de-flavio-dino-acoes-de-combate-apos-sequestro-e-assassinato-de-empresario-em-bacabal\/#breadcrumb","itemListElement":[{"@type":"ListItem","position":1,"name":"In\u00edcio","item":"https:\/\/www.blogsoestado.com\/danielmatos\/"},{"@type":"ListItem","position":2,"name":"\u201cQuantos ter\u00e3o que morrer?\u201d, questiona deputado Wellington ao cobrar de Fl\u00e1vio Dino a\u00e7\u00f5es de combate ap\u00f3s sequestro e assassinato de empres\u00e1rio em Bacabal"}]},{"@type":"WebSite","@id":"https:\/\/www.blogsoestado.com\/danielmatos\/#website","url":"https:\/\/www.blogsoestado.com\/danielmatos\/","name":"Daniel Matos","description":"","potentialAction":[{"@type":"SearchAction","target":{"@type":"EntryPoint","urlTemplate":"https:\/\/www.blogsoestado.com\/danielmatos\/?s={search_term_string}"},"query-input":{"@type":"PropertyValueSpecification","valueRequired":true,"valueName":"search_term_string"}}],"inLanguage":"pt-BR"}]}},"jetpack_featured_media_url":"","_links":{"self":[{"href":"https:\/\/www.blogsoestado.com\/danielmatos\/wp-json\/wp\/v2\/posts\/94688","targetHints":{"allow":["GET"]}}],"collection":[{"href":"https:\/\/www.blogsoestado.com\/danielmatos\/wp-json\/wp\/v2\/posts"}],"about":[{"href":"https:\/\/www.blogsoestado.com\/danielmatos\/wp-json\/wp\/v2\/types\/post"}],"replies":[{"embeddable":true,"href":"https:\/\/www.blogsoestado.com\/danielmatos\/wp-json\/wp\/v2\/comments?post=94688"}],"version-history":[{"count":0,"href":"https:\/\/www.blogsoestado.com\/danielmatos\/wp-json\/wp\/v2\/posts\/94688\/revisions"}],"wp:attachment":[{"href":"https:\/\/www.blogsoestado.com\/danielmatos\/wp-json\/wp\/v2\/media?parent=94688"}],"wp:term":[{"taxonomy":"category","embeddable":true,"href":"https:\/\/www.blogsoestado.com\/danielmatos\/wp-json\/wp\/v2\/categories?post=94688"},{"taxonomy":"post_tag","embeddable":true,"href":"https:\/\/www.blogsoestado.com\/danielmatos\/wp-json\/wp\/v2\/tags?post=94688"}],"curies":[{"name":"wp","href":"https:\/\/api.w.org\/{rel}","templated":true}]}}