{"id":94728,"date":"2022-03-01T11:16:09","date_gmt":"2022-03-01T14:16:09","guid":{"rendered":"https:\/\/www.blogsoestado.com\/danielmatos\/?p=94728"},"modified":"2022-03-01T11:16:09","modified_gmt":"2022-03-01T14:16:09","slug":"hu-ufma-tera-programa-de-iniciacao-cientifica-para-estudantes","status":"publish","type":"post","link":"https:\/\/www.blogsoestado.com\/danielmatos\/hu-ufma-tera-programa-de-iniciacao-cientifica-para-estudantes\/","title":{"rendered":"HU-UFMA ter\u00e1 Programa de Inicia\u00e7\u00e3o Cient\u00edfica para estudantes"},"content":{"rendered":"\n<div class=\"wp-block-image\"><figure class=\"aligncenter size-large\"><a href=\"https:\/\/www.blogsoestado.com\/danielmatos\/files\/2022\/03\/Screenshot_20220301-1110282.png\"><img decoding=\"async\" src=\"https:\/\/www.blogsoestado.com\/danielmatos\/files\/2022\/03\/Screenshot_20220301-1110282.png\" alt=\"\" class=\"wp-image-94729\"\/><\/a><figcaption>O reitor Natalino Salgado faz explana\u00e7\u00e3o sobre o Programa de Inicia\u00e7\u00e3o Cient\u00edfica em reuni\u00e3o com chefias e lideran\u00e7as do HU-UFMA<\/figcaption><\/figure><\/div>\n\n\n\n<p>O Hospital Universit\u00e1rio ser\u00e1 beneficiado com o Programa de Inicia\u00e7\u00e3o Cient\u00edfica, voltado aos estudantes de gradua\u00e7\u00e3o. O edital foi apresentado em reuni\u00e3o com chefias e lideran\u00e7as do hospital.<\/p>\n\n\n\n<p>Lan\u00e7ado pela EBSERH em parceria com CNPq, o programa contempla n\u00e3o apenas estudantes dos cursos da \u00e1rea de sa\u00fade, mas tamb\u00e9m de outros cursos, desde que a pesquisa se desenvolva nos hospitais da Rede.<\/p>\n\n\n\n<div class=\"wp-block-image\"><figure class=\"aligncenter size-large\"><a href=\"https:\/\/www.blogsoestado.com\/danielmatos\/files\/2022\/03\/Screenshot_20220301-1111052.png\"><img decoding=\"async\" src=\"https:\/\/www.blogsoestado.com\/danielmatos\/files\/2022\/03\/Screenshot_20220301-1111052.png\" alt=\"\" class=\"wp-image-94730\"\/><\/a><figcaption>Natalino Salgado e os gestores do hospital conhecem detalhes do programa em apresenta\u00e7\u00e3o remota<\/figcaption><\/figure><\/div>\n\n\n\n<p>Muitas de nossas pesquisas s\u00e3o fruto do esfor\u00e7o pr\u00f3prio do HU-UFMA e da Universidade, dos pesquisadores, mas estava faltando uma linha de financiamento. Agora, com esse recurso, teremos mais projetos desenvolvidos por nossos discentes.<\/p>\n","protected":false},"excerpt":{"rendered":"<p>O Hospital Universit\u00e1rio ser\u00e1 beneficiado com o Programa de Inicia\u00e7\u00e3o Cient\u00edfica, voltado aos estudantes de gradua\u00e7\u00e3o. O edital foi apresentado [&hellip;]<\/p>\n","protected":false},"author":0,"featured_media":0,"comment_status":"open","ping_status":"open","sticky":false,"template":"","format":"standard","meta":{"site-sidebar-layout":"default","site-content-layout":"","ast-site-content-layout":"default","site-content-style":"default","site-sidebar-style":"default","ast-global-header-display":"","ast-banner-title-visibility":"","ast-main-header-display":"","ast-hfb-above-header-display":"","ast-hfb-below-header-display":"","ast-hfb-mobile-header-display":"","site-post-title":"","ast-breadcrumbs-content":"","ast-featured-img":"","footer-sml-layout":"","ast-disable-related-posts":"","theme-transparent-header-meta":"","adv-header-id-meta":"","stick-header-meta":"","header-above-stick-meta":"","header-main-stick-meta":"","header-below-stick-meta":"","astra-migrate-meta-layouts":"default","ast-page-background-enabled":"default","ast-page-background-meta":{"desktop":{"background-color":"var(--ast-global-color-5)","background-image":"","background-repeat":"repeat","background-position":"center center","background-size":"auto","background-attachment":"scroll","background-type":"","background-media":"","overlay-type":"","overlay-color":"","overlay-opacity":"","overlay-gradient":""},"tablet":{"background-color":"","background-image":"","background-repeat":"repeat","background-position":"center center","background-size":"auto","background-attachment":"scroll","background-type":"","background-media":"","overlay-type":"","overlay-color":"","overlay-opacity":"","overlay-gradient":""},"mobile":{"background-color":"","background-image":"","background-repeat":"repeat","background-position":"center center","background-size":"auto","background-attachment":"scroll","background-type":"","background-media":"","overlay-type":"","overlay-color":"","overlay-opacity":"","overlay-gradient":""}},"ast-content-background-meta":{"desktop":{"background-color":"var(--ast-global-color-4)","background-image":"","background-repeat":"repeat","background-position":"center center","background-size":"auto","background-attachment":"scroll","background-type":"","background-media":"","overlay-type":"","overlay-color":"","overlay-opacity":"","overlay-gradient":""},"tablet":{"background-color":"var(--ast-global-color-4)","background-image":"","background-repeat":"repeat","background-position":"center center","background-size":"auto","background-attachment":"scroll","background-type":"","background-media":"","overlay-type":"","overlay-color":"","overlay-opacity":"","overlay-gradient":""},"mobile":{"background-color":"var(--ast-global-color-4)","background-image":"","background-repeat":"repeat","background-position":"center center","background-size":"auto","background-attachment":"scroll","background-type":"","background-media":"","overlay-type":"","overlay-color":"","overlay-opacity":"","overlay-gradient":""}},"footnotes":""},"categories":[1],"tags":[],"class_list":["post-94728","post","type-post","status-publish","format-standard","hentry","category-sem-categoria"],"yoast_head":"<!-- This site is optimized with the Yoast SEO plugin v26.6 - https:\/\/yoast.com\/wordpress\/plugins\/seo\/ -->\n<title>HU-UFMA ter\u00e1 Programa de Inicia\u00e7\u00e3o Cient\u00edfica para estudantes - Daniel Matos<\/title>\n<meta name=\"robots\" content=\"index, follow, max-snippet:-1, max-image-preview:large, max-video-preview:-1\" \/>\n<link rel=\"canonical\" href=\"https:\/\/www.blogsoestado.com\/danielmatos\/hu-ufma-tera-programa-de-iniciacao-cientifica-para-estudantes\/\" \/>\n<meta property=\"og:locale\" content=\"pt_BR\" \/>\n<meta property=\"og:type\" content=\"article\" \/>\n<meta property=\"og:title\" content=\"HU-UFMA ter\u00e1 Programa de Inicia\u00e7\u00e3o Cient\u00edfica para estudantes - Daniel Matos\" \/>\n<meta property=\"og:description\" content=\"O Hospital Universit\u00e1rio ser\u00e1 beneficiado com o Programa de Inicia\u00e7\u00e3o Cient\u00edfica, voltado aos estudantes de gradua\u00e7\u00e3o. O edital foi apresentado [&hellip;]\" \/>\n<meta property=\"og:url\" content=\"https:\/\/www.blogsoestado.com\/danielmatos\/hu-ufma-tera-programa-de-iniciacao-cientifica-para-estudantes\/\" \/>\n<meta property=\"og:site_name\" content=\"Daniel Matos\" \/>\n<meta property=\"article:published_time\" content=\"2022-03-01T14:16:09+00:00\" \/>\n<meta property=\"og:image\" content=\"https:\/\/www.blogsoestado.com\/danielmatos\/files\/2022\/03\/Screenshot_20220301-1110282.png\" \/>\n<meta name=\"twitter:card\" content=\"summary_large_image\" \/>\n<meta name=\"twitter:label1\" content=\"Est. tempo de leitura\" \/>\n\t<meta name=\"twitter:data1\" content=\"1 minuto\" \/>\n<script type=\"application\/ld+json\" class=\"yoast-schema-graph\">{\"@context\":\"https:\/\/schema.org\",\"@graph\":[{\"@type\":\"WebPage\",\"@id\":\"https:\/\/www.blogsoestado.com\/danielmatos\/hu-ufma-tera-programa-de-iniciacao-cientifica-para-estudantes\/\",\"url\":\"https:\/\/www.blogsoestado.com\/danielmatos\/hu-ufma-tera-programa-de-iniciacao-cientifica-para-estudantes\/\",\"name\":\"HU-UFMA ter\u00e1 Programa de Inicia\u00e7\u00e3o Cient\u00edfica para estudantes - Daniel Matos\",\"isPartOf\":{\"@id\":\"https:\/\/www.blogsoestado.com\/danielmatos\/#website\"},\"primaryImageOfPage\":{\"@id\":\"https:\/\/www.blogsoestado.com\/danielmatos\/hu-ufma-tera-programa-de-iniciacao-cientifica-para-estudantes\/#primaryimage\"},\"image\":{\"@id\":\"https:\/\/www.blogsoestado.com\/danielmatos\/hu-ufma-tera-programa-de-iniciacao-cientifica-para-estudantes\/#primaryimage\"},\"thumbnailUrl\":\"https:\/\/www.blogsoestado.com\/danielmatos\/files\/2022\/03\/Screenshot_20220301-1110282.png\",\"datePublished\":\"2022-03-01T14:16:09+00:00\",\"author\":{\"@id\":\"\"},\"breadcrumb\":{\"@id\":\"https:\/\/www.blogsoestado.com\/danielmatos\/hu-ufma-tera-programa-de-iniciacao-cientifica-para-estudantes\/#breadcrumb\"},\"inLanguage\":\"pt-BR\",\"potentialAction\":[{\"@type\":\"ReadAction\",\"target\":[\"https:\/\/www.blogsoestado.com\/danielmatos\/hu-ufma-tera-programa-de-iniciacao-cientifica-para-estudantes\/\"]}]},{\"@type\":\"ImageObject\",\"inLanguage\":\"pt-BR\",\"@id\":\"https:\/\/www.blogsoestado.com\/danielmatos\/hu-ufma-tera-programa-de-iniciacao-cientifica-para-estudantes\/#primaryimage\",\"url\":\"https:\/\/www.blogsoestado.com\/danielmatos\/files\/2022\/03\/Screenshot_20220301-1110282.png\",\"contentUrl\":\"https:\/\/www.blogsoestado.com\/danielmatos\/files\/2022\/03\/Screenshot_20220301-1110282.png\"},{\"@type\":\"BreadcrumbList\",\"@id\":\"https:\/\/www.blogsoestado.com\/danielmatos\/hu-ufma-tera-programa-de-iniciacao-cientifica-para-estudantes\/#breadcrumb\",\"itemListElement\":[{\"@type\":\"ListItem\",\"position\":1,\"name\":\"In\u00edcio\",\"item\":\"https:\/\/www.blogsoestado.com\/danielmatos\/\"},{\"@type\":\"ListItem\",\"position\":2,\"name\":\"HU-UFMA ter\u00e1 Programa de Inicia\u00e7\u00e3o Cient\u00edfica para estudantes\"}]},{\"@type\":\"WebSite\",\"@id\":\"https:\/\/www.blogsoestado.com\/danielmatos\/#website\",\"url\":\"https:\/\/www.blogsoestado.com\/danielmatos\/\",\"name\":\"Daniel Matos\",\"description\":\"\",\"potentialAction\":[{\"@type\":\"SearchAction\",\"target\":{\"@type\":\"EntryPoint\",\"urlTemplate\":\"https:\/\/www.blogsoestado.com\/danielmatos\/?s={search_term_string}\"},\"query-input\":{\"@type\":\"PropertyValueSpecification\",\"valueRequired\":true,\"valueName\":\"search_term_string\"}}],\"inLanguage\":\"pt-BR\"}]}<\/script>\n<!-- \/ Yoast SEO plugin. -->","yoast_head_json":{"title":"HU-UFMA ter\u00e1 Programa de Inicia\u00e7\u00e3o Cient\u00edfica para estudantes - Daniel Matos","robots":{"index":"index","follow":"follow","max-snippet":"max-snippet:-1","max-image-preview":"max-image-preview:large","max-video-preview":"max-video-preview:-1"},"canonical":"https:\/\/www.blogsoestado.com\/danielmatos\/hu-ufma-tera-programa-de-iniciacao-cientifica-para-estudantes\/","og_locale":"pt_BR","og_type":"article","og_title":"HU-UFMA ter\u00e1 Programa de Inicia\u00e7\u00e3o Cient\u00edfica para estudantes - Daniel Matos","og_description":"O Hospital Universit\u00e1rio ser\u00e1 beneficiado com o Programa de Inicia\u00e7\u00e3o Cient\u00edfica, voltado aos estudantes de gradua\u00e7\u00e3o. O edital foi apresentado [&hellip;]","og_url":"https:\/\/www.blogsoestado.com\/danielmatos\/hu-ufma-tera-programa-de-iniciacao-cientifica-para-estudantes\/","og_site_name":"Daniel Matos","article_published_time":"2022-03-01T14:16:09+00:00","og_image":[{"url":"https:\/\/www.blogsoestado.com\/danielmatos\/files\/2022\/03\/Screenshot_20220301-1110282.png","type":"","width":"","height":""}],"twitter_card":"summary_large_image","twitter_misc":{"Est. tempo de leitura":"1 minuto"},"schema":{"@context":"https:\/\/schema.org","@graph":[{"@type":"WebPage","@id":"https:\/\/www.blogsoestado.com\/danielmatos\/hu-ufma-tera-programa-de-iniciacao-cientifica-para-estudantes\/","url":"https:\/\/www.blogsoestado.com\/danielmatos\/hu-ufma-tera-programa-de-iniciacao-cientifica-para-estudantes\/","name":"HU-UFMA ter\u00e1 Programa de Inicia\u00e7\u00e3o Cient\u00edfica para estudantes - Daniel Matos","isPartOf":{"@id":"https:\/\/www.blogsoestado.com\/danielmatos\/#website"},"primaryImageOfPage":{"@id":"https:\/\/www.blogsoestado.com\/danielmatos\/hu-ufma-tera-programa-de-iniciacao-cientifica-para-estudantes\/#primaryimage"},"image":{"@id":"https:\/\/www.blogsoestado.com\/danielmatos\/hu-ufma-tera-programa-de-iniciacao-cientifica-para-estudantes\/#primaryimage"},"thumbnailUrl":"https:\/\/www.blogsoestado.com\/danielmatos\/files\/2022\/03\/Screenshot_20220301-1110282.png","datePublished":"2022-03-01T14:16:09+00:00","author":{"@id":""},"breadcrumb":{"@id":"https:\/\/www.blogsoestado.com\/danielmatos\/hu-ufma-tera-programa-de-iniciacao-cientifica-para-estudantes\/#breadcrumb"},"inLanguage":"pt-BR","potentialAction":[{"@type":"ReadAction","target":["https:\/\/www.blogsoestado.com\/danielmatos\/hu-ufma-tera-programa-de-iniciacao-cientifica-para-estudantes\/"]}]},{"@type":"ImageObject","inLanguage":"pt-BR","@id":"https:\/\/www.blogsoestado.com\/danielmatos\/hu-ufma-tera-programa-de-iniciacao-cientifica-para-estudantes\/#primaryimage","url":"https:\/\/www.blogsoestado.com\/danielmatos\/files\/2022\/03\/Screenshot_20220301-1110282.png","contentUrl":"https:\/\/www.blogsoestado.com\/danielmatos\/files\/2022\/03\/Screenshot_20220301-1110282.png"},{"@type":"BreadcrumbList","@id":"https:\/\/www.blogsoestado.com\/danielmatos\/hu-ufma-tera-programa-de-iniciacao-cientifica-para-estudantes\/#breadcrumb","itemListElement":[{"@type":"ListItem","position":1,"name":"In\u00edcio","item":"https:\/\/www.blogsoestado.com\/danielmatos\/"},{"@type":"ListItem","position":2,"name":"HU-UFMA ter\u00e1 Programa de Inicia\u00e7\u00e3o Cient\u00edfica para estudantes"}]},{"@type":"WebSite","@id":"https:\/\/www.blogsoestado.com\/danielmatos\/#website","url":"https:\/\/www.blogsoestado.com\/danielmatos\/","name":"Daniel Matos","description":"","potentialAction":[{"@type":"SearchAction","target":{"@type":"EntryPoint","urlTemplate":"https:\/\/www.blogsoestado.com\/danielmatos\/?s={search_term_string}"},"query-input":{"@type":"PropertyValueSpecification","valueRequired":true,"valueName":"search_term_string"}}],"inLanguage":"pt-BR"}]}},"jetpack_featured_media_url":"","_links":{"self":[{"href":"https:\/\/www.blogsoestado.com\/danielmatos\/wp-json\/wp\/v2\/posts\/94728","targetHints":{"allow":["GET"]}}],"collection":[{"href":"https:\/\/www.blogsoestado.com\/danielmatos\/wp-json\/wp\/v2\/posts"}],"about":[{"href":"https:\/\/www.blogsoestado.com\/danielmatos\/wp-json\/wp\/v2\/types\/post"}],"replies":[{"embeddable":true,"href":"https:\/\/www.blogsoestado.com\/danielmatos\/wp-json\/wp\/v2\/comments?post=94728"}],"version-history":[{"count":0,"href":"https:\/\/www.blogsoestado.com\/danielmatos\/wp-json\/wp\/v2\/posts\/94728\/revisions"}],"wp:attachment":[{"href":"https:\/\/www.blogsoestado.com\/danielmatos\/wp-json\/wp\/v2\/media?parent=94728"}],"wp:term":[{"taxonomy":"category","embeddable":true,"href":"https:\/\/www.blogsoestado.com\/danielmatos\/wp-json\/wp\/v2\/categories?post=94728"},{"taxonomy":"post_tag","embeddable":true,"href":"https:\/\/www.blogsoestado.com\/danielmatos\/wp-json\/wp\/v2\/tags?post=94728"}],"curies":[{"name":"wp","href":"https:\/\/api.w.org\/{rel}","templated":true}]}}