{"id":94735,"date":"2022-03-01T16:01:15","date_gmt":"2022-03-01T19:01:15","guid":{"rendered":"https:\/\/www.blogsoestado.com\/danielmatos\/?p=94735"},"modified":"2022-03-01T16:01:15","modified_gmt":"2022-03-01T19:01:15","slug":"deputado-wellington-solicita-ao-prefeito-eduardo-braide-que-encaminhe-a-camara-de-vereadores-projeto-de-lei-que-concede-o-reajuste-de-3324-aos-professores-de-sao-luis","status":"publish","type":"post","link":"https:\/\/www.blogsoestado.com\/danielmatos\/deputado-wellington-solicita-ao-prefeito-eduardo-braide-que-encaminhe-a-camara-de-vereadores-projeto-de-lei-que-concede-o-reajuste-de-3324-aos-professores-de-sao-luis\/","title":{"rendered":"Deputado Wellington solicita ao prefeito Eduardo Braide que encaminhe \u00e0 C\u00e2mara de Vereadores projeto de lei que concede o reajuste de 33,24% aos professores de S\u00e3o Lu\u00eds"},"content":{"rendered":"\n<div class=\"wp-block-image\"><figure class=\"aligncenter size-large\"><a href=\"https:\/\/www.blogsoestado.com\/danielmatos\/files\/2022\/03\/Screenshot_20220301-1556222.png\"><img decoding=\"async\" src=\"https:\/\/www.blogsoestado.com\/danielmatos\/files\/2022\/03\/Screenshot_20220301-1556222.png\" alt=\"\" class=\"wp-image-94736\"\/><\/a><\/figure><\/div>\n\n\n\n<p>Durante a sess\u00e3o plen\u00e1ria do \u00faltimo dia 24, o deputado estadual utilizou a tribuna para solicitar do prefeito de S\u00e3o Lu\u00eds, Eduardo Braide, que encaminhe \u00e0 C\u00e2mara de Vereadores o Projeto de Lei que assegura aos professores da rede municipal de educa\u00e7\u00e3o o reajuste de 33,24% como determina a Lei Nacional do Piso. A solicita\u00e7\u00e3o foi formalizada atrav\u00e9s de indica\u00e7\u00e3o na Assembleia Legislativa.<\/p>\n\n\n\n<p>Ao fazer a solicita\u00e7\u00e3o, Wellington ressaltou a import\u00e2ncia de valoriza\u00e7\u00e3o dos professores de S\u00e3o Lu\u00eds e a import\u00e2ncia de garantir a aplica\u00e7\u00e3o da Lei Nacional do Piso com a concess\u00e3o do reajuste de 33,24%.<\/p>\n\n\n\n<p>\u201cEstamos solicitando ao prefeito Eduardo Braide que encaminhe \u00e0 C\u00e2mara de Vereadores de S\u00e3o Lu\u00eds, o projeto de lei que garante aos professores da rede municipal de ensino o reajuste de 33,24% de acordo com a Lei Nacional do Piso. Nossa solicita\u00e7\u00e3o foi formalizada atrav\u00e9s de indica\u00e7\u00e3o na Assembleia Legislativa e tem como objetivo garantir a valoriza\u00e7\u00e3o dos educadores do munic\u00edpio que s\u00e3o de suma import\u00e2ncia para nossa sociedade e para uma educa\u00e7\u00e3o p\u00fablica de qualidade. Por isso, nada mais juto do que garantir o reconhecimento desses profissionais da educa\u00e7\u00e3o atrav\u00e9s do reajuste. O prefeito j\u00e1 anunciou que concess\u00e3o dos 33,24%, ficando pendente apenas o projeto que atualiza o valor do piso. Seguimos na luta em defesa dos professores das redes municipais e estadual de ensino na luta pelo cumprimento da Lei do Piso e reajuste de 33,24%\u201d, disse o professor e deputado estadual Wellington do Curso.<\/p>\n","protected":false},"excerpt":{"rendered":"<p>Durante a sess\u00e3o plen\u00e1ria do \u00faltimo dia 24, o deputado estadual utilizou a tribuna para solicitar do prefeito de S\u00e3o [&hellip;]<\/p>\n","protected":false},"author":0,"featured_media":0,"comment_status":"open","ping_status":"open","sticky":false,"template":"","format":"standard","meta":{"site-sidebar-layout":"default","site-content-layout":"","ast-site-content-layout":"default","site-content-style":"default","site-sidebar-style":"default","ast-global-header-display":"","ast-banner-title-visibility":"","ast-main-header-display":"","ast-hfb-above-header-display":"","ast-hfb-below-header-display":"","ast-hfb-mobile-header-display":"","site-post-title":"","ast-breadcrumbs-content":"","ast-featured-img":"","footer-sml-layout":"","ast-disable-related-posts":"","theme-transparent-header-meta":"","adv-header-id-meta":"","stick-header-meta":"","header-above-stick-meta":"","header-main-stick-meta":"","header-below-stick-meta":"","astra-migrate-meta-layouts":"default","ast-page-background-enabled":"default","ast-page-background-meta":{"desktop":{"background-color":"var(--ast-global-color-5)","background-image":"","background-repeat":"repeat","background-position":"center center","background-size":"auto","background-attachment":"scroll","background-type":"","background-media":"","overlay-type":"","overlay-color":"","overlay-opacity":"","overlay-gradient":""},"tablet":{"background-color":"","background-image":"","background-repeat":"repeat","background-position":"center center","background-size":"auto","background-attachment":"scroll","background-type":"","background-media":"","overlay-type":"","overlay-color":"","overlay-opacity":"","overlay-gradient":""},"mobile":{"background-color":"","background-image":"","background-repeat":"repeat","background-position":"center center","background-size":"auto","background-attachment":"scroll","background-type":"","background-media":"","overlay-type":"","overlay-color":"","overlay-opacity":"","overlay-gradient":""}},"ast-content-background-meta":{"desktop":{"background-color":"var(--ast-global-color-4)","background-image":"","background-repeat":"repeat","background-position":"center center","background-size":"auto","background-attachment":"scroll","background-type":"","background-media":"","overlay-type":"","overlay-color":"","overlay-opacity":"","overlay-gradient":""},"tablet":{"background-color":"var(--ast-global-color-4)","background-image":"","background-repeat":"repeat","background-position":"center center","background-size":"auto","background-attachment":"scroll","background-type":"","background-media":"","overlay-type":"","overlay-color":"","overlay-opacity":"","overlay-gradient":""},"mobile":{"background-color":"var(--ast-global-color-4)","background-image":"","background-repeat":"repeat","background-position":"center center","background-size":"auto","background-attachment":"scroll","background-type":"","background-media":"","overlay-type":"","overlay-color":"","overlay-opacity":"","overlay-gradient":""}},"footnotes":""},"categories":[1],"tags":[],"class_list":["post-94735","post","type-post","status-publish","format-standard","hentry","category-sem-categoria"],"yoast_head":"<!-- This site is optimized with the Yoast SEO plugin v26.6 - https:\/\/yoast.com\/wordpress\/plugins\/seo\/ -->\n<title>Deputado Wellington solicita ao prefeito Eduardo Braide que encaminhe \u00e0 C\u00e2mara de Vereadores projeto de lei que concede o reajuste de 33,24% aos professores de S\u00e3o Lu\u00eds - Daniel Matos<\/title>\n<meta name=\"robots\" content=\"index, follow, max-snippet:-1, max-image-preview:large, max-video-preview:-1\" \/>\n<link rel=\"canonical\" href=\"https:\/\/www.blogsoestado.com\/danielmatos\/deputado-wellington-solicita-ao-prefeito-eduardo-braide-que-encaminhe-a-camara-de-vereadores-projeto-de-lei-que-concede-o-reajuste-de-3324-aos-professores-de-sao-luis\/\" \/>\n<meta property=\"og:locale\" content=\"pt_BR\" \/>\n<meta property=\"og:type\" content=\"article\" \/>\n<meta property=\"og:title\" content=\"Deputado Wellington solicita ao prefeito Eduardo Braide que encaminhe \u00e0 C\u00e2mara de Vereadores projeto de lei que concede o reajuste de 33,24% aos professores de S\u00e3o Lu\u00eds - Daniel Matos\" \/>\n<meta property=\"og:description\" content=\"Durante a sess\u00e3o plen\u00e1ria do \u00faltimo dia 24, o deputado estadual utilizou a tribuna para solicitar do prefeito de S\u00e3o [&hellip;]\" \/>\n<meta property=\"og:url\" content=\"https:\/\/www.blogsoestado.com\/danielmatos\/deputado-wellington-solicita-ao-prefeito-eduardo-braide-que-encaminhe-a-camara-de-vereadores-projeto-de-lei-que-concede-o-reajuste-de-3324-aos-professores-de-sao-luis\/\" \/>\n<meta property=\"og:site_name\" content=\"Daniel Matos\" \/>\n<meta property=\"article:published_time\" content=\"2022-03-01T19:01:15+00:00\" \/>\n<meta property=\"og:image\" content=\"https:\/\/www.blogsoestado.com\/danielmatos\/files\/2022\/03\/Screenshot_20220301-1556222.png\" \/>\n<meta name=\"twitter:card\" content=\"summary_large_image\" \/>\n<meta name=\"twitter:label1\" content=\"Est. tempo de leitura\" \/>\n\t<meta name=\"twitter:data1\" content=\"2 minutos\" \/>\n<script type=\"application\/ld+json\" class=\"yoast-schema-graph\">{\"@context\":\"https:\/\/schema.org\",\"@graph\":[{\"@type\":\"WebPage\",\"@id\":\"https:\/\/www.blogsoestado.com\/danielmatos\/deputado-wellington-solicita-ao-prefeito-eduardo-braide-que-encaminhe-a-camara-de-vereadores-projeto-de-lei-que-concede-o-reajuste-de-3324-aos-professores-de-sao-luis\/\",\"url\":\"https:\/\/www.blogsoestado.com\/danielmatos\/deputado-wellington-solicita-ao-prefeito-eduardo-braide-que-encaminhe-a-camara-de-vereadores-projeto-de-lei-que-concede-o-reajuste-de-3324-aos-professores-de-sao-luis\/\",\"name\":\"Deputado Wellington solicita ao prefeito Eduardo Braide que encaminhe \u00e0 C\u00e2mara de Vereadores projeto de lei que concede o reajuste de 33,24% aos professores de S\u00e3o Lu\u00eds - Daniel Matos\",\"isPartOf\":{\"@id\":\"https:\/\/www.blogsoestado.com\/danielmatos\/#website\"},\"primaryImageOfPage\":{\"@id\":\"https:\/\/www.blogsoestado.com\/danielmatos\/deputado-wellington-solicita-ao-prefeito-eduardo-braide-que-encaminhe-a-camara-de-vereadores-projeto-de-lei-que-concede-o-reajuste-de-3324-aos-professores-de-sao-luis\/#primaryimage\"},\"image\":{\"@id\":\"https:\/\/www.blogsoestado.com\/danielmatos\/deputado-wellington-solicita-ao-prefeito-eduardo-braide-que-encaminhe-a-camara-de-vereadores-projeto-de-lei-que-concede-o-reajuste-de-3324-aos-professores-de-sao-luis\/#primaryimage\"},\"thumbnailUrl\":\"https:\/\/www.blogsoestado.com\/danielmatos\/files\/2022\/03\/Screenshot_20220301-1556222.png\",\"datePublished\":\"2022-03-01T19:01:15+00:00\",\"author\":{\"@id\":\"\"},\"breadcrumb\":{\"@id\":\"https:\/\/www.blogsoestado.com\/danielmatos\/deputado-wellington-solicita-ao-prefeito-eduardo-braide-que-encaminhe-a-camara-de-vereadores-projeto-de-lei-que-concede-o-reajuste-de-3324-aos-professores-de-sao-luis\/#breadcrumb\"},\"inLanguage\":\"pt-BR\",\"potentialAction\":[{\"@type\":\"ReadAction\",\"target\":[\"https:\/\/www.blogsoestado.com\/danielmatos\/deputado-wellington-solicita-ao-prefeito-eduardo-braide-que-encaminhe-a-camara-de-vereadores-projeto-de-lei-que-concede-o-reajuste-de-3324-aos-professores-de-sao-luis\/\"]}]},{\"@type\":\"ImageObject\",\"inLanguage\":\"pt-BR\",\"@id\":\"https:\/\/www.blogsoestado.com\/danielmatos\/deputado-wellington-solicita-ao-prefeito-eduardo-braide-que-encaminhe-a-camara-de-vereadores-projeto-de-lei-que-concede-o-reajuste-de-3324-aos-professores-de-sao-luis\/#primaryimage\",\"url\":\"https:\/\/www.blogsoestado.com\/danielmatos\/files\/2022\/03\/Screenshot_20220301-1556222.png\",\"contentUrl\":\"https:\/\/www.blogsoestado.com\/danielmatos\/files\/2022\/03\/Screenshot_20220301-1556222.png\"},{\"@type\":\"BreadcrumbList\",\"@id\":\"https:\/\/www.blogsoestado.com\/danielmatos\/deputado-wellington-solicita-ao-prefeito-eduardo-braide-que-encaminhe-a-camara-de-vereadores-projeto-de-lei-que-concede-o-reajuste-de-3324-aos-professores-de-sao-luis\/#breadcrumb\",\"itemListElement\":[{\"@type\":\"ListItem\",\"position\":1,\"name\":\"In\u00edcio\",\"item\":\"https:\/\/www.blogsoestado.com\/danielmatos\/\"},{\"@type\":\"ListItem\",\"position\":2,\"name\":\"Deputado Wellington solicita ao prefeito Eduardo Braide que encaminhe \u00e0 C\u00e2mara de Vereadores projeto de lei que concede o reajuste de 33,24% aos professores de S\u00e3o Lu\u00eds\"}]},{\"@type\":\"WebSite\",\"@id\":\"https:\/\/www.blogsoestado.com\/danielmatos\/#website\",\"url\":\"https:\/\/www.blogsoestado.com\/danielmatos\/\",\"name\":\"Daniel Matos\",\"description\":\"\",\"potentialAction\":[{\"@type\":\"SearchAction\",\"target\":{\"@type\":\"EntryPoint\",\"urlTemplate\":\"https:\/\/www.blogsoestado.com\/danielmatos\/?s={search_term_string}\"},\"query-input\":{\"@type\":\"PropertyValueSpecification\",\"valueRequired\":true,\"valueName\":\"search_term_string\"}}],\"inLanguage\":\"pt-BR\"}]}<\/script>\n<!-- \/ Yoast SEO plugin. -->","yoast_head_json":{"title":"Deputado Wellington solicita ao prefeito Eduardo Braide que encaminhe \u00e0 C\u00e2mara de Vereadores projeto de lei que concede o reajuste de 33,24% aos professores de S\u00e3o Lu\u00eds - Daniel Matos","robots":{"index":"index","follow":"follow","max-snippet":"max-snippet:-1","max-image-preview":"max-image-preview:large","max-video-preview":"max-video-preview:-1"},"canonical":"https:\/\/www.blogsoestado.com\/danielmatos\/deputado-wellington-solicita-ao-prefeito-eduardo-braide-que-encaminhe-a-camara-de-vereadores-projeto-de-lei-que-concede-o-reajuste-de-3324-aos-professores-de-sao-luis\/","og_locale":"pt_BR","og_type":"article","og_title":"Deputado Wellington solicita ao prefeito Eduardo Braide que encaminhe \u00e0 C\u00e2mara de Vereadores projeto de lei que concede o reajuste de 33,24% aos professores de S\u00e3o Lu\u00eds - Daniel Matos","og_description":"Durante a sess\u00e3o plen\u00e1ria do \u00faltimo dia 24, o deputado estadual utilizou a tribuna para solicitar do prefeito de S\u00e3o [&hellip;]","og_url":"https:\/\/www.blogsoestado.com\/danielmatos\/deputado-wellington-solicita-ao-prefeito-eduardo-braide-que-encaminhe-a-camara-de-vereadores-projeto-de-lei-que-concede-o-reajuste-de-3324-aos-professores-de-sao-luis\/","og_site_name":"Daniel Matos","article_published_time":"2022-03-01T19:01:15+00:00","og_image":[{"url":"https:\/\/www.blogsoestado.com\/danielmatos\/files\/2022\/03\/Screenshot_20220301-1556222.png","type":"","width":"","height":""}],"twitter_card":"summary_large_image","twitter_misc":{"Est. tempo de leitura":"2 minutos"},"schema":{"@context":"https:\/\/schema.org","@graph":[{"@type":"WebPage","@id":"https:\/\/www.blogsoestado.com\/danielmatos\/deputado-wellington-solicita-ao-prefeito-eduardo-braide-que-encaminhe-a-camara-de-vereadores-projeto-de-lei-que-concede-o-reajuste-de-3324-aos-professores-de-sao-luis\/","url":"https:\/\/www.blogsoestado.com\/danielmatos\/deputado-wellington-solicita-ao-prefeito-eduardo-braide-que-encaminhe-a-camara-de-vereadores-projeto-de-lei-que-concede-o-reajuste-de-3324-aos-professores-de-sao-luis\/","name":"Deputado Wellington solicita ao prefeito Eduardo Braide que encaminhe \u00e0 C\u00e2mara de Vereadores projeto de lei que concede o reajuste de 33,24% aos professores de S\u00e3o Lu\u00eds - Daniel Matos","isPartOf":{"@id":"https:\/\/www.blogsoestado.com\/danielmatos\/#website"},"primaryImageOfPage":{"@id":"https:\/\/www.blogsoestado.com\/danielmatos\/deputado-wellington-solicita-ao-prefeito-eduardo-braide-que-encaminhe-a-camara-de-vereadores-projeto-de-lei-que-concede-o-reajuste-de-3324-aos-professores-de-sao-luis\/#primaryimage"},"image":{"@id":"https:\/\/www.blogsoestado.com\/danielmatos\/deputado-wellington-solicita-ao-prefeito-eduardo-braide-que-encaminhe-a-camara-de-vereadores-projeto-de-lei-que-concede-o-reajuste-de-3324-aos-professores-de-sao-luis\/#primaryimage"},"thumbnailUrl":"https:\/\/www.blogsoestado.com\/danielmatos\/files\/2022\/03\/Screenshot_20220301-1556222.png","datePublished":"2022-03-01T19:01:15+00:00","author":{"@id":""},"breadcrumb":{"@id":"https:\/\/www.blogsoestado.com\/danielmatos\/deputado-wellington-solicita-ao-prefeito-eduardo-braide-que-encaminhe-a-camara-de-vereadores-projeto-de-lei-que-concede-o-reajuste-de-3324-aos-professores-de-sao-luis\/#breadcrumb"},"inLanguage":"pt-BR","potentialAction":[{"@type":"ReadAction","target":["https:\/\/www.blogsoestado.com\/danielmatos\/deputado-wellington-solicita-ao-prefeito-eduardo-braide-que-encaminhe-a-camara-de-vereadores-projeto-de-lei-que-concede-o-reajuste-de-3324-aos-professores-de-sao-luis\/"]}]},{"@type":"ImageObject","inLanguage":"pt-BR","@id":"https:\/\/www.blogsoestado.com\/danielmatos\/deputado-wellington-solicita-ao-prefeito-eduardo-braide-que-encaminhe-a-camara-de-vereadores-projeto-de-lei-que-concede-o-reajuste-de-3324-aos-professores-de-sao-luis\/#primaryimage","url":"https:\/\/www.blogsoestado.com\/danielmatos\/files\/2022\/03\/Screenshot_20220301-1556222.png","contentUrl":"https:\/\/www.blogsoestado.com\/danielmatos\/files\/2022\/03\/Screenshot_20220301-1556222.png"},{"@type":"BreadcrumbList","@id":"https:\/\/www.blogsoestado.com\/danielmatos\/deputado-wellington-solicita-ao-prefeito-eduardo-braide-que-encaminhe-a-camara-de-vereadores-projeto-de-lei-que-concede-o-reajuste-de-3324-aos-professores-de-sao-luis\/#breadcrumb","itemListElement":[{"@type":"ListItem","position":1,"name":"In\u00edcio","item":"https:\/\/www.blogsoestado.com\/danielmatos\/"},{"@type":"ListItem","position":2,"name":"Deputado Wellington solicita ao prefeito Eduardo Braide que encaminhe \u00e0 C\u00e2mara de Vereadores projeto de lei que concede o reajuste de 33,24% aos professores de S\u00e3o Lu\u00eds"}]},{"@type":"WebSite","@id":"https:\/\/www.blogsoestado.com\/danielmatos\/#website","url":"https:\/\/www.blogsoestado.com\/danielmatos\/","name":"Daniel Matos","description":"","potentialAction":[{"@type":"SearchAction","target":{"@type":"EntryPoint","urlTemplate":"https:\/\/www.blogsoestado.com\/danielmatos\/?s={search_term_string}"},"query-input":{"@type":"PropertyValueSpecification","valueRequired":true,"valueName":"search_term_string"}}],"inLanguage":"pt-BR"}]}},"jetpack_featured_media_url":"","_links":{"self":[{"href":"https:\/\/www.blogsoestado.com\/danielmatos\/wp-json\/wp\/v2\/posts\/94735","targetHints":{"allow":["GET"]}}],"collection":[{"href":"https:\/\/www.blogsoestado.com\/danielmatos\/wp-json\/wp\/v2\/posts"}],"about":[{"href":"https:\/\/www.blogsoestado.com\/danielmatos\/wp-json\/wp\/v2\/types\/post"}],"replies":[{"embeddable":true,"href":"https:\/\/www.blogsoestado.com\/danielmatos\/wp-json\/wp\/v2\/comments?post=94735"}],"version-history":[{"count":0,"href":"https:\/\/www.blogsoestado.com\/danielmatos\/wp-json\/wp\/v2\/posts\/94735\/revisions"}],"wp:attachment":[{"href":"https:\/\/www.blogsoestado.com\/danielmatos\/wp-json\/wp\/v2\/media?parent=94735"}],"wp:term":[{"taxonomy":"category","embeddable":true,"href":"https:\/\/www.blogsoestado.com\/danielmatos\/wp-json\/wp\/v2\/categories?post=94735"},{"taxonomy":"post_tag","embeddable":true,"href":"https:\/\/www.blogsoestado.com\/danielmatos\/wp-json\/wp\/v2\/tags?post=94735"}],"curies":[{"name":"wp","href":"https:\/\/api.w.org\/{rel}","templated":true}]}}