{"id":94739,"date":"2022-03-02T08:34:11","date_gmt":"2022-03-02T11:34:11","guid":{"rendered":"https:\/\/www.blogsoestado.com\/danielmatos\/?p=94739"},"modified":"2022-03-02T08:34:11","modified_gmt":"2022-03-02T11:34:11","slug":"vacinacao-contra-a-covid-oab-ma-sera-ponto-de-aplicacao-a-partir-de-marco-para-a-classe-advocaticia-seus-filhos-e-dependentes","status":"publish","type":"post","link":"https:\/\/www.blogsoestado.com\/danielmatos\/vacinacao-contra-a-covid-oab-ma-sera-ponto-de-aplicacao-a-partir-de-marco-para-a-classe-advocaticia-seus-filhos-e-dependentes\/","title":{"rendered":"Vacina\u00e7\u00e3o contra a COVID: OAB\/MA ser\u00e1 ponto de aplica\u00e7\u00e3o a partir de mar\u00e7o para a classe advocat\u00edcia, seus filhos e dependentes"},"content":{"rendered":"\n<div class=\"wp-block-image\"><figure class=\"aligncenter size-large\"><a href=\"https:\/\/www.blogsoestado.com\/danielmatos\/files\/2022\/03\/Screenshot_20220302-0829332.png\"><img decoding=\"async\" src=\"https:\/\/www.blogsoestado.com\/danielmatos\/files\/2022\/03\/Screenshot_20220302-0829332.png\" alt=\"\" class=\"wp-image-94740\"\/><\/a><figcaption>A partir do dia 3 de mar\u00e7o, advogadas, advogados, seus filhos e dependentes poder\u00e3o receber a dose da vacina na Sala da ESA<\/figcaption><\/figure><\/div>\n\n\n\n<p>Uma reuni\u00e3o entre o secret\u00e1rio Carlos Lula, da Secretaria de Estado da Sa\u00fade (SES), os presidentes Ivaldo Praddo, da Caixa de Assist\u00eancia dos Advogados do Maranh\u00e3o (CAAMA) e Kaio Saraiva, da Ordem dos Advogados do Brasil, Seccional Maranh\u00e3o, definiu o in\u00edcio da data de vacina\u00e7\u00e3o contra a Covid-19 na sede da OAB\/MA. A partir do dia 3 de mar\u00e7o, advogadas, advogados, seus filhos e dependentes poder\u00e3o receber a dose da vacina na Sala da ESA (Escola Superior de Advocacia), no 2\u00ba andar, na OAB\/MA.<\/p>\n\n\n\n<p>\u201cConclamamos classe advocat\u00edcia para trazer seus filhos e dependentes. Colocamos a estrutura da Ordem a servi\u00e7o do combate \u00e0 Covid-19\u201d, disse Kaio Saraiva. O secret\u00e1rio de Sa\u00fade, Carlos Lula, destacou a \u201cimport\u00e2ncia de aumentar os pontos de vacina\u00e7\u00e3o, ainda ais sendo a minha casa, a minha classe\u201d, afirmou. O presidente da CAAMA, Ivaldo Praddo, destacou que \u201ca meta \u00e9 ampliar a oferta na CAAMA de vacinas nas suas mais variadas modalidades\u201d.<\/p>\n\n\n\n<p>Participaram tamb\u00e9m da reuni\u00e3o, a vice-presidente da CAAMA, Tatiana Costa, os Secret\u00e1rios geral, Gustavo Mamede, e geral-adjunto, Vandir Filho, a Conselheira Federal Suplente Cacilda Martins,<\/p>\n\n\n\n<p>Ser\u00e3o disponibilizadas 500 doses por dia para advogadas, advogados e dependentes. A nova etapa de vacina\u00e7\u00e3o contra a Covid-19 ser\u00e1 realizada nos dias 3 e 4 de mar\u00e7o para adultos e no dia 5 (s\u00e1bado) para crian\u00e7as de 5 a 11 anos.<\/p>\n\n\n\n<p>Para ter acesso \u00e0s vacinas \u00e9 necess\u00e1rio agendamento pr\u00e9vio na Central de Atendimento da CAAMA pelo telefone 98 3131-6700.<\/p>\n","protected":false},"excerpt":{"rendered":"<p>Uma reuni\u00e3o entre o secret\u00e1rio Carlos Lula, da Secretaria de Estado da Sa\u00fade (SES), os presidentes Ivaldo Praddo, da Caixa [&hellip;]<\/p>\n","protected":false},"author":0,"featured_media":0,"comment_status":"open","ping_status":"open","sticky":false,"template":"","format":"standard","meta":{"site-sidebar-layout":"default","site-content-layout":"","ast-site-content-layout":"default","site-content-style":"default","site-sidebar-style":"default","ast-global-header-display":"","ast-banner-title-visibility":"","ast-main-header-display":"","ast-hfb-above-header-display":"","ast-hfb-below-header-display":"","ast-hfb-mobile-header-display":"","site-post-title":"","ast-breadcrumbs-content":"","ast-featured-img":"","footer-sml-layout":"","ast-disable-related-posts":"","theme-transparent-header-meta":"","adv-header-id-meta":"","stick-header-meta":"","header-above-stick-meta":"","header-main-stick-meta":"","header-below-stick-meta":"","astra-migrate-meta-layouts":"default","ast-page-background-enabled":"default","ast-page-background-meta":{"desktop":{"background-color":"var(--ast-global-color-5)","background-image":"","background-repeat":"repeat","background-position":"center center","background-size":"auto","background-attachment":"scroll","background-type":"","background-media":"","overlay-type":"","overlay-color":"","overlay-opacity":"","overlay-gradient":""},"tablet":{"background-color":"","background-image":"","background-repeat":"repeat","background-position":"center center","background-size":"auto","background-attachment":"scroll","background-type":"","background-media":"","overlay-type":"","overlay-color":"","overlay-opacity":"","overlay-gradient":""},"mobile":{"background-color":"","background-image":"","background-repeat":"repeat","background-position":"center center","background-size":"auto","background-attachment":"scroll","background-type":"","background-media":"","overlay-type":"","overlay-color":"","overlay-opacity":"","overlay-gradient":""}},"ast-content-background-meta":{"desktop":{"background-color":"var(--ast-global-color-4)","background-image":"","background-repeat":"repeat","background-position":"center center","background-size":"auto","background-attachment":"scroll","background-type":"","background-media":"","overlay-type":"","overlay-color":"","overlay-opacity":"","overlay-gradient":""},"tablet":{"background-color":"var(--ast-global-color-4)","background-image":"","background-repeat":"repeat","background-position":"center center","background-size":"auto","background-attachment":"scroll","background-type":"","background-media":"","overlay-type":"","overlay-color":"","overlay-opacity":"","overlay-gradient":""},"mobile":{"background-color":"var(--ast-global-color-4)","background-image":"","background-repeat":"repeat","background-position":"center center","background-size":"auto","background-attachment":"scroll","background-type":"","background-media":"","overlay-type":"","overlay-color":"","overlay-opacity":"","overlay-gradient":""}},"footnotes":""},"categories":[1],"tags":[],"class_list":["post-94739","post","type-post","status-publish","format-standard","hentry","category-sem-categoria"],"yoast_head":"<!-- This site is optimized with the Yoast SEO plugin v26.6 - https:\/\/yoast.com\/wordpress\/plugins\/seo\/ -->\n<title>Vacina\u00e7\u00e3o contra a COVID: OAB\/MA ser\u00e1 ponto de aplica\u00e7\u00e3o a partir de mar\u00e7o para a classe advocat\u00edcia, seus filhos e dependentes - Daniel Matos<\/title>\n<meta name=\"robots\" content=\"index, follow, max-snippet:-1, max-image-preview:large, max-video-preview:-1\" \/>\n<link rel=\"canonical\" href=\"https:\/\/www.blogsoestado.com\/danielmatos\/vacinacao-contra-a-covid-oab-ma-sera-ponto-de-aplicacao-a-partir-de-marco-para-a-classe-advocaticia-seus-filhos-e-dependentes\/\" \/>\n<meta property=\"og:locale\" content=\"pt_BR\" \/>\n<meta property=\"og:type\" content=\"article\" \/>\n<meta property=\"og:title\" content=\"Vacina\u00e7\u00e3o contra a COVID: OAB\/MA ser\u00e1 ponto de aplica\u00e7\u00e3o a partir de mar\u00e7o para a classe advocat\u00edcia, seus filhos e dependentes - Daniel Matos\" \/>\n<meta property=\"og:description\" content=\"Uma reuni\u00e3o entre o secret\u00e1rio Carlos Lula, da Secretaria de Estado da Sa\u00fade (SES), os presidentes Ivaldo Praddo, da Caixa [&hellip;]\" \/>\n<meta property=\"og:url\" content=\"https:\/\/www.blogsoestado.com\/danielmatos\/vacinacao-contra-a-covid-oab-ma-sera-ponto-de-aplicacao-a-partir-de-marco-para-a-classe-advocaticia-seus-filhos-e-dependentes\/\" \/>\n<meta property=\"og:site_name\" content=\"Daniel Matos\" \/>\n<meta property=\"article:published_time\" content=\"2022-03-02T11:34:11+00:00\" \/>\n<meta property=\"og:image\" content=\"https:\/\/www.blogsoestado.com\/danielmatos\/files\/2022\/03\/Screenshot_20220302-0829332.png\" \/>\n<meta name=\"twitter:card\" content=\"summary_large_image\" \/>\n<meta name=\"twitter:label1\" content=\"Est. tempo de leitura\" \/>\n\t<meta name=\"twitter:data1\" content=\"2 minutos\" \/>\n<script type=\"application\/ld+json\" class=\"yoast-schema-graph\">{\"@context\":\"https:\/\/schema.org\",\"@graph\":[{\"@type\":\"WebPage\",\"@id\":\"https:\/\/www.blogsoestado.com\/danielmatos\/vacinacao-contra-a-covid-oab-ma-sera-ponto-de-aplicacao-a-partir-de-marco-para-a-classe-advocaticia-seus-filhos-e-dependentes\/\",\"url\":\"https:\/\/www.blogsoestado.com\/danielmatos\/vacinacao-contra-a-covid-oab-ma-sera-ponto-de-aplicacao-a-partir-de-marco-para-a-classe-advocaticia-seus-filhos-e-dependentes\/\",\"name\":\"Vacina\u00e7\u00e3o contra a COVID: OAB\/MA ser\u00e1 ponto de aplica\u00e7\u00e3o a partir de mar\u00e7o para a classe advocat\u00edcia, seus filhos e dependentes - Daniel Matos\",\"isPartOf\":{\"@id\":\"https:\/\/www.blogsoestado.com\/danielmatos\/#website\"},\"primaryImageOfPage\":{\"@id\":\"https:\/\/www.blogsoestado.com\/danielmatos\/vacinacao-contra-a-covid-oab-ma-sera-ponto-de-aplicacao-a-partir-de-marco-para-a-classe-advocaticia-seus-filhos-e-dependentes\/#primaryimage\"},\"image\":{\"@id\":\"https:\/\/www.blogsoestado.com\/danielmatos\/vacinacao-contra-a-covid-oab-ma-sera-ponto-de-aplicacao-a-partir-de-marco-para-a-classe-advocaticia-seus-filhos-e-dependentes\/#primaryimage\"},\"thumbnailUrl\":\"https:\/\/www.blogsoestado.com\/danielmatos\/files\/2022\/03\/Screenshot_20220302-0829332.png\",\"datePublished\":\"2022-03-02T11:34:11+00:00\",\"author\":{\"@id\":\"\"},\"breadcrumb\":{\"@id\":\"https:\/\/www.blogsoestado.com\/danielmatos\/vacinacao-contra-a-covid-oab-ma-sera-ponto-de-aplicacao-a-partir-de-marco-para-a-classe-advocaticia-seus-filhos-e-dependentes\/#breadcrumb\"},\"inLanguage\":\"pt-BR\",\"potentialAction\":[{\"@type\":\"ReadAction\",\"target\":[\"https:\/\/www.blogsoestado.com\/danielmatos\/vacinacao-contra-a-covid-oab-ma-sera-ponto-de-aplicacao-a-partir-de-marco-para-a-classe-advocaticia-seus-filhos-e-dependentes\/\"]}]},{\"@type\":\"ImageObject\",\"inLanguage\":\"pt-BR\",\"@id\":\"https:\/\/www.blogsoestado.com\/danielmatos\/vacinacao-contra-a-covid-oab-ma-sera-ponto-de-aplicacao-a-partir-de-marco-para-a-classe-advocaticia-seus-filhos-e-dependentes\/#primaryimage\",\"url\":\"https:\/\/www.blogsoestado.com\/danielmatos\/files\/2022\/03\/Screenshot_20220302-0829332.png\",\"contentUrl\":\"https:\/\/www.blogsoestado.com\/danielmatos\/files\/2022\/03\/Screenshot_20220302-0829332.png\"},{\"@type\":\"BreadcrumbList\",\"@id\":\"https:\/\/www.blogsoestado.com\/danielmatos\/vacinacao-contra-a-covid-oab-ma-sera-ponto-de-aplicacao-a-partir-de-marco-para-a-classe-advocaticia-seus-filhos-e-dependentes\/#breadcrumb\",\"itemListElement\":[{\"@type\":\"ListItem\",\"position\":1,\"name\":\"In\u00edcio\",\"item\":\"https:\/\/www.blogsoestado.com\/danielmatos\/\"},{\"@type\":\"ListItem\",\"position\":2,\"name\":\"Vacina\u00e7\u00e3o contra a COVID: OAB\/MA ser\u00e1 ponto de aplica\u00e7\u00e3o a partir de mar\u00e7o para a classe advocat\u00edcia, seus filhos e dependentes\"}]},{\"@type\":\"WebSite\",\"@id\":\"https:\/\/www.blogsoestado.com\/danielmatos\/#website\",\"url\":\"https:\/\/www.blogsoestado.com\/danielmatos\/\",\"name\":\"Daniel Matos\",\"description\":\"\",\"potentialAction\":[{\"@type\":\"SearchAction\",\"target\":{\"@type\":\"EntryPoint\",\"urlTemplate\":\"https:\/\/www.blogsoestado.com\/danielmatos\/?s={search_term_string}\"},\"query-input\":{\"@type\":\"PropertyValueSpecification\",\"valueRequired\":true,\"valueName\":\"search_term_string\"}}],\"inLanguage\":\"pt-BR\"}]}<\/script>\n<!-- \/ Yoast SEO plugin. -->","yoast_head_json":{"title":"Vacina\u00e7\u00e3o contra a COVID: OAB\/MA ser\u00e1 ponto de aplica\u00e7\u00e3o a partir de mar\u00e7o para a classe advocat\u00edcia, seus filhos e dependentes - Daniel Matos","robots":{"index":"index","follow":"follow","max-snippet":"max-snippet:-1","max-image-preview":"max-image-preview:large","max-video-preview":"max-video-preview:-1"},"canonical":"https:\/\/www.blogsoestado.com\/danielmatos\/vacinacao-contra-a-covid-oab-ma-sera-ponto-de-aplicacao-a-partir-de-marco-para-a-classe-advocaticia-seus-filhos-e-dependentes\/","og_locale":"pt_BR","og_type":"article","og_title":"Vacina\u00e7\u00e3o contra a COVID: OAB\/MA ser\u00e1 ponto de aplica\u00e7\u00e3o a partir de mar\u00e7o para a classe advocat\u00edcia, seus filhos e dependentes - Daniel Matos","og_description":"Uma reuni\u00e3o entre o secret\u00e1rio Carlos Lula, da Secretaria de Estado da Sa\u00fade (SES), os presidentes Ivaldo Praddo, da Caixa [&hellip;]","og_url":"https:\/\/www.blogsoestado.com\/danielmatos\/vacinacao-contra-a-covid-oab-ma-sera-ponto-de-aplicacao-a-partir-de-marco-para-a-classe-advocaticia-seus-filhos-e-dependentes\/","og_site_name":"Daniel Matos","article_published_time":"2022-03-02T11:34:11+00:00","og_image":[{"url":"https:\/\/www.blogsoestado.com\/danielmatos\/files\/2022\/03\/Screenshot_20220302-0829332.png","type":"","width":"","height":""}],"twitter_card":"summary_large_image","twitter_misc":{"Est. tempo de leitura":"2 minutos"},"schema":{"@context":"https:\/\/schema.org","@graph":[{"@type":"WebPage","@id":"https:\/\/www.blogsoestado.com\/danielmatos\/vacinacao-contra-a-covid-oab-ma-sera-ponto-de-aplicacao-a-partir-de-marco-para-a-classe-advocaticia-seus-filhos-e-dependentes\/","url":"https:\/\/www.blogsoestado.com\/danielmatos\/vacinacao-contra-a-covid-oab-ma-sera-ponto-de-aplicacao-a-partir-de-marco-para-a-classe-advocaticia-seus-filhos-e-dependentes\/","name":"Vacina\u00e7\u00e3o contra a COVID: OAB\/MA ser\u00e1 ponto de aplica\u00e7\u00e3o a partir de mar\u00e7o para a classe advocat\u00edcia, seus filhos e dependentes - Daniel Matos","isPartOf":{"@id":"https:\/\/www.blogsoestado.com\/danielmatos\/#website"},"primaryImageOfPage":{"@id":"https:\/\/www.blogsoestado.com\/danielmatos\/vacinacao-contra-a-covid-oab-ma-sera-ponto-de-aplicacao-a-partir-de-marco-para-a-classe-advocaticia-seus-filhos-e-dependentes\/#primaryimage"},"image":{"@id":"https:\/\/www.blogsoestado.com\/danielmatos\/vacinacao-contra-a-covid-oab-ma-sera-ponto-de-aplicacao-a-partir-de-marco-para-a-classe-advocaticia-seus-filhos-e-dependentes\/#primaryimage"},"thumbnailUrl":"https:\/\/www.blogsoestado.com\/danielmatos\/files\/2022\/03\/Screenshot_20220302-0829332.png","datePublished":"2022-03-02T11:34:11+00:00","author":{"@id":""},"breadcrumb":{"@id":"https:\/\/www.blogsoestado.com\/danielmatos\/vacinacao-contra-a-covid-oab-ma-sera-ponto-de-aplicacao-a-partir-de-marco-para-a-classe-advocaticia-seus-filhos-e-dependentes\/#breadcrumb"},"inLanguage":"pt-BR","potentialAction":[{"@type":"ReadAction","target":["https:\/\/www.blogsoestado.com\/danielmatos\/vacinacao-contra-a-covid-oab-ma-sera-ponto-de-aplicacao-a-partir-de-marco-para-a-classe-advocaticia-seus-filhos-e-dependentes\/"]}]},{"@type":"ImageObject","inLanguage":"pt-BR","@id":"https:\/\/www.blogsoestado.com\/danielmatos\/vacinacao-contra-a-covid-oab-ma-sera-ponto-de-aplicacao-a-partir-de-marco-para-a-classe-advocaticia-seus-filhos-e-dependentes\/#primaryimage","url":"https:\/\/www.blogsoestado.com\/danielmatos\/files\/2022\/03\/Screenshot_20220302-0829332.png","contentUrl":"https:\/\/www.blogsoestado.com\/danielmatos\/files\/2022\/03\/Screenshot_20220302-0829332.png"},{"@type":"BreadcrumbList","@id":"https:\/\/www.blogsoestado.com\/danielmatos\/vacinacao-contra-a-covid-oab-ma-sera-ponto-de-aplicacao-a-partir-de-marco-para-a-classe-advocaticia-seus-filhos-e-dependentes\/#breadcrumb","itemListElement":[{"@type":"ListItem","position":1,"name":"In\u00edcio","item":"https:\/\/www.blogsoestado.com\/danielmatos\/"},{"@type":"ListItem","position":2,"name":"Vacina\u00e7\u00e3o contra a COVID: OAB\/MA ser\u00e1 ponto de aplica\u00e7\u00e3o a partir de mar\u00e7o para a classe advocat\u00edcia, seus filhos e dependentes"}]},{"@type":"WebSite","@id":"https:\/\/www.blogsoestado.com\/danielmatos\/#website","url":"https:\/\/www.blogsoestado.com\/danielmatos\/","name":"Daniel Matos","description":"","potentialAction":[{"@type":"SearchAction","target":{"@type":"EntryPoint","urlTemplate":"https:\/\/www.blogsoestado.com\/danielmatos\/?s={search_term_string}"},"query-input":{"@type":"PropertyValueSpecification","valueRequired":true,"valueName":"search_term_string"}}],"inLanguage":"pt-BR"}]}},"jetpack_featured_media_url":"","_links":{"self":[{"href":"https:\/\/www.blogsoestado.com\/danielmatos\/wp-json\/wp\/v2\/posts\/94739","targetHints":{"allow":["GET"]}}],"collection":[{"href":"https:\/\/www.blogsoestado.com\/danielmatos\/wp-json\/wp\/v2\/posts"}],"about":[{"href":"https:\/\/www.blogsoestado.com\/danielmatos\/wp-json\/wp\/v2\/types\/post"}],"replies":[{"embeddable":true,"href":"https:\/\/www.blogsoestado.com\/danielmatos\/wp-json\/wp\/v2\/comments?post=94739"}],"version-history":[{"count":0,"href":"https:\/\/www.blogsoestado.com\/danielmatos\/wp-json\/wp\/v2\/posts\/94739\/revisions"}],"wp:attachment":[{"href":"https:\/\/www.blogsoestado.com\/danielmatos\/wp-json\/wp\/v2\/media?parent=94739"}],"wp:term":[{"taxonomy":"category","embeddable":true,"href":"https:\/\/www.blogsoestado.com\/danielmatos\/wp-json\/wp\/v2\/categories?post=94739"},{"taxonomy":"post_tag","embeddable":true,"href":"https:\/\/www.blogsoestado.com\/danielmatos\/wp-json\/wp\/v2\/tags?post=94739"}],"curies":[{"name":"wp","href":"https:\/\/api.w.org\/{rel}","templated":true}]}}