{"id":94765,"date":"2022-03-05T07:13:41","date_gmt":"2022-03-05T10:13:41","guid":{"rendered":"https:\/\/www.blogsoestado.com\/danielmatos\/?p=94765"},"modified":"2022-03-05T07:13:41","modified_gmt":"2022-03-05T10:13:41","slug":"governo-do-maranhao-pede-e-stf-congela-salarios-de-engenheiros-arquitetos-agronomos-e-veterinarios-do-estado","status":"publish","type":"post","link":"https:\/\/www.blogsoestado.com\/danielmatos\/governo-do-maranhao-pede-e-stf-congela-salarios-de-engenheiros-arquitetos-agronomos-e-veterinarios-do-estado\/","title":{"rendered":"Governo do Maranh\u00e3o pede e STF congela sal\u00e1rios de engenheiros, arquitetos, agr\u00f4nomos e veterin\u00e1rios do Estado"},"content":{"rendered":"\n<p><strong><span class=\"has-inline-color has-vivid-red-color\">O governador do Maranh\u00e3o alegou no Supremo que precisa preservar o padr\u00e3o remunerat\u00f3rio definido por lei sem ofender a cl\u00e1usula constitucional que veda a indexa\u00e7\u00e3o de pre\u00e7os ao sal\u00e1rio m\u00ednimo<\/span><\/strong><\/p>\n\n\n\n<div class=\"wp-block-image\"><figure class=\"aligncenter size-large\"><a href=\"https:\/\/www.blogsoestado.com\/danielmatos\/files\/2022\/03\/Screenshot_20220305-0711182.png\"><img decoding=\"async\" src=\"https:\/\/www.blogsoestado.com\/danielmatos\/files\/2022\/03\/Screenshot_20220305-0711182.png\" alt=\"\" class=\"wp-image-94824\"\/><\/a><figcaption>Plen\u00e1rio do Supremo Tribunal Federal (STF), em Bras\u00edlia, tomou a decis\u00e3o<\/figcaption><\/figure><\/div>\n\n\n\n<p>O Supremo Tribunal Federal (STF) determinou o congelamento da base de c\u00e1lculo do piso salarial dos profissionais de engenharia, qu\u00edmica, arquitetura, agronomia e veterin\u00e1ria a partir da data da publica\u00e7\u00e3o da ata de julgamento das Argui\u00e7\u00f5es de Descumprimento de Preceito Fundamental (ADPFs) 53, 149 e 171. As a\u00e7\u00f5es, ajuizadas, respectivamente, pelos governos do Piau\u00ed, do Par\u00e1, e do <strong>Maranh\u00e3o<\/strong>, foram julgadas parcialmente procedentes na sess\u00e3o virtual encerrada em 18\/2.<\/p>\n\n\n\n<p>Entre outros pontos, os estados questionavam decis\u00f5es judiciais que t\u00eam conferido aplica\u00e7\u00e3o \u00e0 norma do artigo 5\u00ba da Lei 4.950-A\/1966, que fixa em seis sal\u00e1rios m\u00ednimos o piso salarial desses profissionais. Alegavam que essa regra n\u00e3o teria sido recepcionada pela Constitui\u00e7\u00e3o Federal de 1988, diante da expressa veda\u00e7\u00e3o constitucional \u00e0 vincula\u00e7\u00e3o do piso salarial m\u00ednimo vigente para qualquer finalidade (artigo 7\u00ba, inciso IV).<\/p>\n\n\n\n<p><strong>Inviabiliza\u00e7\u00e3o de reajustes autom\u00e1ticos<\/strong><\/p>\n\n\n\n<p>Em seu voto pela proced\u00eancia parcial das a\u00e7\u00f5es, a relatora, ministra Rosa Weber, afirmou que a veda\u00e7\u00e3o da vincula\u00e7\u00e3o ao sal\u00e1rio m\u00ednimo visa impedir que ele seja utilizado como fator de indexa\u00e7\u00e3o econ\u00f4mica, evitando, com isso, a espiral inflacion\u00e1ria resultante do reajuste autom\u00e1tico de verbas salariais e parcelas remunerat\u00f3rias no servi\u00e7o p\u00fablico e na atividade privada.<\/p>\n\n\n\n<p>Contudo, o STF tem entendido que o texto constitucional n\u00e3o veda a pura e simples utiliza\u00e7\u00e3o do sal\u00e1rio m\u00ednimo como mera refer\u00eancia paradigm\u00e1tica. Segundo ela, a Corte, em diversas ocasi\u00f5es, reconheceu a compatibilidade com a Constitui\u00e7\u00e3o de normas que utilizavam o sal\u00e1rio m\u00ednimo como par\u00e2metro de fixa\u00e7\u00e3o de valores, desde que respeitada a veda\u00e7\u00e3o \u00e0 indexa\u00e7\u00e3o financeira para efeito de reajustes futuros.<\/p>\n\n\n\n<p><strong>Congelamento<\/strong><\/p>\n\n\n\n<p>Ao destacar a necessidade de estabelecer um crit\u00e9rio de aplica\u00e7\u00e3o do artigo 5\u00ba da Lei 4.950-A\/1966 que, ao mesmo tempo, preserve o patamar salarial estipulado em lei e afaste a atualiza\u00e7\u00e3o autom\u00e1tica com base no sal\u00e1rio m\u00ednimo, a relatora citou precedentes (RE 565714 e ADPF 151) em que a Corte utilizou interpreta\u00e7\u00e3o conforme a Constitui\u00e7\u00e3o para determinar o congelamento do valor da base normativa de modo a desindexar o sal\u00e1rio m\u00ednimo. A ado\u00e7\u00e3o dessa t\u00e9cnica, segundo ela, preserva o padr\u00e3o remunerat\u00f3rio definido pelo legislador sem transgredir a cl\u00e1usula constitucional que veda a indexa\u00e7\u00e3o.<\/p>\n\n\n\n<p>Por isso, prop\u00f4s o congelamento do valor, devendo o c\u00e1lculo ser feito com base no sal\u00e1rio m\u00ednimo vigente na data do tr\u00e2nsito em julgado da decis\u00e3o. Apenas nesse ponto a relatora ficou vencida, junto com a ministra C\u00e1rmen L\u00facia e os ministros Alexandre de Moraes e Ricardo Lewandowski. Prevaleceu a proposta do ministro Lu\u00eds Roberto Barroso, que fixou como refer\u00eancia a data da publica\u00e7\u00e3o da ata do julgamento.<\/p>\n\n\n\n<p><strong>Estatut\u00e1rios<\/strong><\/p>\n\n\n\n<p>O Plen\u00e1rio rejeitou a an\u00e1lise das a\u00e7\u00f5es em rela\u00e7\u00e3o aos servidores p\u00fablicos dessas categorias sujeitos ao regime estatut\u00e1rio, pois o STF j\u00e1 declarou a inconstitucionalidade da aplica\u00e7\u00e3o do dispositivo legal em rela\u00e7\u00e3o a eles. Foi rejeitada tamb\u00e9m a desconstitui\u00e7\u00e3o das decis\u00f5es definitivas da Justi\u00e7a Estadual e da Justi\u00e7a do Trabalho, uma vez que a jurisprud\u00eancia do STF considera incab\u00edvel a utiliza\u00e7\u00e3o da ADPF como suced\u00e2neo da a\u00e7\u00e3o rescis\u00f3ria.<\/p>\n","protected":false},"excerpt":{"rendered":"<p>O governador do Maranh\u00e3o alegou no Supremo que precisa preservar o padr\u00e3o remunerat\u00f3rio definido por lei sem ofender a cl\u00e1usula [&hellip;]<\/p>\n","protected":false},"author":0,"featured_media":0,"comment_status":"open","ping_status":"open","sticky":false,"template":"","format":"standard","meta":{"site-sidebar-layout":"default","site-content-layout":"","ast-site-content-layout":"default","site-content-style":"default","site-sidebar-style":"default","ast-global-header-display":"","ast-banner-title-visibility":"","ast-main-header-display":"","ast-hfb-above-header-display":"","ast-hfb-below-header-display":"","ast-hfb-mobile-header-display":"","site-post-title":"","ast-breadcrumbs-content":"","ast-featured-img":"","footer-sml-layout":"","ast-disable-related-posts":"","theme-transparent-header-meta":"","adv-header-id-meta":"","stick-header-meta":"","header-above-stick-meta":"","header-main-stick-meta":"","header-below-stick-meta":"","astra-migrate-meta-layouts":"default","ast-page-background-enabled":"default","ast-page-background-meta":{"desktop":{"background-color":"var(--ast-global-color-5)","background-image":"","background-repeat":"repeat","background-position":"center center","background-size":"auto","background-attachment":"scroll","background-type":"","background-media":"","overlay-type":"","overlay-color":"","overlay-opacity":"","overlay-gradient":""},"tablet":{"background-color":"","background-image":"","background-repeat":"repeat","background-position":"center center","background-size":"auto","background-attachment":"scroll","background-type":"","background-media":"","overlay-type":"","overlay-color":"","overlay-opacity":"","overlay-gradient":""},"mobile":{"background-color":"","background-image":"","background-repeat":"repeat","background-position":"center center","background-size":"auto","background-attachment":"scroll","background-type":"","background-media":"","overlay-type":"","overlay-color":"","overlay-opacity":"","overlay-gradient":""}},"ast-content-background-meta":{"desktop":{"background-color":"var(--ast-global-color-4)","background-image":"","background-repeat":"repeat","background-position":"center center","background-size":"auto","background-attachment":"scroll","background-type":"","background-media":"","overlay-type":"","overlay-color":"","overlay-opacity":"","overlay-gradient":""},"tablet":{"background-color":"var(--ast-global-color-4)","background-image":"","background-repeat":"repeat","background-position":"center center","background-size":"auto","background-attachment":"scroll","background-type":"","background-media":"","overlay-type":"","overlay-color":"","overlay-opacity":"","overlay-gradient":""},"mobile":{"background-color":"var(--ast-global-color-4)","background-image":"","background-repeat":"repeat","background-position":"center center","background-size":"auto","background-attachment":"scroll","background-type":"","background-media":"","overlay-type":"","overlay-color":"","overlay-opacity":"","overlay-gradient":""}},"footnotes":""},"categories":[1],"tags":[],"class_list":["post-94765","post","type-post","status-publish","format-standard","hentry","category-sem-categoria"],"yoast_head":"<!-- This site is optimized with the Yoast SEO plugin v26.6 - https:\/\/yoast.com\/wordpress\/plugins\/seo\/ -->\n<title>Governo do Maranh\u00e3o pede e STF congela sal\u00e1rios de engenheiros, arquitetos, agr\u00f4nomos e veterin\u00e1rios do Estado - Daniel Matos<\/title>\n<meta name=\"robots\" content=\"index, follow, max-snippet:-1, max-image-preview:large, max-video-preview:-1\" \/>\n<link rel=\"canonical\" href=\"https:\/\/www.blogsoestado.com\/danielmatos\/governo-do-maranhao-pede-e-stf-congela-salarios-de-engenheiros-arquitetos-agronomos-e-veterinarios-do-estado\/\" \/>\n<meta property=\"og:locale\" content=\"pt_BR\" \/>\n<meta property=\"og:type\" content=\"article\" \/>\n<meta property=\"og:title\" content=\"Governo do Maranh\u00e3o pede e STF congela sal\u00e1rios de engenheiros, arquitetos, agr\u00f4nomos e veterin\u00e1rios do Estado - Daniel Matos\" \/>\n<meta property=\"og:description\" content=\"O governador do Maranh\u00e3o alegou no Supremo que precisa preservar o padr\u00e3o remunerat\u00f3rio definido por lei sem ofender a cl\u00e1usula [&hellip;]\" \/>\n<meta property=\"og:url\" content=\"https:\/\/www.blogsoestado.com\/danielmatos\/governo-do-maranhao-pede-e-stf-congela-salarios-de-engenheiros-arquitetos-agronomos-e-veterinarios-do-estado\/\" \/>\n<meta property=\"og:site_name\" content=\"Daniel Matos\" \/>\n<meta property=\"article:published_time\" content=\"2022-03-05T10:13:41+00:00\" \/>\n<meta property=\"og:image\" content=\"https:\/\/www.blogsoestado.com\/danielmatos\/files\/2022\/03\/Screenshot_20220305-0711182.png\" \/>\n<meta name=\"twitter:card\" content=\"summary_large_image\" \/>\n<meta name=\"twitter:label1\" content=\"Est. tempo de leitura\" \/>\n\t<meta name=\"twitter:data1\" content=\"3 minutos\" \/>\n<script type=\"application\/ld+json\" class=\"yoast-schema-graph\">{\"@context\":\"https:\/\/schema.org\",\"@graph\":[{\"@type\":\"WebPage\",\"@id\":\"https:\/\/www.blogsoestado.com\/danielmatos\/governo-do-maranhao-pede-e-stf-congela-salarios-de-engenheiros-arquitetos-agronomos-e-veterinarios-do-estado\/\",\"url\":\"https:\/\/www.blogsoestado.com\/danielmatos\/governo-do-maranhao-pede-e-stf-congela-salarios-de-engenheiros-arquitetos-agronomos-e-veterinarios-do-estado\/\",\"name\":\"Governo do Maranh\u00e3o pede e STF congela sal\u00e1rios de engenheiros, arquitetos, agr\u00f4nomos e veterin\u00e1rios do Estado - Daniel Matos\",\"isPartOf\":{\"@id\":\"https:\/\/www.blogsoestado.com\/danielmatos\/#website\"},\"primaryImageOfPage\":{\"@id\":\"https:\/\/www.blogsoestado.com\/danielmatos\/governo-do-maranhao-pede-e-stf-congela-salarios-de-engenheiros-arquitetos-agronomos-e-veterinarios-do-estado\/#primaryimage\"},\"image\":{\"@id\":\"https:\/\/www.blogsoestado.com\/danielmatos\/governo-do-maranhao-pede-e-stf-congela-salarios-de-engenheiros-arquitetos-agronomos-e-veterinarios-do-estado\/#primaryimage\"},\"thumbnailUrl\":\"https:\/\/www.blogsoestado.com\/danielmatos\/files\/2022\/03\/Screenshot_20220305-0711182.png\",\"datePublished\":\"2022-03-05T10:13:41+00:00\",\"author\":{\"@id\":\"\"},\"breadcrumb\":{\"@id\":\"https:\/\/www.blogsoestado.com\/danielmatos\/governo-do-maranhao-pede-e-stf-congela-salarios-de-engenheiros-arquitetos-agronomos-e-veterinarios-do-estado\/#breadcrumb\"},\"inLanguage\":\"pt-BR\",\"potentialAction\":[{\"@type\":\"ReadAction\",\"target\":[\"https:\/\/www.blogsoestado.com\/danielmatos\/governo-do-maranhao-pede-e-stf-congela-salarios-de-engenheiros-arquitetos-agronomos-e-veterinarios-do-estado\/\"]}]},{\"@type\":\"ImageObject\",\"inLanguage\":\"pt-BR\",\"@id\":\"https:\/\/www.blogsoestado.com\/danielmatos\/governo-do-maranhao-pede-e-stf-congela-salarios-de-engenheiros-arquitetos-agronomos-e-veterinarios-do-estado\/#primaryimage\",\"url\":\"https:\/\/www.blogsoestado.com\/danielmatos\/files\/2022\/03\/Screenshot_20220305-0711182.png\",\"contentUrl\":\"https:\/\/www.blogsoestado.com\/danielmatos\/files\/2022\/03\/Screenshot_20220305-0711182.png\"},{\"@type\":\"BreadcrumbList\",\"@id\":\"https:\/\/www.blogsoestado.com\/danielmatos\/governo-do-maranhao-pede-e-stf-congela-salarios-de-engenheiros-arquitetos-agronomos-e-veterinarios-do-estado\/#breadcrumb\",\"itemListElement\":[{\"@type\":\"ListItem\",\"position\":1,\"name\":\"In\u00edcio\",\"item\":\"https:\/\/www.blogsoestado.com\/danielmatos\/\"},{\"@type\":\"ListItem\",\"position\":2,\"name\":\"Governo do Maranh\u00e3o pede e STF congela sal\u00e1rios de engenheiros, arquitetos, agr\u00f4nomos e veterin\u00e1rios do Estado\"}]},{\"@type\":\"WebSite\",\"@id\":\"https:\/\/www.blogsoestado.com\/danielmatos\/#website\",\"url\":\"https:\/\/www.blogsoestado.com\/danielmatos\/\",\"name\":\"Daniel Matos\",\"description\":\"\",\"potentialAction\":[{\"@type\":\"SearchAction\",\"target\":{\"@type\":\"EntryPoint\",\"urlTemplate\":\"https:\/\/www.blogsoestado.com\/danielmatos\/?s={search_term_string}\"},\"query-input\":{\"@type\":\"PropertyValueSpecification\",\"valueRequired\":true,\"valueName\":\"search_term_string\"}}],\"inLanguage\":\"pt-BR\"}]}<\/script>\n<!-- \/ Yoast SEO plugin. -->","yoast_head_json":{"title":"Governo do Maranh\u00e3o pede e STF congela sal\u00e1rios de engenheiros, arquitetos, agr\u00f4nomos e veterin\u00e1rios do Estado - Daniel Matos","robots":{"index":"index","follow":"follow","max-snippet":"max-snippet:-1","max-image-preview":"max-image-preview:large","max-video-preview":"max-video-preview:-1"},"canonical":"https:\/\/www.blogsoestado.com\/danielmatos\/governo-do-maranhao-pede-e-stf-congela-salarios-de-engenheiros-arquitetos-agronomos-e-veterinarios-do-estado\/","og_locale":"pt_BR","og_type":"article","og_title":"Governo do Maranh\u00e3o pede e STF congela sal\u00e1rios de engenheiros, arquitetos, agr\u00f4nomos e veterin\u00e1rios do Estado - Daniel Matos","og_description":"O governador do Maranh\u00e3o alegou no Supremo que precisa preservar o padr\u00e3o remunerat\u00f3rio definido por lei sem ofender a cl\u00e1usula [&hellip;]","og_url":"https:\/\/www.blogsoestado.com\/danielmatos\/governo-do-maranhao-pede-e-stf-congela-salarios-de-engenheiros-arquitetos-agronomos-e-veterinarios-do-estado\/","og_site_name":"Daniel Matos","article_published_time":"2022-03-05T10:13:41+00:00","og_image":[{"url":"https:\/\/www.blogsoestado.com\/danielmatos\/files\/2022\/03\/Screenshot_20220305-0711182.png","type":"","width":"","height":""}],"twitter_card":"summary_large_image","twitter_misc":{"Est. tempo de leitura":"3 minutos"},"schema":{"@context":"https:\/\/schema.org","@graph":[{"@type":"WebPage","@id":"https:\/\/www.blogsoestado.com\/danielmatos\/governo-do-maranhao-pede-e-stf-congela-salarios-de-engenheiros-arquitetos-agronomos-e-veterinarios-do-estado\/","url":"https:\/\/www.blogsoestado.com\/danielmatos\/governo-do-maranhao-pede-e-stf-congela-salarios-de-engenheiros-arquitetos-agronomos-e-veterinarios-do-estado\/","name":"Governo do Maranh\u00e3o pede e STF congela sal\u00e1rios de engenheiros, arquitetos, agr\u00f4nomos e veterin\u00e1rios do Estado - Daniel Matos","isPartOf":{"@id":"https:\/\/www.blogsoestado.com\/danielmatos\/#website"},"primaryImageOfPage":{"@id":"https:\/\/www.blogsoestado.com\/danielmatos\/governo-do-maranhao-pede-e-stf-congela-salarios-de-engenheiros-arquitetos-agronomos-e-veterinarios-do-estado\/#primaryimage"},"image":{"@id":"https:\/\/www.blogsoestado.com\/danielmatos\/governo-do-maranhao-pede-e-stf-congela-salarios-de-engenheiros-arquitetos-agronomos-e-veterinarios-do-estado\/#primaryimage"},"thumbnailUrl":"https:\/\/www.blogsoestado.com\/danielmatos\/files\/2022\/03\/Screenshot_20220305-0711182.png","datePublished":"2022-03-05T10:13:41+00:00","author":{"@id":""},"breadcrumb":{"@id":"https:\/\/www.blogsoestado.com\/danielmatos\/governo-do-maranhao-pede-e-stf-congela-salarios-de-engenheiros-arquitetos-agronomos-e-veterinarios-do-estado\/#breadcrumb"},"inLanguage":"pt-BR","potentialAction":[{"@type":"ReadAction","target":["https:\/\/www.blogsoestado.com\/danielmatos\/governo-do-maranhao-pede-e-stf-congela-salarios-de-engenheiros-arquitetos-agronomos-e-veterinarios-do-estado\/"]}]},{"@type":"ImageObject","inLanguage":"pt-BR","@id":"https:\/\/www.blogsoestado.com\/danielmatos\/governo-do-maranhao-pede-e-stf-congela-salarios-de-engenheiros-arquitetos-agronomos-e-veterinarios-do-estado\/#primaryimage","url":"https:\/\/www.blogsoestado.com\/danielmatos\/files\/2022\/03\/Screenshot_20220305-0711182.png","contentUrl":"https:\/\/www.blogsoestado.com\/danielmatos\/files\/2022\/03\/Screenshot_20220305-0711182.png"},{"@type":"BreadcrumbList","@id":"https:\/\/www.blogsoestado.com\/danielmatos\/governo-do-maranhao-pede-e-stf-congela-salarios-de-engenheiros-arquitetos-agronomos-e-veterinarios-do-estado\/#breadcrumb","itemListElement":[{"@type":"ListItem","position":1,"name":"In\u00edcio","item":"https:\/\/www.blogsoestado.com\/danielmatos\/"},{"@type":"ListItem","position":2,"name":"Governo do Maranh\u00e3o pede e STF congela sal\u00e1rios de engenheiros, arquitetos, agr\u00f4nomos e veterin\u00e1rios do Estado"}]},{"@type":"WebSite","@id":"https:\/\/www.blogsoestado.com\/danielmatos\/#website","url":"https:\/\/www.blogsoestado.com\/danielmatos\/","name":"Daniel Matos","description":"","potentialAction":[{"@type":"SearchAction","target":{"@type":"EntryPoint","urlTemplate":"https:\/\/www.blogsoestado.com\/danielmatos\/?s={search_term_string}"},"query-input":{"@type":"PropertyValueSpecification","valueRequired":true,"valueName":"search_term_string"}}],"inLanguage":"pt-BR"}]}},"jetpack_featured_media_url":"","_links":{"self":[{"href":"https:\/\/www.blogsoestado.com\/danielmatos\/wp-json\/wp\/v2\/posts\/94765","targetHints":{"allow":["GET"]}}],"collection":[{"href":"https:\/\/www.blogsoestado.com\/danielmatos\/wp-json\/wp\/v2\/posts"}],"about":[{"href":"https:\/\/www.blogsoestado.com\/danielmatos\/wp-json\/wp\/v2\/types\/post"}],"replies":[{"embeddable":true,"href":"https:\/\/www.blogsoestado.com\/danielmatos\/wp-json\/wp\/v2\/comments?post=94765"}],"version-history":[{"count":0,"href":"https:\/\/www.blogsoestado.com\/danielmatos\/wp-json\/wp\/v2\/posts\/94765\/revisions"}],"wp:attachment":[{"href":"https:\/\/www.blogsoestado.com\/danielmatos\/wp-json\/wp\/v2\/media?parent=94765"}],"wp:term":[{"taxonomy":"category","embeddable":true,"href":"https:\/\/www.blogsoestado.com\/danielmatos\/wp-json\/wp\/v2\/categories?post=94765"},{"taxonomy":"post_tag","embeddable":true,"href":"https:\/\/www.blogsoestado.com\/danielmatos\/wp-json\/wp\/v2\/tags?post=94765"}],"curies":[{"name":"wp","href":"https:\/\/api.w.org\/{rel}","templated":true}]}}