{"id":94766,"date":"2022-03-03T09:58:37","date_gmt":"2022-03-03T12:58:37","guid":{"rendered":"https:\/\/www.blogsoestado.com\/danielmatos\/?p=94766"},"modified":"2022-03-03T09:58:37","modified_gmt":"2022-03-03T12:58:37","slug":"camara-de-sao-luis-vai-realizar-acao-de-saude-destinada-as-mulheres","status":"publish","type":"post","link":"https:\/\/www.blogsoestado.com\/danielmatos\/camara-de-sao-luis-vai-realizar-acao-de-saude-destinada-as-mulheres\/","title":{"rendered":"C\u00e2mara de S\u00e3o Lu\u00eds vai realizar a\u00e7\u00e3o de sa\u00fade destinada \u00e0s mulheres"},"content":{"rendered":"\n<p><strong><span class=\"has-inline-color has-vivid-red-color\">A atividade proposta pelo vereador Gutemberg Ara\u00fajo ser\u00e1 realizada no dia 8 de mar\u00e7o<\/span><\/strong><\/p>\n\n\n\n<div class=\"wp-block-image\"><figure class=\"aligncenter size-large\"><a href=\"https:\/\/www.blogsoestado.com\/danielmatos\/files\/2022\/03\/Screenshot_20220303-0955162.png\"><img decoding=\"async\" src=\"https:\/\/www.blogsoestado.com\/danielmatos\/files\/2022\/03\/Screenshot_20220303-0955162.png\" alt=\"\" class=\"wp-image-94767\"\/><\/a><figcaption>O vereador Gutemberg Ara\u00fajo detalhou os servi\u00e7os que ser\u00e3o oferecidos nesse dia (<strong>Foto: <\/strong>Fabr\u00edcio Cunha)<\/figcaption><\/figure><\/div>\n\n\n\n<p>A C\u00e2mara Municipal de S\u00e3o Lu\u00eds realizar\u00e1, no Dia Internacional da Mulher, 08 de mar\u00e7o, uma a\u00e7\u00e3o social de sa\u00fade voltada \u00e0s vereadoras e servidoras da Casa Legislativa. O evento foi proposto pelo vereador Gutemberg Ara\u00fajo (PSC), com o objetivo de homenagear as mulheres que atuam na C\u00e2mara.<\/p>\n\n\n\n<p>\u201c\u00c9 uma a\u00e7\u00e3o representativa em reconhecimento da import\u00e2ncia de todas as mulheres da C\u00e2mara, tanto as vereadoras quanto as servidoras, que realmente fazem esta Casa acontecer\u201d, destacou o parlamentar durante a sess\u00e3o legislativo desta quarta-feira, dia 23.<\/p>\n\n\n\n<p>S\u00e3o parceiros na realiza\u00e7\u00e3o do evento a Associa\u00e7\u00e3o M\u00e9dica do Maranh\u00e3o (AMB \u2013 Maranh\u00e3o), Federa\u00e7\u00e3o das Ind\u00fastrias do Estado do Maranh\u00e3o (FIEMA), Universidade CEUMA, Universidade Est\u00e1cio de S\u00e1 e a Secretaria Municipal de Sa\u00fade (SEMUS).<\/p>\n\n\n\n<p>\u201cNesse dia, vamos oferecer servi\u00e7os de cl\u00ednica geral, ginecologia e odontologia, distribui\u00e7\u00e3o de preservativos, teste de glicemia, aferi\u00e7\u00e3o de press\u00e3o arterial, vacinas, testes de Covid, medica\u00e7\u00e3o b\u00e1sica, orienta\u00e7\u00e3o de nutri\u00e7\u00e3o e est\u00e9tica\u201d, explicou Dr. Gutemberg.<\/p>\n","protected":false},"excerpt":{"rendered":"<p>A atividade proposta pelo vereador Gutemberg Ara\u00fajo ser\u00e1 realizada no dia 8 de mar\u00e7o A C\u00e2mara Municipal de S\u00e3o Lu\u00eds [&hellip;]<\/p>\n","protected":false},"author":0,"featured_media":0,"comment_status":"open","ping_status":"open","sticky":false,"template":"","format":"standard","meta":{"site-sidebar-layout":"default","site-content-layout":"","ast-site-content-layout":"default","site-content-style":"default","site-sidebar-style":"default","ast-global-header-display":"","ast-banner-title-visibility":"","ast-main-header-display":"","ast-hfb-above-header-display":"","ast-hfb-below-header-display":"","ast-hfb-mobile-header-display":"","site-post-title":"","ast-breadcrumbs-content":"","ast-featured-img":"","footer-sml-layout":"","ast-disable-related-posts":"","theme-transparent-header-meta":"","adv-header-id-meta":"","stick-header-meta":"","header-above-stick-meta":"","header-main-stick-meta":"","header-below-stick-meta":"","astra-migrate-meta-layouts":"default","ast-page-background-enabled":"default","ast-page-background-meta":{"desktop":{"background-color":"var(--ast-global-color-5)","background-image":"","background-repeat":"repeat","background-position":"center center","background-size":"auto","background-attachment":"scroll","background-type":"","background-media":"","overlay-type":"","overlay-color":"","overlay-opacity":"","overlay-gradient":""},"tablet":{"background-color":"","background-image":"","background-repeat":"repeat","background-position":"center center","background-size":"auto","background-attachment":"scroll","background-type":"","background-media":"","overlay-type":"","overlay-color":"","overlay-opacity":"","overlay-gradient":""},"mobile":{"background-color":"","background-image":"","background-repeat":"repeat","background-position":"center center","background-size":"auto","background-attachment":"scroll","background-type":"","background-media":"","overlay-type":"","overlay-color":"","overlay-opacity":"","overlay-gradient":""}},"ast-content-background-meta":{"desktop":{"background-color":"var(--ast-global-color-4)","background-image":"","background-repeat":"repeat","background-position":"center center","background-size":"auto","background-attachment":"scroll","background-type":"","background-media":"","overlay-type":"","overlay-color":"","overlay-opacity":"","overlay-gradient":""},"tablet":{"background-color":"var(--ast-global-color-4)","background-image":"","background-repeat":"repeat","background-position":"center center","background-size":"auto","background-attachment":"scroll","background-type":"","background-media":"","overlay-type":"","overlay-color":"","overlay-opacity":"","overlay-gradient":""},"mobile":{"background-color":"var(--ast-global-color-4)","background-image":"","background-repeat":"repeat","background-position":"center center","background-size":"auto","background-attachment":"scroll","background-type":"","background-media":"","overlay-type":"","overlay-color":"","overlay-opacity":"","overlay-gradient":""}},"footnotes":""},"categories":[1],"tags":[],"class_list":["post-94766","post","type-post","status-publish","format-standard","hentry","category-sem-categoria"],"yoast_head":"<!-- This site is optimized with the Yoast SEO plugin v26.6 - https:\/\/yoast.com\/wordpress\/plugins\/seo\/ -->\n<title>C\u00e2mara de S\u00e3o Lu\u00eds vai realizar a\u00e7\u00e3o de sa\u00fade destinada \u00e0s mulheres - Daniel Matos<\/title>\n<meta name=\"robots\" content=\"index, follow, max-snippet:-1, max-image-preview:large, max-video-preview:-1\" \/>\n<link rel=\"canonical\" href=\"https:\/\/www.blogsoestado.com\/danielmatos\/camara-de-sao-luis-vai-realizar-acao-de-saude-destinada-as-mulheres\/\" \/>\n<meta property=\"og:locale\" content=\"pt_BR\" \/>\n<meta property=\"og:type\" content=\"article\" \/>\n<meta property=\"og:title\" content=\"C\u00e2mara de S\u00e3o Lu\u00eds vai realizar a\u00e7\u00e3o de sa\u00fade destinada \u00e0s mulheres - Daniel Matos\" \/>\n<meta property=\"og:description\" content=\"A atividade proposta pelo vereador Gutemberg Ara\u00fajo ser\u00e1 realizada no dia 8 de mar\u00e7o A C\u00e2mara Municipal de S\u00e3o Lu\u00eds [&hellip;]\" \/>\n<meta property=\"og:url\" content=\"https:\/\/www.blogsoestado.com\/danielmatos\/camara-de-sao-luis-vai-realizar-acao-de-saude-destinada-as-mulheres\/\" \/>\n<meta property=\"og:site_name\" content=\"Daniel Matos\" \/>\n<meta property=\"article:published_time\" content=\"2022-03-03T12:58:37+00:00\" \/>\n<meta property=\"og:image\" content=\"https:\/\/www.blogsoestado.com\/danielmatos\/files\/2022\/03\/Screenshot_20220303-0955162.png\" \/>\n<meta name=\"twitter:card\" content=\"summary_large_image\" \/>\n<meta name=\"twitter:label1\" content=\"Est. tempo de leitura\" \/>\n\t<meta name=\"twitter:data1\" content=\"2 minutos\" \/>\n<script type=\"application\/ld+json\" class=\"yoast-schema-graph\">{\"@context\":\"https:\/\/schema.org\",\"@graph\":[{\"@type\":\"WebPage\",\"@id\":\"https:\/\/www.blogsoestado.com\/danielmatos\/camara-de-sao-luis-vai-realizar-acao-de-saude-destinada-as-mulheres\/\",\"url\":\"https:\/\/www.blogsoestado.com\/danielmatos\/camara-de-sao-luis-vai-realizar-acao-de-saude-destinada-as-mulheres\/\",\"name\":\"C\u00e2mara de S\u00e3o Lu\u00eds vai realizar a\u00e7\u00e3o de sa\u00fade destinada \u00e0s mulheres - Daniel Matos\",\"isPartOf\":{\"@id\":\"https:\/\/www.blogsoestado.com\/danielmatos\/#website\"},\"primaryImageOfPage\":{\"@id\":\"https:\/\/www.blogsoestado.com\/danielmatos\/camara-de-sao-luis-vai-realizar-acao-de-saude-destinada-as-mulheres\/#primaryimage\"},\"image\":{\"@id\":\"https:\/\/www.blogsoestado.com\/danielmatos\/camara-de-sao-luis-vai-realizar-acao-de-saude-destinada-as-mulheres\/#primaryimage\"},\"thumbnailUrl\":\"https:\/\/www.blogsoestado.com\/danielmatos\/files\/2022\/03\/Screenshot_20220303-0955162.png\",\"datePublished\":\"2022-03-03T12:58:37+00:00\",\"author\":{\"@id\":\"\"},\"breadcrumb\":{\"@id\":\"https:\/\/www.blogsoestado.com\/danielmatos\/camara-de-sao-luis-vai-realizar-acao-de-saude-destinada-as-mulheres\/#breadcrumb\"},\"inLanguage\":\"pt-BR\",\"potentialAction\":[{\"@type\":\"ReadAction\",\"target\":[\"https:\/\/www.blogsoestado.com\/danielmatos\/camara-de-sao-luis-vai-realizar-acao-de-saude-destinada-as-mulheres\/\"]}]},{\"@type\":\"ImageObject\",\"inLanguage\":\"pt-BR\",\"@id\":\"https:\/\/www.blogsoestado.com\/danielmatos\/camara-de-sao-luis-vai-realizar-acao-de-saude-destinada-as-mulheres\/#primaryimage\",\"url\":\"https:\/\/www.blogsoestado.com\/danielmatos\/files\/2022\/03\/Screenshot_20220303-0955162.png\",\"contentUrl\":\"https:\/\/www.blogsoestado.com\/danielmatos\/files\/2022\/03\/Screenshot_20220303-0955162.png\"},{\"@type\":\"BreadcrumbList\",\"@id\":\"https:\/\/www.blogsoestado.com\/danielmatos\/camara-de-sao-luis-vai-realizar-acao-de-saude-destinada-as-mulheres\/#breadcrumb\",\"itemListElement\":[{\"@type\":\"ListItem\",\"position\":1,\"name\":\"In\u00edcio\",\"item\":\"https:\/\/www.blogsoestado.com\/danielmatos\/\"},{\"@type\":\"ListItem\",\"position\":2,\"name\":\"C\u00e2mara de S\u00e3o Lu\u00eds vai realizar a\u00e7\u00e3o de sa\u00fade destinada \u00e0s mulheres\"}]},{\"@type\":\"WebSite\",\"@id\":\"https:\/\/www.blogsoestado.com\/danielmatos\/#website\",\"url\":\"https:\/\/www.blogsoestado.com\/danielmatos\/\",\"name\":\"Daniel Matos\",\"description\":\"\",\"potentialAction\":[{\"@type\":\"SearchAction\",\"target\":{\"@type\":\"EntryPoint\",\"urlTemplate\":\"https:\/\/www.blogsoestado.com\/danielmatos\/?s={search_term_string}\"},\"query-input\":{\"@type\":\"PropertyValueSpecification\",\"valueRequired\":true,\"valueName\":\"search_term_string\"}}],\"inLanguage\":\"pt-BR\"}]}<\/script>\n<!-- \/ Yoast SEO plugin. -->","yoast_head_json":{"title":"C\u00e2mara de S\u00e3o Lu\u00eds vai realizar a\u00e7\u00e3o de sa\u00fade destinada \u00e0s mulheres - Daniel Matos","robots":{"index":"index","follow":"follow","max-snippet":"max-snippet:-1","max-image-preview":"max-image-preview:large","max-video-preview":"max-video-preview:-1"},"canonical":"https:\/\/www.blogsoestado.com\/danielmatos\/camara-de-sao-luis-vai-realizar-acao-de-saude-destinada-as-mulheres\/","og_locale":"pt_BR","og_type":"article","og_title":"C\u00e2mara de S\u00e3o Lu\u00eds vai realizar a\u00e7\u00e3o de sa\u00fade destinada \u00e0s mulheres - Daniel Matos","og_description":"A atividade proposta pelo vereador Gutemberg Ara\u00fajo ser\u00e1 realizada no dia 8 de mar\u00e7o A C\u00e2mara Municipal de S\u00e3o Lu\u00eds [&hellip;]","og_url":"https:\/\/www.blogsoestado.com\/danielmatos\/camara-de-sao-luis-vai-realizar-acao-de-saude-destinada-as-mulheres\/","og_site_name":"Daniel Matos","article_published_time":"2022-03-03T12:58:37+00:00","og_image":[{"url":"https:\/\/www.blogsoestado.com\/danielmatos\/files\/2022\/03\/Screenshot_20220303-0955162.png","type":"","width":"","height":""}],"twitter_card":"summary_large_image","twitter_misc":{"Est. tempo de leitura":"2 minutos"},"schema":{"@context":"https:\/\/schema.org","@graph":[{"@type":"WebPage","@id":"https:\/\/www.blogsoestado.com\/danielmatos\/camara-de-sao-luis-vai-realizar-acao-de-saude-destinada-as-mulheres\/","url":"https:\/\/www.blogsoestado.com\/danielmatos\/camara-de-sao-luis-vai-realizar-acao-de-saude-destinada-as-mulheres\/","name":"C\u00e2mara de S\u00e3o Lu\u00eds vai realizar a\u00e7\u00e3o de sa\u00fade destinada \u00e0s mulheres - Daniel Matos","isPartOf":{"@id":"https:\/\/www.blogsoestado.com\/danielmatos\/#website"},"primaryImageOfPage":{"@id":"https:\/\/www.blogsoestado.com\/danielmatos\/camara-de-sao-luis-vai-realizar-acao-de-saude-destinada-as-mulheres\/#primaryimage"},"image":{"@id":"https:\/\/www.blogsoestado.com\/danielmatos\/camara-de-sao-luis-vai-realizar-acao-de-saude-destinada-as-mulheres\/#primaryimage"},"thumbnailUrl":"https:\/\/www.blogsoestado.com\/danielmatos\/files\/2022\/03\/Screenshot_20220303-0955162.png","datePublished":"2022-03-03T12:58:37+00:00","author":{"@id":""},"breadcrumb":{"@id":"https:\/\/www.blogsoestado.com\/danielmatos\/camara-de-sao-luis-vai-realizar-acao-de-saude-destinada-as-mulheres\/#breadcrumb"},"inLanguage":"pt-BR","potentialAction":[{"@type":"ReadAction","target":["https:\/\/www.blogsoestado.com\/danielmatos\/camara-de-sao-luis-vai-realizar-acao-de-saude-destinada-as-mulheres\/"]}]},{"@type":"ImageObject","inLanguage":"pt-BR","@id":"https:\/\/www.blogsoestado.com\/danielmatos\/camara-de-sao-luis-vai-realizar-acao-de-saude-destinada-as-mulheres\/#primaryimage","url":"https:\/\/www.blogsoestado.com\/danielmatos\/files\/2022\/03\/Screenshot_20220303-0955162.png","contentUrl":"https:\/\/www.blogsoestado.com\/danielmatos\/files\/2022\/03\/Screenshot_20220303-0955162.png"},{"@type":"BreadcrumbList","@id":"https:\/\/www.blogsoestado.com\/danielmatos\/camara-de-sao-luis-vai-realizar-acao-de-saude-destinada-as-mulheres\/#breadcrumb","itemListElement":[{"@type":"ListItem","position":1,"name":"In\u00edcio","item":"https:\/\/www.blogsoestado.com\/danielmatos\/"},{"@type":"ListItem","position":2,"name":"C\u00e2mara de S\u00e3o Lu\u00eds vai realizar a\u00e7\u00e3o de sa\u00fade destinada \u00e0s mulheres"}]},{"@type":"WebSite","@id":"https:\/\/www.blogsoestado.com\/danielmatos\/#website","url":"https:\/\/www.blogsoestado.com\/danielmatos\/","name":"Daniel Matos","description":"","potentialAction":[{"@type":"SearchAction","target":{"@type":"EntryPoint","urlTemplate":"https:\/\/www.blogsoestado.com\/danielmatos\/?s={search_term_string}"},"query-input":{"@type":"PropertyValueSpecification","valueRequired":true,"valueName":"search_term_string"}}],"inLanguage":"pt-BR"}]}},"jetpack_featured_media_url":"","_links":{"self":[{"href":"https:\/\/www.blogsoestado.com\/danielmatos\/wp-json\/wp\/v2\/posts\/94766","targetHints":{"allow":["GET"]}}],"collection":[{"href":"https:\/\/www.blogsoestado.com\/danielmatos\/wp-json\/wp\/v2\/posts"}],"about":[{"href":"https:\/\/www.blogsoestado.com\/danielmatos\/wp-json\/wp\/v2\/types\/post"}],"replies":[{"embeddable":true,"href":"https:\/\/www.blogsoestado.com\/danielmatos\/wp-json\/wp\/v2\/comments?post=94766"}],"version-history":[{"count":0,"href":"https:\/\/www.blogsoestado.com\/danielmatos\/wp-json\/wp\/v2\/posts\/94766\/revisions"}],"wp:attachment":[{"href":"https:\/\/www.blogsoestado.com\/danielmatos\/wp-json\/wp\/v2\/media?parent=94766"}],"wp:term":[{"taxonomy":"category","embeddable":true,"href":"https:\/\/www.blogsoestado.com\/danielmatos\/wp-json\/wp\/v2\/categories?post=94766"},{"taxonomy":"post_tag","embeddable":true,"href":"https:\/\/www.blogsoestado.com\/danielmatos\/wp-json\/wp\/v2\/tags?post=94766"}],"curies":[{"name":"wp","href":"https:\/\/api.w.org\/{rel}","templated":true}]}}