{"id":94769,"date":"2022-03-03T10:58:20","date_gmt":"2022-03-03T13:58:20","guid":{"rendered":"https:\/\/www.blogsoestado.com\/danielmatos\/?p=94769"},"modified":"2022-03-03T10:58:20","modified_gmt":"2022-03-03T13:58:20","slug":"prf-registra-aumento-de-acidentes-com-mortos-e-feridos-nos-6-dias-da-operacao-carnaval-2022","status":"publish","type":"post","link":"https:\/\/www.blogsoestado.com\/danielmatos\/prf-registra-aumento-de-acidentes-com-mortos-e-feridos-nos-6-dias-da-operacao-carnaval-2022\/","title":{"rendered":"PRF registra aumento de acidentes com mortos e feridos nos 6 dias da Opera\u00e7\u00e3o Carnaval 2022"},"content":{"rendered":"\n<div class=\"wp-block-image\"><figure class=\"aligncenter size-large\"><a href=\"https:\/\/www.blogsoestado.com\/danielmatos\/files\/2022\/03\/Screenshot_20220303-1053372.png\"><img decoding=\"async\" src=\"https:\/\/www.blogsoestado.com\/danielmatos\/files\/2022\/03\/Screenshot_20220303-1053372.png\" alt=\"\" class=\"wp-image-94770\"\/><\/a><figcaption>IML recolhe corpo de idoso de 90 anos morto por atropelamento na BR-010, em Imperatriz, na Segunda -Feira de Carnaval <\/figcaption><\/figure><\/div>\n\n\n\n<p>A Pol\u00edcia Rodovi\u00e1ria Federal (PRF) registrou aumento do n\u00famero de acidentes, de mortos e pessoas feridas nas BR&#8217;s que cortam o Maranh\u00e3o nos seis dias da Opera\u00e7\u00e3o Carnaval 2022, em compara\u00e7\u00e3o com o mesmo per\u00edodo do ano passado. Os dados foram divulgados \u00e0 imprensa na manh\u00e3 desta quinta-feira, na sede da Superintend\u00eancia Regional da PRF, na BR-135.<\/p>\n\n\n\n<p>A alta do n\u00famero de acidentes foi de cerca de 30%, enquanto as mortes saltaram de 0 (zero) em 2021 para tr\u00eas este ano. A quantidade de pessoas feridas em acidentes nas rodovias federais que passam pelo estado no per\u00edodo de folia cresceu de 14 ano passado para 20 este ano, o que representa uma eleva\u00e7\u00e3o de aproximadamente 30%.<\/p>\n\n\n\n<p>A PRF comentou a alta generalizada dos \u00edndices. De acordo com a institui\u00e7\u00e3o, <em>&#8220;o leve aumento pode ser explicado porque 2021 foi um ano de restri\u00e7\u00f5es mais severas em virtude da pandemia. Inclusive para a realiza\u00e7\u00e3o do teste do etil\u00f4metro, uma vez que necessariamente o condutor deve soprar o aparelho, o que libera part\u00edculas no ar&#8221;<\/em>.<\/p>\n\n\n\n<p><strong>Fiscaliza\u00e7\u00e3o<\/strong><\/p>\n\n\n\n<p>Em a\u00e7\u00f5es de fiscaliza\u00e7\u00e3o em diferentes pontos da malha rodovi\u00e1ria federal do Maranh\u00e3o, a PRF autuou 13 condutores por alcoolemia (embriaguez ao volante) e 51 por se recusar a fazer o teste do baf\u00f4metro, 94 por ultrapassagem proibida e 62 por transportar crian\u00e7as sem cadeirinha. Outras cinco pessoas foram presas por dirigir sob o efeito de bebida alco\u00f3lica <\/p>\n\n\n\n<p>Confira os n\u00fameros:<\/p>\n\n\n\n<p><strong>Opera\u00e7\u00e3o Carnaval 2022<\/strong><\/p>\n\n\n\n<p>25\/02 (meia-noite) a 02\/03 (meia-noite)<\/p>\n\n\n\n<p><em><strong>Acidentes<\/strong><\/em><\/p>\n\n\n\n<p>Total de acidentes: 20<br>Pessoas feridas: 21<br>Pessoas mortas: 3<\/p>\n\n\n\n<p><em><strong>Algumas autua\u00e7\u00f5es<\/strong><\/em><\/p>\n\n\n\n<p>Alcoolemia por constata\u00e7\u00e3o: 13<br>Alcoolemia por recusa: 51<br>Pessoas detidas por embriaguez ao volante: 5<br>Ultrapassagem proibida: 94<br>Crian\u00e7a sem cadeirinha (DRC): 62<\/p>\n\n\n\n<p><em><strong>Outros dados<\/strong><\/em><\/p>\n\n\n\n<p>Testes de alcoolemia realizados: 1.769<br>Ve\u00edculos fiscalizados com abordagem: 1.966<br>Aux\u00edlios prestados pela PRF: 51<\/p>\n\n\n\n<p><em><strong>Alguns dados de 2021<\/strong><\/em><\/p>\n\n\n\n<p>Total de acidentes: 14<br>Pessoas feridas: 19<br>Pessoas mortas: 0<\/p>\n\n\n\n<p><em><strong>Algumas autua\u00e7\u00f5es<\/strong><\/em><\/p>\n\n\n\n<p>Alcoolemia por constata\u00e7\u00e3o: 7<br>Alcoolemia por recusa: 9<br>Pessoas detidas por embriaguez ao volante: 2<br>Ultrapassagem proibida: 87<br>Crian\u00e7a sem cadeirinha (DRC): 20<\/p>\n\n\n\n<p><em><strong>Outros dados<\/strong><\/em><\/p>\n\n\n\n<p>Ve\u00edculos fiscalizados com abordagem: 1.727<br>Aux\u00edlios prestados pela PRF: 36<\/p>\n","protected":false},"excerpt":{"rendered":"<p>A Pol\u00edcia Rodovi\u00e1ria Federal (PRF) registrou aumento do n\u00famero de acidentes, de mortos e pessoas feridas nas BR&#8217;s que cortam [&hellip;]<\/p>\n","protected":false},"author":0,"featured_media":0,"comment_status":"open","ping_status":"open","sticky":false,"template":"","format":"standard","meta":{"site-sidebar-layout":"default","site-content-layout":"","ast-site-content-layout":"default","site-content-style":"default","site-sidebar-style":"default","ast-global-header-display":"","ast-banner-title-visibility":"","ast-main-header-display":"","ast-hfb-above-header-display":"","ast-hfb-below-header-display":"","ast-hfb-mobile-header-display":"","site-post-title":"","ast-breadcrumbs-content":"","ast-featured-img":"","footer-sml-layout":"","ast-disable-related-posts":"","theme-transparent-header-meta":"","adv-header-id-meta":"","stick-header-meta":"","header-above-stick-meta":"","header-main-stick-meta":"","header-below-stick-meta":"","astra-migrate-meta-layouts":"default","ast-page-background-enabled":"default","ast-page-background-meta":{"desktop":{"background-color":"var(--ast-global-color-5)","background-image":"","background-repeat":"repeat","background-position":"center center","background-size":"auto","background-attachment":"scroll","background-type":"","background-media":"","overlay-type":"","overlay-color":"","overlay-opacity":"","overlay-gradient":""},"tablet":{"background-color":"","background-image":"","background-repeat":"repeat","background-position":"center center","background-size":"auto","background-attachment":"scroll","background-type":"","background-media":"","overlay-type":"","overlay-color":"","overlay-opacity":"","overlay-gradient":""},"mobile":{"background-color":"","background-image":"","background-repeat":"repeat","background-position":"center center","background-size":"auto","background-attachment":"scroll","background-type":"","background-media":"","overlay-type":"","overlay-color":"","overlay-opacity":"","overlay-gradient":""}},"ast-content-background-meta":{"desktop":{"background-color":"var(--ast-global-color-4)","background-image":"","background-repeat":"repeat","background-position":"center center","background-size":"auto","background-attachment":"scroll","background-type":"","background-media":"","overlay-type":"","overlay-color":"","overlay-opacity":"","overlay-gradient":""},"tablet":{"background-color":"var(--ast-global-color-4)","background-image":"","background-repeat":"repeat","background-position":"center center","background-size":"auto","background-attachment":"scroll","background-type":"","background-media":"","overlay-type":"","overlay-color":"","overlay-opacity":"","overlay-gradient":""},"mobile":{"background-color":"var(--ast-global-color-4)","background-image":"","background-repeat":"repeat","background-position":"center center","background-size":"auto","background-attachment":"scroll","background-type":"","background-media":"","overlay-type":"","overlay-color":"","overlay-opacity":"","overlay-gradient":""}},"footnotes":""},"categories":[1],"tags":[],"class_list":["post-94769","post","type-post","status-publish","format-standard","hentry","category-sem-categoria"],"yoast_head":"<!-- This site is optimized with the Yoast SEO plugin v26.6 - https:\/\/yoast.com\/wordpress\/plugins\/seo\/ -->\n<title>PRF registra aumento de acidentes com mortos e feridos nos 6 dias da Opera\u00e7\u00e3o Carnaval 2022 - Daniel Matos<\/title>\n<meta name=\"robots\" content=\"index, follow, max-snippet:-1, max-image-preview:large, max-video-preview:-1\" \/>\n<link rel=\"canonical\" href=\"https:\/\/www.blogsoestado.com\/danielmatos\/prf-registra-aumento-de-acidentes-com-mortos-e-feridos-nos-6-dias-da-operacao-carnaval-2022\/\" \/>\n<meta property=\"og:locale\" content=\"pt_BR\" \/>\n<meta property=\"og:type\" content=\"article\" \/>\n<meta property=\"og:title\" content=\"PRF registra aumento de acidentes com mortos e feridos nos 6 dias da Opera\u00e7\u00e3o Carnaval 2022 - Daniel Matos\" \/>\n<meta property=\"og:description\" content=\"A Pol\u00edcia Rodovi\u00e1ria Federal (PRF) registrou aumento do n\u00famero de acidentes, de mortos e pessoas feridas nas BR&#8217;s que cortam [&hellip;]\" \/>\n<meta property=\"og:url\" content=\"https:\/\/www.blogsoestado.com\/danielmatos\/prf-registra-aumento-de-acidentes-com-mortos-e-feridos-nos-6-dias-da-operacao-carnaval-2022\/\" \/>\n<meta property=\"og:site_name\" content=\"Daniel Matos\" \/>\n<meta property=\"article:published_time\" content=\"2022-03-03T13:58:20+00:00\" \/>\n<meta property=\"og:image\" content=\"https:\/\/www.blogsoestado.com\/danielmatos\/files\/2022\/03\/Screenshot_20220303-1053372.png\" \/>\n<meta name=\"twitter:card\" content=\"summary_large_image\" \/>\n<meta name=\"twitter:label1\" content=\"Est. tempo de leitura\" \/>\n\t<meta name=\"twitter:data1\" content=\"2 minutos\" \/>\n<script type=\"application\/ld+json\" class=\"yoast-schema-graph\">{\"@context\":\"https:\/\/schema.org\",\"@graph\":[{\"@type\":\"WebPage\",\"@id\":\"https:\/\/www.blogsoestado.com\/danielmatos\/prf-registra-aumento-de-acidentes-com-mortos-e-feridos-nos-6-dias-da-operacao-carnaval-2022\/\",\"url\":\"https:\/\/www.blogsoestado.com\/danielmatos\/prf-registra-aumento-de-acidentes-com-mortos-e-feridos-nos-6-dias-da-operacao-carnaval-2022\/\",\"name\":\"PRF registra aumento de acidentes com mortos e feridos nos 6 dias da Opera\u00e7\u00e3o Carnaval 2022 - Daniel Matos\",\"isPartOf\":{\"@id\":\"https:\/\/www.blogsoestado.com\/danielmatos\/#website\"},\"primaryImageOfPage\":{\"@id\":\"https:\/\/www.blogsoestado.com\/danielmatos\/prf-registra-aumento-de-acidentes-com-mortos-e-feridos-nos-6-dias-da-operacao-carnaval-2022\/#primaryimage\"},\"image\":{\"@id\":\"https:\/\/www.blogsoestado.com\/danielmatos\/prf-registra-aumento-de-acidentes-com-mortos-e-feridos-nos-6-dias-da-operacao-carnaval-2022\/#primaryimage\"},\"thumbnailUrl\":\"https:\/\/www.blogsoestado.com\/danielmatos\/files\/2022\/03\/Screenshot_20220303-1053372.png\",\"datePublished\":\"2022-03-03T13:58:20+00:00\",\"author\":{\"@id\":\"\"},\"breadcrumb\":{\"@id\":\"https:\/\/www.blogsoestado.com\/danielmatos\/prf-registra-aumento-de-acidentes-com-mortos-e-feridos-nos-6-dias-da-operacao-carnaval-2022\/#breadcrumb\"},\"inLanguage\":\"pt-BR\",\"potentialAction\":[{\"@type\":\"ReadAction\",\"target\":[\"https:\/\/www.blogsoestado.com\/danielmatos\/prf-registra-aumento-de-acidentes-com-mortos-e-feridos-nos-6-dias-da-operacao-carnaval-2022\/\"]}]},{\"@type\":\"ImageObject\",\"inLanguage\":\"pt-BR\",\"@id\":\"https:\/\/www.blogsoestado.com\/danielmatos\/prf-registra-aumento-de-acidentes-com-mortos-e-feridos-nos-6-dias-da-operacao-carnaval-2022\/#primaryimage\",\"url\":\"https:\/\/www.blogsoestado.com\/danielmatos\/files\/2022\/03\/Screenshot_20220303-1053372.png\",\"contentUrl\":\"https:\/\/www.blogsoestado.com\/danielmatos\/files\/2022\/03\/Screenshot_20220303-1053372.png\"},{\"@type\":\"BreadcrumbList\",\"@id\":\"https:\/\/www.blogsoestado.com\/danielmatos\/prf-registra-aumento-de-acidentes-com-mortos-e-feridos-nos-6-dias-da-operacao-carnaval-2022\/#breadcrumb\",\"itemListElement\":[{\"@type\":\"ListItem\",\"position\":1,\"name\":\"In\u00edcio\",\"item\":\"https:\/\/www.blogsoestado.com\/danielmatos\/\"},{\"@type\":\"ListItem\",\"position\":2,\"name\":\"PRF registra aumento de acidentes com mortos e feridos nos 6 dias da Opera\u00e7\u00e3o Carnaval 2022\"}]},{\"@type\":\"WebSite\",\"@id\":\"https:\/\/www.blogsoestado.com\/danielmatos\/#website\",\"url\":\"https:\/\/www.blogsoestado.com\/danielmatos\/\",\"name\":\"Daniel Matos\",\"description\":\"\",\"potentialAction\":[{\"@type\":\"SearchAction\",\"target\":{\"@type\":\"EntryPoint\",\"urlTemplate\":\"https:\/\/www.blogsoestado.com\/danielmatos\/?s={search_term_string}\"},\"query-input\":{\"@type\":\"PropertyValueSpecification\",\"valueRequired\":true,\"valueName\":\"search_term_string\"}}],\"inLanguage\":\"pt-BR\"}]}<\/script>\n<!-- \/ Yoast SEO plugin. -->","yoast_head_json":{"title":"PRF registra aumento de acidentes com mortos e feridos nos 6 dias da Opera\u00e7\u00e3o Carnaval 2022 - Daniel Matos","robots":{"index":"index","follow":"follow","max-snippet":"max-snippet:-1","max-image-preview":"max-image-preview:large","max-video-preview":"max-video-preview:-1"},"canonical":"https:\/\/www.blogsoestado.com\/danielmatos\/prf-registra-aumento-de-acidentes-com-mortos-e-feridos-nos-6-dias-da-operacao-carnaval-2022\/","og_locale":"pt_BR","og_type":"article","og_title":"PRF registra aumento de acidentes com mortos e feridos nos 6 dias da Opera\u00e7\u00e3o Carnaval 2022 - Daniel Matos","og_description":"A Pol\u00edcia Rodovi\u00e1ria Federal (PRF) registrou aumento do n\u00famero de acidentes, de mortos e pessoas feridas nas BR&#8217;s que cortam [&hellip;]","og_url":"https:\/\/www.blogsoestado.com\/danielmatos\/prf-registra-aumento-de-acidentes-com-mortos-e-feridos-nos-6-dias-da-operacao-carnaval-2022\/","og_site_name":"Daniel Matos","article_published_time":"2022-03-03T13:58:20+00:00","og_image":[{"url":"https:\/\/www.blogsoestado.com\/danielmatos\/files\/2022\/03\/Screenshot_20220303-1053372.png","type":"","width":"","height":""}],"twitter_card":"summary_large_image","twitter_misc":{"Est. tempo de leitura":"2 minutos"},"schema":{"@context":"https:\/\/schema.org","@graph":[{"@type":"WebPage","@id":"https:\/\/www.blogsoestado.com\/danielmatos\/prf-registra-aumento-de-acidentes-com-mortos-e-feridos-nos-6-dias-da-operacao-carnaval-2022\/","url":"https:\/\/www.blogsoestado.com\/danielmatos\/prf-registra-aumento-de-acidentes-com-mortos-e-feridos-nos-6-dias-da-operacao-carnaval-2022\/","name":"PRF registra aumento de acidentes com mortos e feridos nos 6 dias da Opera\u00e7\u00e3o Carnaval 2022 - Daniel Matos","isPartOf":{"@id":"https:\/\/www.blogsoestado.com\/danielmatos\/#website"},"primaryImageOfPage":{"@id":"https:\/\/www.blogsoestado.com\/danielmatos\/prf-registra-aumento-de-acidentes-com-mortos-e-feridos-nos-6-dias-da-operacao-carnaval-2022\/#primaryimage"},"image":{"@id":"https:\/\/www.blogsoestado.com\/danielmatos\/prf-registra-aumento-de-acidentes-com-mortos-e-feridos-nos-6-dias-da-operacao-carnaval-2022\/#primaryimage"},"thumbnailUrl":"https:\/\/www.blogsoestado.com\/danielmatos\/files\/2022\/03\/Screenshot_20220303-1053372.png","datePublished":"2022-03-03T13:58:20+00:00","author":{"@id":""},"breadcrumb":{"@id":"https:\/\/www.blogsoestado.com\/danielmatos\/prf-registra-aumento-de-acidentes-com-mortos-e-feridos-nos-6-dias-da-operacao-carnaval-2022\/#breadcrumb"},"inLanguage":"pt-BR","potentialAction":[{"@type":"ReadAction","target":["https:\/\/www.blogsoestado.com\/danielmatos\/prf-registra-aumento-de-acidentes-com-mortos-e-feridos-nos-6-dias-da-operacao-carnaval-2022\/"]}]},{"@type":"ImageObject","inLanguage":"pt-BR","@id":"https:\/\/www.blogsoestado.com\/danielmatos\/prf-registra-aumento-de-acidentes-com-mortos-e-feridos-nos-6-dias-da-operacao-carnaval-2022\/#primaryimage","url":"https:\/\/www.blogsoestado.com\/danielmatos\/files\/2022\/03\/Screenshot_20220303-1053372.png","contentUrl":"https:\/\/www.blogsoestado.com\/danielmatos\/files\/2022\/03\/Screenshot_20220303-1053372.png"},{"@type":"BreadcrumbList","@id":"https:\/\/www.blogsoestado.com\/danielmatos\/prf-registra-aumento-de-acidentes-com-mortos-e-feridos-nos-6-dias-da-operacao-carnaval-2022\/#breadcrumb","itemListElement":[{"@type":"ListItem","position":1,"name":"In\u00edcio","item":"https:\/\/www.blogsoestado.com\/danielmatos\/"},{"@type":"ListItem","position":2,"name":"PRF registra aumento de acidentes com mortos e feridos nos 6 dias da Opera\u00e7\u00e3o Carnaval 2022"}]},{"@type":"WebSite","@id":"https:\/\/www.blogsoestado.com\/danielmatos\/#website","url":"https:\/\/www.blogsoestado.com\/danielmatos\/","name":"Daniel Matos","description":"","potentialAction":[{"@type":"SearchAction","target":{"@type":"EntryPoint","urlTemplate":"https:\/\/www.blogsoestado.com\/danielmatos\/?s={search_term_string}"},"query-input":{"@type":"PropertyValueSpecification","valueRequired":true,"valueName":"search_term_string"}}],"inLanguage":"pt-BR"}]}},"jetpack_featured_media_url":"","_links":{"self":[{"href":"https:\/\/www.blogsoestado.com\/danielmatos\/wp-json\/wp\/v2\/posts\/94769","targetHints":{"allow":["GET"]}}],"collection":[{"href":"https:\/\/www.blogsoestado.com\/danielmatos\/wp-json\/wp\/v2\/posts"}],"about":[{"href":"https:\/\/www.blogsoestado.com\/danielmatos\/wp-json\/wp\/v2\/types\/post"}],"replies":[{"embeddable":true,"href":"https:\/\/www.blogsoestado.com\/danielmatos\/wp-json\/wp\/v2\/comments?post=94769"}],"version-history":[{"count":0,"href":"https:\/\/www.blogsoestado.com\/danielmatos\/wp-json\/wp\/v2\/posts\/94769\/revisions"}],"wp:attachment":[{"href":"https:\/\/www.blogsoestado.com\/danielmatos\/wp-json\/wp\/v2\/media?parent=94769"}],"wp:term":[{"taxonomy":"category","embeddable":true,"href":"https:\/\/www.blogsoestado.com\/danielmatos\/wp-json\/wp\/v2\/categories?post=94769"},{"taxonomy":"post_tag","embeddable":true,"href":"https:\/\/www.blogsoestado.com\/danielmatos\/wp-json\/wp\/v2\/tags?post=94769"}],"curies":[{"name":"wp","href":"https:\/\/api.w.org\/{rel}","templated":true}]}}