{"id":94772,"date":"2022-03-03T12:07:41","date_gmt":"2022-03-03T15:07:41","guid":{"rendered":"https:\/\/www.blogsoestado.com\/danielmatos\/?p=94772"},"modified":"2022-03-03T12:07:41","modified_gmt":"2022-03-03T15:07:41","slug":"maranhenses-querem-se-juntar-as-tropas-da-ucrania-na-guerra-contra-a-russia","status":"publish","type":"post","link":"https:\/\/www.blogsoestado.com\/danielmatos\/maranhenses-querem-se-juntar-as-tropas-da-ucrania-na-guerra-contra-a-russia\/","title":{"rendered":"Maranhenses querem se juntar \u00e0s tropas da Ucr\u00e2nia na guerra contra a R\u00fassia"},"content":{"rendered":"\n<div class=\"wp-block-image\"><figure class=\"aligncenter size-large\"><a href=\"https:\/\/www.blogsoestado.com\/danielmatos\/files\/2022\/03\/Screenshot_20220303-1205232.png\"><img decoding=\"async\" src=\"https:\/\/www.blogsoestado.com\/danielmatos\/files\/2022\/03\/Screenshot_20220303-1205232.png\" alt=\"\" class=\"wp-image-94773\"\/><\/a><figcaption>Bombardeio russo \u00e0 Ucr\u00e2nia, onde maranhenses querem lutar para fortalecer a defesa do pa\u00eds contra o inimigo vizinho <\/figcaption><\/figure><\/div>\n\n\n\n<p>A invas\u00e3o da R\u00fassia \u00e0 Ucr\u00e2nia tem atra\u00eddo aten\u00e7\u00e3o de brasileiros que dizem querer participar do conflito lutando ao lado das for\u00e7as de seguran\u00e7a ucranianas. A maioria dos que buscam informa\u00e7\u00f5es sobre como lutar contra os russos \u00e9 composta por homens aparentemente jovens e de estados distintos como o <strong>Maranh\u00e3o<\/strong>, S\u00e3o Paulo e Paran\u00e1.<\/p>\n\n\n\n<p>Na internet, eles buscam informa\u00e7\u00f5es em grupos no Facebook e recebem orienta\u00e7\u00f5es sobre como se alistar usando grupos de WhatsApp e Telegram.<\/p>\n\n\n\n<p>A BBC News Brasil localizou pelo menos um brasileiro que diz atuar no combate aos russos e que afirma ter sido acionado por outros brasileiros querendo participar dos embates.<\/p>\n\n\n\n<p>Procurada, a Embaixada da Ucr\u00e2nia em Bras\u00edlia confirmou que vem sendo contatada por cidad\u00e3os do Brasil querendo lutar ao lado dos ucranianos.<\/p>\n\n\n\n<p>Eles demonstram interesse em grupos no Facebook e logo s\u00e3o orientados por outros usu\u00e1rios a entrarem em grupos de WhatsApp ou Telegram, onde passam a receber informa\u00e7\u00f5es mais detalhadas sobre o assunto.<\/p>\n\n\n\n<p><strong>Maranhense com sede de aventura<\/strong><\/p>\n\n\n\n<p>Foi em um grupo de brasileiros na Ucr\u00e2nia no Facebook que um homem de 29 anos de idade do interior do <strong>Maranh\u00e3o<\/strong> passou a procurar formas sobre como participar da luta contra os russos.<\/p>\n\n\n\n<p>Bruno (nome fict\u00edcio usado a pedido dele) diz que acompanha a situa\u00e7\u00e3o da Ucr\u00e2nia com aten\u00e7\u00e3o h\u00e1 alguns meses. Nas \u00faltimas semanas, come\u00e7ou a buscar informa\u00e7\u00f5es sobre como poderia se alistar.<\/p>\n\n\n\n<p>Ele diz acreditar que seu treinamento com armas pode ser \u00fatil na Ucr\u00e2nia, embora reconhe\u00e7a que a situa\u00e7\u00e3o no pa\u00eds europeu requer mais condicionamento.<\/p>\n\n\n\n<p>Segundo ele, os principais motivos que o levam a querer ir para a Ucr\u00e2nia s\u00e3o a paix\u00e3o que ele tem por assuntos militares e o que ele classificou como &#8220;sede de aventura&#8221;.<\/p>\n\n\n\n<p>&#8220;Eu sempre gostei do meio militar. No Brasil, infelizmente, eu n\u00e3o consegui servir ao Ex\u00e9rcito, mas agora, pretendo me alistar no ex\u00e9rcito da Ucr\u00e2nia. \u00c9 uma sede de aventura. Quero viver esse momento ao lado dos ucranianos&#8221;, disse.<\/p>\n\n\n\n<p>Bruno diz que, nos grupos de WhatsApp e Telegram, entrou em contato com ucranianos que repassam informa\u00e7\u00f5es sobre a situa\u00e7\u00e3o do conflito e como entrar no pa\u00eds. A comunica\u00e7\u00e3o \u00e9 feita, quase sempre, por meio de tradutores eletr\u00f4nicos de idiomas.<\/p>\n\n\n\n<p>Segundo ele, o \u00fanico empecilho para a sua ida, neste momento, \u00e9 o pre\u00e7o das passagens para a Pol\u00f4nia, pa\u00eds que faz fronteira com a Ucr\u00e2nia e que tem sido o principal ponto log\u00edstico para a organiza\u00e7\u00e3o da legi\u00e3o autorizada por Zelensky.<\/p>\n\n\n\n<p>&#8220;N\u00e3o d\u00e1 pra chegar de avi\u00e3o na Ucr\u00e2nia. Tem que ir at\u00e9 a Pol\u00f4nia e depois atravessar a fronteira. A \u00fanica coisa que me parou at\u00e9 o momento \u00e9 o pre\u00e7o das passagens. Mas assim que eu tiver, eu vou&#8221;, afirmou.<\/p>\n\n\n\n<p>Bruno diz que n\u00e3o tem medo de morrer. &#8220;Todo mundo vai morrer um dia. Eu n\u00e3o tenho medo de morrer l\u00e1, no confronto. Tenho s\u00f3 medo de quem vai ficar pra tr\u00e1s, a minha fam\u00edlia&#8221;, afirmou.<\/p>\n\n\n\n<p><strong>Maior col\u00f4nia <\/strong><\/p>\n\n\n\n<p>Mas \u00e9 no Paran\u00e1 que se concentra a maior parte dos descendentes de ucranianos no Brasil, uma comunidade estimada em aproximadamente 500 mil pessoas.<\/p>\n\n\n\n<p>Nesses grupos, os brasileiros s\u00e3o informados de que, atualmente, a \u00fanica forma de chegar \u00e0 Ucr\u00e2nia \u00e9 por via terrestre, partindo de alguns dos pa\u00edses que fazem fronteira com o pa\u00eds, no Leste Europeu.<\/p>\n\n\n\n<p>Para quem est\u00e1 no Brasil, participar dessa luta implicaria em viajar \u00e0 Europa, um trajeto que pode custar, apenas com bilhetes de avi\u00e3o, mais de R$ 7 mil.<\/p>\n\n\n\n<p>Eles tamb\u00e9m ficam sabendo da extensa lista de documentos e certificados como comprovantes de idoneidade que eram exigidos pelo Ex\u00e9rcito ucraniano para que estrangeiros fossem aceitos.<\/p>\n\n\n\n<p>Leia mais <a href=\"https:\/\/www.bbc.com\/portuguese\/internacional-60581760\">aqui<\/a>.<\/p>\n","protected":false},"excerpt":{"rendered":"<p>A invas\u00e3o da R\u00fassia \u00e0 Ucr\u00e2nia tem atra\u00eddo aten\u00e7\u00e3o de brasileiros que dizem querer participar do conflito lutando ao lado [&hellip;]<\/p>\n","protected":false},"author":0,"featured_media":0,"comment_status":"open","ping_status":"open","sticky":false,"template":"","format":"standard","meta":{"site-sidebar-layout":"default","site-content-layout":"","ast-site-content-layout":"default","site-content-style":"default","site-sidebar-style":"default","ast-global-header-display":"","ast-banner-title-visibility":"","ast-main-header-display":"","ast-hfb-above-header-display":"","ast-hfb-below-header-display":"","ast-hfb-mobile-header-display":"","site-post-title":"","ast-breadcrumbs-content":"","ast-featured-img":"","footer-sml-layout":"","ast-disable-related-posts":"","theme-transparent-header-meta":"","adv-header-id-meta":"","stick-header-meta":"","header-above-stick-meta":"","header-main-stick-meta":"","header-below-stick-meta":"","astra-migrate-meta-layouts":"default","ast-page-background-enabled":"default","ast-page-background-meta":{"desktop":{"background-color":"var(--ast-global-color-5)","background-image":"","background-repeat":"repeat","background-position":"center center","background-size":"auto","background-attachment":"scroll","background-type":"","background-media":"","overlay-type":"","overlay-color":"","overlay-opacity":"","overlay-gradient":""},"tablet":{"background-color":"","background-image":"","background-repeat":"repeat","background-position":"center center","background-size":"auto","background-attachment":"scroll","background-type":"","background-media":"","overlay-type":"","overlay-color":"","overlay-opacity":"","overlay-gradient":""},"mobile":{"background-color":"","background-image":"","background-repeat":"repeat","background-position":"center center","background-size":"auto","background-attachment":"scroll","background-type":"","background-media":"","overlay-type":"","overlay-color":"","overlay-opacity":"","overlay-gradient":""}},"ast-content-background-meta":{"desktop":{"background-color":"var(--ast-global-color-4)","background-image":"","background-repeat":"repeat","background-position":"center center","background-size":"auto","background-attachment":"scroll","background-type":"","background-media":"","overlay-type":"","overlay-color":"","overlay-opacity":"","overlay-gradient":""},"tablet":{"background-color":"var(--ast-global-color-4)","background-image":"","background-repeat":"repeat","background-position":"center center","background-size":"auto","background-attachment":"scroll","background-type":"","background-media":"","overlay-type":"","overlay-color":"","overlay-opacity":"","overlay-gradient":""},"mobile":{"background-color":"var(--ast-global-color-4)","background-image":"","background-repeat":"repeat","background-position":"center center","background-size":"auto","background-attachment":"scroll","background-type":"","background-media":"","overlay-type":"","overlay-color":"","overlay-opacity":"","overlay-gradient":""}},"footnotes":""},"categories":[1],"tags":[],"class_list":["post-94772","post","type-post","status-publish","format-standard","hentry","category-sem-categoria"],"yoast_head":"<!-- This site is optimized with the Yoast SEO plugin v26.6 - https:\/\/yoast.com\/wordpress\/plugins\/seo\/ -->\n<title>Maranhenses querem se juntar \u00e0s tropas da Ucr\u00e2nia na guerra contra a R\u00fassia - Daniel Matos<\/title>\n<meta name=\"robots\" content=\"index, follow, max-snippet:-1, max-image-preview:large, max-video-preview:-1\" \/>\n<link rel=\"canonical\" href=\"https:\/\/www.blogsoestado.com\/danielmatos\/maranhenses-querem-se-juntar-as-tropas-da-ucrania-na-guerra-contra-a-russia\/\" \/>\n<meta property=\"og:locale\" content=\"pt_BR\" \/>\n<meta property=\"og:type\" content=\"article\" \/>\n<meta property=\"og:title\" content=\"Maranhenses querem se juntar \u00e0s tropas da Ucr\u00e2nia na guerra contra a R\u00fassia - Daniel Matos\" \/>\n<meta property=\"og:description\" content=\"A invas\u00e3o da R\u00fassia \u00e0 Ucr\u00e2nia tem atra\u00eddo aten\u00e7\u00e3o de brasileiros que dizem querer participar do conflito lutando ao lado [&hellip;]\" \/>\n<meta property=\"og:url\" content=\"https:\/\/www.blogsoestado.com\/danielmatos\/maranhenses-querem-se-juntar-as-tropas-da-ucrania-na-guerra-contra-a-russia\/\" \/>\n<meta property=\"og:site_name\" content=\"Daniel Matos\" \/>\n<meta property=\"article:published_time\" content=\"2022-03-03T15:07:41+00:00\" \/>\n<meta property=\"og:image\" content=\"https:\/\/www.blogsoestado.com\/danielmatos\/files\/2022\/03\/Screenshot_20220303-1205232.png\" \/>\n<meta name=\"twitter:card\" content=\"summary_large_image\" \/>\n<meta name=\"twitter:label1\" content=\"Est. tempo de leitura\" \/>\n\t<meta name=\"twitter:data1\" content=\"3 minutos\" \/>\n<script type=\"application\/ld+json\" class=\"yoast-schema-graph\">{\"@context\":\"https:\/\/schema.org\",\"@graph\":[{\"@type\":\"WebPage\",\"@id\":\"https:\/\/www.blogsoestado.com\/danielmatos\/maranhenses-querem-se-juntar-as-tropas-da-ucrania-na-guerra-contra-a-russia\/\",\"url\":\"https:\/\/www.blogsoestado.com\/danielmatos\/maranhenses-querem-se-juntar-as-tropas-da-ucrania-na-guerra-contra-a-russia\/\",\"name\":\"Maranhenses querem se juntar \u00e0s tropas da Ucr\u00e2nia na guerra contra a R\u00fassia - Daniel Matos\",\"isPartOf\":{\"@id\":\"https:\/\/www.blogsoestado.com\/danielmatos\/#website\"},\"primaryImageOfPage\":{\"@id\":\"https:\/\/www.blogsoestado.com\/danielmatos\/maranhenses-querem-se-juntar-as-tropas-da-ucrania-na-guerra-contra-a-russia\/#primaryimage\"},\"image\":{\"@id\":\"https:\/\/www.blogsoestado.com\/danielmatos\/maranhenses-querem-se-juntar-as-tropas-da-ucrania-na-guerra-contra-a-russia\/#primaryimage\"},\"thumbnailUrl\":\"https:\/\/www.blogsoestado.com\/danielmatos\/files\/2022\/03\/Screenshot_20220303-1205232.png\",\"datePublished\":\"2022-03-03T15:07:41+00:00\",\"author\":{\"@id\":\"\"},\"breadcrumb\":{\"@id\":\"https:\/\/www.blogsoestado.com\/danielmatos\/maranhenses-querem-se-juntar-as-tropas-da-ucrania-na-guerra-contra-a-russia\/#breadcrumb\"},\"inLanguage\":\"pt-BR\",\"potentialAction\":[{\"@type\":\"ReadAction\",\"target\":[\"https:\/\/www.blogsoestado.com\/danielmatos\/maranhenses-querem-se-juntar-as-tropas-da-ucrania-na-guerra-contra-a-russia\/\"]}]},{\"@type\":\"ImageObject\",\"inLanguage\":\"pt-BR\",\"@id\":\"https:\/\/www.blogsoestado.com\/danielmatos\/maranhenses-querem-se-juntar-as-tropas-da-ucrania-na-guerra-contra-a-russia\/#primaryimage\",\"url\":\"https:\/\/www.blogsoestado.com\/danielmatos\/files\/2022\/03\/Screenshot_20220303-1205232.png\",\"contentUrl\":\"https:\/\/www.blogsoestado.com\/danielmatos\/files\/2022\/03\/Screenshot_20220303-1205232.png\"},{\"@type\":\"BreadcrumbList\",\"@id\":\"https:\/\/www.blogsoestado.com\/danielmatos\/maranhenses-querem-se-juntar-as-tropas-da-ucrania-na-guerra-contra-a-russia\/#breadcrumb\",\"itemListElement\":[{\"@type\":\"ListItem\",\"position\":1,\"name\":\"In\u00edcio\",\"item\":\"https:\/\/www.blogsoestado.com\/danielmatos\/\"},{\"@type\":\"ListItem\",\"position\":2,\"name\":\"Maranhenses querem se juntar \u00e0s tropas da Ucr\u00e2nia na guerra contra a R\u00fassia\"}]},{\"@type\":\"WebSite\",\"@id\":\"https:\/\/www.blogsoestado.com\/danielmatos\/#website\",\"url\":\"https:\/\/www.blogsoestado.com\/danielmatos\/\",\"name\":\"Daniel Matos\",\"description\":\"\",\"potentialAction\":[{\"@type\":\"SearchAction\",\"target\":{\"@type\":\"EntryPoint\",\"urlTemplate\":\"https:\/\/www.blogsoestado.com\/danielmatos\/?s={search_term_string}\"},\"query-input\":{\"@type\":\"PropertyValueSpecification\",\"valueRequired\":true,\"valueName\":\"search_term_string\"}}],\"inLanguage\":\"pt-BR\"}]}<\/script>\n<!-- \/ Yoast SEO plugin. -->","yoast_head_json":{"title":"Maranhenses querem se juntar \u00e0s tropas da Ucr\u00e2nia na guerra contra a R\u00fassia - Daniel Matos","robots":{"index":"index","follow":"follow","max-snippet":"max-snippet:-1","max-image-preview":"max-image-preview:large","max-video-preview":"max-video-preview:-1"},"canonical":"https:\/\/www.blogsoestado.com\/danielmatos\/maranhenses-querem-se-juntar-as-tropas-da-ucrania-na-guerra-contra-a-russia\/","og_locale":"pt_BR","og_type":"article","og_title":"Maranhenses querem se juntar \u00e0s tropas da Ucr\u00e2nia na guerra contra a R\u00fassia - Daniel Matos","og_description":"A invas\u00e3o da R\u00fassia \u00e0 Ucr\u00e2nia tem atra\u00eddo aten\u00e7\u00e3o de brasileiros que dizem querer participar do conflito lutando ao lado [&hellip;]","og_url":"https:\/\/www.blogsoestado.com\/danielmatos\/maranhenses-querem-se-juntar-as-tropas-da-ucrania-na-guerra-contra-a-russia\/","og_site_name":"Daniel Matos","article_published_time":"2022-03-03T15:07:41+00:00","og_image":[{"url":"https:\/\/www.blogsoestado.com\/danielmatos\/files\/2022\/03\/Screenshot_20220303-1205232.png","type":"","width":"","height":""}],"twitter_card":"summary_large_image","twitter_misc":{"Est. tempo de leitura":"3 minutos"},"schema":{"@context":"https:\/\/schema.org","@graph":[{"@type":"WebPage","@id":"https:\/\/www.blogsoestado.com\/danielmatos\/maranhenses-querem-se-juntar-as-tropas-da-ucrania-na-guerra-contra-a-russia\/","url":"https:\/\/www.blogsoestado.com\/danielmatos\/maranhenses-querem-se-juntar-as-tropas-da-ucrania-na-guerra-contra-a-russia\/","name":"Maranhenses querem se juntar \u00e0s tropas da Ucr\u00e2nia na guerra contra a R\u00fassia - Daniel Matos","isPartOf":{"@id":"https:\/\/www.blogsoestado.com\/danielmatos\/#website"},"primaryImageOfPage":{"@id":"https:\/\/www.blogsoestado.com\/danielmatos\/maranhenses-querem-se-juntar-as-tropas-da-ucrania-na-guerra-contra-a-russia\/#primaryimage"},"image":{"@id":"https:\/\/www.blogsoestado.com\/danielmatos\/maranhenses-querem-se-juntar-as-tropas-da-ucrania-na-guerra-contra-a-russia\/#primaryimage"},"thumbnailUrl":"https:\/\/www.blogsoestado.com\/danielmatos\/files\/2022\/03\/Screenshot_20220303-1205232.png","datePublished":"2022-03-03T15:07:41+00:00","author":{"@id":""},"breadcrumb":{"@id":"https:\/\/www.blogsoestado.com\/danielmatos\/maranhenses-querem-se-juntar-as-tropas-da-ucrania-na-guerra-contra-a-russia\/#breadcrumb"},"inLanguage":"pt-BR","potentialAction":[{"@type":"ReadAction","target":["https:\/\/www.blogsoestado.com\/danielmatos\/maranhenses-querem-se-juntar-as-tropas-da-ucrania-na-guerra-contra-a-russia\/"]}]},{"@type":"ImageObject","inLanguage":"pt-BR","@id":"https:\/\/www.blogsoestado.com\/danielmatos\/maranhenses-querem-se-juntar-as-tropas-da-ucrania-na-guerra-contra-a-russia\/#primaryimage","url":"https:\/\/www.blogsoestado.com\/danielmatos\/files\/2022\/03\/Screenshot_20220303-1205232.png","contentUrl":"https:\/\/www.blogsoestado.com\/danielmatos\/files\/2022\/03\/Screenshot_20220303-1205232.png"},{"@type":"BreadcrumbList","@id":"https:\/\/www.blogsoestado.com\/danielmatos\/maranhenses-querem-se-juntar-as-tropas-da-ucrania-na-guerra-contra-a-russia\/#breadcrumb","itemListElement":[{"@type":"ListItem","position":1,"name":"In\u00edcio","item":"https:\/\/www.blogsoestado.com\/danielmatos\/"},{"@type":"ListItem","position":2,"name":"Maranhenses querem se juntar \u00e0s tropas da Ucr\u00e2nia na guerra contra a R\u00fassia"}]},{"@type":"WebSite","@id":"https:\/\/www.blogsoestado.com\/danielmatos\/#website","url":"https:\/\/www.blogsoestado.com\/danielmatos\/","name":"Daniel Matos","description":"","potentialAction":[{"@type":"SearchAction","target":{"@type":"EntryPoint","urlTemplate":"https:\/\/www.blogsoestado.com\/danielmatos\/?s={search_term_string}"},"query-input":{"@type":"PropertyValueSpecification","valueRequired":true,"valueName":"search_term_string"}}],"inLanguage":"pt-BR"}]}},"jetpack_featured_media_url":"","_links":{"self":[{"href":"https:\/\/www.blogsoestado.com\/danielmatos\/wp-json\/wp\/v2\/posts\/94772","targetHints":{"allow":["GET"]}}],"collection":[{"href":"https:\/\/www.blogsoestado.com\/danielmatos\/wp-json\/wp\/v2\/posts"}],"about":[{"href":"https:\/\/www.blogsoestado.com\/danielmatos\/wp-json\/wp\/v2\/types\/post"}],"replies":[{"embeddable":true,"href":"https:\/\/www.blogsoestado.com\/danielmatos\/wp-json\/wp\/v2\/comments?post=94772"}],"version-history":[{"count":0,"href":"https:\/\/www.blogsoestado.com\/danielmatos\/wp-json\/wp\/v2\/posts\/94772\/revisions"}],"wp:attachment":[{"href":"https:\/\/www.blogsoestado.com\/danielmatos\/wp-json\/wp\/v2\/media?parent=94772"}],"wp:term":[{"taxonomy":"category","embeddable":true,"href":"https:\/\/www.blogsoestado.com\/danielmatos\/wp-json\/wp\/v2\/categories?post=94772"},{"taxonomy":"post_tag","embeddable":true,"href":"https:\/\/www.blogsoestado.com\/danielmatos\/wp-json\/wp\/v2\/tags?post=94772"}],"curies":[{"name":"wp","href":"https:\/\/api.w.org\/{rel}","templated":true}]}}