{"id":94785,"date":"2022-03-04T10:15:43","date_gmt":"2022-03-04T13:15:43","guid":{"rendered":"https:\/\/www.blogsoestado.com\/danielmatos\/?p=94785"},"modified":"2022-03-04T10:15:43","modified_gmt":"2022-03-04T13:15:43","slug":"alto-escalao-do-governo-dino-brandao-tera-novos-celulares-e-internet-mais-potente-no-periodo-eleitoral","status":"publish","type":"post","link":"https:\/\/www.blogsoestado.com\/danielmatos\/alto-escalao-do-governo-dino-brandao-tera-novos-celulares-e-internet-mais-potente-no-periodo-eleitoral\/","title":{"rendered":"Alto escal\u00e3o do governo Dino\/Brand\u00e3o ter\u00e1 novos celulares e internet mais potente no per\u00edodo eleitoral"},"content":{"rendered":"\n<p><strong><span class=\"has-inline-color has-vivid-red-color\">Casa Civil gasta quase R$ 140 mil com novos aparelhos e franquia de chamadas e dados m\u00f3veis com tecnologia mais avan\u00e7ada<\/span><\/strong> <\/p>\n\n\n\n<div class=\"wp-block-image\"><figure class=\"aligncenter size-large\"><a href=\"https:\/\/www.blogsoestado.com\/danielmatos\/files\/2022\/03\/Screenshot_20220304-1010022.png\"><img decoding=\"async\" src=\"https:\/\/www.blogsoestado.com\/danielmatos\/files\/2022\/03\/Screenshot_20220304-1010022.png\" alt=\"\" class=\"wp-image-94787\"\/><\/a><figcaption>Comunica\u00e7\u00e3o \u00e9 uma das ferramentas mais importantes para o sucesso de qualquer gest\u00e3o e para impulsionar projetos <\/figcaption><\/figure><\/div>\n\n\n\n<div class=\"wp-block-image\"><figure class=\"alignleft size-large\"><a href=\"https:\/\/www.blogsoestado.com\/danielmatos\/files\/2015\/07\/exclusivo.jpg\"><img decoding=\"async\" src=\"https:\/\/www.blogsoestado.com\/danielmatos\/files\/2015\/07\/exclusivo.jpg\" alt=\"\" class=\"wp-image-25185\"\/><\/a><\/figure><\/div>\n\n\n\n<p>A Casa Civil do Governo do Maranh\u00e3o homologou, h\u00e1 exatos 10 dias, um contrato firmado com a operadora de telefonia Claro para aquisi\u00e7\u00e3o de novos aparelhos celulares e pacotes de chamadas locais e de longa dist\u00e2ncia, al\u00e9m de acesso \u00e0 internet de alta velocidade, no valor de R$ 139.935,44 (cento e trinta e nove mil, novecentos e trinta e cinco reais e quarenta e quatro centavos).<\/p>\n\n\n\n<p>A julgar por uma das atribui\u00e7\u00f5es da Casa Civil, que \u00e9 coordenar e integrar as secretarias de Estado e suas entidades vinculadas, os celulares e seus respectivos pacotes de chamadas e dados m\u00f3veis s\u00e3o destinados aos mais altos escal\u00f5es do governo.<\/p>\n\n\n\n<p>Todas as linhas s\u00e3o de plano p\u00f3s-pago, com tecnologia de internet 4G e abertura de sinal em todo o territ\u00f3rio nacional. O contrato assinado com a Claro pelo secret\u00e1rio-chefe da Casa Civil, Diego Galdino, tem vig\u00eancia de 12 meses. As faturas referentes a cada linha ser\u00e3o pagas pelo er\u00e1rio p\u00fablico.<\/p>\n\n\n\n<p>Por ser uma ferramenta de extrema import\u00e2ncia e estrat\u00e9gica em qualquer gest\u00e3o, seja p\u00fablica, seja privada, a comunica\u00e7\u00e3o deve ter mesmo a melhor estrutura poss\u00edvel para que n\u00e3o haja ru\u00eddos e interrup\u00e7\u00f5es do fluxo de informa\u00e7\u00f5es, sobretudo entre aqueles que integram a c\u00fapula.<\/p>\n\n\n\n<p>Ganha ainda mais relev\u00e2ncia neste ano eleitoral, pois o governador Fl\u00e1vio Dino (PSB), que deixar\u00e1 o cargo no dia 31 deste m\u00eas, concorrer\u00e1 ao Senado, e o seu vice e substituo no mandato, Carlos Brand\u00e3o (PSDB), disputar\u00e1 a reelei\u00e7\u00e3o com o poder na m\u00e1quina na m\u00e3o. <\/p>\n\n\n\n<p>Para manter sua candidatura competitiva e, de quebra, impulsionar Dino a uma campanha vitoriosa, Brand\u00e3o precisar\u00e1 de uma equipe entrosada e com discurso afinado, algo que s\u00f3 \u00e9 poss\u00edvel com uma comunica\u00e7\u00e3o eficiente.<\/p>\n\n\n\n<p>Confira o termo de homologa\u00e7\u00e3o do contrato:<\/p>\n\n\n\n<div class=\"wp-block-image\"><figure class=\"aligncenter size-large\"><a href=\"https:\/\/www.blogsoestado.com\/danielmatos\/files\/2022\/03\/Screenshot_20220303-2325332.png\"><img decoding=\"async\" src=\"https:\/\/www.blogsoestado.com\/danielmatos\/files\/2022\/03\/Screenshot_20220303-2325332.png\" alt=\"\" class=\"wp-image-94786\"\/><\/a><\/figure><\/div>\n","protected":false},"excerpt":{"rendered":"<p>Casa Civil gasta quase R$ 140 mil com novos aparelhos e franquia de chamadas e dados m\u00f3veis com tecnologia mais [&hellip;]<\/p>\n","protected":false},"author":0,"featured_media":0,"comment_status":"open","ping_status":"open","sticky":false,"template":"","format":"standard","meta":{"site-sidebar-layout":"default","site-content-layout":"","ast-site-content-layout":"default","site-content-style":"default","site-sidebar-style":"default","ast-global-header-display":"","ast-banner-title-visibility":"","ast-main-header-display":"","ast-hfb-above-header-display":"","ast-hfb-below-header-display":"","ast-hfb-mobile-header-display":"","site-post-title":"","ast-breadcrumbs-content":"","ast-featured-img":"","footer-sml-layout":"","ast-disable-related-posts":"","theme-transparent-header-meta":"","adv-header-id-meta":"","stick-header-meta":"","header-above-stick-meta":"","header-main-stick-meta":"","header-below-stick-meta":"","astra-migrate-meta-layouts":"default","ast-page-background-enabled":"default","ast-page-background-meta":{"desktop":{"background-color":"var(--ast-global-color-5)","background-image":"","background-repeat":"repeat","background-position":"center center","background-size":"auto","background-attachment":"scroll","background-type":"","background-media":"","overlay-type":"","overlay-color":"","overlay-opacity":"","overlay-gradient":""},"tablet":{"background-color":"","background-image":"","background-repeat":"repeat","background-position":"center center","background-size":"auto","background-attachment":"scroll","background-type":"","background-media":"","overlay-type":"","overlay-color":"","overlay-opacity":"","overlay-gradient":""},"mobile":{"background-color":"","background-image":"","background-repeat":"repeat","background-position":"center center","background-size":"auto","background-attachment":"scroll","background-type":"","background-media":"","overlay-type":"","overlay-color":"","overlay-opacity":"","overlay-gradient":""}},"ast-content-background-meta":{"desktop":{"background-color":"var(--ast-global-color-4)","background-image":"","background-repeat":"repeat","background-position":"center center","background-size":"auto","background-attachment":"scroll","background-type":"","background-media":"","overlay-type":"","overlay-color":"","overlay-opacity":"","overlay-gradient":""},"tablet":{"background-color":"var(--ast-global-color-4)","background-image":"","background-repeat":"repeat","background-position":"center center","background-size":"auto","background-attachment":"scroll","background-type":"","background-media":"","overlay-type":"","overlay-color":"","overlay-opacity":"","overlay-gradient":""},"mobile":{"background-color":"var(--ast-global-color-4)","background-image":"","background-repeat":"repeat","background-position":"center center","background-size":"auto","background-attachment":"scroll","background-type":"","background-media":"","overlay-type":"","overlay-color":"","overlay-opacity":"","overlay-gradient":""}},"footnotes":""},"categories":[1],"tags":[],"class_list":["post-94785","post","type-post","status-publish","format-standard","hentry","category-sem-categoria"],"yoast_head":"<!-- This site is optimized with the Yoast SEO plugin v26.6 - https:\/\/yoast.com\/wordpress\/plugins\/seo\/ -->\n<title>Alto escal\u00e3o do governo Dino\/Brand\u00e3o ter\u00e1 novos celulares e internet mais potente no per\u00edodo eleitoral - Daniel Matos<\/title>\n<meta name=\"robots\" content=\"index, follow, max-snippet:-1, max-image-preview:large, max-video-preview:-1\" \/>\n<link rel=\"canonical\" href=\"https:\/\/www.blogsoestado.com\/danielmatos\/alto-escalao-do-governo-dino-brandao-tera-novos-celulares-e-internet-mais-potente-no-periodo-eleitoral\/\" \/>\n<meta property=\"og:locale\" content=\"pt_BR\" \/>\n<meta property=\"og:type\" content=\"article\" \/>\n<meta property=\"og:title\" content=\"Alto escal\u00e3o do governo Dino\/Brand\u00e3o ter\u00e1 novos celulares e internet mais potente no per\u00edodo eleitoral - Daniel Matos\" \/>\n<meta property=\"og:description\" content=\"Casa Civil gasta quase R$ 140 mil com novos aparelhos e franquia de chamadas e dados m\u00f3veis com tecnologia mais [&hellip;]\" \/>\n<meta property=\"og:url\" content=\"https:\/\/www.blogsoestado.com\/danielmatos\/alto-escalao-do-governo-dino-brandao-tera-novos-celulares-e-internet-mais-potente-no-periodo-eleitoral\/\" \/>\n<meta property=\"og:site_name\" content=\"Daniel Matos\" \/>\n<meta property=\"article:published_time\" content=\"2022-03-04T13:15:43+00:00\" \/>\n<meta property=\"og:image\" content=\"https:\/\/www.blogsoestado.com\/danielmatos\/files\/2022\/03\/Screenshot_20220304-1010022.png\" \/>\n<meta name=\"twitter:card\" content=\"summary_large_image\" \/>\n<meta name=\"twitter:label1\" content=\"Est. tempo de leitura\" \/>\n\t<meta name=\"twitter:data1\" content=\"3 minutos\" \/>\n<script type=\"application\/ld+json\" class=\"yoast-schema-graph\">{\"@context\":\"https:\/\/schema.org\",\"@graph\":[{\"@type\":\"WebPage\",\"@id\":\"https:\/\/www.blogsoestado.com\/danielmatos\/alto-escalao-do-governo-dino-brandao-tera-novos-celulares-e-internet-mais-potente-no-periodo-eleitoral\/\",\"url\":\"https:\/\/www.blogsoestado.com\/danielmatos\/alto-escalao-do-governo-dino-brandao-tera-novos-celulares-e-internet-mais-potente-no-periodo-eleitoral\/\",\"name\":\"Alto escal\u00e3o do governo Dino\/Brand\u00e3o ter\u00e1 novos celulares e internet mais potente no per\u00edodo eleitoral - Daniel Matos\",\"isPartOf\":{\"@id\":\"https:\/\/www.blogsoestado.com\/danielmatos\/#website\"},\"primaryImageOfPage\":{\"@id\":\"https:\/\/www.blogsoestado.com\/danielmatos\/alto-escalao-do-governo-dino-brandao-tera-novos-celulares-e-internet-mais-potente-no-periodo-eleitoral\/#primaryimage\"},\"image\":{\"@id\":\"https:\/\/www.blogsoestado.com\/danielmatos\/alto-escalao-do-governo-dino-brandao-tera-novos-celulares-e-internet-mais-potente-no-periodo-eleitoral\/#primaryimage\"},\"thumbnailUrl\":\"https:\/\/www.blogsoestado.com\/danielmatos\/files\/2022\/03\/Screenshot_20220304-1010022.png\",\"datePublished\":\"2022-03-04T13:15:43+00:00\",\"author\":{\"@id\":\"\"},\"breadcrumb\":{\"@id\":\"https:\/\/www.blogsoestado.com\/danielmatos\/alto-escalao-do-governo-dino-brandao-tera-novos-celulares-e-internet-mais-potente-no-periodo-eleitoral\/#breadcrumb\"},\"inLanguage\":\"pt-BR\",\"potentialAction\":[{\"@type\":\"ReadAction\",\"target\":[\"https:\/\/www.blogsoestado.com\/danielmatos\/alto-escalao-do-governo-dino-brandao-tera-novos-celulares-e-internet-mais-potente-no-periodo-eleitoral\/\"]}]},{\"@type\":\"ImageObject\",\"inLanguage\":\"pt-BR\",\"@id\":\"https:\/\/www.blogsoestado.com\/danielmatos\/alto-escalao-do-governo-dino-brandao-tera-novos-celulares-e-internet-mais-potente-no-periodo-eleitoral\/#primaryimage\",\"url\":\"https:\/\/www.blogsoestado.com\/danielmatos\/files\/2022\/03\/Screenshot_20220304-1010022.png\",\"contentUrl\":\"https:\/\/www.blogsoestado.com\/danielmatos\/files\/2022\/03\/Screenshot_20220304-1010022.png\"},{\"@type\":\"BreadcrumbList\",\"@id\":\"https:\/\/www.blogsoestado.com\/danielmatos\/alto-escalao-do-governo-dino-brandao-tera-novos-celulares-e-internet-mais-potente-no-periodo-eleitoral\/#breadcrumb\",\"itemListElement\":[{\"@type\":\"ListItem\",\"position\":1,\"name\":\"In\u00edcio\",\"item\":\"https:\/\/www.blogsoestado.com\/danielmatos\/\"},{\"@type\":\"ListItem\",\"position\":2,\"name\":\"Alto escal\u00e3o do governo Dino\/Brand\u00e3o ter\u00e1 novos celulares e internet mais potente no per\u00edodo eleitoral\"}]},{\"@type\":\"WebSite\",\"@id\":\"https:\/\/www.blogsoestado.com\/danielmatos\/#website\",\"url\":\"https:\/\/www.blogsoestado.com\/danielmatos\/\",\"name\":\"Daniel Matos\",\"description\":\"\",\"potentialAction\":[{\"@type\":\"SearchAction\",\"target\":{\"@type\":\"EntryPoint\",\"urlTemplate\":\"https:\/\/www.blogsoestado.com\/danielmatos\/?s={search_term_string}\"},\"query-input\":{\"@type\":\"PropertyValueSpecification\",\"valueRequired\":true,\"valueName\":\"search_term_string\"}}],\"inLanguage\":\"pt-BR\"}]}<\/script>\n<!-- \/ Yoast SEO plugin. -->","yoast_head_json":{"title":"Alto escal\u00e3o do governo Dino\/Brand\u00e3o ter\u00e1 novos celulares e internet mais potente no per\u00edodo eleitoral - Daniel Matos","robots":{"index":"index","follow":"follow","max-snippet":"max-snippet:-1","max-image-preview":"max-image-preview:large","max-video-preview":"max-video-preview:-1"},"canonical":"https:\/\/www.blogsoestado.com\/danielmatos\/alto-escalao-do-governo-dino-brandao-tera-novos-celulares-e-internet-mais-potente-no-periodo-eleitoral\/","og_locale":"pt_BR","og_type":"article","og_title":"Alto escal\u00e3o do governo Dino\/Brand\u00e3o ter\u00e1 novos celulares e internet mais potente no per\u00edodo eleitoral - Daniel Matos","og_description":"Casa Civil gasta quase R$ 140 mil com novos aparelhos e franquia de chamadas e dados m\u00f3veis com tecnologia mais [&hellip;]","og_url":"https:\/\/www.blogsoestado.com\/danielmatos\/alto-escalao-do-governo-dino-brandao-tera-novos-celulares-e-internet-mais-potente-no-periodo-eleitoral\/","og_site_name":"Daniel Matos","article_published_time":"2022-03-04T13:15:43+00:00","og_image":[{"url":"https:\/\/www.blogsoestado.com\/danielmatos\/files\/2022\/03\/Screenshot_20220304-1010022.png","type":"","width":"","height":""}],"twitter_card":"summary_large_image","twitter_misc":{"Est. tempo de leitura":"3 minutos"},"schema":{"@context":"https:\/\/schema.org","@graph":[{"@type":"WebPage","@id":"https:\/\/www.blogsoestado.com\/danielmatos\/alto-escalao-do-governo-dino-brandao-tera-novos-celulares-e-internet-mais-potente-no-periodo-eleitoral\/","url":"https:\/\/www.blogsoestado.com\/danielmatos\/alto-escalao-do-governo-dino-brandao-tera-novos-celulares-e-internet-mais-potente-no-periodo-eleitoral\/","name":"Alto escal\u00e3o do governo Dino\/Brand\u00e3o ter\u00e1 novos celulares e internet mais potente no per\u00edodo eleitoral - Daniel Matos","isPartOf":{"@id":"https:\/\/www.blogsoestado.com\/danielmatos\/#website"},"primaryImageOfPage":{"@id":"https:\/\/www.blogsoestado.com\/danielmatos\/alto-escalao-do-governo-dino-brandao-tera-novos-celulares-e-internet-mais-potente-no-periodo-eleitoral\/#primaryimage"},"image":{"@id":"https:\/\/www.blogsoestado.com\/danielmatos\/alto-escalao-do-governo-dino-brandao-tera-novos-celulares-e-internet-mais-potente-no-periodo-eleitoral\/#primaryimage"},"thumbnailUrl":"https:\/\/www.blogsoestado.com\/danielmatos\/files\/2022\/03\/Screenshot_20220304-1010022.png","datePublished":"2022-03-04T13:15:43+00:00","author":{"@id":""},"breadcrumb":{"@id":"https:\/\/www.blogsoestado.com\/danielmatos\/alto-escalao-do-governo-dino-brandao-tera-novos-celulares-e-internet-mais-potente-no-periodo-eleitoral\/#breadcrumb"},"inLanguage":"pt-BR","potentialAction":[{"@type":"ReadAction","target":["https:\/\/www.blogsoestado.com\/danielmatos\/alto-escalao-do-governo-dino-brandao-tera-novos-celulares-e-internet-mais-potente-no-periodo-eleitoral\/"]}]},{"@type":"ImageObject","inLanguage":"pt-BR","@id":"https:\/\/www.blogsoestado.com\/danielmatos\/alto-escalao-do-governo-dino-brandao-tera-novos-celulares-e-internet-mais-potente-no-periodo-eleitoral\/#primaryimage","url":"https:\/\/www.blogsoestado.com\/danielmatos\/files\/2022\/03\/Screenshot_20220304-1010022.png","contentUrl":"https:\/\/www.blogsoestado.com\/danielmatos\/files\/2022\/03\/Screenshot_20220304-1010022.png"},{"@type":"BreadcrumbList","@id":"https:\/\/www.blogsoestado.com\/danielmatos\/alto-escalao-do-governo-dino-brandao-tera-novos-celulares-e-internet-mais-potente-no-periodo-eleitoral\/#breadcrumb","itemListElement":[{"@type":"ListItem","position":1,"name":"In\u00edcio","item":"https:\/\/www.blogsoestado.com\/danielmatos\/"},{"@type":"ListItem","position":2,"name":"Alto escal\u00e3o do governo Dino\/Brand\u00e3o ter\u00e1 novos celulares e internet mais potente no per\u00edodo eleitoral"}]},{"@type":"WebSite","@id":"https:\/\/www.blogsoestado.com\/danielmatos\/#website","url":"https:\/\/www.blogsoestado.com\/danielmatos\/","name":"Daniel Matos","description":"","potentialAction":[{"@type":"SearchAction","target":{"@type":"EntryPoint","urlTemplate":"https:\/\/www.blogsoestado.com\/danielmatos\/?s={search_term_string}"},"query-input":{"@type":"PropertyValueSpecification","valueRequired":true,"valueName":"search_term_string"}}],"inLanguage":"pt-BR"}]}},"jetpack_featured_media_url":"","_links":{"self":[{"href":"https:\/\/www.blogsoestado.com\/danielmatos\/wp-json\/wp\/v2\/posts\/94785","targetHints":{"allow":["GET"]}}],"collection":[{"href":"https:\/\/www.blogsoestado.com\/danielmatos\/wp-json\/wp\/v2\/posts"}],"about":[{"href":"https:\/\/www.blogsoestado.com\/danielmatos\/wp-json\/wp\/v2\/types\/post"}],"replies":[{"embeddable":true,"href":"https:\/\/www.blogsoestado.com\/danielmatos\/wp-json\/wp\/v2\/comments?post=94785"}],"version-history":[{"count":0,"href":"https:\/\/www.blogsoestado.com\/danielmatos\/wp-json\/wp\/v2\/posts\/94785\/revisions"}],"wp:attachment":[{"href":"https:\/\/www.blogsoestado.com\/danielmatos\/wp-json\/wp\/v2\/media?parent=94785"}],"wp:term":[{"taxonomy":"category","embeddable":true,"href":"https:\/\/www.blogsoestado.com\/danielmatos\/wp-json\/wp\/v2\/categories?post=94785"},{"taxonomy":"post_tag","embeddable":true,"href":"https:\/\/www.blogsoestado.com\/danielmatos\/wp-json\/wp\/v2\/tags?post=94785"}],"curies":[{"name":"wp","href":"https:\/\/api.w.org\/{rel}","templated":true}]}}