{"id":94801,"date":"2022-03-04T17:38:00","date_gmt":"2022-03-04T20:38:00","guid":{"rendered":"https:\/\/www.blogsoestado.com\/danielmatos\/?p=94801"},"modified":"2022-03-04T17:38:00","modified_gmt":"2022-03-04T20:38:00","slug":"aclem-solicita-volta-da-imprensa-esportiva-a-beira-de-campo-e-fmf-da-sinal-positivo","status":"publish","type":"post","link":"https:\/\/www.blogsoestado.com\/danielmatos\/aclem-solicita-volta-da-imprensa-esportiva-a-beira-de-campo-e-fmf-da-sinal-positivo\/","title":{"rendered":"ACLEM solicita volta da imprensa esportiva \u00e0 beira de campo e FMF d\u00e1 sinal positivo"},"content":{"rendered":"\n<div class=\"wp-block-image\"><figure class=\"alignright size-large\"><a href=\"https:\/\/www.blogsoestado.com\/danielmatos\/files\/2022\/03\/16464259304192.jpg\"><img decoding=\"async\" src=\"https:\/\/www.blogsoestado.com\/danielmatos\/files\/2022\/03\/16464259304192.jpg\" alt=\"\" class=\"wp-image-94802\"\/><\/a><figcaption>O presidente da ACLEM, T\u00e9rcio Dominici, se reuniu com o vice-presidente de Competi\u00e7\u00f5es da FMF, Hans Nina<\/figcaption><\/figure><\/div>\n\n\n\n<p>Em reuni\u00e3o nessa quinta-feira (3), o presidente da Associa\u00e7\u00e3o dos Cronistas e Locutores Esportivos do Estado do Maranh\u00e3o (ACLEM), Tercio Dominici, e o vice-presidente de Competi\u00e7\u00f5es da Federa\u00e7\u00e3o Maranhense de FuteboL (FMF), Hans Nina, trataram sobre uma s\u00e9rie de assuntos de interesses das duas casas,, especialmente da imprensa esportiva. Um dos destaques da pauta foi o realinhamento do protocolo sanit\u00e1rio editado em 19 de janeiro deste ano, que estabeleceu medidas de preven\u00e7\u00e3o da Covid-19 durante os jogos de futebol nos est\u00e1dios locais.<\/p>\n\n\n\n<p>O presidente da ACLEM defendeu a reorganiza\u00e7\u00e3o do protocolo de acordo com o momento atual da pandemia,  uma vez que tem sido constatada a queda expressiva do n\u00famero de casos e \u00f3bitos por complica\u00e7\u00f5es do novo coronav\u00edrus. <\/p>\n\n\n\n<p>Tercio Dominici informou que a ACLEM, objetivamente, solicitou a autoriza\u00e7\u00e3o do retorno dos profissionais que atuam na cobertura das partidas (rep\u00f3rteres, t\u00e9cnicos, r\u00e1dio e TV e rep\u00f3rteres fotogr\u00e1ficos), al\u00e9m de ve\u00edculos alternativos, \u00e0 orla do framado nos jogos do Campeonato Maranhense deste ano, na capital e no interior, j\u00e1 a partir da decis\u00e3o do 1\u00ba turbo da competi\u00e7\u00e3o, no pr\u00f3ximo dia 12, entre Sampaio Corr\u00eaa e Moto Club.<\/p>\n\n\n\n<p><strong>Sinal positivo<\/strong><\/p>\n\n\n\n<p>&#8220;O presidente da FMF, Antonio Am\u00e9rico Lobato Gon\u00e7alves, que est\u00e1 em viagem ao Rio de Janeiro para cumprir compromissos na Confedera\u00e7\u00e3o Brasileira de Futebol (CBF) viu com bons olhos o pleito da ACLEM, considerando-o interessante e oportuno&#8221;, adiantou Dominici.<\/p>\n","protected":false},"excerpt":{"rendered":"<p>Em reuni\u00e3o nessa quinta-feira (3), o presidente da Associa\u00e7\u00e3o dos Cronistas e Locutores Esportivos do Estado do Maranh\u00e3o (ACLEM), Tercio [&hellip;]<\/p>\n","protected":false},"author":0,"featured_media":0,"comment_status":"open","ping_status":"open","sticky":false,"template":"","format":"standard","meta":{"site-sidebar-layout":"default","site-content-layout":"","ast-site-content-layout":"default","site-content-style":"default","site-sidebar-style":"default","ast-global-header-display":"","ast-banner-title-visibility":"","ast-main-header-display":"","ast-hfb-above-header-display":"","ast-hfb-below-header-display":"","ast-hfb-mobile-header-display":"","site-post-title":"","ast-breadcrumbs-content":"","ast-featured-img":"","footer-sml-layout":"","ast-disable-related-posts":"","theme-transparent-header-meta":"","adv-header-id-meta":"","stick-header-meta":"","header-above-stick-meta":"","header-main-stick-meta":"","header-below-stick-meta":"","astra-migrate-meta-layouts":"default","ast-page-background-enabled":"default","ast-page-background-meta":{"desktop":{"background-color":"var(--ast-global-color-5)","background-image":"","background-repeat":"repeat","background-position":"center center","background-size":"auto","background-attachment":"scroll","background-type":"","background-media":"","overlay-type":"","overlay-color":"","overlay-opacity":"","overlay-gradient":""},"tablet":{"background-color":"","background-image":"","background-repeat":"repeat","background-position":"center center","background-size":"auto","background-attachment":"scroll","background-type":"","background-media":"","overlay-type":"","overlay-color":"","overlay-opacity":"","overlay-gradient":""},"mobile":{"background-color":"","background-image":"","background-repeat":"repeat","background-position":"center center","background-size":"auto","background-attachment":"scroll","background-type":"","background-media":"","overlay-type":"","overlay-color":"","overlay-opacity":"","overlay-gradient":""}},"ast-content-background-meta":{"desktop":{"background-color":"var(--ast-global-color-4)","background-image":"","background-repeat":"repeat","background-position":"center center","background-size":"auto","background-attachment":"scroll","background-type":"","background-media":"","overlay-type":"","overlay-color":"","overlay-opacity":"","overlay-gradient":""},"tablet":{"background-color":"var(--ast-global-color-4)","background-image":"","background-repeat":"repeat","background-position":"center center","background-size":"auto","background-attachment":"scroll","background-type":"","background-media":"","overlay-type":"","overlay-color":"","overlay-opacity":"","overlay-gradient":""},"mobile":{"background-color":"var(--ast-global-color-4)","background-image":"","background-repeat":"repeat","background-position":"center center","background-size":"auto","background-attachment":"scroll","background-type":"","background-media":"","overlay-type":"","overlay-color":"","overlay-opacity":"","overlay-gradient":""}},"footnotes":""},"categories":[1],"tags":[],"class_list":["post-94801","post","type-post","status-publish","format-standard","hentry","category-sem-categoria"],"yoast_head":"<!-- This site is optimized with the Yoast SEO plugin v26.6 - https:\/\/yoast.com\/wordpress\/plugins\/seo\/ -->\n<title>ACLEM solicita volta da imprensa esportiva \u00e0 beira de campo e FMF d\u00e1 sinal positivo - Daniel Matos<\/title>\n<meta name=\"robots\" content=\"index, follow, max-snippet:-1, max-image-preview:large, max-video-preview:-1\" \/>\n<link rel=\"canonical\" href=\"https:\/\/www.blogsoestado.com\/danielmatos\/aclem-solicita-volta-da-imprensa-esportiva-a-beira-de-campo-e-fmf-da-sinal-positivo\/\" \/>\n<meta property=\"og:locale\" content=\"pt_BR\" \/>\n<meta property=\"og:type\" content=\"article\" \/>\n<meta property=\"og:title\" content=\"ACLEM solicita volta da imprensa esportiva \u00e0 beira de campo e FMF d\u00e1 sinal positivo - Daniel Matos\" \/>\n<meta property=\"og:description\" content=\"Em reuni\u00e3o nessa quinta-feira (3), o presidente da Associa\u00e7\u00e3o dos Cronistas e Locutores Esportivos do Estado do Maranh\u00e3o (ACLEM), Tercio [&hellip;]\" \/>\n<meta property=\"og:url\" content=\"https:\/\/www.blogsoestado.com\/danielmatos\/aclem-solicita-volta-da-imprensa-esportiva-a-beira-de-campo-e-fmf-da-sinal-positivo\/\" \/>\n<meta property=\"og:site_name\" content=\"Daniel Matos\" \/>\n<meta property=\"article:published_time\" content=\"2022-03-04T20:38:00+00:00\" \/>\n<meta property=\"og:image\" content=\"https:\/\/www.blogsoestado.com\/danielmatos\/files\/2022\/03\/16464259304192.jpg\" \/>\n<meta name=\"twitter:card\" content=\"summary_large_image\" \/>\n<meta name=\"twitter:label1\" content=\"Est. tempo de leitura\" \/>\n\t<meta name=\"twitter:data1\" content=\"2 minutos\" \/>\n<script type=\"application\/ld+json\" class=\"yoast-schema-graph\">{\"@context\":\"https:\/\/schema.org\",\"@graph\":[{\"@type\":\"WebPage\",\"@id\":\"https:\/\/www.blogsoestado.com\/danielmatos\/aclem-solicita-volta-da-imprensa-esportiva-a-beira-de-campo-e-fmf-da-sinal-positivo\/\",\"url\":\"https:\/\/www.blogsoestado.com\/danielmatos\/aclem-solicita-volta-da-imprensa-esportiva-a-beira-de-campo-e-fmf-da-sinal-positivo\/\",\"name\":\"ACLEM solicita volta da imprensa esportiva \u00e0 beira de campo e FMF d\u00e1 sinal positivo - Daniel Matos\",\"isPartOf\":{\"@id\":\"https:\/\/www.blogsoestado.com\/danielmatos\/#website\"},\"primaryImageOfPage\":{\"@id\":\"https:\/\/www.blogsoestado.com\/danielmatos\/aclem-solicita-volta-da-imprensa-esportiva-a-beira-de-campo-e-fmf-da-sinal-positivo\/#primaryimage\"},\"image\":{\"@id\":\"https:\/\/www.blogsoestado.com\/danielmatos\/aclem-solicita-volta-da-imprensa-esportiva-a-beira-de-campo-e-fmf-da-sinal-positivo\/#primaryimage\"},\"thumbnailUrl\":\"https:\/\/www.blogsoestado.com\/danielmatos\/files\/2022\/03\/16464259304192.jpg\",\"datePublished\":\"2022-03-04T20:38:00+00:00\",\"author\":{\"@id\":\"\"},\"breadcrumb\":{\"@id\":\"https:\/\/www.blogsoestado.com\/danielmatos\/aclem-solicita-volta-da-imprensa-esportiva-a-beira-de-campo-e-fmf-da-sinal-positivo\/#breadcrumb\"},\"inLanguage\":\"pt-BR\",\"potentialAction\":[{\"@type\":\"ReadAction\",\"target\":[\"https:\/\/www.blogsoestado.com\/danielmatos\/aclem-solicita-volta-da-imprensa-esportiva-a-beira-de-campo-e-fmf-da-sinal-positivo\/\"]}]},{\"@type\":\"ImageObject\",\"inLanguage\":\"pt-BR\",\"@id\":\"https:\/\/www.blogsoestado.com\/danielmatos\/aclem-solicita-volta-da-imprensa-esportiva-a-beira-de-campo-e-fmf-da-sinal-positivo\/#primaryimage\",\"url\":\"https:\/\/www.blogsoestado.com\/danielmatos\/files\/2022\/03\/16464259304192.jpg\",\"contentUrl\":\"https:\/\/www.blogsoestado.com\/danielmatos\/files\/2022\/03\/16464259304192.jpg\"},{\"@type\":\"BreadcrumbList\",\"@id\":\"https:\/\/www.blogsoestado.com\/danielmatos\/aclem-solicita-volta-da-imprensa-esportiva-a-beira-de-campo-e-fmf-da-sinal-positivo\/#breadcrumb\",\"itemListElement\":[{\"@type\":\"ListItem\",\"position\":1,\"name\":\"In\u00edcio\",\"item\":\"https:\/\/www.blogsoestado.com\/danielmatos\/\"},{\"@type\":\"ListItem\",\"position\":2,\"name\":\"ACLEM solicita volta da imprensa esportiva \u00e0 beira de campo e FMF d\u00e1 sinal positivo\"}]},{\"@type\":\"WebSite\",\"@id\":\"https:\/\/www.blogsoestado.com\/danielmatos\/#website\",\"url\":\"https:\/\/www.blogsoestado.com\/danielmatos\/\",\"name\":\"Daniel Matos\",\"description\":\"\",\"potentialAction\":[{\"@type\":\"SearchAction\",\"target\":{\"@type\":\"EntryPoint\",\"urlTemplate\":\"https:\/\/www.blogsoestado.com\/danielmatos\/?s={search_term_string}\"},\"query-input\":{\"@type\":\"PropertyValueSpecification\",\"valueRequired\":true,\"valueName\":\"search_term_string\"}}],\"inLanguage\":\"pt-BR\"}]}<\/script>\n<!-- \/ Yoast SEO plugin. -->","yoast_head_json":{"title":"ACLEM solicita volta da imprensa esportiva \u00e0 beira de campo e FMF d\u00e1 sinal positivo - Daniel Matos","robots":{"index":"index","follow":"follow","max-snippet":"max-snippet:-1","max-image-preview":"max-image-preview:large","max-video-preview":"max-video-preview:-1"},"canonical":"https:\/\/www.blogsoestado.com\/danielmatos\/aclem-solicita-volta-da-imprensa-esportiva-a-beira-de-campo-e-fmf-da-sinal-positivo\/","og_locale":"pt_BR","og_type":"article","og_title":"ACLEM solicita volta da imprensa esportiva \u00e0 beira de campo e FMF d\u00e1 sinal positivo - Daniel Matos","og_description":"Em reuni\u00e3o nessa quinta-feira (3), o presidente da Associa\u00e7\u00e3o dos Cronistas e Locutores Esportivos do Estado do Maranh\u00e3o (ACLEM), Tercio [&hellip;]","og_url":"https:\/\/www.blogsoestado.com\/danielmatos\/aclem-solicita-volta-da-imprensa-esportiva-a-beira-de-campo-e-fmf-da-sinal-positivo\/","og_site_name":"Daniel Matos","article_published_time":"2022-03-04T20:38:00+00:00","og_image":[{"url":"https:\/\/www.blogsoestado.com\/danielmatos\/files\/2022\/03\/16464259304192.jpg","type":"","width":"","height":""}],"twitter_card":"summary_large_image","twitter_misc":{"Est. tempo de leitura":"2 minutos"},"schema":{"@context":"https:\/\/schema.org","@graph":[{"@type":"WebPage","@id":"https:\/\/www.blogsoestado.com\/danielmatos\/aclem-solicita-volta-da-imprensa-esportiva-a-beira-de-campo-e-fmf-da-sinal-positivo\/","url":"https:\/\/www.blogsoestado.com\/danielmatos\/aclem-solicita-volta-da-imprensa-esportiva-a-beira-de-campo-e-fmf-da-sinal-positivo\/","name":"ACLEM solicita volta da imprensa esportiva \u00e0 beira de campo e FMF d\u00e1 sinal positivo - Daniel Matos","isPartOf":{"@id":"https:\/\/www.blogsoestado.com\/danielmatos\/#website"},"primaryImageOfPage":{"@id":"https:\/\/www.blogsoestado.com\/danielmatos\/aclem-solicita-volta-da-imprensa-esportiva-a-beira-de-campo-e-fmf-da-sinal-positivo\/#primaryimage"},"image":{"@id":"https:\/\/www.blogsoestado.com\/danielmatos\/aclem-solicita-volta-da-imprensa-esportiva-a-beira-de-campo-e-fmf-da-sinal-positivo\/#primaryimage"},"thumbnailUrl":"https:\/\/www.blogsoestado.com\/danielmatos\/files\/2022\/03\/16464259304192.jpg","datePublished":"2022-03-04T20:38:00+00:00","author":{"@id":""},"breadcrumb":{"@id":"https:\/\/www.blogsoestado.com\/danielmatos\/aclem-solicita-volta-da-imprensa-esportiva-a-beira-de-campo-e-fmf-da-sinal-positivo\/#breadcrumb"},"inLanguage":"pt-BR","potentialAction":[{"@type":"ReadAction","target":["https:\/\/www.blogsoestado.com\/danielmatos\/aclem-solicita-volta-da-imprensa-esportiva-a-beira-de-campo-e-fmf-da-sinal-positivo\/"]}]},{"@type":"ImageObject","inLanguage":"pt-BR","@id":"https:\/\/www.blogsoestado.com\/danielmatos\/aclem-solicita-volta-da-imprensa-esportiva-a-beira-de-campo-e-fmf-da-sinal-positivo\/#primaryimage","url":"https:\/\/www.blogsoestado.com\/danielmatos\/files\/2022\/03\/16464259304192.jpg","contentUrl":"https:\/\/www.blogsoestado.com\/danielmatos\/files\/2022\/03\/16464259304192.jpg"},{"@type":"BreadcrumbList","@id":"https:\/\/www.blogsoestado.com\/danielmatos\/aclem-solicita-volta-da-imprensa-esportiva-a-beira-de-campo-e-fmf-da-sinal-positivo\/#breadcrumb","itemListElement":[{"@type":"ListItem","position":1,"name":"In\u00edcio","item":"https:\/\/www.blogsoestado.com\/danielmatos\/"},{"@type":"ListItem","position":2,"name":"ACLEM solicita volta da imprensa esportiva \u00e0 beira de campo e FMF d\u00e1 sinal positivo"}]},{"@type":"WebSite","@id":"https:\/\/www.blogsoestado.com\/danielmatos\/#website","url":"https:\/\/www.blogsoestado.com\/danielmatos\/","name":"Daniel Matos","description":"","potentialAction":[{"@type":"SearchAction","target":{"@type":"EntryPoint","urlTemplate":"https:\/\/www.blogsoestado.com\/danielmatos\/?s={search_term_string}"},"query-input":{"@type":"PropertyValueSpecification","valueRequired":true,"valueName":"search_term_string"}}],"inLanguage":"pt-BR"}]}},"jetpack_featured_media_url":"","_links":{"self":[{"href":"https:\/\/www.blogsoestado.com\/danielmatos\/wp-json\/wp\/v2\/posts\/94801","targetHints":{"allow":["GET"]}}],"collection":[{"href":"https:\/\/www.blogsoestado.com\/danielmatos\/wp-json\/wp\/v2\/posts"}],"about":[{"href":"https:\/\/www.blogsoestado.com\/danielmatos\/wp-json\/wp\/v2\/types\/post"}],"replies":[{"embeddable":true,"href":"https:\/\/www.blogsoestado.com\/danielmatos\/wp-json\/wp\/v2\/comments?post=94801"}],"version-history":[{"count":0,"href":"https:\/\/www.blogsoestado.com\/danielmatos\/wp-json\/wp\/v2\/posts\/94801\/revisions"}],"wp:attachment":[{"href":"https:\/\/www.blogsoestado.com\/danielmatos\/wp-json\/wp\/v2\/media?parent=94801"}],"wp:term":[{"taxonomy":"category","embeddable":true,"href":"https:\/\/www.blogsoestado.com\/danielmatos\/wp-json\/wp\/v2\/categories?post=94801"},{"taxonomy":"post_tag","embeddable":true,"href":"https:\/\/www.blogsoestado.com\/danielmatos\/wp-json\/wp\/v2\/tags?post=94801"}],"curies":[{"name":"wp","href":"https:\/\/api.w.org\/{rel}","templated":true}]}}