{"id":94805,"date":"2022-03-04T18:31:46","date_gmt":"2022-03-04T21:31:46","guid":{"rendered":"https:\/\/www.blogsoestado.com\/danielmatos\/?p=94805"},"modified":"2022-03-04T18:31:46","modified_gmt":"2022-03-04T21:31:46","slug":"a-obesidade-e-uma-doenca-cronica-e-triplica-as-complicacoes-por-covid-19-alerta-dr-gutemberg","status":"publish","type":"post","link":"https:\/\/www.blogsoestado.com\/danielmatos\/a-obesidade-e-uma-doenca-cronica-e-triplica-as-complicacoes-por-covid-19-alerta-dr-gutemberg\/","title":{"rendered":"\u201cA obesidade \u00e9 uma doen\u00e7a cr\u00f4nica e triplica as complica\u00e7\u00f5es por Covid-19\u201d, alerta Dr. Gutemberg"},"content":{"rendered":"\n<div class=\"wp-block-image\"><figure class=\"aligncenter size-large\"><a href=\"https:\/\/www.blogsoestado.com\/danielmatos\/files\/2022\/03\/Screenshot_20220304-1828392.png\"><img decoding=\"async\" src=\"https:\/\/www.blogsoestado.com\/danielmatos\/files\/2022\/03\/Screenshot_20220304-1828392.png\" alt=\"\" class=\"wp-image-94806\"\/><\/a><figcaption>Dr. Gutemberg mencionou um estudo brasileiro publicado na revista cient\u00edfica \u2018The Lancet\u2019 que apontou para o aumento da mortalidade por Covid-19 em pacientes obesos entre 20 e 39 anos<\/figcaption><\/figure><\/div>\n\n\n\n<p>No Dia Mundial da Obesidade, celebrado na sexta-feira (04 de mar\u00e7o), o vice-presidente da C\u00e2mara Municipal de S\u00e3o Lu\u00eds, o vereador e m\u00e9dico cirurgi\u00e3o, Dr. Gutemberg, aproveitou a data para emitir mais um alerta sobre os riscos de complica\u00e7\u00f5es por Covid-19 devido \u00e0 obesidade.<\/p>\n\n\n\n<p>Dr. Gutemberg citou um estudo brasileiro publicado na revista cient\u00edfica \u2018The Lancet\u2019 que apontou para o aumento da mortalidade por Covid-19 em pacientes obesos entre 20 e 39 anos.<\/p>\n\n\n\n<p>\u201cA obesidade \u00e9 uma doen\u00e7a que aumenta os fatores inflamat\u00f3rios do corpo e potencializa o agravamento por Covid-19. Indiv\u00edduos obesos ou acima do peso t\u00eam ainda maior probabilidade de desenvolver c\u00e2ncer. A doen\u00e7a pode ser contornada quando se busca um tratamento e o apoio do profissional adequado para retornar \u00e0 vida saud\u00e1vel\u201d, afirma Dr. Gutemberg.&nbsp;<\/p>\n\n\n\n<p>O parlamentar lembrou ainda que a obesidade causa v\u00e1rias doen\u00e7as cr\u00f4nicas: diabetes, colesterol alto, hipertens\u00e3o ou cardiopatias, doen\u00e7as respirat\u00f3rias e outras.<\/p>\n\n\n\n<p>Na C\u00e2mara Municipal de S\u00e3o Lu\u00eds, Dr. Gutemberg criou v\u00e1rias Leis e Projetos para combater a obesidade na cidade. Ele \u00e9 autor do programa Municipal de Preven\u00e7\u00e3o e Controle de Obesidade em crian\u00e7as e adolescentes; criou tamb\u00e9m a Lei que institui a \u2018Semana Municipal de Combate \u00e0 Obesidade M\u00f3rbida\u2019; e Lei que desobriga os passageiros obesos de utilizarem as catracas dos \u00f4nibus que integram o sistema de Transporte P\u00fablico.<br>&nbsp;<br>Al\u00e9m das a\u00e7\u00f5es no parlamento municipal, Dr. Gutemberg atua em outras frentes para combater a doen\u00e7a.<\/p>\n\n\n\n<p>Professor do curso de Medicina da Universidade Federal do Maranh\u00e3o (UFMA), Dr. Gutemberg \u00e9 o coordenador do servi\u00e7o de cirurgia bari\u00e1trica do Hospital Universit\u00e1rio (HU-UFMA).<\/p>\n\n\n\n<p>Mesmo com as dificuldades impostas pela pandemia, o servi\u00e7o de cirurgia bari\u00e1trica do HU- UFMA foi destaque nacional, no ano passado. A equipe multidisciplinar, coordenada pelo Dr. Gutemberg, realizou 69 cirurgias. J\u00e1 no ambulat\u00f3rio foram atendidos 2.951 pacientes. Outro destaque importante foi a mortalidade zero.<\/p>\n","protected":false},"excerpt":{"rendered":"<p>No Dia Mundial da Obesidade, celebrado na sexta-feira (04 de mar\u00e7o), o vice-presidente da C\u00e2mara Municipal de S\u00e3o Lu\u00eds, o [&hellip;]<\/p>\n","protected":false},"author":0,"featured_media":0,"comment_status":"open","ping_status":"open","sticky":false,"template":"","format":"standard","meta":{"site-sidebar-layout":"default","site-content-layout":"","ast-site-content-layout":"default","site-content-style":"default","site-sidebar-style":"default","ast-global-header-display":"","ast-banner-title-visibility":"","ast-main-header-display":"","ast-hfb-above-header-display":"","ast-hfb-below-header-display":"","ast-hfb-mobile-header-display":"","site-post-title":"","ast-breadcrumbs-content":"","ast-featured-img":"","footer-sml-layout":"","ast-disable-related-posts":"","theme-transparent-header-meta":"","adv-header-id-meta":"","stick-header-meta":"","header-above-stick-meta":"","header-main-stick-meta":"","header-below-stick-meta":"","astra-migrate-meta-layouts":"default","ast-page-background-enabled":"default","ast-page-background-meta":{"desktop":{"background-color":"var(--ast-global-color-5)","background-image":"","background-repeat":"repeat","background-position":"center center","background-size":"auto","background-attachment":"scroll","background-type":"","background-media":"","overlay-type":"","overlay-color":"","overlay-opacity":"","overlay-gradient":""},"tablet":{"background-color":"","background-image":"","background-repeat":"repeat","background-position":"center center","background-size":"auto","background-attachment":"scroll","background-type":"","background-media":"","overlay-type":"","overlay-color":"","overlay-opacity":"","overlay-gradient":""},"mobile":{"background-color":"","background-image":"","background-repeat":"repeat","background-position":"center center","background-size":"auto","background-attachment":"scroll","background-type":"","background-media":"","overlay-type":"","overlay-color":"","overlay-opacity":"","overlay-gradient":""}},"ast-content-background-meta":{"desktop":{"background-color":"var(--ast-global-color-4)","background-image":"","background-repeat":"repeat","background-position":"center center","background-size":"auto","background-attachment":"scroll","background-type":"","background-media":"","overlay-type":"","overlay-color":"","overlay-opacity":"","overlay-gradient":""},"tablet":{"background-color":"var(--ast-global-color-4)","background-image":"","background-repeat":"repeat","background-position":"center center","background-size":"auto","background-attachment":"scroll","background-type":"","background-media":"","overlay-type":"","overlay-color":"","overlay-opacity":"","overlay-gradient":""},"mobile":{"background-color":"var(--ast-global-color-4)","background-image":"","background-repeat":"repeat","background-position":"center center","background-size":"auto","background-attachment":"scroll","background-type":"","background-media":"","overlay-type":"","overlay-color":"","overlay-opacity":"","overlay-gradient":""}},"footnotes":""},"categories":[1],"tags":[],"class_list":["post-94805","post","type-post","status-publish","format-standard","hentry","category-sem-categoria"],"yoast_head":"<!-- This site is optimized with the Yoast SEO plugin v26.6 - https:\/\/yoast.com\/wordpress\/plugins\/seo\/ -->\n<title>\u201cA obesidade \u00e9 uma doen\u00e7a cr\u00f4nica e triplica as complica\u00e7\u00f5es por Covid-19\u201d, alerta Dr. Gutemberg - Daniel Matos<\/title>\n<meta name=\"robots\" content=\"index, follow, max-snippet:-1, max-image-preview:large, max-video-preview:-1\" \/>\n<link rel=\"canonical\" href=\"https:\/\/www.blogsoestado.com\/danielmatos\/a-obesidade-e-uma-doenca-cronica-e-triplica-as-complicacoes-por-covid-19-alerta-dr-gutemberg\/\" \/>\n<meta property=\"og:locale\" content=\"pt_BR\" \/>\n<meta property=\"og:type\" content=\"article\" \/>\n<meta property=\"og:title\" content=\"\u201cA obesidade \u00e9 uma doen\u00e7a cr\u00f4nica e triplica as complica\u00e7\u00f5es por Covid-19\u201d, alerta Dr. Gutemberg - Daniel Matos\" \/>\n<meta property=\"og:description\" content=\"No Dia Mundial da Obesidade, celebrado na sexta-feira (04 de mar\u00e7o), o vice-presidente da C\u00e2mara Municipal de S\u00e3o Lu\u00eds, o [&hellip;]\" \/>\n<meta property=\"og:url\" content=\"https:\/\/www.blogsoestado.com\/danielmatos\/a-obesidade-e-uma-doenca-cronica-e-triplica-as-complicacoes-por-covid-19-alerta-dr-gutemberg\/\" \/>\n<meta property=\"og:site_name\" content=\"Daniel Matos\" \/>\n<meta property=\"article:published_time\" content=\"2022-03-04T21:31:46+00:00\" \/>\n<meta property=\"og:image\" content=\"https:\/\/www.blogsoestado.com\/danielmatos\/files\/2022\/03\/Screenshot_20220304-1828392.png\" \/>\n<meta name=\"twitter:card\" content=\"summary_large_image\" \/>\n<meta name=\"twitter:label1\" content=\"Est. tempo de leitura\" \/>\n\t<meta name=\"twitter:data1\" content=\"2 minutos\" \/>\n<script type=\"application\/ld+json\" class=\"yoast-schema-graph\">{\"@context\":\"https:\/\/schema.org\",\"@graph\":[{\"@type\":\"WebPage\",\"@id\":\"https:\/\/www.blogsoestado.com\/danielmatos\/a-obesidade-e-uma-doenca-cronica-e-triplica-as-complicacoes-por-covid-19-alerta-dr-gutemberg\/\",\"url\":\"https:\/\/www.blogsoestado.com\/danielmatos\/a-obesidade-e-uma-doenca-cronica-e-triplica-as-complicacoes-por-covid-19-alerta-dr-gutemberg\/\",\"name\":\"\u201cA obesidade \u00e9 uma doen\u00e7a cr\u00f4nica e triplica as complica\u00e7\u00f5es por Covid-19\u201d, alerta Dr. Gutemberg - Daniel Matos\",\"isPartOf\":{\"@id\":\"https:\/\/www.blogsoestado.com\/danielmatos\/#website\"},\"primaryImageOfPage\":{\"@id\":\"https:\/\/www.blogsoestado.com\/danielmatos\/a-obesidade-e-uma-doenca-cronica-e-triplica-as-complicacoes-por-covid-19-alerta-dr-gutemberg\/#primaryimage\"},\"image\":{\"@id\":\"https:\/\/www.blogsoestado.com\/danielmatos\/a-obesidade-e-uma-doenca-cronica-e-triplica-as-complicacoes-por-covid-19-alerta-dr-gutemberg\/#primaryimage\"},\"thumbnailUrl\":\"https:\/\/www.blogsoestado.com\/danielmatos\/files\/2022\/03\/Screenshot_20220304-1828392.png\",\"datePublished\":\"2022-03-04T21:31:46+00:00\",\"author\":{\"@id\":\"\"},\"breadcrumb\":{\"@id\":\"https:\/\/www.blogsoestado.com\/danielmatos\/a-obesidade-e-uma-doenca-cronica-e-triplica-as-complicacoes-por-covid-19-alerta-dr-gutemberg\/#breadcrumb\"},\"inLanguage\":\"pt-BR\",\"potentialAction\":[{\"@type\":\"ReadAction\",\"target\":[\"https:\/\/www.blogsoestado.com\/danielmatos\/a-obesidade-e-uma-doenca-cronica-e-triplica-as-complicacoes-por-covid-19-alerta-dr-gutemberg\/\"]}]},{\"@type\":\"ImageObject\",\"inLanguage\":\"pt-BR\",\"@id\":\"https:\/\/www.blogsoestado.com\/danielmatos\/a-obesidade-e-uma-doenca-cronica-e-triplica-as-complicacoes-por-covid-19-alerta-dr-gutemberg\/#primaryimage\",\"url\":\"https:\/\/www.blogsoestado.com\/danielmatos\/files\/2022\/03\/Screenshot_20220304-1828392.png\",\"contentUrl\":\"https:\/\/www.blogsoestado.com\/danielmatos\/files\/2022\/03\/Screenshot_20220304-1828392.png\"},{\"@type\":\"BreadcrumbList\",\"@id\":\"https:\/\/www.blogsoestado.com\/danielmatos\/a-obesidade-e-uma-doenca-cronica-e-triplica-as-complicacoes-por-covid-19-alerta-dr-gutemberg\/#breadcrumb\",\"itemListElement\":[{\"@type\":\"ListItem\",\"position\":1,\"name\":\"In\u00edcio\",\"item\":\"https:\/\/www.blogsoestado.com\/danielmatos\/\"},{\"@type\":\"ListItem\",\"position\":2,\"name\":\"\u201cA obesidade \u00e9 uma doen\u00e7a cr\u00f4nica e triplica as complica\u00e7\u00f5es por Covid-19\u201d, alerta Dr. Gutemberg\"}]},{\"@type\":\"WebSite\",\"@id\":\"https:\/\/www.blogsoestado.com\/danielmatos\/#website\",\"url\":\"https:\/\/www.blogsoestado.com\/danielmatos\/\",\"name\":\"Daniel Matos\",\"description\":\"\",\"potentialAction\":[{\"@type\":\"SearchAction\",\"target\":{\"@type\":\"EntryPoint\",\"urlTemplate\":\"https:\/\/www.blogsoestado.com\/danielmatos\/?s={search_term_string}\"},\"query-input\":{\"@type\":\"PropertyValueSpecification\",\"valueRequired\":true,\"valueName\":\"search_term_string\"}}],\"inLanguage\":\"pt-BR\"}]}<\/script>\n<!-- \/ Yoast SEO plugin. -->","yoast_head_json":{"title":"\u201cA obesidade \u00e9 uma doen\u00e7a cr\u00f4nica e triplica as complica\u00e7\u00f5es por Covid-19\u201d, alerta Dr. Gutemberg - Daniel Matos","robots":{"index":"index","follow":"follow","max-snippet":"max-snippet:-1","max-image-preview":"max-image-preview:large","max-video-preview":"max-video-preview:-1"},"canonical":"https:\/\/www.blogsoestado.com\/danielmatos\/a-obesidade-e-uma-doenca-cronica-e-triplica-as-complicacoes-por-covid-19-alerta-dr-gutemberg\/","og_locale":"pt_BR","og_type":"article","og_title":"\u201cA obesidade \u00e9 uma doen\u00e7a cr\u00f4nica e triplica as complica\u00e7\u00f5es por Covid-19\u201d, alerta Dr. Gutemberg - Daniel Matos","og_description":"No Dia Mundial da Obesidade, celebrado na sexta-feira (04 de mar\u00e7o), o vice-presidente da C\u00e2mara Municipal de S\u00e3o Lu\u00eds, o [&hellip;]","og_url":"https:\/\/www.blogsoestado.com\/danielmatos\/a-obesidade-e-uma-doenca-cronica-e-triplica-as-complicacoes-por-covid-19-alerta-dr-gutemberg\/","og_site_name":"Daniel Matos","article_published_time":"2022-03-04T21:31:46+00:00","og_image":[{"url":"https:\/\/www.blogsoestado.com\/danielmatos\/files\/2022\/03\/Screenshot_20220304-1828392.png","type":"","width":"","height":""}],"twitter_card":"summary_large_image","twitter_misc":{"Est. tempo de leitura":"2 minutos"},"schema":{"@context":"https:\/\/schema.org","@graph":[{"@type":"WebPage","@id":"https:\/\/www.blogsoestado.com\/danielmatos\/a-obesidade-e-uma-doenca-cronica-e-triplica-as-complicacoes-por-covid-19-alerta-dr-gutemberg\/","url":"https:\/\/www.blogsoestado.com\/danielmatos\/a-obesidade-e-uma-doenca-cronica-e-triplica-as-complicacoes-por-covid-19-alerta-dr-gutemberg\/","name":"\u201cA obesidade \u00e9 uma doen\u00e7a cr\u00f4nica e triplica as complica\u00e7\u00f5es por Covid-19\u201d, alerta Dr. Gutemberg - Daniel Matos","isPartOf":{"@id":"https:\/\/www.blogsoestado.com\/danielmatos\/#website"},"primaryImageOfPage":{"@id":"https:\/\/www.blogsoestado.com\/danielmatos\/a-obesidade-e-uma-doenca-cronica-e-triplica-as-complicacoes-por-covid-19-alerta-dr-gutemberg\/#primaryimage"},"image":{"@id":"https:\/\/www.blogsoestado.com\/danielmatos\/a-obesidade-e-uma-doenca-cronica-e-triplica-as-complicacoes-por-covid-19-alerta-dr-gutemberg\/#primaryimage"},"thumbnailUrl":"https:\/\/www.blogsoestado.com\/danielmatos\/files\/2022\/03\/Screenshot_20220304-1828392.png","datePublished":"2022-03-04T21:31:46+00:00","author":{"@id":""},"breadcrumb":{"@id":"https:\/\/www.blogsoestado.com\/danielmatos\/a-obesidade-e-uma-doenca-cronica-e-triplica-as-complicacoes-por-covid-19-alerta-dr-gutemberg\/#breadcrumb"},"inLanguage":"pt-BR","potentialAction":[{"@type":"ReadAction","target":["https:\/\/www.blogsoestado.com\/danielmatos\/a-obesidade-e-uma-doenca-cronica-e-triplica-as-complicacoes-por-covid-19-alerta-dr-gutemberg\/"]}]},{"@type":"ImageObject","inLanguage":"pt-BR","@id":"https:\/\/www.blogsoestado.com\/danielmatos\/a-obesidade-e-uma-doenca-cronica-e-triplica-as-complicacoes-por-covid-19-alerta-dr-gutemberg\/#primaryimage","url":"https:\/\/www.blogsoestado.com\/danielmatos\/files\/2022\/03\/Screenshot_20220304-1828392.png","contentUrl":"https:\/\/www.blogsoestado.com\/danielmatos\/files\/2022\/03\/Screenshot_20220304-1828392.png"},{"@type":"BreadcrumbList","@id":"https:\/\/www.blogsoestado.com\/danielmatos\/a-obesidade-e-uma-doenca-cronica-e-triplica-as-complicacoes-por-covid-19-alerta-dr-gutemberg\/#breadcrumb","itemListElement":[{"@type":"ListItem","position":1,"name":"In\u00edcio","item":"https:\/\/www.blogsoestado.com\/danielmatos\/"},{"@type":"ListItem","position":2,"name":"\u201cA obesidade \u00e9 uma doen\u00e7a cr\u00f4nica e triplica as complica\u00e7\u00f5es por Covid-19\u201d, alerta Dr. Gutemberg"}]},{"@type":"WebSite","@id":"https:\/\/www.blogsoestado.com\/danielmatos\/#website","url":"https:\/\/www.blogsoestado.com\/danielmatos\/","name":"Daniel Matos","description":"","potentialAction":[{"@type":"SearchAction","target":{"@type":"EntryPoint","urlTemplate":"https:\/\/www.blogsoestado.com\/danielmatos\/?s={search_term_string}"},"query-input":{"@type":"PropertyValueSpecification","valueRequired":true,"valueName":"search_term_string"}}],"inLanguage":"pt-BR"}]}},"jetpack_featured_media_url":"","_links":{"self":[{"href":"https:\/\/www.blogsoestado.com\/danielmatos\/wp-json\/wp\/v2\/posts\/94805","targetHints":{"allow":["GET"]}}],"collection":[{"href":"https:\/\/www.blogsoestado.com\/danielmatos\/wp-json\/wp\/v2\/posts"}],"about":[{"href":"https:\/\/www.blogsoestado.com\/danielmatos\/wp-json\/wp\/v2\/types\/post"}],"replies":[{"embeddable":true,"href":"https:\/\/www.blogsoestado.com\/danielmatos\/wp-json\/wp\/v2\/comments?post=94805"}],"version-history":[{"count":0,"href":"https:\/\/www.blogsoestado.com\/danielmatos\/wp-json\/wp\/v2\/posts\/94805\/revisions"}],"wp:attachment":[{"href":"https:\/\/www.blogsoestado.com\/danielmatos\/wp-json\/wp\/v2\/media?parent=94805"}],"wp:term":[{"taxonomy":"category","embeddable":true,"href":"https:\/\/www.blogsoestado.com\/danielmatos\/wp-json\/wp\/v2\/categories?post=94805"},{"taxonomy":"post_tag","embeddable":true,"href":"https:\/\/www.blogsoestado.com\/danielmatos\/wp-json\/wp\/v2\/tags?post=94805"}],"curies":[{"name":"wp","href":"https:\/\/api.w.org\/{rel}","templated":true}]}}