{"id":94808,"date":"2022-03-04T19:24:00","date_gmt":"2022-03-04T22:24:00","guid":{"rendered":"https:\/\/www.blogsoestado.com\/danielmatos\/?p=94808"},"modified":"2022-03-04T19:24:00","modified_gmt":"2022-03-04T22:24:00","slug":"pstu-define-seus-candidatos-ao-governo-e-ao-senado","status":"publish","type":"post","link":"https:\/\/www.blogsoestado.com\/danielmatos\/pstu-define-seus-candidatos-ao-governo-e-ao-senado\/","title":{"rendered":"PSTU define seus candidatos ao Governo e ao Senado"},"content":{"rendered":"\n<p><strong><span class=\"has-inline-color has-vivid-red-color\">Em plen\u00e1ria realizada no \u00faltimo dia 17, o partido confirmou as pr\u00e9-candidaturas majorit\u00e1rias para elei\u00e7\u00f5es de 2022<\/span><\/strong><\/p>\n\n\n\n<div class=\"wp-block-image\"><figure class=\"aligncenter size-large\"><a href=\"https:\/\/www.blogsoestado.com\/danielmatos\/files\/2022\/03\/Screenshot_20220304-1922102.png\"><img decoding=\"async\" src=\"https:\/\/www.blogsoestado.com\/danielmatos\/files\/2022\/03\/Screenshot_20220304-1922102.png\" alt=\"\" class=\"wp-image-94811\"\/><\/a><\/figure><\/div>\n\n\n\n<p>Apesar da falsa democracia no processo eleitoral que retirou o pouqu\u00edssimo tempo de r\u00e1dio e televis\u00e3o que o partido possu\u00eda, a agremia\u00e7\u00e3o partid\u00e1ria apresentar\u00e1 nomes para os cargos majorit\u00e1rios de Governo, Senado e para os cargos proporcionais de deputados federais e estaduais na elei\u00e7\u00e3o deste ano.<\/p>\n\n\n\n<p>As candidaturas do PSTU denunciar\u00e3o a impossibilidade de reformar o sistema capitalista de maneira a atender aos interesses da classe trabalhadora, pois isso s\u00f3 ocorrer\u00e1 quando se alcan\u00e7ar uma nova sociedade igualit\u00e1ria e socialista.<\/p>\n\n\n\n<p>\u201cO que sempre presenciamos ao longo da hist\u00f3ria foram governantes que, apesar de dizerem que governar\u00e3o para o povo, sempre acabam atacando nossa classe para atender aos interesses capitalistas, ocasionando situa\u00e7\u00f5es como vimos nesse per\u00edodo de pandemia, onde os ricos ficaram mais ricos e pobres ficaram mais pobres\u201d, diz a resolu\u00e7\u00e3o pol\u00edtica aprovada na plen\u00e1ria.<\/p>\n\n\n\n<p>\u201cNosso estado j\u00e1 possui nome entre os bilion\u00e1rios do pa\u00eds, segundo a Revista Forbes. Enquanto isso, nosso povo ainda amarga o pior \u00edndice de desenvolvimento humano do Brasil. O choque de capitalismo que Fl\u00e1vio Dino prometeu e cumpriu est\u00e1 eletrocutando o nosso povo no campo e na cidade.<\/p>\n\n\n\n<p>Diante desse quadro em nosso estado, os nomes j\u00e1 definidos como pr\u00e9-candidatos s\u00e3o os de Hertz Dias para governo e Saulo Arcangeli para o senado federal. As candidaturas para os demais cargos passam por di\u00e1logo com a milit\u00e2ncia interna e com ativistas de outras organiza\u00e7\u00f5es e movimentos, j\u00e1 que o partido tem a defini\u00e7\u00e3o da possibilidade de cess\u00e3o de legenda e composi\u00e7\u00e3o de candidaturas coletivas com lutadores e lutadoras do campo e da cidade\u201d, aponta a resolu\u00e7\u00e3o.<\/p>\n\n\n\n<p><strong>Quem s\u00e3o os pr\u00e9-candidatos do PSTU ao governo e senado?<\/strong><\/p>\n\n\n\n<div class=\"wp-block-image\"><figure class=\"aligncenter size-large\"><a href=\"https:\/\/www.blogsoestado.com\/danielmatos\/files\/2022\/03\/Screenshot_20220304-1908182.png\"><img decoding=\"async\" src=\"https:\/\/www.blogsoestado.com\/danielmatos\/files\/2022\/03\/Screenshot_20220304-1908182.png\" alt=\"\" class=\"wp-image-94810\"\/><\/a><figcaption>Depois de disputar a elei\u00e7\u00e3o para prefeito de S\u00e3o Lu\u00eds em 2020, Hertz Dias concorrer\u00e1 ao mandato de governador<\/figcaption><\/figure><\/div>\n\n\n\n<p><strong>Hertz da Concei\u00e7\u00e3o Dias<\/strong>, pr\u00e9-candidato ao Governo do Maranh\u00e3o, \u00e9 natural de S\u00e3o Jos\u00e9 de Ribamar, tem 49 anos, \u00e9 professor de Hist\u00f3ria da educa\u00e7\u00e3o b\u00e1sica da rede p\u00fablica municipal e estadual. \u00c9 co-fundador do Movimento Hip Hop Quilombo Urbano, que existe desde 1989 e \u00e9 umas mais antigas organiza\u00e7\u00f5es de Hip Hop do Brasil, e do Movimento Hip Hop Quilombo Brasil.<\/p>\n\n\n\n<p>\u201cFoi esse movimento que me fez voltar a estudar aos 23 anos e aos 27, logo depois de concluir o antigo segundo grau, fui aprovado no vestibular de Hist\u00f3ria da UFMA\u201d, conta o professor Hertz, que \u00e9 militante do PSTU desde 2010.<\/p>\n\n\n\n<p>Em 2018, Hertz foi candidato a vice-presidente na chapa com Vera L\u00facia, \u201ca primeira chapa 100% negra e nordestina da hist\u00f3ria do pa\u00eds numa disputa presidencial\u201d, conta.<\/p>\n\n\n\n<p>Em 2020, concorreu na disputa da prefeitura de S\u00e3o Lu\u00eds, a capital brasileira que possui, segundo o IBGE, cerca de 750 mil pessoas negras e pardas.<\/p>\n\n\n\n<p>\u201cNosso programa para o Estado do Maranh\u00e3o tem como objetivo mostrar que a \u00fanica sa\u00edda para o nosso Estado e para o Brasil s\u00f3 ser\u00e1 poss\u00edvel atrav\u00e9s de um governo com total independ\u00eancia de classe e fortemente apoiado nos Conselhos Populares, pois assim ser\u00e1 poss\u00edvel implementar medidas as medidas necess\u00e1rias para resolver os problemas b\u00e1sicos dos trabalhadores do campo e da cidade, assim como da juventude e dos setores oprimidos ( negros, ind\u00edgenas, mulheres e LGBTIs)\u201d, conclui Hertz.<\/p>\n\n\n\n<p><strong>Saulo Arcangeli<\/strong> \u00e9 o pr\u00e9-candidato ao Senado pelo PSTU. Tem 50 anos, nascido em S\u00e3o Lu\u00eds, \u00e9 professor da UEMA, do Departamento de Matem\u00e1tica e Inform\u00e1tica, e servidor do Minist\u00e9rio P\u00fablico do Trabalho.<\/p>\n\n\n\n<div class=\"wp-block-image\"><figure class=\"aligncenter size-large\"><a href=\"https:\/\/www.blogsoestado.com\/danielmatos\/files\/2022\/03\/Screenshot_20220304-1907422.png\"><img decoding=\"async\" src=\"https:\/\/www.blogsoestado.com\/danielmatos\/files\/2022\/03\/Screenshot_20220304-1907422.png\" alt=\"\" class=\"wp-image-94809\"\/><\/a><figcaption>Saulo Arcangeli j\u00e1 disputou v\u00e1rias elei\u00e7\u00f5es pelo partido, inclusive para o Senado<\/figcaption><\/figure><\/div>\n\n\n\n<p>Atualmente, \u00e9 dirigente sindical do Sindicato dos Trabalhadores do Judici\u00e1rio Federal e MPU no Maranh\u00e3o (Sintrajufe\/MA) e da Central Sindical e Popular CSP CONLUTAS.<\/p>\n\n\n\n<p>\u00c9 militante do PSTU desde 2011 e j\u00e1 foi candidato pelo partido em outras elei\u00e7\u00f5es ao Governo do Estado, Senado e C\u00e2mara Municipal de S\u00e3o Lu\u00eds.<\/p>\n\n\n\n<p>\u201cUm mandato de Senador do PSTU tem como objetivos contribuir na amplia\u00e7\u00e3o de direitos da classe trabalhadora, no fortalecimento dos servi\u00e7os p\u00fablicos, no combate \u00e0 explora\u00e7\u00e3o do povo, \u00e0 viol\u00eancia e mis\u00e9ria que vive nosso estado e pa\u00eds. Tem o intuito de fiscalizar a aplica\u00e7\u00e3o de recursos p\u00fablicos pelo executivo, propor incremento de investimentos em \u00e1reas sociais e ser um espa\u00e7o de den\u00fancia e de luta pela melhoria de vida dos trabalhadores e trabalhadoras. Ser\u00e1 um ponto de apoio para promover, impulsionar, divulgar e organizar as lutas diretas dos trabalhadores que ter\u00e3o um papel fundamental de opinar e participar do mandato da maneira mais pr\u00f3xima e cotidiana poss\u00edvel, pois nunca estaremos acima do coletivo\u201d, destaca Saulo.<\/p>\n","protected":false},"excerpt":{"rendered":"<p>Em plen\u00e1ria realizada no \u00faltimo dia 17, o partido confirmou as pr\u00e9-candidaturas majorit\u00e1rias para elei\u00e7\u00f5es de 2022 Apesar da falsa [&hellip;]<\/p>\n","protected":false},"author":0,"featured_media":0,"comment_status":"open","ping_status":"open","sticky":false,"template":"","format":"standard","meta":{"site-sidebar-layout":"default","site-content-layout":"","ast-site-content-layout":"default","site-content-style":"default","site-sidebar-style":"default","ast-global-header-display":"","ast-banner-title-visibility":"","ast-main-header-display":"","ast-hfb-above-header-display":"","ast-hfb-below-header-display":"","ast-hfb-mobile-header-display":"","site-post-title":"","ast-breadcrumbs-content":"","ast-featured-img":"","footer-sml-layout":"","ast-disable-related-posts":"","theme-transparent-header-meta":"","adv-header-id-meta":"","stick-header-meta":"","header-above-stick-meta":"","header-main-stick-meta":"","header-below-stick-meta":"","astra-migrate-meta-layouts":"default","ast-page-background-enabled":"default","ast-page-background-meta":{"desktop":{"background-color":"var(--ast-global-color-5)","background-image":"","background-repeat":"repeat","background-position":"center center","background-size":"auto","background-attachment":"scroll","background-type":"","background-media":"","overlay-type":"","overlay-color":"","overlay-opacity":"","overlay-gradient":""},"tablet":{"background-color":"","background-image":"","background-repeat":"repeat","background-position":"center center","background-size":"auto","background-attachment":"scroll","background-type":"","background-media":"","overlay-type":"","overlay-color":"","overlay-opacity":"","overlay-gradient":""},"mobile":{"background-color":"","background-image":"","background-repeat":"repeat","background-position":"center center","background-size":"auto","background-attachment":"scroll","background-type":"","background-media":"","overlay-type":"","overlay-color":"","overlay-opacity":"","overlay-gradient":""}},"ast-content-background-meta":{"desktop":{"background-color":"var(--ast-global-color-4)","background-image":"","background-repeat":"repeat","background-position":"center center","background-size":"auto","background-attachment":"scroll","background-type":"","background-media":"","overlay-type":"","overlay-color":"","overlay-opacity":"","overlay-gradient":""},"tablet":{"background-color":"var(--ast-global-color-4)","background-image":"","background-repeat":"repeat","background-position":"center center","background-size":"auto","background-attachment":"scroll","background-type":"","background-media":"","overlay-type":"","overlay-color":"","overlay-opacity":"","overlay-gradient":""},"mobile":{"background-color":"var(--ast-global-color-4)","background-image":"","background-repeat":"repeat","background-position":"center center","background-size":"auto","background-attachment":"scroll","background-type":"","background-media":"","overlay-type":"","overlay-color":"","overlay-opacity":"","overlay-gradient":""}},"footnotes":""},"categories":[1],"tags":[],"class_list":["post-94808","post","type-post","status-publish","format-standard","hentry","category-sem-categoria"],"yoast_head":"<!-- This site is optimized with the Yoast SEO plugin v26.6 - https:\/\/yoast.com\/wordpress\/plugins\/seo\/ -->\n<title>PSTU define seus candidatos ao Governo e ao Senado - Daniel Matos<\/title>\n<meta name=\"robots\" content=\"index, follow, max-snippet:-1, max-image-preview:large, max-video-preview:-1\" \/>\n<link rel=\"canonical\" href=\"https:\/\/www.blogsoestado.com\/danielmatos\/pstu-define-seus-candidatos-ao-governo-e-ao-senado\/\" \/>\n<meta property=\"og:locale\" content=\"pt_BR\" \/>\n<meta property=\"og:type\" content=\"article\" \/>\n<meta property=\"og:title\" content=\"PSTU define seus candidatos ao Governo e ao Senado - Daniel Matos\" \/>\n<meta property=\"og:description\" content=\"Em plen\u00e1ria realizada no \u00faltimo dia 17, o partido confirmou as pr\u00e9-candidaturas majorit\u00e1rias para elei\u00e7\u00f5es de 2022 Apesar da falsa [&hellip;]\" \/>\n<meta property=\"og:url\" content=\"https:\/\/www.blogsoestado.com\/danielmatos\/pstu-define-seus-candidatos-ao-governo-e-ao-senado\/\" \/>\n<meta property=\"og:site_name\" content=\"Daniel Matos\" \/>\n<meta property=\"article:published_time\" content=\"2022-03-04T22:24:00+00:00\" \/>\n<meta property=\"og:image\" content=\"https:\/\/www.blogsoestado.com\/danielmatos\/files\/2022\/03\/Screenshot_20220304-1922102.png\" \/>\n<meta name=\"twitter:card\" content=\"summary_large_image\" \/>\n<meta name=\"twitter:label1\" content=\"Est. tempo de leitura\" \/>\n\t<meta name=\"twitter:data1\" content=\"4 minutos\" \/>\n<script type=\"application\/ld+json\" class=\"yoast-schema-graph\">{\"@context\":\"https:\/\/schema.org\",\"@graph\":[{\"@type\":\"WebPage\",\"@id\":\"https:\/\/www.blogsoestado.com\/danielmatos\/pstu-define-seus-candidatos-ao-governo-e-ao-senado\/\",\"url\":\"https:\/\/www.blogsoestado.com\/danielmatos\/pstu-define-seus-candidatos-ao-governo-e-ao-senado\/\",\"name\":\"PSTU define seus candidatos ao Governo e ao Senado - Daniel Matos\",\"isPartOf\":{\"@id\":\"https:\/\/www.blogsoestado.com\/danielmatos\/#website\"},\"primaryImageOfPage\":{\"@id\":\"https:\/\/www.blogsoestado.com\/danielmatos\/pstu-define-seus-candidatos-ao-governo-e-ao-senado\/#primaryimage\"},\"image\":{\"@id\":\"https:\/\/www.blogsoestado.com\/danielmatos\/pstu-define-seus-candidatos-ao-governo-e-ao-senado\/#primaryimage\"},\"thumbnailUrl\":\"https:\/\/www.blogsoestado.com\/danielmatos\/files\/2022\/03\/Screenshot_20220304-1922102.png\",\"datePublished\":\"2022-03-04T22:24:00+00:00\",\"author\":{\"@id\":\"\"},\"breadcrumb\":{\"@id\":\"https:\/\/www.blogsoestado.com\/danielmatos\/pstu-define-seus-candidatos-ao-governo-e-ao-senado\/#breadcrumb\"},\"inLanguage\":\"pt-BR\",\"potentialAction\":[{\"@type\":\"ReadAction\",\"target\":[\"https:\/\/www.blogsoestado.com\/danielmatos\/pstu-define-seus-candidatos-ao-governo-e-ao-senado\/\"]}]},{\"@type\":\"ImageObject\",\"inLanguage\":\"pt-BR\",\"@id\":\"https:\/\/www.blogsoestado.com\/danielmatos\/pstu-define-seus-candidatos-ao-governo-e-ao-senado\/#primaryimage\",\"url\":\"https:\/\/www.blogsoestado.com\/danielmatos\/files\/2022\/03\/Screenshot_20220304-1922102.png\",\"contentUrl\":\"https:\/\/www.blogsoestado.com\/danielmatos\/files\/2022\/03\/Screenshot_20220304-1922102.png\"},{\"@type\":\"BreadcrumbList\",\"@id\":\"https:\/\/www.blogsoestado.com\/danielmatos\/pstu-define-seus-candidatos-ao-governo-e-ao-senado\/#breadcrumb\",\"itemListElement\":[{\"@type\":\"ListItem\",\"position\":1,\"name\":\"In\u00edcio\",\"item\":\"https:\/\/www.blogsoestado.com\/danielmatos\/\"},{\"@type\":\"ListItem\",\"position\":2,\"name\":\"PSTU define seus candidatos ao Governo e ao Senado\"}]},{\"@type\":\"WebSite\",\"@id\":\"https:\/\/www.blogsoestado.com\/danielmatos\/#website\",\"url\":\"https:\/\/www.blogsoestado.com\/danielmatos\/\",\"name\":\"Daniel Matos\",\"description\":\"\",\"potentialAction\":[{\"@type\":\"SearchAction\",\"target\":{\"@type\":\"EntryPoint\",\"urlTemplate\":\"https:\/\/www.blogsoestado.com\/danielmatos\/?s={search_term_string}\"},\"query-input\":{\"@type\":\"PropertyValueSpecification\",\"valueRequired\":true,\"valueName\":\"search_term_string\"}}],\"inLanguage\":\"pt-BR\"}]}<\/script>\n<!-- \/ Yoast SEO plugin. -->","yoast_head_json":{"title":"PSTU define seus candidatos ao Governo e ao Senado - Daniel Matos","robots":{"index":"index","follow":"follow","max-snippet":"max-snippet:-1","max-image-preview":"max-image-preview:large","max-video-preview":"max-video-preview:-1"},"canonical":"https:\/\/www.blogsoestado.com\/danielmatos\/pstu-define-seus-candidatos-ao-governo-e-ao-senado\/","og_locale":"pt_BR","og_type":"article","og_title":"PSTU define seus candidatos ao Governo e ao Senado - Daniel Matos","og_description":"Em plen\u00e1ria realizada no \u00faltimo dia 17, o partido confirmou as pr\u00e9-candidaturas majorit\u00e1rias para elei\u00e7\u00f5es de 2022 Apesar da falsa [&hellip;]","og_url":"https:\/\/www.blogsoestado.com\/danielmatos\/pstu-define-seus-candidatos-ao-governo-e-ao-senado\/","og_site_name":"Daniel Matos","article_published_time":"2022-03-04T22:24:00+00:00","og_image":[{"url":"https:\/\/www.blogsoestado.com\/danielmatos\/files\/2022\/03\/Screenshot_20220304-1922102.png","type":"","width":"","height":""}],"twitter_card":"summary_large_image","twitter_misc":{"Est. tempo de leitura":"4 minutos"},"schema":{"@context":"https:\/\/schema.org","@graph":[{"@type":"WebPage","@id":"https:\/\/www.blogsoestado.com\/danielmatos\/pstu-define-seus-candidatos-ao-governo-e-ao-senado\/","url":"https:\/\/www.blogsoestado.com\/danielmatos\/pstu-define-seus-candidatos-ao-governo-e-ao-senado\/","name":"PSTU define seus candidatos ao Governo e ao Senado - Daniel Matos","isPartOf":{"@id":"https:\/\/www.blogsoestado.com\/danielmatos\/#website"},"primaryImageOfPage":{"@id":"https:\/\/www.blogsoestado.com\/danielmatos\/pstu-define-seus-candidatos-ao-governo-e-ao-senado\/#primaryimage"},"image":{"@id":"https:\/\/www.blogsoestado.com\/danielmatos\/pstu-define-seus-candidatos-ao-governo-e-ao-senado\/#primaryimage"},"thumbnailUrl":"https:\/\/www.blogsoestado.com\/danielmatos\/files\/2022\/03\/Screenshot_20220304-1922102.png","datePublished":"2022-03-04T22:24:00+00:00","author":{"@id":""},"breadcrumb":{"@id":"https:\/\/www.blogsoestado.com\/danielmatos\/pstu-define-seus-candidatos-ao-governo-e-ao-senado\/#breadcrumb"},"inLanguage":"pt-BR","potentialAction":[{"@type":"ReadAction","target":["https:\/\/www.blogsoestado.com\/danielmatos\/pstu-define-seus-candidatos-ao-governo-e-ao-senado\/"]}]},{"@type":"ImageObject","inLanguage":"pt-BR","@id":"https:\/\/www.blogsoestado.com\/danielmatos\/pstu-define-seus-candidatos-ao-governo-e-ao-senado\/#primaryimage","url":"https:\/\/www.blogsoestado.com\/danielmatos\/files\/2022\/03\/Screenshot_20220304-1922102.png","contentUrl":"https:\/\/www.blogsoestado.com\/danielmatos\/files\/2022\/03\/Screenshot_20220304-1922102.png"},{"@type":"BreadcrumbList","@id":"https:\/\/www.blogsoestado.com\/danielmatos\/pstu-define-seus-candidatos-ao-governo-e-ao-senado\/#breadcrumb","itemListElement":[{"@type":"ListItem","position":1,"name":"In\u00edcio","item":"https:\/\/www.blogsoestado.com\/danielmatos\/"},{"@type":"ListItem","position":2,"name":"PSTU define seus candidatos ao Governo e ao Senado"}]},{"@type":"WebSite","@id":"https:\/\/www.blogsoestado.com\/danielmatos\/#website","url":"https:\/\/www.blogsoestado.com\/danielmatos\/","name":"Daniel Matos","description":"","potentialAction":[{"@type":"SearchAction","target":{"@type":"EntryPoint","urlTemplate":"https:\/\/www.blogsoestado.com\/danielmatos\/?s={search_term_string}"},"query-input":{"@type":"PropertyValueSpecification","valueRequired":true,"valueName":"search_term_string"}}],"inLanguage":"pt-BR"}]}},"jetpack_featured_media_url":"","_links":{"self":[{"href":"https:\/\/www.blogsoestado.com\/danielmatos\/wp-json\/wp\/v2\/posts\/94808","targetHints":{"allow":["GET"]}}],"collection":[{"href":"https:\/\/www.blogsoestado.com\/danielmatos\/wp-json\/wp\/v2\/posts"}],"about":[{"href":"https:\/\/www.blogsoestado.com\/danielmatos\/wp-json\/wp\/v2\/types\/post"}],"replies":[{"embeddable":true,"href":"https:\/\/www.blogsoestado.com\/danielmatos\/wp-json\/wp\/v2\/comments?post=94808"}],"version-history":[{"count":0,"href":"https:\/\/www.blogsoestado.com\/danielmatos\/wp-json\/wp\/v2\/posts\/94808\/revisions"}],"wp:attachment":[{"href":"https:\/\/www.blogsoestado.com\/danielmatos\/wp-json\/wp\/v2\/media?parent=94808"}],"wp:term":[{"taxonomy":"category","embeddable":true,"href":"https:\/\/www.blogsoestado.com\/danielmatos\/wp-json\/wp\/v2\/categories?post=94808"},{"taxonomy":"post_tag","embeddable":true,"href":"https:\/\/www.blogsoestado.com\/danielmatos\/wp-json\/wp\/v2\/tags?post=94808"}],"curies":[{"name":"wp","href":"https:\/\/api.w.org\/{rel}","templated":true}]}}