{"id":94830,"date":"2022-03-05T19:13:03","date_gmt":"2022-03-05T22:13:03","guid":{"rendered":"https:\/\/www.blogsoestado.com\/danielmatos\/?p=94830"},"modified":"2022-03-05T19:13:03","modified_gmt":"2022-03-05T22:13:03","slug":"deputada-daniella-e-amanda-gentil-cumprem-agenda-institucional-com-o-governador-flavio-dino","status":"publish","type":"post","link":"https:\/\/www.blogsoestado.com\/danielmatos\/deputada-daniella-e-amanda-gentil-cumprem-agenda-institucional-com-o-governador-flavio-dino\/","title":{"rendered":"Deputada Daniella e Amanda Gentil cumprem agenda institucional com o governador Fl\u00e1vio Dino em Buriti Bravo"},"content":{"rendered":"\n<div class=\"wp-block-image\"><figure class=\"aligncenter size-large\"><a href=\"https:\/\/www.blogsoestado.com\/danielmatos\/files\/2022\/03\/Screenshot_20220305-1825252.png\"><img decoding=\"async\" src=\"https:\/\/www.blogsoestado.com\/danielmatos\/files\/2022\/03\/Screenshot_20220305-1825252.png\" alt=\"\" class=\"wp-image-94831\"\/><\/a><figcaption>A deputada estadual Daniella assina ordem de servi\u00e7o para execu\u00e7\u00e3o de pacote de obras em Buriti Bravo <\/figcaption><\/figure><\/div>\n\n\n\n<p>A deputada estadual Daniella (DEM) e a secret\u00e1ria municipal de Governo de Caxias e pr\u00e9-candidata a deputada federal, Amanda Gentil, acompanharam, na manh\u00e3 deste s\u00e1bado (5), o governador Fl\u00e1vio Dino (PSB), o vice-governador Carlos Brand\u00e3o (PSDB) e a prefeita Luciana Leoc\u00e1dio na agenda institucional para o an\u00fancio de um pacote de obras para o munic\u00edpio de Buriti Bravo.<\/p>\n\n\n\n<div class=\"wp-block-image\"><figure class=\"aligncenter size-large\"><a href=\"https:\/\/www.blogsoestado.com\/danielmatos\/files\/2022\/03\/Screenshot_20220305-1858322.png\"><img decoding=\"async\" src=\"https:\/\/www.blogsoestado.com\/danielmatos\/files\/2022\/03\/Screenshot_20220305-1858322.png\" alt=\"\" class=\"wp-image-94832\"\/><\/a><figcaption>Amanda Gentil assina ordem de servi\u00e7o para registrar seu apoio a Buriti Bravo<\/figcaption><\/figure><\/div>\n\n\n\n<p>Durante o ato, Daniella e Amanda Gentil assinaram a ordem de servi\u00e7o para implanta\u00e7\u00e3o de um sistema de abastecimento de \u00e1gua, que beneficiar\u00e1 duas comunidades da zona rural do munic\u00edpio.<\/p>\n\n\n\n<div class=\"wp-block-image\"><figure class=\"aligncenter size-large\"><a href=\"https:\/\/www.blogsoestado.com\/danielmatos\/files\/2022\/03\/Screenshot_20220305-1900342.png\"><img decoding=\"async\" src=\"https:\/\/www.blogsoestado.com\/danielmatos\/files\/2022\/03\/Screenshot_20220305-1900342.png\" alt=\"\" class=\"wp-image-94833\"\/><\/a><figcaption>Amanda Gentil e Daniella em di\u00e1logo descontra\u00eddo com o governador Fl\u00e1vio Dino<\/figcaption><\/figure><\/div>\n\n\n\n<p>A parceria entre Daniella e Amanda Gentil demonstra a for\u00e7a da mulher no Maranh\u00e3o, na qual a popula\u00e7\u00e3o est\u00e1 apostando. Por onde passam, a parlamentar e a secret\u00e1ria colecionam apoios de amigos e simpatizantes, pren\u00fancio de que dever\u00e3o fazer hist\u00f3ria na pol\u00edtica maranhense nas elei\u00e7\u00f5es de 2022.<\/p>\n\n\n\n<p><strong>Pacote de obras<\/strong><\/p>\n\n\n\n<div class=\"wp-block-image\"><figure class=\"aligncenter size-large\"><a href=\"https:\/\/www.blogsoestado.com\/danielmatos\/files\/2022\/03\/Screenshot_20220305-1903302.png\"><img decoding=\"async\" src=\"https:\/\/www.blogsoestado.com\/danielmatos\/files\/2022\/03\/Screenshot_20220305-1903302.png\" alt=\"\" class=\"wp-image-94834\"\/><\/a><figcaption>A parlamentar e a secret\u00e1ria foram cumprimentada por grupo de mulheres de Buriti Bravo <\/figcaption><\/figure><\/div>\n\n\n\n<p>Em Buriti Bravo, o governador do Maranh\u00e3o Fl\u00e1vio Dino e o vice-governador Carlos Brand\u00e3o, em evento institucional, anunciaram, ao lado da prefeita Luciana Leoc\u00e1dio, um pacote de obras para ser executado j\u00e1 nos pr\u00f3ximos dias, na sede e em localidades rurais.<\/p>\n\n\n\n<div class=\"wp-block-image\"><figure class=\"aligncenter size-large\"><a href=\"https:\/\/www.blogsoestado.com\/danielmatos\/files\/2022\/03\/2A2F05D0-A17D-4E0E-AE4B-2FE9033D33EB-768x512-1.jpeg\"><img decoding=\"async\" src=\"https:\/\/www.blogsoestado.com\/danielmatos\/files\/2022\/03\/2A2F05D0-A17D-4E0E-AE4B-2FE9033D33EB-768x512-1.jpeg\" alt=\"\" class=\"wp-image-94835\"\/><\/a><figcaption>As duas l\u00edderes aliadas fazem posam para selfie com jovens do munic\u00edpio<\/figcaption><\/figure><\/div>\n\n\n\n<p>Com relevantes servi\u00e7os prestados ao munic\u00edpio, Daniella e Amanda Gentil contam com a gratid\u00e3o da popula\u00e7\u00e3o, que dever\u00e1 retribuir a ambas com vota\u00e7\u00e3o expressiva em outubro. <\/p>\n\n\n\n<div class=\"wp-block-image\"><figure class=\"aligncenter size-large\"><a href=\"https:\/\/www.blogsoestado.com\/danielmatos\/files\/2022\/03\/B41EE8B5-EFDF-4F32-BBB1-22DC122B1A09-768x512-1.jpeg\"><img decoding=\"async\" src=\"https:\/\/www.blogsoestado.com\/danielmatos\/files\/2022\/03\/B41EE8B5-EFDF-4F32-BBB1-22DC122B1A09-768x512-1.jpeg\" alt=\"\" class=\"wp-image-94836\"\/><\/a><figcaption>Amanda Gentil e Daniella dialogam com a prefeita Luciana Leoc\u00e1dio sobre as necessidades de Buriti Bravo<\/figcaption><\/figure><\/div>\n\n\n\n<p>As duas t\u00eam o apoio de um grupo pol\u00edtico forte em Buriti Bravo. E o melhor de tudo, com seu carisma, conquistaram o apoio do povo.<\/p>\n\n\n\n<p>Assista ao v\u00eddeo:<\/p>\n\n\n\n<figure class=\"wp-block-embed is-type-video is-provider-youtube wp-block-embed-youtube wp-embed-aspect-16-9 wp-has-aspect-ratio\"><div class=\"wp-block-embed__wrapper\">\n<iframe title=\"Deputada Daniella e Amanda Gentil cumprem agenda oficial com o governador Fl\u00e1vio Dino\" width=\"500\" height=\"281\" src=\"https:\/\/www.youtube.com\/embed\/bZpblYfhjFs?feature=oembed\" frameborder=\"0\" allow=\"accelerometer; autoplay; clipboard-write; encrypted-media; gyroscope; picture-in-picture; web-share\" referrerpolicy=\"strict-origin-when-cross-origin\" allowfullscreen><\/iframe>\n<\/div><\/figure>\n","protected":false},"excerpt":{"rendered":"<p>A deputada estadual Daniella (DEM) e a secret\u00e1ria municipal de Governo de Caxias e pr\u00e9-candidata a deputada federal, Amanda Gentil, [&hellip;]<\/p>\n","protected":false},"author":0,"featured_media":0,"comment_status":"open","ping_status":"open","sticky":false,"template":"","format":"standard","meta":{"site-sidebar-layout":"default","site-content-layout":"","ast-site-content-layout":"default","site-content-style":"default","site-sidebar-style":"default","ast-global-header-display":"","ast-banner-title-visibility":"","ast-main-header-display":"","ast-hfb-above-header-display":"","ast-hfb-below-header-display":"","ast-hfb-mobile-header-display":"","site-post-title":"","ast-breadcrumbs-content":"","ast-featured-img":"","footer-sml-layout":"","ast-disable-related-posts":"","theme-transparent-header-meta":"","adv-header-id-meta":"","stick-header-meta":"","header-above-stick-meta":"","header-main-stick-meta":"","header-below-stick-meta":"","astra-migrate-meta-layouts":"default","ast-page-background-enabled":"default","ast-page-background-meta":{"desktop":{"background-color":"var(--ast-global-color-5)","background-image":"","background-repeat":"repeat","background-position":"center center","background-size":"auto","background-attachment":"scroll","background-type":"","background-media":"","overlay-type":"","overlay-color":"","overlay-opacity":"","overlay-gradient":""},"tablet":{"background-color":"","background-image":"","background-repeat":"repeat","background-position":"center center","background-size":"auto","background-attachment":"scroll","background-type":"","background-media":"","overlay-type":"","overlay-color":"","overlay-opacity":"","overlay-gradient":""},"mobile":{"background-color":"","background-image":"","background-repeat":"repeat","background-position":"center center","background-size":"auto","background-attachment":"scroll","background-type":"","background-media":"","overlay-type":"","overlay-color":"","overlay-opacity":"","overlay-gradient":""}},"ast-content-background-meta":{"desktop":{"background-color":"var(--ast-global-color-4)","background-image":"","background-repeat":"repeat","background-position":"center center","background-size":"auto","background-attachment":"scroll","background-type":"","background-media":"","overlay-type":"","overlay-color":"","overlay-opacity":"","overlay-gradient":""},"tablet":{"background-color":"var(--ast-global-color-4)","background-image":"","background-repeat":"repeat","background-position":"center center","background-size":"auto","background-attachment":"scroll","background-type":"","background-media":"","overlay-type":"","overlay-color":"","overlay-opacity":"","overlay-gradient":""},"mobile":{"background-color":"var(--ast-global-color-4)","background-image":"","background-repeat":"repeat","background-position":"center center","background-size":"auto","background-attachment":"scroll","background-type":"","background-media":"","overlay-type":"","overlay-color":"","overlay-opacity":"","overlay-gradient":""}},"footnotes":""},"categories":[1],"tags":[],"class_list":["post-94830","post","type-post","status-publish","format-standard","hentry","category-sem-categoria"],"yoast_head":"<!-- This site is optimized with the Yoast SEO plugin v26.6 - https:\/\/yoast.com\/wordpress\/plugins\/seo\/ -->\n<title>Deputada Daniella e Amanda Gentil cumprem agenda institucional com o governador Fl\u00e1vio Dino em Buriti Bravo - Daniel Matos<\/title>\n<meta name=\"robots\" content=\"index, follow, max-snippet:-1, max-image-preview:large, max-video-preview:-1\" \/>\n<link rel=\"canonical\" href=\"https:\/\/www.blogsoestado.com\/danielmatos\/deputada-daniella-e-amanda-gentil-cumprem-agenda-institucional-com-o-governador-flavio-dino\/\" \/>\n<meta property=\"og:locale\" content=\"pt_BR\" \/>\n<meta property=\"og:type\" content=\"article\" \/>\n<meta property=\"og:title\" content=\"Deputada Daniella e Amanda Gentil cumprem agenda institucional com o governador Fl\u00e1vio Dino em Buriti Bravo - Daniel Matos\" \/>\n<meta property=\"og:description\" content=\"A deputada estadual Daniella (DEM) e a secret\u00e1ria municipal de Governo de Caxias e pr\u00e9-candidata a deputada federal, Amanda Gentil, [&hellip;]\" \/>\n<meta property=\"og:url\" content=\"https:\/\/www.blogsoestado.com\/danielmatos\/deputada-daniella-e-amanda-gentil-cumprem-agenda-institucional-com-o-governador-flavio-dino\/\" \/>\n<meta property=\"og:site_name\" content=\"Daniel Matos\" \/>\n<meta property=\"article:published_time\" content=\"2022-03-05T22:13:03+00:00\" \/>\n<meta property=\"og:image\" content=\"https:\/\/www.blogsoestado.com\/danielmatos\/files\/2022\/03\/Screenshot_20220305-1825252.png\" \/>\n<meta name=\"twitter:card\" content=\"summary_large_image\" \/>\n<meta name=\"twitter:label1\" content=\"Est. tempo de leitura\" \/>\n\t<meta name=\"twitter:data1\" content=\"3 minutos\" \/>\n<script type=\"application\/ld+json\" class=\"yoast-schema-graph\">{\"@context\":\"https:\/\/schema.org\",\"@graph\":[{\"@type\":\"WebPage\",\"@id\":\"https:\/\/www.blogsoestado.com\/danielmatos\/deputada-daniella-e-amanda-gentil-cumprem-agenda-institucional-com-o-governador-flavio-dino\/\",\"url\":\"https:\/\/www.blogsoestado.com\/danielmatos\/deputada-daniella-e-amanda-gentil-cumprem-agenda-institucional-com-o-governador-flavio-dino\/\",\"name\":\"Deputada Daniella e Amanda Gentil cumprem agenda institucional com o governador Fl\u00e1vio Dino em Buriti Bravo - Daniel Matos\",\"isPartOf\":{\"@id\":\"https:\/\/www.blogsoestado.com\/danielmatos\/#website\"},\"primaryImageOfPage\":{\"@id\":\"https:\/\/www.blogsoestado.com\/danielmatos\/deputada-daniella-e-amanda-gentil-cumprem-agenda-institucional-com-o-governador-flavio-dino\/#primaryimage\"},\"image\":{\"@id\":\"https:\/\/www.blogsoestado.com\/danielmatos\/deputada-daniella-e-amanda-gentil-cumprem-agenda-institucional-com-o-governador-flavio-dino\/#primaryimage\"},\"thumbnailUrl\":\"https:\/\/www.blogsoestado.com\/danielmatos\/files\/2022\/03\/Screenshot_20220305-1825252.png\",\"datePublished\":\"2022-03-05T22:13:03+00:00\",\"author\":{\"@id\":\"\"},\"breadcrumb\":{\"@id\":\"https:\/\/www.blogsoestado.com\/danielmatos\/deputada-daniella-e-amanda-gentil-cumprem-agenda-institucional-com-o-governador-flavio-dino\/#breadcrumb\"},\"inLanguage\":\"pt-BR\",\"potentialAction\":[{\"@type\":\"ReadAction\",\"target\":[\"https:\/\/www.blogsoestado.com\/danielmatos\/deputada-daniella-e-amanda-gentil-cumprem-agenda-institucional-com-o-governador-flavio-dino\/\"]}]},{\"@type\":\"ImageObject\",\"inLanguage\":\"pt-BR\",\"@id\":\"https:\/\/www.blogsoestado.com\/danielmatos\/deputada-daniella-e-amanda-gentil-cumprem-agenda-institucional-com-o-governador-flavio-dino\/#primaryimage\",\"url\":\"https:\/\/www.blogsoestado.com\/danielmatos\/files\/2022\/03\/Screenshot_20220305-1825252.png\",\"contentUrl\":\"https:\/\/www.blogsoestado.com\/danielmatos\/files\/2022\/03\/Screenshot_20220305-1825252.png\"},{\"@type\":\"BreadcrumbList\",\"@id\":\"https:\/\/www.blogsoestado.com\/danielmatos\/deputada-daniella-e-amanda-gentil-cumprem-agenda-institucional-com-o-governador-flavio-dino\/#breadcrumb\",\"itemListElement\":[{\"@type\":\"ListItem\",\"position\":1,\"name\":\"In\u00edcio\",\"item\":\"https:\/\/www.blogsoestado.com\/danielmatos\/\"},{\"@type\":\"ListItem\",\"position\":2,\"name\":\"Deputada Daniella e Amanda Gentil cumprem agenda institucional com o governador Fl\u00e1vio Dino em Buriti Bravo\"}]},{\"@type\":\"WebSite\",\"@id\":\"https:\/\/www.blogsoestado.com\/danielmatos\/#website\",\"url\":\"https:\/\/www.blogsoestado.com\/danielmatos\/\",\"name\":\"Daniel Matos\",\"description\":\"\",\"potentialAction\":[{\"@type\":\"SearchAction\",\"target\":{\"@type\":\"EntryPoint\",\"urlTemplate\":\"https:\/\/www.blogsoestado.com\/danielmatos\/?s={search_term_string}\"},\"query-input\":{\"@type\":\"PropertyValueSpecification\",\"valueRequired\":true,\"valueName\":\"search_term_string\"}}],\"inLanguage\":\"pt-BR\"}]}<\/script>\n<!-- \/ Yoast SEO plugin. -->","yoast_head_json":{"title":"Deputada Daniella e Amanda Gentil cumprem agenda institucional com o governador Fl\u00e1vio Dino em Buriti Bravo - Daniel Matos","robots":{"index":"index","follow":"follow","max-snippet":"max-snippet:-1","max-image-preview":"max-image-preview:large","max-video-preview":"max-video-preview:-1"},"canonical":"https:\/\/www.blogsoestado.com\/danielmatos\/deputada-daniella-e-amanda-gentil-cumprem-agenda-institucional-com-o-governador-flavio-dino\/","og_locale":"pt_BR","og_type":"article","og_title":"Deputada Daniella e Amanda Gentil cumprem agenda institucional com o governador Fl\u00e1vio Dino em Buriti Bravo - Daniel Matos","og_description":"A deputada estadual Daniella (DEM) e a secret\u00e1ria municipal de Governo de Caxias e pr\u00e9-candidata a deputada federal, Amanda Gentil, [&hellip;]","og_url":"https:\/\/www.blogsoestado.com\/danielmatos\/deputada-daniella-e-amanda-gentil-cumprem-agenda-institucional-com-o-governador-flavio-dino\/","og_site_name":"Daniel Matos","article_published_time":"2022-03-05T22:13:03+00:00","og_image":[{"url":"https:\/\/www.blogsoestado.com\/danielmatos\/files\/2022\/03\/Screenshot_20220305-1825252.png","type":"","width":"","height":""}],"twitter_card":"summary_large_image","twitter_misc":{"Est. tempo de leitura":"3 minutos"},"schema":{"@context":"https:\/\/schema.org","@graph":[{"@type":"WebPage","@id":"https:\/\/www.blogsoestado.com\/danielmatos\/deputada-daniella-e-amanda-gentil-cumprem-agenda-institucional-com-o-governador-flavio-dino\/","url":"https:\/\/www.blogsoestado.com\/danielmatos\/deputada-daniella-e-amanda-gentil-cumprem-agenda-institucional-com-o-governador-flavio-dino\/","name":"Deputada Daniella e Amanda Gentil cumprem agenda institucional com o governador Fl\u00e1vio Dino em Buriti Bravo - Daniel Matos","isPartOf":{"@id":"https:\/\/www.blogsoestado.com\/danielmatos\/#website"},"primaryImageOfPage":{"@id":"https:\/\/www.blogsoestado.com\/danielmatos\/deputada-daniella-e-amanda-gentil-cumprem-agenda-institucional-com-o-governador-flavio-dino\/#primaryimage"},"image":{"@id":"https:\/\/www.blogsoestado.com\/danielmatos\/deputada-daniella-e-amanda-gentil-cumprem-agenda-institucional-com-o-governador-flavio-dino\/#primaryimage"},"thumbnailUrl":"https:\/\/www.blogsoestado.com\/danielmatos\/files\/2022\/03\/Screenshot_20220305-1825252.png","datePublished":"2022-03-05T22:13:03+00:00","author":{"@id":""},"breadcrumb":{"@id":"https:\/\/www.blogsoestado.com\/danielmatos\/deputada-daniella-e-amanda-gentil-cumprem-agenda-institucional-com-o-governador-flavio-dino\/#breadcrumb"},"inLanguage":"pt-BR","potentialAction":[{"@type":"ReadAction","target":["https:\/\/www.blogsoestado.com\/danielmatos\/deputada-daniella-e-amanda-gentil-cumprem-agenda-institucional-com-o-governador-flavio-dino\/"]}]},{"@type":"ImageObject","inLanguage":"pt-BR","@id":"https:\/\/www.blogsoestado.com\/danielmatos\/deputada-daniella-e-amanda-gentil-cumprem-agenda-institucional-com-o-governador-flavio-dino\/#primaryimage","url":"https:\/\/www.blogsoestado.com\/danielmatos\/files\/2022\/03\/Screenshot_20220305-1825252.png","contentUrl":"https:\/\/www.blogsoestado.com\/danielmatos\/files\/2022\/03\/Screenshot_20220305-1825252.png"},{"@type":"BreadcrumbList","@id":"https:\/\/www.blogsoestado.com\/danielmatos\/deputada-daniella-e-amanda-gentil-cumprem-agenda-institucional-com-o-governador-flavio-dino\/#breadcrumb","itemListElement":[{"@type":"ListItem","position":1,"name":"In\u00edcio","item":"https:\/\/www.blogsoestado.com\/danielmatos\/"},{"@type":"ListItem","position":2,"name":"Deputada Daniella e Amanda Gentil cumprem agenda institucional com o governador Fl\u00e1vio Dino em Buriti Bravo"}]},{"@type":"WebSite","@id":"https:\/\/www.blogsoestado.com\/danielmatos\/#website","url":"https:\/\/www.blogsoestado.com\/danielmatos\/","name":"Daniel Matos","description":"","potentialAction":[{"@type":"SearchAction","target":{"@type":"EntryPoint","urlTemplate":"https:\/\/www.blogsoestado.com\/danielmatos\/?s={search_term_string}"},"query-input":{"@type":"PropertyValueSpecification","valueRequired":true,"valueName":"search_term_string"}}],"inLanguage":"pt-BR"}]}},"jetpack_featured_media_url":"","_links":{"self":[{"href":"https:\/\/www.blogsoestado.com\/danielmatos\/wp-json\/wp\/v2\/posts\/94830","targetHints":{"allow":["GET"]}}],"collection":[{"href":"https:\/\/www.blogsoestado.com\/danielmatos\/wp-json\/wp\/v2\/posts"}],"about":[{"href":"https:\/\/www.blogsoestado.com\/danielmatos\/wp-json\/wp\/v2\/types\/post"}],"replies":[{"embeddable":true,"href":"https:\/\/www.blogsoestado.com\/danielmatos\/wp-json\/wp\/v2\/comments?post=94830"}],"version-history":[{"count":0,"href":"https:\/\/www.blogsoestado.com\/danielmatos\/wp-json\/wp\/v2\/posts\/94830\/revisions"}],"wp:attachment":[{"href":"https:\/\/www.blogsoestado.com\/danielmatos\/wp-json\/wp\/v2\/media?parent=94830"}],"wp:term":[{"taxonomy":"category","embeddable":true,"href":"https:\/\/www.blogsoestado.com\/danielmatos\/wp-json\/wp\/v2\/categories?post=94830"},{"taxonomy":"post_tag","embeddable":true,"href":"https:\/\/www.blogsoestado.com\/danielmatos\/wp-json\/wp\/v2\/tags?post=94830"}],"curies":[{"name":"wp","href":"https:\/\/api.w.org\/{rel}","templated":true}]}}